{"id":125531,"date":"2015-09-03T06:05:24","date_gmt":"2015-09-03T06:05:24","guid":{"rendered":"https:\/\/mwc-cmm.org\/stories\/my-world-is-too-small-i-need-others\/"},"modified":"2026-03-25T13:15:11","modified_gmt":"2026-03-25T13:15:11","slug":"my-world-is-too-small-i-need-others","status":"publish","type":"post","link":"https:\/\/mwc-cmm.org\/es\/stories\/my-world-is-too-small-i-need-others\/","title":{"rendered":"\u201cMi mundo es demasiado peque\u00f1o; necesito a otros\u201d"},"content":{"rendered":"\n<h3 class=\"wp-block-heading\">Mujeres te\u00f3logas anabautistas exploran la red mundial<\/h3>\n\n\n\n<figure class=\"wp-block-image alignright size-medium\"><img decoding=\"async\" width=\"300\" height=\"199\" data-src=\"https:\/\/mwc-cmm.org\/wp-content\/uploads\/2015\/09\/DDG-MWC15_01499-300x199.jpg\" alt=\"\" class=\"wp-image-125544 lazyload\" data-srcset=\"https:\/\/mwc-cmm.org\/wp-content\/uploads\/2015\/09\/DDG-MWC15_01499-300x199.jpg 300w, https:\/\/mwc-cmm.org\/wp-content\/uploads\/2015\/09\/DDG-MWC15_01499-1024x680.jpg 1024w, https:\/\/mwc-cmm.org\/wp-content\/uploads\/2015\/09\/DDG-MWC15_01499-768x510.jpg 768w, https:\/\/mwc-cmm.org\/wp-content\/uploads\/2015\/09\/DDG-MWC15_01499-1536x1020.jpg 1536w, https:\/\/mwc-cmm.org\/wp-content\/uploads\/2015\/09\/DDG-MWC15_01499-2048x1360.jpg 2048w\" data-sizes=\"(max-width: 300px) 100vw, 300px\" src=\"data:image\/svg+xml;base64,PHN2ZyB3aWR0aD0iMSIgaGVpZ2h0PSIxIiB4bWxucz0iaHR0cDovL3d3dy53My5vcmcvMjAwMC9zdmciPjwvc3ZnPg==\" style=\"--smush-placeholder-width: 300px; --smush-placeholder-aspect-ratio: 300\/199;\" \/><figcaption class=\"wp-element-caption\">PHOTO: Dale D Gehman<\/figcaption><\/figure>\n\n\n\n<p>Por Virginia A. Hostetler, con informes de Harriet Sider Bicksler y Elina Ciptadi-Perkins<\/p>\n\n\n\n<p>Harrisburg, Pennsylvania, EE.UU. \u2014 En la Asamblea del Congreso Mundial Menonita &nbsp;(CMM) que se celebr\u00f3 del 21 al 25 de julio de 2015, las mujeres anabautistas se reunieron por primera vez para considerar la formaci\u00f3n de una red mundial de mujeres anabautistas.<\/p>\n\n\n\n<p>En sesiones regionales, mujeres de Asia, Am\u00e9rica Latina, Am\u00e9rica del Norte y Europa se pusieron al tanto de lo que ya est\u00e1 sucediendo y para considerar c\u00f3mo podr\u00edan trabajar juntas en redes m\u00e1s formales dentro de sus propias regiones.<\/p>\n\n\n\n<p>A estas sesiones le sigui\u00f3 una reuni\u00f3n conjunta el viernes por la tarde, en la cual se invit\u00f3 a mujeres de todos los continentes a dar sus perspectivas sobre una red mundial. Auspiciada por las mujeres te\u00f3logas de Am\u00e9rica Latina, la reuni\u00f3n de tres horas y media incluy\u00f3 la liturgia, el canto, el movimiento y el arte, junto con los informes y discusiones en grupos. Se cont\u00f3 con la participaci\u00f3n de casi cien mujeres.<\/p>\n\n\n\n<figure class=\"wp-block-image alignright size-medium\"><img decoding=\"async\" width=\"300\" height=\"199\" data-src=\"https:\/\/mwc-cmm.org\/wp-content\/uploads\/2015\/09\/DDG-MWC15_01489-300x199.jpg\" alt=\"\" class=\"wp-image-125563 lazyload\" data-srcset=\"https:\/\/mwc-cmm.org\/wp-content\/uploads\/2015\/09\/DDG-MWC15_01489-300x199.jpg 300w, https:\/\/mwc-cmm.org\/wp-content\/uploads\/2015\/09\/DDG-MWC15_01489-1024x680.jpg 1024w, https:\/\/mwc-cmm.org\/wp-content\/uploads\/2015\/09\/DDG-MWC15_01489-768x510.jpg 768w, https:\/\/mwc-cmm.org\/wp-content\/uploads\/2015\/09\/DDG-MWC15_01489-1536x1020.jpg 1536w, https:\/\/mwc-cmm.org\/wp-content\/uploads\/2015\/09\/DDG-MWC15_01489-2048x1360.jpg 2048w\" data-sizes=\"(max-width: 300px) 100vw, 300px\" src=\"data:image\/svg+xml;base64,PHN2ZyB3aWR0aD0iMSIgaGVpZ2h0PSIxIiB4bWxucz0iaHR0cDovL3d3dy53My5vcmcvMjAwMC9zdmciPjwvc3ZnPg==\" style=\"--smush-placeholder-width: 300px; --smush-placeholder-aspect-ratio: 300\/199;\" \/><figcaption class=\"wp-element-caption\">PHOTO: Dale D Gehman<\/figcaption><\/figure>\n\n\n\n<p>Las participantes exploraron dos preguntas principales. \u00bfHay necesidad de una red mundial de mujeres te\u00f3logas? \u00bfCu\u00e1l ser\u00eda la funci\u00f3n de dicha red?<\/p>\n\n\n\n<p>Cuando se hizo la pregunta sobre la necesidad, las participantes latinoamericanas respondieron con un entusiasmado \u201c\u00a1S\u00ed!\u201d<\/p>\n\n\n\n<p>Los comentarios incluyeron, \u201cS\u00e9 que mi mundo es demasiado peque\u00f1o y necesito a otros.\u201d<\/p>\n\n\n\n<p>Hubo consenso para seguir adelante con el nombramiento de contactos regionales para trabajar en la implementaci\u00f3n.<\/p>\n\n\n\n<p>Con el paso de los a\u00f1os, el CMM ha apoyado las oportunidades de trabajar en redes y en la formaci\u00f3n teol\u00f3gica de las mujeres. Sin embargo, de los 150 delegados al Concilio General, que se reuni\u00f3 del 16 al 20 de julio de 2015, menos de una docena eran mujeres. Una mujer del Sur del mundo exclam\u00f3, \u201c\u00bfEsto es igualdad? \u00bfEsto es justo? \u00a1En nuestras iglesias la mayor\u00eda son mujeres!\u201d Otra dijo, \u201cSin las voces de las mujeres, nos falta la mitad de la sabidur\u00eda de Dios.\u201d<\/p>\n\n\n\n<ul class=\"wp-block-list\">\n<li>\u00bfQui\u00e9n es un te\u00f3logo? Algunos grupos han ampliado la definici\u00f3n para incluir a las mujeres que est\u00e1n realizando trabajo pastoral y de liderazgo comunitario. Se reconoci\u00f3 tambi\u00e9n que las mujeres \u201chacen\u201d teolog\u00eda de manera diferente a los hombres.<\/li>\n\n\n\n<li>\u00bfQu\u00e9 pueden hacer las mujeres para llegar a conocer a sus hermanas de otros pa\u00edses y transitar a su lado, a pesar de las diferencias y las distancias?<\/li>\n\n\n\n<li>\u00bfC\u00f3mo se puede alentar a las mujeres j\u00f3venes a participar en la teolog\u00eda?<\/li>\n\n\n\n<li>\u00bfSirve de ayuda la estructura del CMM como para realizar estas conexiones?<\/li>\n\n\n\n<li>\u00bfQu\u00e9 pueden ofrecer las mujeres al CMM y qu\u00e9 pueden pedir del CMM?<\/li>\n<\/ul>\n\n\n\n<p>Las reuniones tuvieron tambi\u00e9n una expresi\u00f3n art\u00edstica comunal. Audrey Kraybill, artista y pastora en Lancaster, Pennsylvania, lider\u00f3 un proyecto de decoupage (t\u00e9cnica de recorte decorativo) titulado \u201cWomen in Conversation\u201d (Mujeres en conversaci\u00f3n).<\/p>\n\n\n\n<p>En la gran reuni\u00f3n del viernes, las participantes firmaron una pieza de arte comunal, con el plan de enviarla a las mujeres de la Rep\u00fablica Democr\u00e1tica del Congo que no pudieron obtener visas para asistir a la asamblea.<\/p>\n\n\n\n<p><em>Virginia A. Hostetler es editora de la web para <\/em>The Canadian Mennonite. <em>Form\u00f3 parte del equipo de editores de Meetinghouse informando sobre las sesiones plenarias en la Asamblea 16.<\/em><\/p>\n","protected":false},"excerpt":{"rendered":"<p>Mujeres te\u00f3logas anabautistas exploran la red mundial Por Virginia A. Hostetler, con informes de Harriet Sider Bicksler y Elina Ciptadi-Perkins Harrisburg, Pennsylvania, EE.UU. \u2014 En la Asamblea del Congreso Mundial Menonita &nbsp;(CMM) que se celebr\u00f3 del 21 al 25 de julio de 2015, las mujeres anabautistas se reunieron por primera vez para considerar la formaci\u00f3n [&hellip;]<\/p>\n","protected":false},"author":1,"featured_media":125544,"comment_status":"closed","ping_status":"closed","sticky":false,"template":"","format":"standard","meta":{"_acf_changed":false,"footnotes":""},"categories":[6,1896],"tags":[1154,1698,2107,1907,1908,1899,1909,1910,1577,1911,1912],"network":[],"eventcategory":[1493],"class_list":["post-125531","post","type-post","status-publish","format-standard","has-post-thumbnail","hentry","category-sin-categorizar","category-tomigrate","tag-assembly-es","tag-assembly","tag-global-womens-network-2","tag-global-womens-network","tag-meetinghouse","tag-pa2015","tag-pa2015-workshops","tag-sister-care","tag-tomigrate","tag-virginia-a-hostetler","tag-women-theologians","eventcategory-assembly-es"],"acf":[],"yoast_head":"<!-- This site is optimized with the Yoast SEO plugin v27.5 - https:\/\/yoast.com\/product\/yoast-seo-wordpress\/ -->\n<title>\u201cMi mundo es demasiado peque\u00f1o; necesito a otros\u201d - Mennonite World Conference<\/title>\n<meta name=\"robots\" content=\"index, follow, max-snippet:-1, max-image-preview:large, max-video-preview:-1\" \/>\n<link rel=\"canonical\" href=\"https:\/\/mwc-cmm.org\/es\/stories\/my-world-is-too-small-i-need-others\/\" \/>\n<meta property=\"og:locale\" content=\"es_ES\" \/>\n<meta property=\"og:type\" content=\"article\" \/>\n<meta property=\"og:title\" content=\"\u201cMi mundo es demasiado peque\u00f1o; necesito a otros\u201d - Mennonite World Conference\" \/>\n<meta property=\"og:description\" content=\"Mujeres te\u00f3logas anabautistas exploran la red mundial Por Virginia A. Hostetler, con informes de Harriet Sider Bicksler y Elina Ciptadi-Perkins Harrisburg, Pennsylvania, EE.UU. \u2014 En la Asamblea del Congreso Mundial Menonita &nbsp;(CMM) que se celebr\u00f3 del 21 al 25 de julio de 2015, las mujeres anabautistas se reunieron por primera vez para considerar la formaci\u00f3n [&hellip;]\" \/>\n<meta property=\"og:url\" content=\"https:\/\/mwc-cmm.org\/es\/stories\/my-world-is-too-small-i-need-others\/\" \/>\n<meta property=\"og:site_name\" content=\"Mennonite World Conference\" \/>\n<meta property=\"article:publisher\" content=\"https:\/\/www.facebook.com\/MennoniteWorldConference\" \/>\n<meta property=\"article:published_time\" content=\"2015-09-03T06:05:24+00:00\" \/>\n<meta property=\"article:modified_time\" content=\"2026-03-25T13:15:11+00:00\" \/>\n<meta property=\"og:image\" content=\"https:\/\/mwc-cmm.org\/wp-content\/uploads\/2015\/09\/DDG-MWC15_01499-scaled.jpg\" \/>\n\t<meta property=\"og:image:width\" content=\"2560\" \/>\n\t<meta property=\"og:image:height\" content=\"1700\" \/>\n\t<meta property=\"og:image:type\" content=\"image\/jpeg\" \/>\n<meta name=\"author\" content=\"mennworldcon\" \/>\n<script type=\"application\/ld+json\" class=\"yoast-schema-graph\">{\"@context\":\"https:\\\/\\\/schema.org\",\"@graph\":[{\"@type\":\"Article\",\"@id\":\"https:\\\/\\\/mwc-cmm.org\\\/es\\\/stories\\\/my-world-is-too-small-i-need-others\\\/#article\",\"isPartOf\":{\"@id\":\"https:\\\/\\\/mwc-cmm.org\\\/es\\\/stories\\\/my-world-is-too-small-i-need-others\\\/\"},\"author\":{\"name\":\"mennworldcon\",\"@id\":\"https:\\\/\\\/mwc-cmm.org\\\/en\\\/#\\\/schema\\\/person\\\/11f6ae0d7d1868ba20a1cc27f067c836\"},\"headline\":\"\u201cMi mundo es demasiado peque\u00f1o; necesito a otros\u201d\",\"datePublished\":\"2015-09-03T06:05:24+00:00\",\"dateModified\":\"2026-03-25T13:15:11+00:00\",\"mainEntityOfPage\":{\"@id\":\"https:\\\/\\\/mwc-cmm.org\\\/es\\\/stories\\\/my-world-is-too-small-i-need-others\\\/\"},\"wordCount\":584,\"publisher\":{\"@id\":\"https:\\\/\\\/mwc-cmm.org\\\/en\\\/#organization\"},\"image\":{\"@id\":\"https:\\\/\\\/mwc-cmm.org\\\/es\\\/stories\\\/my-world-is-too-small-i-need-others\\\/#primaryimage\"},\"thumbnailUrl\":\"https:\\\/\\\/mwc-cmm.org\\\/wp-content\\\/uploads\\\/2015\\\/09\\\/DDG-MWC15_01499-scaled.jpg\",\"keywords\":[\"Asamblea\",\"assembly\",\"Global Women's Network\",\"Global Women&#8217;s Network\",\"Meetinghouse\",\"PA2015\",\"PA2015 workshops\",\"Sister Care\",\"tomigrate\",\"Virginia A. Hostetler\",\"women theologians\"],\"articleSection\":[\"Sin categorizar\",\"tomigrate\"],\"inLanguage\":\"es\"},{\"@type\":\"WebPage\",\"@id\":\"https:\\\/\\\/mwc-cmm.org\\\/es\\\/stories\\\/my-world-is-too-small-i-need-others\\\/\",\"url\":\"https:\\\/\\\/mwc-cmm.org\\\/es\\\/stories\\\/my-world-is-too-small-i-need-others\\\/\",\"name\":\"\u201cMi mundo es demasiado peque\u00f1o; necesito a otros\u201d - Mennonite World Conference\",\"isPartOf\":{\"@id\":\"https:\\\/\\\/mwc-cmm.org\\\/en\\\/#website\"},\"primaryImageOfPage\":{\"@id\":\"https:\\\/\\\/mwc-cmm.org\\\/es\\\/stories\\\/my-world-is-too-small-i-need-others\\\/#primaryimage\"},\"image\":{\"@id\":\"https:\\\/\\\/mwc-cmm.org\\\/es\\\/stories\\\/my-world-is-too-small-i-need-others\\\/#primaryimage\"},\"thumbnailUrl\":\"https:\\\/\\\/mwc-cmm.org\\\/wp-content\\\/uploads\\\/2015\\\/09\\\/DDG-MWC15_01499-scaled.jpg\",\"datePublished\":\"2015-09-03T06:05:24+00:00\",\"dateModified\":\"2026-03-25T13:15:11+00:00\",\"breadcrumb\":{\"@id\":\"https:\\\/\\\/mwc-cmm.org\\\/es\\\/stories\\\/my-world-is-too-small-i-need-others\\\/#breadcrumb\"},\"inLanguage\":\"es\",\"potentialAction\":[{\"@type\":\"ReadAction\",\"target\":[\"https:\\\/\\\/mwc-cmm.org\\\/es\\\/stories\\\/my-world-is-too-small-i-need-others\\\/\"]}]},{\"@type\":\"ImageObject\",\"inLanguage\":\"es\",\"@id\":\"https:\\\/\\\/mwc-cmm.org\\\/es\\\/stories\\\/my-world-is-too-small-i-need-others\\\/#primaryimage\",\"url\":\"https:\\\/\\\/mwc-cmm.org\\\/wp-content\\\/uploads\\\/2015\\\/09\\\/DDG-MWC15_01499-scaled.jpg\",\"contentUrl\":\"https:\\\/\\\/mwc-cmm.org\\\/wp-content\\\/uploads\\\/2015\\\/09\\\/DDG-MWC15_01499-scaled.jpg\",\"width\":2560,\"height\":1700,\"caption\":\"PHOTO: Dale D Gehman\"},{\"@type\":\"BreadcrumbList\",\"@id\":\"https:\\\/\\\/mwc-cmm.org\\\/es\\\/stories\\\/my-world-is-too-small-i-need-others\\\/#breadcrumb\",\"itemListElement\":[{\"@type\":\"ListItem\",\"position\":1,\"name\":\"Home\",\"item\":\"https:\\\/\\\/mwc-cmm.org\\\/es\\\/\"},{\"@type\":\"ListItem\",\"position\":2,\"name\":\"\u201cMi mundo es demasiado peque\u00f1o; necesito a otros\u201d\"}]},{\"@type\":\"WebSite\",\"@id\":\"https:\\\/\\\/mwc-cmm.org\\\/en\\\/#website\",\"url\":\"https:\\\/\\\/mwc-cmm.org\\\/en\\\/\",\"name\":\"Mennonite World Conference\",\"description\":\"A communion of Anabaptist-related churches\",\"publisher\":{\"@id\":\"https:\\\/\\\/mwc-cmm.org\\\/en\\\/#organization\"},\"alternateName\":\"MWC\",\"potentialAction\":[{\"@type\":\"SearchAction\",\"target\":{\"@type\":\"EntryPoint\",\"urlTemplate\":\"https:\\\/\\\/mwc-cmm.org\\\/en\\\/?s={search_term_string}\"},\"query-input\":{\"@type\":\"PropertyValueSpecification\",\"valueRequired\":true,\"valueName\":\"search_term_string\"}}],\"inLanguage\":\"es\"},{\"@type\":\"Organization\",\"@id\":\"https:\\\/\\\/mwc-cmm.org\\\/en\\\/#organization\",\"name\":\"Mennonite World Conference\",\"alternateName\":\"MWC\",\"url\":\"https:\\\/\\\/mwc-cmm.org\\\/en\\\/\",\"logo\":{\"@type\":\"ImageObject\",\"inLanguage\":\"es\",\"@id\":\"https:\\\/\\\/mwc-cmm.org\\\/en\\\/#\\\/schema\\\/logo\\\/image\\\/\",\"url\":\"https:\\\/\\\/mwc-cmm.org\\\/wp-content\\\/uploads\\\/2026\\\/01\\\/MWC_Sig_Blue_Horiz_webheader1-logo.svg\",\"contentUrl\":\"https:\\\/\\\/mwc-cmm.org\\\/wp-content\\\/uploads\\\/2026\\\/01\\\/MWC_Sig_Blue_Horiz_webheader1-logo.svg\",\"width\":786,\"height\":82,\"caption\":\"Mennonite World Conference\"},\"image\":{\"@id\":\"https:\\\/\\\/mwc-cmm.org\\\/en\\\/#\\\/schema\\\/logo\\\/image\\\/\"},\"sameAs\":[\"https:\\\/\\\/www.facebook.com\\\/MennoniteWorldConference\",\"https:\\\/\\\/www.linkedin.com\\\/company\\\/mennonite-world-conference-mwc\\\/\",\"https:\\\/\\\/www.instagram.com\\\/mwcmm\\\/\",\"https:\\\/\\\/www.youtube.com\\\/user\\\/mwccmm\",\"https:\\\/\\\/bsky.app\\\/profile\\\/mwcmm.bsky.social\"]},{\"@type\":\"Person\",\"@id\":\"https:\\\/\\\/mwc-cmm.org\\\/en\\\/#\\\/schema\\\/person\\\/11f6ae0d7d1868ba20a1cc27f067c836\",\"name\":\"mennworldcon\",\"image\":{\"@type\":\"ImageObject\",\"inLanguage\":\"es\",\"@id\":\"https:\\\/\\\/secure.gravatar.com\\\/avatar\\\/06fdc0dc81c157dfdb82ec42f252178a22307808988d22c043f9eb96f1e0fe80?s=96&d=mm&r=g\",\"url\":\"https:\\\/\\\/secure.gravatar.com\\\/avatar\\\/06fdc0dc81c157dfdb82ec42f252178a22307808988d22c043f9eb96f1e0fe80?s=96&d=mm&r=g\",\"contentUrl\":\"https:\\\/\\\/secure.gravatar.com\\\/avatar\\\/06fdc0dc81c157dfdb82ec42f252178a22307808988d22c043f9eb96f1e0fe80?s=96&d=mm&r=g\",\"caption\":\"mennworldcon\"},\"sameAs\":[\"https:\\\/\\\/mwc-cmm.org\"],\"url\":\"https:\\\/\\\/mwc-cmm.org\\\/es\\\/stories\\\/author\\\/mennworldcon\\\/\"}]}<\/script>\n<!-- \/ Yoast SEO plugin. -->","yoast_head_json":{"title":"\u201cMi mundo es demasiado peque\u00f1o; necesito a otros\u201d - Mennonite World Conference","robots":{"index":"index","follow":"follow","max-snippet":"max-snippet:-1","max-image-preview":"max-image-preview:large","max-video-preview":"max-video-preview:-1"},"canonical":"https:\/\/mwc-cmm.org\/es\/stories\/my-world-is-too-small-i-need-others\/","og_locale":"es_ES","og_type":"article","og_title":"\u201cMi mundo es demasiado peque\u00f1o; necesito a otros\u201d - Mennonite World Conference","og_description":"Mujeres te\u00f3logas anabautistas exploran la red mundial Por Virginia A. Hostetler, con informes de Harriet Sider Bicksler y Elina Ciptadi-Perkins Harrisburg, Pennsylvania, EE.UU. \u2014 En la Asamblea del Congreso Mundial Menonita &nbsp;(CMM) que se celebr\u00f3 del 21 al 25 de julio de 2015, las mujeres anabautistas se reunieron por primera vez para considerar la formaci\u00f3n [&hellip;]","og_url":"https:\/\/mwc-cmm.org\/es\/stories\/my-world-is-too-small-i-need-others\/","og_site_name":"Mennonite World Conference","article_publisher":"https:\/\/www.facebook.com\/MennoniteWorldConference","article_published_time":"2015-09-03T06:05:24+00:00","article_modified_time":"2026-03-25T13:15:11+00:00","og_image":[{"width":2560,"height":1700,"url":"https:\/\/mwc-cmm.org\/wp-content\/uploads\/2015\/09\/DDG-MWC15_01499-scaled.jpg","type":"image\/jpeg"}],"author":"mennworldcon","schema":{"@context":"https:\/\/schema.org","@graph":[{"@type":"Article","@id":"https:\/\/mwc-cmm.org\/es\/stories\/my-world-is-too-small-i-need-others\/#article","isPartOf":{"@id":"https:\/\/mwc-cmm.org\/es\/stories\/my-world-is-too-small-i-need-others\/"},"author":{"name":"mennworldcon","@id":"https:\/\/mwc-cmm.org\/en\/#\/schema\/person\/11f6ae0d7d1868ba20a1cc27f067c836"},"headline":"\u201cMi mundo es demasiado peque\u00f1o; necesito a otros\u201d","datePublished":"2015-09-03T06:05:24+00:00","dateModified":"2026-03-25T13:15:11+00:00","mainEntityOfPage":{"@id":"https:\/\/mwc-cmm.org\/es\/stories\/my-world-is-too-small-i-need-others\/"},"wordCount":584,"publisher":{"@id":"https:\/\/mwc-cmm.org\/en\/#organization"},"image":{"@id":"https:\/\/mwc-cmm.org\/es\/stories\/my-world-is-too-small-i-need-others\/#primaryimage"},"thumbnailUrl":"https:\/\/mwc-cmm.org\/wp-content\/uploads\/2015\/09\/DDG-MWC15_01499-scaled.jpg","keywords":["Asamblea","assembly","Global Women's Network","Global Women&#8217;s Network","Meetinghouse","PA2015","PA2015 workshops","Sister Care","tomigrate","Virginia A. Hostetler","women theologians"],"articleSection":["Sin categorizar","tomigrate"],"inLanguage":"es"},{"@type":"WebPage","@id":"https:\/\/mwc-cmm.org\/es\/stories\/my-world-is-too-small-i-need-others\/","url":"https:\/\/mwc-cmm.org\/es\/stories\/my-world-is-too-small-i-need-others\/","name":"\u201cMi mundo es demasiado peque\u00f1o; necesito a otros\u201d - Mennonite World Conference","isPartOf":{"@id":"https:\/\/mwc-cmm.org\/en\/#website"},"primaryImageOfPage":{"@id":"https:\/\/mwc-cmm.org\/es\/stories\/my-world-is-too-small-i-need-others\/#primaryimage"},"image":{"@id":"https:\/\/mwc-cmm.org\/es\/stories\/my-world-is-too-small-i-need-others\/#primaryimage"},"thumbnailUrl":"https:\/\/mwc-cmm.org\/wp-content\/uploads\/2015\/09\/DDG-MWC15_01499-scaled.jpg","datePublished":"2015-09-03T06:05:24+00:00","dateModified":"2026-03-25T13:15:11+00:00","breadcrumb":{"@id":"https:\/\/mwc-cmm.org\/es\/stories\/my-world-is-too-small-i-need-others\/#breadcrumb"},"inLanguage":"es","potentialAction":[{"@type":"ReadAction","target":["https:\/\/mwc-cmm.org\/es\/stories\/my-world-is-too-small-i-need-others\/"]}]},{"@type":"ImageObject","inLanguage":"es","@id":"https:\/\/mwc-cmm.org\/es\/stories\/my-world-is-too-small-i-need-others\/#primaryimage","url":"https:\/\/mwc-cmm.org\/wp-content\/uploads\/2015\/09\/DDG-MWC15_01499-scaled.jpg","contentUrl":"https:\/\/mwc-cmm.org\/wp-content\/uploads\/2015\/09\/DDG-MWC15_01499-scaled.jpg","width":2560,"height":1700,"caption":"PHOTO: Dale D Gehman"},{"@type":"BreadcrumbList","@id":"https:\/\/mwc-cmm.org\/es\/stories\/my-world-is-too-small-i-need-others\/#breadcrumb","itemListElement":[{"@type":"ListItem","position":1,"name":"Home","item":"https:\/\/mwc-cmm.org\/es\/"},{"@type":"ListItem","position":2,"name":"\u201cMi mundo es demasiado peque\u00f1o; necesito a otros\u201d"}]},{"@type":"WebSite","@id":"https:\/\/mwc-cmm.org\/en\/#website","url":"https:\/\/mwc-cmm.org\/en\/","name":"Mennonite World Conference","description":"A communion of Anabaptist-related churches","publisher":{"@id":"https:\/\/mwc-cmm.org\/en\/#organization"},"alternateName":"MWC","potentialAction":[{"@type":"SearchAction","target":{"@type":"EntryPoint","urlTemplate":"https:\/\/mwc-cmm.org\/en\/?s={search_term_string}"},"query-input":{"@type":"PropertyValueSpecification","valueRequired":true,"valueName":"search_term_string"}}],"inLanguage":"es"},{"@type":"Organization","@id":"https:\/\/mwc-cmm.org\/en\/#organization","name":"Mennonite World Conference","alternateName":"MWC","url":"https:\/\/mwc-cmm.org\/en\/","logo":{"@type":"ImageObject","inLanguage":"es","@id":"https:\/\/mwc-cmm.org\/en\/#\/schema\/logo\/image\/","url":"https:\/\/mwc-cmm.org\/wp-content\/uploads\/2026\/01\/MWC_Sig_Blue_Horiz_webheader1-logo.svg","contentUrl":"https:\/\/mwc-cmm.org\/wp-content\/uploads\/2026\/01\/MWC_Sig_Blue_Horiz_webheader1-logo.svg","width":786,"height":82,"caption":"Mennonite World Conference"},"image":{"@id":"https:\/\/mwc-cmm.org\/en\/#\/schema\/logo\/image\/"},"sameAs":["https:\/\/www.facebook.com\/MennoniteWorldConference","https:\/\/www.linkedin.com\/company\/mennonite-world-conference-mwc\/","https:\/\/www.instagram.com\/mwcmm\/","https:\/\/www.youtube.com\/user\/mwccmm","https:\/\/bsky.app\/profile\/mwcmm.bsky.social"]},{"@type":"Person","@id":"https:\/\/mwc-cmm.org\/en\/#\/schema\/person\/11f6ae0d7d1868ba20a1cc27f067c836","name":"mennworldcon","image":{"@type":"ImageObject","inLanguage":"es","@id":"https:\/\/secure.gravatar.com\/avatar\/06fdc0dc81c157dfdb82ec42f252178a22307808988d22c043f9eb96f1e0fe80?s=96&d=mm&r=g","url":"https:\/\/secure.gravatar.com\/avatar\/06fdc0dc81c157dfdb82ec42f252178a22307808988d22c043f9eb96f1e0fe80?s=96&d=mm&r=g","contentUrl":"https:\/\/secure.gravatar.com\/avatar\/06fdc0dc81c157dfdb82ec42f252178a22307808988d22c043f9eb96f1e0fe80?s=96&d=mm&r=g","caption":"mennworldcon"},"sameAs":["https:\/\/mwc-cmm.org"],"url":"https:\/\/mwc-cmm.org\/es\/stories\/author\/mennworldcon\/"}]}},"_links":{"self":[{"href":"https:\/\/mwc-cmm.org\/es\/wp-json\/wp\/v2\/posts\/125531","targetHints":{"allow":["GET"]}}],"collection":[{"href":"https:\/\/mwc-cmm.org\/es\/wp-json\/wp\/v2\/posts"}],"about":[{"href":"https:\/\/mwc-cmm.org\/es\/wp-json\/wp\/v2\/types\/post"}],"author":[{"embeddable":true,"href":"https:\/\/mwc-cmm.org\/es\/wp-json\/wp\/v2\/users\/1"}],"replies":[{"embeddable":true,"href":"https:\/\/mwc-cmm.org\/es\/wp-json\/wp\/v2\/comments?post=125531"}],"version-history":[{"count":0,"href":"https:\/\/mwc-cmm.org\/es\/wp-json\/wp\/v2\/posts\/125531\/revisions"}],"wp:featuredmedia":[{"embeddable":true,"href":"https:\/\/mwc-cmm.org\/es\/wp-json\/wp\/v2\/media\/125544"}],"wp:attachment":[{"href":"https:\/\/mwc-cmm.org\/es\/wp-json\/wp\/v2\/media?parent=125531"}],"wp:term":[{"taxonomy":"category","embeddable":true,"href":"https:\/\/mwc-cmm.org\/es\/wp-json\/wp\/v2\/categories?post=125531"},{"taxonomy":"post_tag","embeddable":true,"href":"https:\/\/mwc-cmm.org\/es\/wp-json\/wp\/v2\/tags?post=125531"},{"taxonomy":"network","embeddable":true,"href":"https:\/\/mwc-cmm.org\/es\/wp-json\/wp\/v2\/network?post=125531"},{"taxonomy":"eventcategory","embeddable":true,"href":"https:\/\/mwc-cmm.org\/es\/wp-json\/wp\/v2\/eventcategory?post=125531"}],"curies":[{"name":"wp","href":"https:\/\/api.w.org\/{rel}","templated":true}]}}