{"id":125398,"date":"2026-03-16T14:50:26","date_gmt":"2026-03-16T14:50:26","guid":{"rendered":"https:\/\/mwc-cmm.org\/?p=125398"},"modified":"2026-03-18T14:50:26","modified_gmt":"2026-03-18T14:50:26","slug":"solidaridad-que-construiremos-juntos","status":"publish","type":"post","link":"https:\/\/mwc-cmm.org\/es\/stories\/solidaridad-que-construiremos-juntos\/","title":{"rendered":"Solidaridad: \u00bfqu\u00e9 construiremos juntos?"},"content":{"rendered":"\n<p class=\"has-text-align-center\"><sup>Al final de la Cumbre Mundial de la Juventud (GYS) en Alemania, los participantes se reunieron<br>alrededor de una fogata para cantar y hacer pan. Foto: Irma Sulistyorini<\/sup><\/p>\n\n\n\n<h2 class=\"wp-block-heading is-style-cyan-eyebrow\"><strong>La columna de los miembros directivos<\/strong>\u00a0<\/h2>\n\n\n\n<p>La perspectiva&nbsp;que&nbsp;tenemos&nbsp;ante nosotros es extraordinaria: un mundo donde las personas han sanado lo suficiente como para reconocer su valor y, por lo tanto, son capaces de establecer relaciones marcadas por una aut\u00e9ntica intimidad, dignidad y respeto. Un mundo donde las tecnolog\u00edas poderosas y las conexiones globales reducen las brechas en lugar de profundizarlas, convirti\u00e9ndose en herramientas para el entendimiento mutuo y&nbsp;una&nbsp;prosperidad&nbsp;compartida.&nbsp;<\/p>\n\n\n\n<p>Al mismo tiempo, nombramos la verdad&nbsp;de este momento.&nbsp;Muchas personas en todo el mundo viven en lugares&nbsp;llenos&nbsp;de&nbsp;temor, marcados por la violencia, el desplazamiento, la incertidumbre econ\u00f3mica, la crisis clim\u00e1tica y una profunda polarizaci\u00f3n social. El miedo es&nbsp;evidente. Nos&nbsp;tienta&nbsp;a&nbsp;retraernos, a proteger lo nuestro y a imaginar que la supervivencia es lo mejor&nbsp;a lo&nbsp;que podemos&nbsp;aspirar.&nbsp;<\/p>\n\n\n\n<p>Y, sin embargo, estos no son&nbsp;solamente&nbsp;desaf\u00edos&nbsp;que hay que&nbsp;afrontar. Tambi\u00e9n&nbsp;constituyen&nbsp;momentos&nbsp;que exigen valent\u00eda.&nbsp;<\/p>\n\n\n\n<p>En toda la familia anabautista&nbsp;mundial, las comunidades est\u00e1n redescubriendo sus voces, su capacidad de acci\u00f3n y&nbsp;el&nbsp;llamado a vivir de manera diferente. La solidaridad, como la entiende el Congreso Mundial Menonita, no&nbsp;consiste en&nbsp;un acuerdo pasivo ni&nbsp;en&nbsp;un&nbsp;asunto lejano. Es una decisi\u00f3n fiel de permanecer&nbsp;vinculados: elegir las&nbsp;<em>relaciones<\/em>&nbsp;en&nbsp;vez&nbsp;del aislamiento, el&nbsp;<em>acompa\u00f1amiento<\/em>&nbsp;en&nbsp;vez&nbsp;del control y la&nbsp;<em>esperanza<\/em>&nbsp;en&nbsp;vez&nbsp;del miedo.&nbsp;<\/p>\n\n\n\n<p>Esta solidaridad se&nbsp;practica cuando&nbsp;escuchamos&nbsp;profundamente&nbsp;a&nbsp;las&nbsp;diferentes&nbsp;culturas, cuando la experiencia vivida determina&nbsp;nuestro discernimiento compartido y cuando permanecemos&nbsp;a&nbsp;la mesa,&nbsp;incluso cuando el camino a seguir es incierto.&nbsp;<\/p>\n\n\n\n<p>Nos recuerda que la&nbsp;sanaci\u00f3n&nbsp;es posible, que&nbsp;habr\u00e1 de&nbsp;surgir nueva vida de lugares dif\u00edciles y que la unidad es algo que practicamos con paciencia y cuidado.&nbsp;<\/p>\n\n\n\n<p>Al&nbsp;iniciar el&nbsp;a\u00f1o 2026,&nbsp;hemos sido&nbsp;invitados&nbsp;e invitadas&nbsp;a&nbsp;cuidar&nbsp;lo que se nos ha confiado: a construir espacios de confianza, a fortalecer lazos de amor y&nbsp;a&nbsp;definir&nbsp;un futuro&nbsp;caracterizado&nbsp;por la paz de Cristo.&nbsp;<\/p>\n\n\n\n<p>Lo que construyamos no ser\u00e1 perfecto, pero&nbsp;habr\u00e1 de&nbsp;ser fiel.&nbsp;<\/p>\n\n\n\n<p>Que podamos&nbsp;abrirnos&nbsp;a la gracia que Dios ya nos ha dado y&nbsp;que la vivamos&nbsp;por medio&nbsp;de la solidaridad,&nbsp;acompa\u00f1\u00e1ndonos&nbsp;en humildad, eligi\u00e9ndonos unos a otros con valent\u00eda y confiando en el Esp\u00edritu que nos une.&nbsp;<\/p>\n\n\n\n<div class=\"wp-block-media-text is-stacked-on-mobile\" style=\"grid-template-columns:20% auto\"><figure class=\"wp-block-media-text__media\"><img decoding=\"async\" width=\"600\" height=\"600\" data-src=\"https:\/\/mwc-cmm.org\/wp-content\/uploads\/2025\/07\/Lisa-Carr-Pries20250523KarlaBraun_IMG_4674-1.png\" alt=\"2025 headshot\" class=\"wp-image-116837 size-full lazyload\" data-srcset=\"https:\/\/mwc-cmm.org\/wp-content\/uploads\/2025\/07\/Lisa-Carr-Pries20250523KarlaBraun_IMG_4674-1.png 600w, https:\/\/mwc-cmm.org\/wp-content\/uploads\/2025\/07\/Lisa-Carr-Pries20250523KarlaBraun_IMG_4674-1-300x300.png 300w, https:\/\/mwc-cmm.org\/wp-content\/uploads\/2025\/07\/Lisa-Carr-Pries20250523KarlaBraun_IMG_4674-1-150x150.png 150w\" data-sizes=\"(max-width: 600px) 100vw, 600px\" src=\"data:image\/svg+xml;base64,PHN2ZyB3aWR0aD0iMSIgaGVpZ2h0PSIxIiB4bWxucz0iaHR0cDovL3d3dy53My5vcmcvMjAwMC9zdmciPjwvc3ZnPg==\" style=\"--smush-placeholder-width: 600px; --smush-placeholder-aspect-ratio: 600\/600;\" \/><\/figure><div class=\"wp-block-media-text__content\">\n<p class=\"has-small-font-size\"><em>Lisa\u00a0Carr-Pries,\u00a0vicepresidenta del CMM\u00a0(2022-2031). Es directora de\u00a0Atenci\u00f3n\u00a0Espiritual\u00a0de\u00a0Parkwood\u00a0Community\u00a0(residencia de ancianos\u00a0de cuidado prolongado) en Waterloo, Ontario, Canad\u00e1, y miembro de la Iglesia Menonita de\u00a0Nith\u00a0Valley, Ontario, Canad\u00e1.<\/em><\/p>\n<\/div><\/div>\n\n\n\n<hr class=\"wp-block-separator has-alpha-channel-opacity\"\/>\n\n\n\n<div class=\"wp-block-buttons is-layout-flex wp-block-buttons-is-layout-flex\">\n<div class=\"wp-block-button\"><a class=\"wp-block-button__link has-magenta-background-color has-background has-text-align-left wp-element-button\" href=\"https:\/\/mwc-cmm.org\/es\/resources\/correo-2026-41-1\/\">Este art\u00edculo apareci\u00f3 por primera vez e<br>Courier \/ Correo \/ Courrier, volumen 41, n\u00famero 1<\/a><\/div>\n<\/div>\n\n\n<div class=\"taxonomy-post_tag has-link-color wp-elements-4795dccc25dd561b10d5c166c095ced0 wp-block-post-terms has-text-color has-gray-color has-small-font-size\"><a href=\"https:\/\/mwc-cmm.org\/es\/stories\/tag\/courier-es\/\" rel=\"tag\">Courier<\/a><span class=\"wp-block-post-terms__separator\">, <\/span><a href=\"https:\/\/mwc-cmm.org\/es\/stories\/tag\/miembros-directivos\/\" rel=\"tag\">Miembros directivos<\/a><span class=\"wp-block-post-terms__separator\">, <\/span><a href=\"https:\/\/mwc-cmm.org\/es\/stories\/tag\/solidaridad\/\" rel=\"tag\">solidaridad<\/a><\/div>\n\n\n<p><\/p>\n","protected":false},"excerpt":{"rendered":"<p>Al final de la Cumbre Mundial de la Juventud (GYS) en Alemania, los participantes se reunieronalrededor de una fogata para cantar y hacer pan. Foto: Irma Sulistyorini La columna de los miembros directivos\u00a0 La perspectiva&nbsp;que&nbsp;tenemos&nbsp;ante nosotros es extraordinaria: un mundo donde las personas han sanado lo suficiente como para reconocer su valor y, por lo [&hellip;]<\/p>\n","protected":false},"author":8,"featured_media":125394,"comment_status":"closed","ping_status":"closed","sticky":false,"template":"","format":"standard","meta":{"_acf_changed":false,"footnotes":""},"categories":[1184],"tags":[398,1557,1523],"network":[],"eventcategory":[],"class_list":["post-125398","post","type-post","status-publish","format-standard","has-post-thumbnail","hentry","category-courier-sp","tag-courier-es","tag-miembros-directivos","tag-solidaridad"],"acf":[],"yoast_head":"<!-- This site is optimized with the Yoast SEO plugin v27.5 - https:\/\/yoast.com\/product\/yoast-seo-wordpress\/ -->\n<title>Solidaridad: \u00bfqu\u00e9 construiremos juntos? - Mennonite World Conference<\/title>\n<meta name=\"robots\" content=\"index, follow, max-snippet:-1, max-image-preview:large, max-video-preview:-1\" \/>\n<link rel=\"canonical\" href=\"https:\/\/mwc-cmm.org\/en\/stories\/solidarity-what-will-we-build-together\/\" \/>\n<meta property=\"og:locale\" content=\"es_ES\" \/>\n<meta property=\"og:type\" content=\"article\" \/>\n<meta property=\"og:title\" content=\"Solidaridad: \u00bfqu\u00e9 construiremos juntos? - Mennonite World Conference\" \/>\n<meta property=\"og:description\" content=\"Al final de la Cumbre Mundial de la Juventud (GYS) en Alemania, los participantes se reunieronalrededor de una fogata para cantar y hacer pan. Foto: Irma Sulistyorini La columna de los miembros directivos\u00a0 La perspectiva&nbsp;que&nbsp;tenemos&nbsp;ante nosotros es extraordinaria: un mundo donde las personas han sanado lo suficiente como para reconocer su valor y, por lo [&hellip;]\" \/>\n<meta property=\"og:url\" content=\"https:\/\/mwc-cmm.org\/en\/stories\/solidarity-what-will-we-build-together\/\" \/>\n<meta property=\"og:site_name\" content=\"Mennonite World Conference\" \/>\n<meta property=\"article:publisher\" content=\"https:\/\/www.facebook.com\/MennoniteWorldConference\" \/>\n<meta property=\"article:published_time\" content=\"2026-03-16T14:50:26+00:00\" \/>\n<meta property=\"article:modified_time\" content=\"2026-03-18T14:50:26+00:00\" \/>\n<meta property=\"og:image\" content=\"https:\/\/mwc-cmm.org\/wp-content\/uploads\/2026\/03\/20250602IrmaSulistyoriniDSC06772-scaled.jpg\" \/>\n\t<meta property=\"og:image:width\" content=\"2560\" \/>\n\t<meta property=\"og:image:height\" content=\"1707\" \/>\n\t<meta property=\"og:image:type\" content=\"image\/jpeg\" \/>\n<meta name=\"author\" content=\"Stephanie Setiawan\" \/>\n<script type=\"application\/ld+json\" class=\"yoast-schema-graph\">{\"@context\":\"https:\\\/\\\/schema.org\",\"@graph\":[{\"@type\":\"Article\",\"@id\":\"https:\\\/\\\/mwc-cmm.org\\\/en\\\/stories\\\/solidarity-what-will-we-build-together\\\/#article\",\"isPartOf\":{\"@id\":\"https:\\\/\\\/mwc-cmm.org\\\/en\\\/stories\\\/solidarity-what-will-we-build-together\\\/\"},\"author\":{\"name\":\"Stephanie Setiawan\",\"@id\":\"https:\\\/\\\/mwc-cmm.org\\\/en\\\/#\\\/schema\\\/person\\\/00b62ed8ea1527254a44f3ace3aee79d\"},\"headline\":\"Solidaridad: \u00bfqu\u00e9 construiremos juntos?\",\"datePublished\":\"2026-03-16T14:50:26+00:00\",\"dateModified\":\"2026-03-18T14:50:26+00:00\",\"mainEntityOfPage\":{\"@id\":\"https:\\\/\\\/mwc-cmm.org\\\/en\\\/stories\\\/solidarity-what-will-we-build-together\\\/\"},\"wordCount\":553,\"publisher\":{\"@id\":\"https:\\\/\\\/mwc-cmm.org\\\/en\\\/#organization\"},\"image\":{\"@id\":\"https:\\\/\\\/mwc-cmm.org\\\/en\\\/stories\\\/solidarity-what-will-we-build-together\\\/#primaryimage\"},\"thumbnailUrl\":\"https:\\\/\\\/mwc-cmm.org\\\/wp-content\\\/uploads\\\/2026\\\/03\\\/20250602IrmaSulistyoriniDSC06772-scaled.jpg\",\"keywords\":[\"Courier\",\"Miembros directivos\",\"solidaridad\"],\"articleSection\":[\"Correo\"],\"inLanguage\":\"es\"},{\"@type\":\"WebPage\",\"@id\":\"https:\\\/\\\/mwc-cmm.org\\\/en\\\/stories\\\/solidarity-what-will-we-build-together\\\/\",\"url\":\"https:\\\/\\\/mwc-cmm.org\\\/en\\\/stories\\\/solidarity-what-will-we-build-together\\\/\",\"name\":\"Solidaridad: \u00bfqu\u00e9 construiremos juntos? - Mennonite World Conference\",\"isPartOf\":{\"@id\":\"https:\\\/\\\/mwc-cmm.org\\\/en\\\/#website\"},\"primaryImageOfPage\":{\"@id\":\"https:\\\/\\\/mwc-cmm.org\\\/en\\\/stories\\\/solidarity-what-will-we-build-together\\\/#primaryimage\"},\"image\":{\"@id\":\"https:\\\/\\\/mwc-cmm.org\\\/en\\\/stories\\\/solidarity-what-will-we-build-together\\\/#primaryimage\"},\"thumbnailUrl\":\"https:\\\/\\\/mwc-cmm.org\\\/wp-content\\\/uploads\\\/2026\\\/03\\\/20250602IrmaSulistyoriniDSC06772-scaled.jpg\",\"datePublished\":\"2026-03-16T14:50:26+00:00\",\"dateModified\":\"2026-03-18T14:50:26+00:00\",\"breadcrumb\":{\"@id\":\"https:\\\/\\\/mwc-cmm.org\\\/en\\\/stories\\\/solidarity-what-will-we-build-together\\\/#breadcrumb\"},\"inLanguage\":\"es\",\"potentialAction\":[{\"@type\":\"ReadAction\",\"target\":[\"https:\\\/\\\/mwc-cmm.org\\\/en\\\/stories\\\/solidarity-what-will-we-build-together\\\/\"]}]},{\"@type\":\"ImageObject\",\"inLanguage\":\"es\",\"@id\":\"https:\\\/\\\/mwc-cmm.org\\\/en\\\/stories\\\/solidarity-what-will-we-build-together\\\/#primaryimage\",\"url\":\"https:\\\/\\\/mwc-cmm.org\\\/wp-content\\\/uploads\\\/2026\\\/03\\\/20250602IrmaSulistyoriniDSC06772-scaled.jpg\",\"contentUrl\":\"https:\\\/\\\/mwc-cmm.org\\\/wp-content\\\/uploads\\\/2026\\\/03\\\/20250602IrmaSulistyoriniDSC06772-scaled.jpg\",\"width\":2560,\"height\":1707},{\"@type\":\"BreadcrumbList\",\"@id\":\"https:\\\/\\\/mwc-cmm.org\\\/en\\\/stories\\\/solidarity-what-will-we-build-together\\\/#breadcrumb\",\"itemListElement\":[{\"@type\":\"ListItem\",\"position\":1,\"name\":\"Home\",\"item\":\"https:\\\/\\\/mwc-cmm.org\\\/es\\\/\"},{\"@type\":\"ListItem\",\"position\":2,\"name\":\"Solidaridad: \u00bfqu\u00e9 construiremos juntos?\"}]},{\"@type\":\"WebSite\",\"@id\":\"https:\\\/\\\/mwc-cmm.org\\\/en\\\/#website\",\"url\":\"https:\\\/\\\/mwc-cmm.org\\\/en\\\/\",\"name\":\"Mennonite World Conference\",\"description\":\"A communion of Anabaptist-related churches\",\"publisher\":{\"@id\":\"https:\\\/\\\/mwc-cmm.org\\\/en\\\/#organization\"},\"alternateName\":\"MWC\",\"potentialAction\":[{\"@type\":\"SearchAction\",\"target\":{\"@type\":\"EntryPoint\",\"urlTemplate\":\"https:\\\/\\\/mwc-cmm.org\\\/en\\\/?s={search_term_string}\"},\"query-input\":{\"@type\":\"PropertyValueSpecification\",\"valueRequired\":true,\"valueName\":\"search_term_string\"}}],\"inLanguage\":\"es\"},{\"@type\":\"Organization\",\"@id\":\"https:\\\/\\\/mwc-cmm.org\\\/en\\\/#organization\",\"name\":\"Mennonite World Conference\",\"alternateName\":\"MWC\",\"url\":\"https:\\\/\\\/mwc-cmm.org\\\/en\\\/\",\"logo\":{\"@type\":\"ImageObject\",\"inLanguage\":\"es\",\"@id\":\"https:\\\/\\\/mwc-cmm.org\\\/en\\\/#\\\/schema\\\/logo\\\/image\\\/\",\"url\":\"https:\\\/\\\/mwc-cmm.org\\\/wp-content\\\/uploads\\\/2026\\\/01\\\/MWC_Sig_Blue_Horiz_webheader1-logo.svg\",\"contentUrl\":\"https:\\\/\\\/mwc-cmm.org\\\/wp-content\\\/uploads\\\/2026\\\/01\\\/MWC_Sig_Blue_Horiz_webheader1-logo.svg\",\"width\":786,\"height\":82,\"caption\":\"Mennonite World Conference\"},\"image\":{\"@id\":\"https:\\\/\\\/mwc-cmm.org\\\/en\\\/#\\\/schema\\\/logo\\\/image\\\/\"},\"sameAs\":[\"https:\\\/\\\/www.facebook.com\\\/MennoniteWorldConference\",\"https:\\\/\\\/www.linkedin.com\\\/company\\\/mennonite-world-conference-mwc\\\/\",\"https:\\\/\\\/www.instagram.com\\\/mwcmm\\\/\",\"https:\\\/\\\/www.youtube.com\\\/user\\\/mwccmm\",\"https:\\\/\\\/bsky.app\\\/profile\\\/mwcmm.bsky.social\"]},{\"@type\":\"Person\",\"@id\":\"https:\\\/\\\/mwc-cmm.org\\\/en\\\/#\\\/schema\\\/person\\\/00b62ed8ea1527254a44f3ace3aee79d\",\"name\":\"Stephanie Setiawan\",\"image\":{\"@type\":\"ImageObject\",\"inLanguage\":\"es\",\"@id\":\"https:\\\/\\\/secure.gravatar.com\\\/avatar\\\/71b4b62cf3d0cfb4c8a367a101127ba8adfa1c22417900980ea24f5f4457a76d?s=96&d=mm&r=g\",\"url\":\"https:\\\/\\\/secure.gravatar.com\\\/avatar\\\/71b4b62cf3d0cfb4c8a367a101127ba8adfa1c22417900980ea24f5f4457a76d?s=96&d=mm&r=g\",\"contentUrl\":\"https:\\\/\\\/secure.gravatar.com\\\/avatar\\\/71b4b62cf3d0cfb4c8a367a101127ba8adfa1c22417900980ea24f5f4457a76d?s=96&d=mm&r=g\",\"caption\":\"Stephanie Setiawan\"},\"url\":\"https:\\\/\\\/mwc-cmm.org\\\/es\\\/stories\\\/author\\\/stephanie\\\/\"}]}<\/script>\n<!-- \/ Yoast SEO plugin. -->","yoast_head_json":{"title":"Solidaridad: \u00bfqu\u00e9 construiremos juntos? - Mennonite World Conference","robots":{"index":"index","follow":"follow","max-snippet":"max-snippet:-1","max-image-preview":"max-image-preview:large","max-video-preview":"max-video-preview:-1"},"canonical":"https:\/\/mwc-cmm.org\/en\/stories\/solidarity-what-will-we-build-together\/","og_locale":"es_ES","og_type":"article","og_title":"Solidaridad: \u00bfqu\u00e9 construiremos juntos? - Mennonite World Conference","og_description":"Al final de la Cumbre Mundial de la Juventud (GYS) en Alemania, los participantes se reunieronalrededor de una fogata para cantar y hacer pan. Foto: Irma Sulistyorini La columna de los miembros directivos\u00a0 La perspectiva&nbsp;que&nbsp;tenemos&nbsp;ante nosotros es extraordinaria: un mundo donde las personas han sanado lo suficiente como para reconocer su valor y, por lo [&hellip;]","og_url":"https:\/\/mwc-cmm.org\/en\/stories\/solidarity-what-will-we-build-together\/","og_site_name":"Mennonite World Conference","article_publisher":"https:\/\/www.facebook.com\/MennoniteWorldConference","article_published_time":"2026-03-16T14:50:26+00:00","article_modified_time":"2026-03-18T14:50:26+00:00","og_image":[{"width":2560,"height":1707,"url":"https:\/\/mwc-cmm.org\/wp-content\/uploads\/2026\/03\/20250602IrmaSulistyoriniDSC06772-scaled.jpg","type":"image\/jpeg"}],"author":"Stephanie Setiawan","schema":{"@context":"https:\/\/schema.org","@graph":[{"@type":"Article","@id":"https:\/\/mwc-cmm.org\/en\/stories\/solidarity-what-will-we-build-together\/#article","isPartOf":{"@id":"https:\/\/mwc-cmm.org\/en\/stories\/solidarity-what-will-we-build-together\/"},"author":{"name":"Stephanie Setiawan","@id":"https:\/\/mwc-cmm.org\/en\/#\/schema\/person\/00b62ed8ea1527254a44f3ace3aee79d"},"headline":"Solidaridad: \u00bfqu\u00e9 construiremos juntos?","datePublished":"2026-03-16T14:50:26+00:00","dateModified":"2026-03-18T14:50:26+00:00","mainEntityOfPage":{"@id":"https:\/\/mwc-cmm.org\/en\/stories\/solidarity-what-will-we-build-together\/"},"wordCount":553,"publisher":{"@id":"https:\/\/mwc-cmm.org\/en\/#organization"},"image":{"@id":"https:\/\/mwc-cmm.org\/en\/stories\/solidarity-what-will-we-build-together\/#primaryimage"},"thumbnailUrl":"https:\/\/mwc-cmm.org\/wp-content\/uploads\/2026\/03\/20250602IrmaSulistyoriniDSC06772-scaled.jpg","keywords":["Courier","Miembros directivos","solidaridad"],"articleSection":["Correo"],"inLanguage":"es"},{"@type":"WebPage","@id":"https:\/\/mwc-cmm.org\/en\/stories\/solidarity-what-will-we-build-together\/","url":"https:\/\/mwc-cmm.org\/en\/stories\/solidarity-what-will-we-build-together\/","name":"Solidaridad: \u00bfqu\u00e9 construiremos juntos? - Mennonite World Conference","isPartOf":{"@id":"https:\/\/mwc-cmm.org\/en\/#website"},"primaryImageOfPage":{"@id":"https:\/\/mwc-cmm.org\/en\/stories\/solidarity-what-will-we-build-together\/#primaryimage"},"image":{"@id":"https:\/\/mwc-cmm.org\/en\/stories\/solidarity-what-will-we-build-together\/#primaryimage"},"thumbnailUrl":"https:\/\/mwc-cmm.org\/wp-content\/uploads\/2026\/03\/20250602IrmaSulistyoriniDSC06772-scaled.jpg","datePublished":"2026-03-16T14:50:26+00:00","dateModified":"2026-03-18T14:50:26+00:00","breadcrumb":{"@id":"https:\/\/mwc-cmm.org\/en\/stories\/solidarity-what-will-we-build-together\/#breadcrumb"},"inLanguage":"es","potentialAction":[{"@type":"ReadAction","target":["https:\/\/mwc-cmm.org\/en\/stories\/solidarity-what-will-we-build-together\/"]}]},{"@type":"ImageObject","inLanguage":"es","@id":"https:\/\/mwc-cmm.org\/en\/stories\/solidarity-what-will-we-build-together\/#primaryimage","url":"https:\/\/mwc-cmm.org\/wp-content\/uploads\/2026\/03\/20250602IrmaSulistyoriniDSC06772-scaled.jpg","contentUrl":"https:\/\/mwc-cmm.org\/wp-content\/uploads\/2026\/03\/20250602IrmaSulistyoriniDSC06772-scaled.jpg","width":2560,"height":1707},{"@type":"BreadcrumbList","@id":"https:\/\/mwc-cmm.org\/en\/stories\/solidarity-what-will-we-build-together\/#breadcrumb","itemListElement":[{"@type":"ListItem","position":1,"name":"Home","item":"https:\/\/mwc-cmm.org\/es\/"},{"@type":"ListItem","position":2,"name":"Solidaridad: \u00bfqu\u00e9 construiremos juntos?"}]},{"@type":"WebSite","@id":"https:\/\/mwc-cmm.org\/en\/#website","url":"https:\/\/mwc-cmm.org\/en\/","name":"Mennonite World Conference","description":"A communion of Anabaptist-related churches","publisher":{"@id":"https:\/\/mwc-cmm.org\/en\/#organization"},"alternateName":"MWC","potentialAction":[{"@type":"SearchAction","target":{"@type":"EntryPoint","urlTemplate":"https:\/\/mwc-cmm.org\/en\/?s={search_term_string}"},"query-input":{"@type":"PropertyValueSpecification","valueRequired":true,"valueName":"search_term_string"}}],"inLanguage":"es"},{"@type":"Organization","@id":"https:\/\/mwc-cmm.org\/en\/#organization","name":"Mennonite World Conference","alternateName":"MWC","url":"https:\/\/mwc-cmm.org\/en\/","logo":{"@type":"ImageObject","inLanguage":"es","@id":"https:\/\/mwc-cmm.org\/en\/#\/schema\/logo\/image\/","url":"https:\/\/mwc-cmm.org\/wp-content\/uploads\/2026\/01\/MWC_Sig_Blue_Horiz_webheader1-logo.svg","contentUrl":"https:\/\/mwc-cmm.org\/wp-content\/uploads\/2026\/01\/MWC_Sig_Blue_Horiz_webheader1-logo.svg","width":786,"height":82,"caption":"Mennonite World Conference"},"image":{"@id":"https:\/\/mwc-cmm.org\/en\/#\/schema\/logo\/image\/"},"sameAs":["https:\/\/www.facebook.com\/MennoniteWorldConference","https:\/\/www.linkedin.com\/company\/mennonite-world-conference-mwc\/","https:\/\/www.instagram.com\/mwcmm\/","https:\/\/www.youtube.com\/user\/mwccmm","https:\/\/bsky.app\/profile\/mwcmm.bsky.social"]},{"@type":"Person","@id":"https:\/\/mwc-cmm.org\/en\/#\/schema\/person\/00b62ed8ea1527254a44f3ace3aee79d","name":"Stephanie Setiawan","image":{"@type":"ImageObject","inLanguage":"es","@id":"https:\/\/secure.gravatar.com\/avatar\/71b4b62cf3d0cfb4c8a367a101127ba8adfa1c22417900980ea24f5f4457a76d?s=96&d=mm&r=g","url":"https:\/\/secure.gravatar.com\/avatar\/71b4b62cf3d0cfb4c8a367a101127ba8adfa1c22417900980ea24f5f4457a76d?s=96&d=mm&r=g","contentUrl":"https:\/\/secure.gravatar.com\/avatar\/71b4b62cf3d0cfb4c8a367a101127ba8adfa1c22417900980ea24f5f4457a76d?s=96&d=mm&r=g","caption":"Stephanie Setiawan"},"url":"https:\/\/mwc-cmm.org\/es\/stories\/author\/stephanie\/"}]}},"_links":{"self":[{"href":"https:\/\/mwc-cmm.org\/es\/wp-json\/wp\/v2\/posts\/125398","targetHints":{"allow":["GET"]}}],"collection":[{"href":"https:\/\/mwc-cmm.org\/es\/wp-json\/wp\/v2\/posts"}],"about":[{"href":"https:\/\/mwc-cmm.org\/es\/wp-json\/wp\/v2\/types\/post"}],"author":[{"embeddable":true,"href":"https:\/\/mwc-cmm.org\/es\/wp-json\/wp\/v2\/users\/8"}],"replies":[{"embeddable":true,"href":"https:\/\/mwc-cmm.org\/es\/wp-json\/wp\/v2\/comments?post=125398"}],"version-history":[{"count":0,"href":"https:\/\/mwc-cmm.org\/es\/wp-json\/wp\/v2\/posts\/125398\/revisions"}],"wp:featuredmedia":[{"embeddable":true,"href":"https:\/\/mwc-cmm.org\/es\/wp-json\/wp\/v2\/media\/125394"}],"wp:attachment":[{"href":"https:\/\/mwc-cmm.org\/es\/wp-json\/wp\/v2\/media?parent=125398"}],"wp:term":[{"taxonomy":"category","embeddable":true,"href":"https:\/\/mwc-cmm.org\/es\/wp-json\/wp\/v2\/categories?post=125398"},{"taxonomy":"post_tag","embeddable":true,"href":"https:\/\/mwc-cmm.org\/es\/wp-json\/wp\/v2\/tags?post=125398"},{"taxonomy":"network","embeddable":true,"href":"https:\/\/mwc-cmm.org\/es\/wp-json\/wp\/v2\/network?post=125398"},{"taxonomy":"eventcategory","embeddable":true,"href":"https:\/\/mwc-cmm.org\/es\/wp-json\/wp\/v2\/eventcategory?post=125398"}],"curies":[{"name":"wp","href":"https:\/\/api.w.org\/{rel}","templated":true}]}}