{"id":124839,"date":"2026-03-11T06:00:28","date_gmt":"2026-03-11T06:00:28","guid":{"rendered":"https:\/\/mwc-cmm.org\/?p=124839"},"modified":"2026-03-18T10:58:59","modified_gmt":"2026-03-18T10:58:59","slug":"un-acto-comunitario-que-moldea-nuestra-identidad","status":"publish","type":"post","link":"https:\/\/mwc-cmm.org\/es\/stories\/un-acto-comunitario-que-moldea-nuestra-identidad\/","title":{"rendered":"Un acto comunitario que moldea nuestra identidad"},"content":{"rendered":"\n<h2 class=\"wp-block-heading is-style-purple-eyebrow\">Perspectivas \u2014 Paraguay<\/h2>\n\n\n\n<p>Cada semana, en las capillas del Campus IBA, dedicamos un tiempo para alabar a nuestro Dios a trav\u00e9s de la m\u00fasica. Siendo un instituto b\u00edblico donde convergen distintas tradiciones teol\u00f3gicas y trasfondos culturales, podr\u00eda pensarse que las diferencias tendr\u00edan m\u00e1s peso que lo que compartimos. Sin embargo, las canciones tienen un rol importante en fortalecer nuestra uni\u00f3n como pueblo de Dios.&nbsp;<\/p>\n\n\n\n<h3 class=\"wp-block-heading\">La comunidad y la unidad&nbsp;<\/h3>\n\n\n\n<p>En nuestras capillas entonamos variedades de estilos: himnos cl\u00e1sicos, canciones contempor\u00e1neas de trasfondo latinoamericano y anglosaj\u00f3n. La variedad proviene de la diversidad de nuestro estudiantado, que participa activamente en los momentos musicales.&nbsp;<\/p>\n\n\n\n<p>Sin embargo, como instituto anabautista, valoramos profundamente la comunidad y la unidad del cuerpo de Cristo. En ese sentido, el canto congregacional no es un simple \u201cmomento musical\u201d dentro del programa de capilla; es un acto comunitario que moldea nuestra identidad. Cuando cantamos no buscamos meramente acompa\u00f1ar una banda, sino ser una voz de adoraci\u00f3n para nuestro Se\u00f1or.&nbsp;<\/p>\n\n\n\n<p>Es interesante c\u00f3mo la m\u00fasica tiene la capacidad \u00fanica de atravesar barreras que a veces la teolog\u00eda, en sus debates y formulaciones, no logra cruzar con la misma facilidad. Esto no significa que la teolog\u00eda no sea importante \u2014al contrario, es vital para la salud de la iglesia\u2014, pero s\u00ed reconocemos que dentro del mundo evang\u00e9lico existen diferentes interpretaciones sobre temas secundarios. En el aula podemos dialogar, debatir y profundizar diferentes temas que resaltan nuestros desacuerdos. Pero en la capilla, al cantar verdades centrales de nuestra fe, nos encontramos en un terreno com\u00fan donde lo esencial resuena m\u00e1s fuerte que lo secundario.&nbsp;<\/p>\n\n\n\n<p>He visto repetidas veces c\u00f3mo estudiantes que provienen de iglesias con distintos estilos y tradiciones, levantan juntos sus voces con profunda convicci\u00f3n. Tal vez no todos formular\u00edan de la misma manera ciertos puntos doctrinales,&nbsp;pero s\u00ed podr\u00e1n declarar al un\u00edsono:&nbsp;<em>Cristo es<\/em>&nbsp;<em>Se\u00f1or<\/em>&nbsp;o&nbsp;<em>Somos el pueblo de Dios<\/em>. En ese momento, la m\u00fasica se convierte en un espacio donde se resaltan nuestros acuerdos, no en temas secundarios, sino en puntos centrales de nuestra fe.&nbsp;<\/p>\n\n\n\n<h3 class=\"wp-block-heading\">Se\u00f1or de un pueblo&nbsp;<\/h3>\n\n\n\n<p>Un aspecto clave de esta experiencia ha sido el enfoque intencional en el tipo de canciones que elegimos. Procuramos incluir cantos que exalten a Jes\u00fas no solo como Salvador individual, sino como Se\u00f1or de un pueblo. Las letras que hablan de \u201cnosotros\u201d, de la iglesia como cuerpo, de caminar juntos en la luz, nos ayudan a formar una espiritualidad menos centrada en lo privado y m\u00e1s arraigada en la comunidad. Esto es profundamente coherente con nuestra herencia anabautista, que entiende la fe como un seguimiento visible de Cristo en comunidad.&nbsp;<\/p>\n\n\n\n<p>Asimismo, las canciones de entrega y consagraci\u00f3n a Jes\u00fas cumplen un papel unificador. Cuando toda la congregaci\u00f3n canta palabras de rendici\u00f3n, \u2014<em>Toma mi vida<\/em>,&nbsp;<em>Yo me rindo a ti<\/em>,&nbsp;<em>Quiero serte fiel<\/em>\u2014 se produce un momento de alineaci\u00f3n espiritual. No estamos afirmando preferencias personales ni defendiendo posturas, sino poni\u00e9ndonos juntos bajo el se\u00f1or\u00edo de Cristo. Esa postura compartida de humildad delante de \u00c9l nos alinea hacia la verdad central de que Jes\u00fas es el Se\u00f1or y todos somos disc\u00edpulos en proceso.&nbsp;<\/p>\n\n\n\n<p>He notado tambi\u00e9n que la m\u00fasica crea memorias espirituales colectivas. A\u00f1os despu\u00e9s, exalumnos regresan al campus y se emocionan al escuchar una canci\u00f3n que cant\u00e1bamos en capilla. No solo recuerdan una melod\u00eda, sino un tiempo de formaci\u00f3n, amistades profundas y encuentros con Dios en comunidad.\u202f&nbsp;<\/p>\n\n\n\n<p>Con todo esto no quiero decir que la m\u00fasica no pueda ser causa de divisi\u00f3n, y muchas veces lo es. Pero desde lo que vivimos cada semana en el Campus IBA, la m\u00fasica entonada como pueblo y consagrada para el Se\u00f1or tiene el poder para unirnos, y quien sabe, tambi\u00e9n tiene el poder para formular teolog\u00eda con el coraz\u00f3n correcto.&nbsp;<\/p>\n\n\n\n<div class=\"wp-block-media-text is-stacked-on-mobile\" style=\"grid-template-columns:20% auto\"><figure class=\"wp-block-media-text__media\"><img decoding=\"async\" width=\"187\" height=\"267\" data-src=\"https:\/\/mwc-cmm.org\/wp-content\/uploads\/2026\/03\/CCC41.1-Fernando-Miranda-copy.jpg\" alt=\"\" class=\"wp-image-125320 size-full lazyload\" src=\"data:image\/svg+xml;base64,PHN2ZyB3aWR0aD0iMSIgaGVpZ2h0PSIxIiB4bWxucz0iaHR0cDovL3d3dy53My5vcmcvMjAwMC9zdmciPjwvc3ZnPg==\" style=\"--smush-placeholder-width: 187px; --smush-placeholder-aspect-ratio: 187\/267;\" \/><\/figure><div class=\"wp-block-media-text__content\">\n<p class=\"has-small-font-size\"><em>Fernando Miranda, es actualmente profesor del Instituto B\u00edblico Campus IBA, ubicado en Mariano Roque Alonso, Paraguay. Est\u00e1 casado con Miriam\u00a0Sawatzky\u00a0y son padres de dos hijos, Andrea y Sebasti\u00e1n. Adem\u00e1s de su labor acad\u00e9mica, coordina y dirige los tiempos de alabanza en el Campus, especialmente en el \u00e1rea musical.<\/em>\u00a0<\/p>\n<\/div><\/div>\n\n\n\n<hr class=\"wp-block-separator has-alpha-channel-opacity\"\/>\n\n\n<div class=\"taxonomy-post_tag has-link-color wp-elements-4795dccc25dd561b10d5c166c095ced0 wp-block-post-terms has-text-color has-gray-color has-small-font-size\"><a href=\"https:\/\/mwc-cmm.org\/es\/stories\/tag\/comunitario\/\" rel=\"tag\">comunitario<\/a><span class=\"wp-block-post-terms__separator\">, <\/span><a href=\"https:\/\/mwc-cmm.org\/es\/stories\/tag\/unity-es\/\" rel=\"tag\">unity<\/a><\/div>\n\n\n<div class=\"wp-block-buttons is-layout-flex wp-block-buttons-is-layout-flex\">\n<div class=\"wp-block-button\"><a class=\"wp-block-button__link has-magenta-background-color has-background has-text-align-left wp-element-button\" href=\"https:\/\/mwc-cmm.org\/es\/resources\/correo-2026-41-1\/\">Este art\u00edculo apareci\u00f3 por primera vez e<br>Courier \/ Correo \/ Courrier, volumen 41, n\u00famero 1<\/a><\/div>\n<\/div>\n","protected":false},"excerpt":{"rendered":"<p>Perspectivas \u2014 Paraguay Cada semana, en las capillas del Campus IBA, dedicamos un tiempo para alabar a nuestro Dios a trav\u00e9s de la m\u00fasica. Siendo un instituto b\u00edblico donde convergen distintas tradiciones teol\u00f3gicas y trasfondos culturales, podr\u00eda pensarse que las diferencias tendr\u00edan m\u00e1s peso que lo que compartimos. Sin embargo, las canciones tienen un rol [&hellip;]<\/p>\n","protected":false},"author":8,"featured_media":124834,"comment_status":"closed","ping_status":"closed","sticky":false,"template":"","format":"standard","meta":{"_acf_changed":false,"footnotes":""},"categories":[1184],"tags":[1696,418],"network":[],"eventcategory":[],"class_list":["post-124839","post","type-post","status-publish","format-standard","has-post-thumbnail","hentry","category-courier-sp","tag-comunitario","tag-unity-es"],"acf":[],"yoast_head":"<!-- This site is optimized with the Yoast SEO plugin v27.2 - https:\/\/yoast.com\/product\/yoast-seo-wordpress\/ -->\n<title>Un acto comunitario que moldea nuestra identidad - Mennonite World Conference<\/title>\n<meta name=\"robots\" content=\"index, follow, max-snippet:-1, max-image-preview:large, max-video-preview:-1\" \/>\n<link rel=\"canonical\" href=\"https:\/\/mwc-cmm.org\/es\/stories\/un-acto-comunitario-que-moldea-nuestra-identidad\/\" \/>\n<meta property=\"og:locale\" content=\"es_ES\" \/>\n<meta property=\"og:type\" content=\"article\" \/>\n<meta property=\"og:title\" content=\"Un acto comunitario que moldea nuestra identidad - Mennonite World Conference\" \/>\n<meta property=\"og:description\" content=\"Perspectivas \u2014 Paraguay Cada semana, en las capillas del Campus IBA, dedicamos un tiempo para alabar a nuestro Dios a trav\u00e9s de la m\u00fasica. Siendo un instituto b\u00edblico donde convergen distintas tradiciones teol\u00f3gicas y trasfondos culturales, podr\u00eda pensarse que las diferencias tendr\u00edan m\u00e1s peso que lo que compartimos. Sin embargo, las canciones tienen un rol [&hellip;]\" \/>\n<meta property=\"og:url\" content=\"https:\/\/mwc-cmm.org\/es\/stories\/un-acto-comunitario-que-moldea-nuestra-identidad\/\" \/>\n<meta property=\"og:site_name\" content=\"Mennonite World Conference\" \/>\n<meta property=\"article:publisher\" content=\"https:\/\/www.facebook.com\/MennoniteWorldConference\" \/>\n<meta property=\"article:published_time\" content=\"2026-03-11T06:00:28+00:00\" \/>\n<meta property=\"article:modified_time\" content=\"2026-03-18T10:58:59+00:00\" \/>\n<meta property=\"og:image\" content=\"https:\/\/mwc-cmm.org\/wp-content\/uploads\/2026\/03\/IBA-chapel-2.jpg\" \/>\n\t<meta property=\"og:image:width\" content=\"1500\" \/>\n\t<meta property=\"og:image:height\" content=\"1000\" \/>\n\t<meta property=\"og:image:type\" content=\"image\/jpeg\" \/>\n<meta name=\"author\" content=\"Stephanie Setiawan\" \/>\n<script type=\"application\/ld+json\" class=\"yoast-schema-graph\">{\"@context\":\"https:\/\/schema.org\",\"@graph\":[{\"@type\":\"Article\",\"@id\":\"https:\/\/mwc-cmm.org\/es\/stories\/un-acto-comunitario-que-moldea-nuestra-identidad\/#article\",\"isPartOf\":{\"@id\":\"https:\/\/mwc-cmm.org\/es\/stories\/un-acto-comunitario-que-moldea-nuestra-identidad\/\"},\"author\":{\"name\":\"Stephanie Setiawan\",\"@id\":\"https:\/\/mwc-cmm.org\/en\/#\/schema\/person\/00b62ed8ea1527254a44f3ace3aee79d\"},\"headline\":\"Un acto comunitario que moldea nuestra identidad\",\"datePublished\":\"2026-03-11T06:00:28+00:00\",\"dateModified\":\"2026-03-18T10:58:59+00:00\",\"mainEntityOfPage\":{\"@id\":\"https:\/\/mwc-cmm.org\/es\/stories\/un-acto-comunitario-que-moldea-nuestra-identidad\/\"},\"wordCount\":752,\"publisher\":{\"@id\":\"https:\/\/mwc-cmm.org\/en\/#organization\"},\"image\":{\"@id\":\"https:\/\/mwc-cmm.org\/es\/stories\/un-acto-comunitario-que-moldea-nuestra-identidad\/#primaryimage\"},\"thumbnailUrl\":\"https:\/\/mwc-cmm.org\/wp-content\/uploads\/2026\/03\/IBA-chapel-2.jpg\",\"keywords\":[\"comunitario\",\"unity\"],\"articleSection\":[\"Correo\"],\"inLanguage\":\"es\"},{\"@type\":\"WebPage\",\"@id\":\"https:\/\/mwc-cmm.org\/es\/stories\/un-acto-comunitario-que-moldea-nuestra-identidad\/\",\"url\":\"https:\/\/mwc-cmm.org\/es\/stories\/un-acto-comunitario-que-moldea-nuestra-identidad\/\",\"name\":\"Un acto comunitario que moldea nuestra identidad - Mennonite World Conference\",\"isPartOf\":{\"@id\":\"https:\/\/mwc-cmm.org\/en\/#website\"},\"primaryImageOfPage\":{\"@id\":\"https:\/\/mwc-cmm.org\/es\/stories\/un-acto-comunitario-que-moldea-nuestra-identidad\/#primaryimage\"},\"image\":{\"@id\":\"https:\/\/mwc-cmm.org\/es\/stories\/un-acto-comunitario-que-moldea-nuestra-identidad\/#primaryimage\"},\"thumbnailUrl\":\"https:\/\/mwc-cmm.org\/wp-content\/uploads\/2026\/03\/IBA-chapel-2.jpg\",\"datePublished\":\"2026-03-11T06:00:28+00:00\",\"dateModified\":\"2026-03-18T10:58:59+00:00\",\"breadcrumb\":{\"@id\":\"https:\/\/mwc-cmm.org\/es\/stories\/un-acto-comunitario-que-moldea-nuestra-identidad\/#breadcrumb\"},\"inLanguage\":\"es\",\"potentialAction\":[{\"@type\":\"ReadAction\",\"target\":[\"https:\/\/mwc-cmm.org\/es\/stories\/un-acto-comunitario-que-moldea-nuestra-identidad\/\"]}]},{\"@type\":\"ImageObject\",\"inLanguage\":\"es\",\"@id\":\"https:\/\/mwc-cmm.org\/es\/stories\/un-acto-comunitario-que-moldea-nuestra-identidad\/#primaryimage\",\"url\":\"https:\/\/mwc-cmm.org\/wp-content\/uploads\/2026\/03\/IBA-chapel-2.jpg\",\"contentUrl\":\"https:\/\/mwc-cmm.org\/wp-content\/uploads\/2026\/03\/IBA-chapel-2.jpg\",\"width\":1500,\"height\":1000,\"caption\":\"singing and playing music on stage\"},{\"@type\":\"BreadcrumbList\",\"@id\":\"https:\/\/mwc-cmm.org\/es\/stories\/un-acto-comunitario-que-moldea-nuestra-identidad\/#breadcrumb\",\"itemListElement\":[{\"@type\":\"ListItem\",\"position\":1,\"name\":\"Home\",\"item\":\"https:\/\/mwc-cmm.org\/es\/\"},{\"@type\":\"ListItem\",\"position\":2,\"name\":\"Un acto comunitario que moldea nuestra identidad\"}]},{\"@type\":\"WebSite\",\"@id\":\"https:\/\/mwc-cmm.org\/en\/#website\",\"url\":\"https:\/\/mwc-cmm.org\/en\/\",\"name\":\"Mennonite World Conference\",\"description\":\"A communion of Anabaptist-related churches\",\"publisher\":{\"@id\":\"https:\/\/mwc-cmm.org\/en\/#organization\"},\"alternateName\":\"MWC\",\"potentialAction\":[{\"@type\":\"SearchAction\",\"target\":{\"@type\":\"EntryPoint\",\"urlTemplate\":\"https:\/\/mwc-cmm.org\/en\/?s={search_term_string}\"},\"query-input\":{\"@type\":\"PropertyValueSpecification\",\"valueRequired\":true,\"valueName\":\"search_term_string\"}}],\"inLanguage\":\"es\"},{\"@type\":\"Organization\",\"@id\":\"https:\/\/mwc-cmm.org\/en\/#organization\",\"name\":\"Mennonite World Conference\",\"alternateName\":\"MWC\",\"url\":\"https:\/\/mwc-cmm.org\/en\/\",\"logo\":{\"@type\":\"ImageObject\",\"inLanguage\":\"es\",\"@id\":\"https:\/\/mwc-cmm.org\/en\/#\/schema\/logo\/image\/\",\"url\":\"https:\/\/mwc-cmm.org\/wp-content\/uploads\/2026\/01\/MWC_Sig_Blue_Horiz_webheader1-logo.svg\",\"contentUrl\":\"https:\/\/mwc-cmm.org\/wp-content\/uploads\/2026\/01\/MWC_Sig_Blue_Horiz_webheader1-logo.svg\",\"width\":786,\"height\":82,\"caption\":\"Mennonite World Conference\"},\"image\":{\"@id\":\"https:\/\/mwc-cmm.org\/en\/#\/schema\/logo\/image\/\"},\"sameAs\":[\"https:\/\/www.facebook.com\/MennoniteWorldConference\",\"https:\/\/www.linkedin.com\/company\/mennonite-world-conference-mwc\/\",\"https:\/\/www.instagram.com\/mwcmm\/\",\"https:\/\/www.youtube.com\/user\/mwccmm\",\"https:\/\/bsky.app\/profile\/mwcmm.bsky.social\"]},{\"@type\":\"Person\",\"@id\":\"https:\/\/mwc-cmm.org\/en\/#\/schema\/person\/00b62ed8ea1527254a44f3ace3aee79d\",\"name\":\"Stephanie Setiawan\",\"image\":{\"@type\":\"ImageObject\",\"inLanguage\":\"es\",\"@id\":\"https:\/\/secure.gravatar.com\/avatar\/71b4b62cf3d0cfb4c8a367a101127ba8adfa1c22417900980ea24f5f4457a76d?s=96&d=mm&r=g\",\"url\":\"https:\/\/secure.gravatar.com\/avatar\/71b4b62cf3d0cfb4c8a367a101127ba8adfa1c22417900980ea24f5f4457a76d?s=96&d=mm&r=g\",\"contentUrl\":\"https:\/\/secure.gravatar.com\/avatar\/71b4b62cf3d0cfb4c8a367a101127ba8adfa1c22417900980ea24f5f4457a76d?s=96&d=mm&r=g\",\"caption\":\"Stephanie Setiawan\"},\"url\":\"https:\/\/mwc-cmm.org\/es\/stories\/author\/stephanie\/\"}]}<\/script>\n<!-- \/ Yoast SEO plugin. -->","yoast_head_json":{"title":"Un acto comunitario que moldea nuestra identidad - Mennonite World Conference","robots":{"index":"index","follow":"follow","max-snippet":"max-snippet:-1","max-image-preview":"max-image-preview:large","max-video-preview":"max-video-preview:-1"},"canonical":"https:\/\/mwc-cmm.org\/es\/stories\/un-acto-comunitario-que-moldea-nuestra-identidad\/","og_locale":"es_ES","og_type":"article","og_title":"Un acto comunitario que moldea nuestra identidad - Mennonite World Conference","og_description":"Perspectivas \u2014 Paraguay Cada semana, en las capillas del Campus IBA, dedicamos un tiempo para alabar a nuestro Dios a trav\u00e9s de la m\u00fasica. Siendo un instituto b\u00edblico donde convergen distintas tradiciones teol\u00f3gicas y trasfondos culturales, podr\u00eda pensarse que las diferencias tendr\u00edan m\u00e1s peso que lo que compartimos. Sin embargo, las canciones tienen un rol [&hellip;]","og_url":"https:\/\/mwc-cmm.org\/es\/stories\/un-acto-comunitario-que-moldea-nuestra-identidad\/","og_site_name":"Mennonite World Conference","article_publisher":"https:\/\/www.facebook.com\/MennoniteWorldConference","article_published_time":"2026-03-11T06:00:28+00:00","article_modified_time":"2026-03-18T10:58:59+00:00","og_image":[{"width":1500,"height":1000,"url":"https:\/\/mwc-cmm.org\/wp-content\/uploads\/2026\/03\/IBA-chapel-2.jpg","type":"image\/jpeg"}],"author":"Stephanie Setiawan","schema":{"@context":"https:\/\/schema.org","@graph":[{"@type":"Article","@id":"https:\/\/mwc-cmm.org\/es\/stories\/un-acto-comunitario-que-moldea-nuestra-identidad\/#article","isPartOf":{"@id":"https:\/\/mwc-cmm.org\/es\/stories\/un-acto-comunitario-que-moldea-nuestra-identidad\/"},"author":{"name":"Stephanie Setiawan","@id":"https:\/\/mwc-cmm.org\/en\/#\/schema\/person\/00b62ed8ea1527254a44f3ace3aee79d"},"headline":"Un acto comunitario que moldea nuestra identidad","datePublished":"2026-03-11T06:00:28+00:00","dateModified":"2026-03-18T10:58:59+00:00","mainEntityOfPage":{"@id":"https:\/\/mwc-cmm.org\/es\/stories\/un-acto-comunitario-que-moldea-nuestra-identidad\/"},"wordCount":752,"publisher":{"@id":"https:\/\/mwc-cmm.org\/en\/#organization"},"image":{"@id":"https:\/\/mwc-cmm.org\/es\/stories\/un-acto-comunitario-que-moldea-nuestra-identidad\/#primaryimage"},"thumbnailUrl":"https:\/\/mwc-cmm.org\/wp-content\/uploads\/2026\/03\/IBA-chapel-2.jpg","keywords":["comunitario","unity"],"articleSection":["Correo"],"inLanguage":"es"},{"@type":"WebPage","@id":"https:\/\/mwc-cmm.org\/es\/stories\/un-acto-comunitario-que-moldea-nuestra-identidad\/","url":"https:\/\/mwc-cmm.org\/es\/stories\/un-acto-comunitario-que-moldea-nuestra-identidad\/","name":"Un acto comunitario que moldea nuestra identidad - Mennonite World Conference","isPartOf":{"@id":"https:\/\/mwc-cmm.org\/en\/#website"},"primaryImageOfPage":{"@id":"https:\/\/mwc-cmm.org\/es\/stories\/un-acto-comunitario-que-moldea-nuestra-identidad\/#primaryimage"},"image":{"@id":"https:\/\/mwc-cmm.org\/es\/stories\/un-acto-comunitario-que-moldea-nuestra-identidad\/#primaryimage"},"thumbnailUrl":"https:\/\/mwc-cmm.org\/wp-content\/uploads\/2026\/03\/IBA-chapel-2.jpg","datePublished":"2026-03-11T06:00:28+00:00","dateModified":"2026-03-18T10:58:59+00:00","breadcrumb":{"@id":"https:\/\/mwc-cmm.org\/es\/stories\/un-acto-comunitario-que-moldea-nuestra-identidad\/#breadcrumb"},"inLanguage":"es","potentialAction":[{"@type":"ReadAction","target":["https:\/\/mwc-cmm.org\/es\/stories\/un-acto-comunitario-que-moldea-nuestra-identidad\/"]}]},{"@type":"ImageObject","inLanguage":"es","@id":"https:\/\/mwc-cmm.org\/es\/stories\/un-acto-comunitario-que-moldea-nuestra-identidad\/#primaryimage","url":"https:\/\/mwc-cmm.org\/wp-content\/uploads\/2026\/03\/IBA-chapel-2.jpg","contentUrl":"https:\/\/mwc-cmm.org\/wp-content\/uploads\/2026\/03\/IBA-chapel-2.jpg","width":1500,"height":1000,"caption":"singing and playing music on stage"},{"@type":"BreadcrumbList","@id":"https:\/\/mwc-cmm.org\/es\/stories\/un-acto-comunitario-que-moldea-nuestra-identidad\/#breadcrumb","itemListElement":[{"@type":"ListItem","position":1,"name":"Home","item":"https:\/\/mwc-cmm.org\/es\/"},{"@type":"ListItem","position":2,"name":"Un acto comunitario que moldea nuestra identidad"}]},{"@type":"WebSite","@id":"https:\/\/mwc-cmm.org\/en\/#website","url":"https:\/\/mwc-cmm.org\/en\/","name":"Mennonite World Conference","description":"A communion of Anabaptist-related churches","publisher":{"@id":"https:\/\/mwc-cmm.org\/en\/#organization"},"alternateName":"MWC","potentialAction":[{"@type":"SearchAction","target":{"@type":"EntryPoint","urlTemplate":"https:\/\/mwc-cmm.org\/en\/?s={search_term_string}"},"query-input":{"@type":"PropertyValueSpecification","valueRequired":true,"valueName":"search_term_string"}}],"inLanguage":"es"},{"@type":"Organization","@id":"https:\/\/mwc-cmm.org\/en\/#organization","name":"Mennonite World Conference","alternateName":"MWC","url":"https:\/\/mwc-cmm.org\/en\/","logo":{"@type":"ImageObject","inLanguage":"es","@id":"https:\/\/mwc-cmm.org\/en\/#\/schema\/logo\/image\/","url":"https:\/\/mwc-cmm.org\/wp-content\/uploads\/2026\/01\/MWC_Sig_Blue_Horiz_webheader1-logo.svg","contentUrl":"https:\/\/mwc-cmm.org\/wp-content\/uploads\/2026\/01\/MWC_Sig_Blue_Horiz_webheader1-logo.svg","width":786,"height":82,"caption":"Mennonite World Conference"},"image":{"@id":"https:\/\/mwc-cmm.org\/en\/#\/schema\/logo\/image\/"},"sameAs":["https:\/\/www.facebook.com\/MennoniteWorldConference","https:\/\/www.linkedin.com\/company\/mennonite-world-conference-mwc\/","https:\/\/www.instagram.com\/mwcmm\/","https:\/\/www.youtube.com\/user\/mwccmm","https:\/\/bsky.app\/profile\/mwcmm.bsky.social"]},{"@type":"Person","@id":"https:\/\/mwc-cmm.org\/en\/#\/schema\/person\/00b62ed8ea1527254a44f3ace3aee79d","name":"Stephanie Setiawan","image":{"@type":"ImageObject","inLanguage":"es","@id":"https:\/\/secure.gravatar.com\/avatar\/71b4b62cf3d0cfb4c8a367a101127ba8adfa1c22417900980ea24f5f4457a76d?s=96&d=mm&r=g","url":"https:\/\/secure.gravatar.com\/avatar\/71b4b62cf3d0cfb4c8a367a101127ba8adfa1c22417900980ea24f5f4457a76d?s=96&d=mm&r=g","contentUrl":"https:\/\/secure.gravatar.com\/avatar\/71b4b62cf3d0cfb4c8a367a101127ba8adfa1c22417900980ea24f5f4457a76d?s=96&d=mm&r=g","caption":"Stephanie Setiawan"},"url":"https:\/\/mwc-cmm.org\/es\/stories\/author\/stephanie\/"}]}},"_links":{"self":[{"href":"https:\/\/mwc-cmm.org\/es\/wp-json\/wp\/v2\/posts\/124839","targetHints":{"allow":["GET"]}}],"collection":[{"href":"https:\/\/mwc-cmm.org\/es\/wp-json\/wp\/v2\/posts"}],"about":[{"href":"https:\/\/mwc-cmm.org\/es\/wp-json\/wp\/v2\/types\/post"}],"author":[{"embeddable":true,"href":"https:\/\/mwc-cmm.org\/es\/wp-json\/wp\/v2\/users\/8"}],"replies":[{"embeddable":true,"href":"https:\/\/mwc-cmm.org\/es\/wp-json\/wp\/v2\/comments?post=124839"}],"version-history":[{"count":0,"href":"https:\/\/mwc-cmm.org\/es\/wp-json\/wp\/v2\/posts\/124839\/revisions"}],"wp:featuredmedia":[{"embeddable":true,"href":"https:\/\/mwc-cmm.org\/es\/wp-json\/wp\/v2\/media\/124834"}],"wp:attachment":[{"href":"https:\/\/mwc-cmm.org\/es\/wp-json\/wp\/v2\/media?parent=124839"}],"wp:term":[{"taxonomy":"category","embeddable":true,"href":"https:\/\/mwc-cmm.org\/es\/wp-json\/wp\/v2\/categories?post=124839"},{"taxonomy":"post_tag","embeddable":true,"href":"https:\/\/mwc-cmm.org\/es\/wp-json\/wp\/v2\/tags?post=124839"},{"taxonomy":"network","embeddable":true,"href":"https:\/\/mwc-cmm.org\/es\/wp-json\/wp\/v2\/network?post=124839"},{"taxonomy":"eventcategory","embeddable":true,"href":"https:\/\/mwc-cmm.org\/es\/wp-json\/wp\/v2\/eventcategory?post=124839"}],"curies":[{"name":"wp","href":"https:\/\/api.w.org\/{rel}","templated":true}]}}