{"id":124681,"date":"2026-03-08T22:53:45","date_gmt":"2026-03-08T22:53:45","guid":{"rendered":"https:\/\/mwc-cmm.org\/?p=124681"},"modified":"2026-03-18T10:51:05","modified_gmt":"2026-03-18T10:51:05","slug":"unidad-que-se-puede-escuchar","status":"publish","type":"post","link":"https:\/\/mwc-cmm.org\/es\/stories\/unidad-que-se-puede-escuchar\/","title":{"rendered":"Unidad que se puede escuchar"},"content":{"rendered":"\n<h2 class=\"wp-block-heading is-style-green-eyebrow\">Inspiraci\u00f3n y reflexi\u00f3n<\/h2>\n\n\n\n<div class=\"wp-block-columns is-layout-flex wp-container-core-columns-is-layout-28f84493 wp-block-columns-is-layout-flex\">\n<div class=\"wp-block-column is-layout-flow wp-block-column-is-layout-flow\" style=\"flex-basis:66.66%\">\n<p>Adorar juntos, sobre todo cantar juntos, se suele mencionar como lo m\u00e1s destacado de las Asambleas del Congreso Mundial Menonita. Despu\u00e9s de todo, no hay nada como cantar en una reuni\u00f3n de miles de personas como hermanos y hermanas en Cristo. Incluso cuando no todos hablan el mismo idioma, la m\u00fasica tiende a unirlos de una manera que no lo hacen otras experiencias.&nbsp;<\/p>\n\n\n\n<p>Se anuncia la canci\u00f3n y la pantalla se llena de palabras que muchos en la sala no pronuncian con fluidez, o que no pueden pronunciar en absoluto.&nbsp;<\/p>\n\n\n\n<p>La melod\u00eda puede resultar desconocida, el ritmo ligeramente diferente de lo que el cuerpo espera.&nbsp;<\/p>\n\n\n\n<p>Un coro de todo el mundo ayuda a iniciar el sonido. Luego, gradualmente, el sonido colectivo va cobrando forma.&nbsp;<\/p>\n\n\n\n<p>Miles de voces con diferentes acentos, formas voc\u00e1licas e instintos musicales comienzan a sonar juntas.&nbsp;<\/p>\n\n\n\n<p>En las <a href=\"https:\/\/mwc-cmm.org\/es\/asamblea\/\" type=\"link\" id=\"https:\/\/mwc-cmm.org\/es\/asamblea\/\">Asambleas del Congreso Mundial Menonita<\/a>, la unidad es algo que se puede escuchar.&nbsp;<\/p>\n\n\n\n<p>El sonido nunca es completamente perfecto.&nbsp;Algunas palabras se pronuncian mal. Algunas armon\u00edas pierden precisi\u00f3n. Sin embargo, algo inconfundible sucede en estos momentos. Personas que adoran de forma diferente, tienen perspectivas diferentes y provienen de contextos bastante distintos, se comprometen a cantar la misma canci\u00f3n al mismo tiempo.&nbsp;<\/p>\n\n\n\n<p>Nadie canta solo. Nadie canta exactamente de la misma manera. Se revela una verdad m\u00e1s profunda: la unidad en una iglesia mundial no se descubre borrando las diferencias, sino aprendiendo a mantenerlas unidas mediante el sonido.&nbsp;<\/p>\n\n\n\n<p>El prop\u00f3sito de este art\u00edculo es reflexionar sobre c\u00f3mo ha funcionado la m\u00fasica a lo largo de un siglo de Asambleas del CMM, c\u00f3mo ha cambiado a medida que la comuni\u00f3n menonita se ha vuelto cada vez m\u00e1s mundial, y c\u00f3mo cantar juntos sigue creando un sentido vivencial de unidad.&nbsp;<\/p>\n\n\n\n<p>La primera reuni\u00f3n del Congreso Mundial Menonita tuvo lugar en 1925 en Basilea, Suiza, para conmemorar el&nbsp;cuatricentenario&nbsp;de la Reforma anabautista. Ya que la iglesia mundial ha conmemorado el&nbsp;quincentenario, este parece un momento oportuno para reflexionar sobre las Asambleas del siglo pasado, desde la perspectiva particular de la m\u00fasica.&nbsp;<\/p>\n\n\n\n<p>Una manera de hacer el seguimiento de lo que se ha cantado en las Asambleas del CMM es a trav\u00e9s de los cancioneros elaborados para cada reuni\u00f3n. Si bien ning\u00fan cancionero capta todo lo que se canta o escucha (y algunas de las canciones impresas nunca se usan), brindan una perspectiva concreta de c\u00f3mo la iglesia mundial se ha percibido a s\u00ed misma, su unidad y cu\u00e1les son las voces convocadas a la adoraci\u00f3n comunitaria.&nbsp;<\/p>\n\n\n\n<figure class=\"wp-block-image size-full\"><img decoding=\"async\" width=\"568\" height=\"451\" data-src=\"https:\/\/mwc-cmm.org\/wp-content\/uploads\/2026\/03\/1962MCUSAArchive14252000519_d4b29ef49b_o.jpg\" alt=\"choir at MWC assembly\" class=\"wp-image-124710 lazyload\" data-srcset=\"https:\/\/mwc-cmm.org\/wp-content\/uploads\/2026\/03\/1962MCUSAArchive14252000519_d4b29ef49b_o.jpg 568w, https:\/\/mwc-cmm.org\/wp-content\/uploads\/2026\/03\/1962MCUSAArchive14252000519_d4b29ef49b_o-300x238.jpg 300w\" data-sizes=\"(max-width: 568px) 100vw, 568px\" src=\"data:image\/svg+xml;base64,PHN2ZyB3aWR0aD0iMSIgaGVpZ2h0PSIxIiB4bWxucz0iaHR0cDovL3d3dy53My5vcmcvMjAwMC9zdmciPjwvc3ZnPg==\" style=\"--smush-placeholder-width: 568px; --smush-placeholder-aspect-ratio: 568\/451;\" \/><figcaption class=\"wp-element-caption\"><em><sup>Asamblea No. 7, 1962, Kitchener (Canad\u00e1)<\/sup><\/em><\/figcaption><\/figure>\n\n\n\n<h3 class=\"wp-block-heading\">Cantar juntos nuestra fe: por qu\u00e9 la m\u00fasica importa&nbsp;<\/h3>\n\n\n\n<p>Cantar juntos nos exige algo que pocas otras pr\u00e1cticas colectivas nos exigen. Requiere vulnerabilidad y confianza, y no puede hacerse en privado en medio de una multitud.&nbsp;<\/p>\n\n\n\n<p>Se exponen las voces, se comparte la respiraci\u00f3n, y el ritmo se negocia en tiempo real. Cantar juntos implica tanto escuchar como producir sonido.&nbsp;<\/p>\n\n\n\n<p>Para una comuni\u00f3n mundial como el Congreso Mundial Menonita, esto importa much\u00edsimo. La unidad en el CMM no ha significado una uniformidad total de creencias, pr\u00e1cticas o perspectivas. La fraternidad abarca continentes, culturas e historias determinadas por realidades sociales y pol\u00edticas muy diferentes.&nbsp;<\/p>\n\n\n\n<p>Sin embargo, una y otra vez, la iglesia se re\u00fane y elige adorar. Al hacerlo, practica una forma de unidad que no depende de la resoluci\u00f3n de todas las diferencias, sino del compromiso con convicciones compartidas, aun cuando estas convicciones se expresan de diversas maneras.&nbsp;<\/p>\n\n\n\n<p>En las Asambleas del CMM, muchas veces dicha unidad se transmite a trav\u00e9s de lo que podr\u00edamos llamar canciones del coraz\u00f3n: canciones que ciertas comunidades atesoran y que expresan sus historias de fe, sufrimiento, esperanza y gozo.&nbsp;<\/p>\n\n\n\n<p>Estas canciones no significan necesariamente lo mismo para todos los que las cantan.&nbsp;M\u00e1s bien, animan a tomar conciencia de los diferentes estilos musicales, \u00e9nfasis teol\u00f3gico, lenguajes textuales y pr\u00e1cticas de adoraci\u00f3n. Cantar las canciones del coraz\u00f3n de unos y otros, es una manera de aprender juntos qui\u00e9nes\u202fsomos.&nbsp;<\/p>\n\n\n\n<p>Esta pr\u00e1ctica conlleva riesgos. Las palabras podr\u00edan ser mal pronunciadas o malinterpretadas. Las formas musicales podr\u00edan resultar desconocidas o inquietantes. Sin embargo, es precisamente en esta vulnerabilidad que la m\u00fasica cumple su funci\u00f3n m\u00e1s importante.&nbsp;<\/p>\n\n\n\n<p>La unidad que no cuesta nada, nos exige poco. Cantar cuando existen diferencias, en cambio, capacita a la iglesia a escuchar antes de guiar, a seguir antes de determinar y a permitir que se enriquezcan los supuestos profundamente arraigados sobre la adoraci\u00f3n y la m\u00fasica.&nbsp;<\/p>\n\n\n\n<figure class=\"wp-block-image size-full\"><img decoding=\"async\" width=\"600\" height=\"460\" data-src=\"https:\/\/mwc-cmm.org\/wp-content\/uploads\/2026\/03\/1978MCUSAArchive14452758965_c84ebbbe4d_o.jpg\" alt=\"group of Africa singing\" class=\"wp-image-124724 lazyload\" data-srcset=\"https:\/\/mwc-cmm.org\/wp-content\/uploads\/2026\/03\/1978MCUSAArchive14452758965_c84ebbbe4d_o.jpg 600w, https:\/\/mwc-cmm.org\/wp-content\/uploads\/2026\/03\/1978MCUSAArchive14452758965_c84ebbbe4d_o-300x230.jpg 300w\" data-sizes=\"(max-width: 600px) 100vw, 600px\" src=\"data:image\/svg+xml;base64,PHN2ZyB3aWR0aD0iMSIgaGVpZ2h0PSIxIiB4bWxucz0iaHR0cDovL3d3dy53My5vcmcvMjAwMC9zdmciPjwvc3ZnPg==\" style=\"--smush-placeholder-width: 600px; --smush-placeholder-aspect-ratio: 600\/460;\" \/><figcaption class=\"wp-element-caption\"><em><sup>Asamblea No. 10, 1962, Wichita (EE. UU.)<\/sup><\/em><\/figcaption><\/figure>\n\n\n\n<h3 class=\"wp-block-heading\">Cancioneros y un punto de inflexi\u00f3n: 1967-1972&nbsp;<\/h3>\n\n\n\n<p>Los cancioneros no son colecciones neutrales. Cada inclusi\u00f3n y omisi\u00f3n refleja un conjunto de valores: de qui\u00e9n es la teolog\u00eda que se nombra, de qui\u00e9n es el idioma que se escucha y de qui\u00e9n son las formas musicales que se consideran cantables por una comunidad mundial.&nbsp;<\/p>\n\n\n\n<p>A medida que el Congreso Mundial Menonita se internacionaliza, sus cancioneros han adquirido una complejidad creciente.&nbsp;<\/p>\n\n\n\n<p>Las actas de la primera Asamblea del CMM en 1925 mencionan coros y cantores, pero el primer cancionero impreso espec\u00edficamente para una Asamblea data de 1936, durante la reuni\u00f3n en \u00c1msterdam y&nbsp;Elspeet, Pa\u00edses Bajos.&nbsp;Anteriormente, las congregaciones&nbsp;probablemente&nbsp;cantaban de los himnarios disponibles en los lugares de culto.&nbsp;<\/p>\n\n\n\n<p>Estos primeros cancioneros de las Asambleas conten\u00edan exclusivamente himnos europeos y norteamericanos, generalmente en ingl\u00e9s, alem\u00e1n, franc\u00e9s y\/o neerland\u00e9s.&nbsp;<\/p>\n\n\n\n<p>A medida que la representaci\u00f3n en el CMM se volvi\u00f3 m\u00e1s diversa, especialmente con la considerable expansi\u00f3n en el Sur global, este panorama musical comenz\u00f3 a sentirse cada vez m\u00e1s incongruente. Para la Asamblea de 1967 en \u00c1msterdam, con delegados de m\u00e1s de treinta pa\u00edses, los participantes se dieron cuenta con mayor claridad de que la comuni\u00f3n menonita estaba cambiando.&nbsp;<\/p>\n\n\n\n<p>La diversidad cultural, ling\u00fc\u00edstica y de color de piel ya no era algo secundario: estaba muy presente en la en la reuni\u00f3n.&nbsp;<\/p>\n\n\n\n<p>Este momento marc\u00f3 un punto de inflexi\u00f3n.&nbsp;<\/p>\n\n\n\n<p>La siguiente Asamblea, realizada en 1972, en Curitiba, Brasil, fue la primera Asamblea del CMM en el hemisferio sur. El historiador Cornelius Dyck expres\u00f3 el desaf\u00edo que enfrentaba la iglesia a trav\u00e9s de una pregunta profunda: \u201c\u00bfQu\u00e9 clase de unidad es posible y deseable en una hermandad mundial en que cada congregaci\u00f3n es responsable, en \u00faltima instancia, solo ante s\u00ed misma?\u201d&nbsp;<\/p>\n\n\n\n<p>La Asamblea en Brasil se llev\u00f3 a cabo en medio de grandes desaf\u00edos, tales como la represi\u00f3n pol\u00edtica bajo el r\u00e9gimen militar, dificultades con la traducci\u00f3n y barreras ling\u00fc\u00edsticas.&nbsp;<\/p>\n\n\n\n<p>No obstante, las actas hablan positivamente en especial de la m\u00fasica. El canto comunitario fue recibido con un aplauso entusiasta y, por primera vez, se presentaron grupos de Am\u00e9rica del Sur. Solo un tercio de los participantes proven\u00eda de Europa y Am\u00e9rica del Norte. Un grupo de trabajo sobre la m\u00fasica reconoci\u00f3 la necesidad de contar con canciones de diversos per\u00edodos, g\u00e9neros y culturas a fin de reflejar mejor la iglesia mundial.&nbsp;<\/p>\n\n\n\n<p>Tambi\u00e9n se produjeron cambios organizativos. Las reuniones del Concilio General comenzaron a realizarse en el Sur global, los congresos regionales empezaron a reunirse y las redes de misiones se extendieron a m\u00e1s de cincuenta pa\u00edses, donde las iglesias a menudo crec\u00edan m\u00e1s r\u00e1pidamente que las del\u202fNorte.&nbsp;<\/p>\n\n\n\n<p>El Congreso Mundial Menonita puntualiz\u00f3 que su prop\u00f3sito era servir de medio para fraternizar y testificar\u201d, enfatizando la comunicaci\u00f3n, el aliento mutuo y la responsabilidad compartida. Posteriormente, tambi\u00e9n estableci\u00f3 la funci\u00f3n remunerada del secretario general, y el CMM pas\u00f3 de ser dirigido por historiadores a personas con experiencia en el liderazgo de la\u202fmisi\u00f3n.&nbsp;<\/p>\n\n\n\n<figure class=\"wp-block-image size-large\"><img decoding=\"async\" width=\"1024\" height=\"768\" data-src=\"https:\/\/mwc-cmm.org\/wp-content\/uploads\/2026\/03\/81LO.choir_-1024x768.jpg\" alt=\"choir group from Africa at MWC assembly\" class=\"wp-image-124696 lazyload\" data-srcset=\"https:\/\/mwc-cmm.org\/wp-content\/uploads\/2026\/03\/81LO.choir_-1024x768.jpg 1024w, https:\/\/mwc-cmm.org\/wp-content\/uploads\/2026\/03\/81LO.choir_-300x225.jpg 300w, https:\/\/mwc-cmm.org\/wp-content\/uploads\/2026\/03\/81LO.choir_-768x576.jpg 768w, https:\/\/mwc-cmm.org\/wp-content\/uploads\/2026\/03\/81LO.choir_.jpg 1280w\" data-sizes=\"(max-width: 1024px) 100vw, 1024px\" src=\"data:image\/svg+xml;base64,PHN2ZyB3aWR0aD0iMSIgaGVpZ2h0PSIxIiB4bWxucz0iaHR0cDovL3d3dy53My5vcmcvMjAwMC9zdmciPjwvc3ZnPg==\" style=\"--smush-placeholder-width: 1024px; --smush-placeholder-aspect-ratio: 1024\/768;\" \/><figcaption class=\"wp-element-caption\"><em><sup>Asamblea No. 14, 2003, Bulawayo (Zimbabue)<\/sup><\/em><\/figcaption><\/figure>\n\n\n\n<h3 class=\"wp-block-heading\">Lo que aprendemos cuando cantamos juntos&nbsp;<\/h3>\n\n\n\n<p>A partir de la d\u00e9cada de 1970, las Asambleas del CMM siguieron creciendo en n\u00famero de asistentes y en diversidad. Se desarrollaron cancioneros internacionales con una representaci\u00f3n mundial intencionada, comenzando con la Asamblea de 1978, en Wichita, Kansas (EE.\u202fUU.).&nbsp;<\/p>\n\n\n\n<p>Figuraban m\u00e1s idiomas en las p\u00e1ginas y en los cultos, a veces con el apoyo de la traducci\u00f3n simult\u00e1nea. A partir de esta colecci\u00f3n, se priorizaron las canciones del coraz\u00f3n de cada continente. Las mujeres desempe\u00f1aron roles de liderazgo cada vez m\u00e1s visibles en la m\u00fasica, incluyendo figuras como Mary&nbsp;Oyer&nbsp;como directora de canto. El presidente tambi\u00e9n fue, por primera vez, una persona proveniente de fuera de EE.\u202fUU. y Alemania (Etiop\u00eda).&nbsp;<\/p>\n\n\n\n<p>Para la Asamblea de 1984 en Estrasburgo, la Asamblea moderna del CMM ya hab\u00eda comenzado a cobrar forma: un comit\u00e9 program\u00e1tico; un subcomit\u00e9 de m\u00fasica y culto; una estructura tem\u00e1tica con ritmos diarios; y la presencia de la m\u00fasica durante toda la reuni\u00f3n. Se presentaron m\u00fasicos de todo el mundo, demostrando que la unidad requiere intenci\u00f3n y pr\u00e1ctica.&nbsp;<\/p>\n\n\n\n<p>La unidad que se forja a trav\u00e9s del canto en las Asambleas del CMM no es permanente. Cuando desaparece el canto final, los participantes regresan a sus contextos de origen, llev\u00e1ndose diferentes preguntas, convicciones y desaf\u00edos. Sin embargo, algo perdura: el recuerdo de haber cantado juntos redefine c\u00f3mo se abordan las diferencias despu\u00e9s.&nbsp;<\/p>\n\n\n\n<figure class=\"wp-block-image size-large\"><img decoding=\"async\" width=\"1024\" height=\"683\" data-src=\"https:\/\/mwc-cmm.org\/wp-content\/uploads\/2026\/03\/20220710TizBrotosudarmoIMG_5626-1024x683.jpg\" alt=\"diversity group of people singing\" class=\"wp-image-124738 lazyload\" data-srcset=\"https:\/\/mwc-cmm.org\/wp-content\/uploads\/2026\/03\/20220710TizBrotosudarmoIMG_5626-1024x683.jpg 1024w, https:\/\/mwc-cmm.org\/wp-content\/uploads\/2026\/03\/20220710TizBrotosudarmoIMG_5626-300x200.jpg 300w, https:\/\/mwc-cmm.org\/wp-content\/uploads\/2026\/03\/20220710TizBrotosudarmoIMG_5626-768x512.jpg 768w, https:\/\/mwc-cmm.org\/wp-content\/uploads\/2026\/03\/20220710TizBrotosudarmoIMG_5626-1536x1024.jpg 1536w, https:\/\/mwc-cmm.org\/wp-content\/uploads\/2026\/03\/20220710TizBrotosudarmoIMG_5626-2048x1365.jpg 2048w\" data-sizes=\"(max-width: 1024px) 100vw, 1024px\" src=\"data:image\/svg+xml;base64,PHN2ZyB3aWR0aD0iMSIgaGVpZ2h0PSIxIiB4bWxucz0iaHR0cDovL3d3dy53My5vcmcvMjAwMC9zdmciPjwvc3ZnPg==\" style=\"--smush-placeholder-width: 1024px; --smush-placeholder-aspect-ratio: 1024\/683;\" \/><figcaption class=\"wp-element-caption\"><em><sup>Asamblea No. 17, 2022, Indonesia<\/sup><\/em><\/figcaption><\/figure>\n\n\n\n<p>La m\u00fasica ense\u00f1a a la iglesia mundial que la unidad no requiere la resoluci\u00f3n de todos y cada uno de los desacuerdos. Requiere presencia.&nbsp;<\/p>\n\n\n\n<p>Al cantar, la iglesia practica la convivencia en tiempo real, la escucha atenta, la adaptaci\u00f3n seg\u00fan sea necesario y el compromiso con una acci\u00f3n compartida incluso cuando sea exigente. La unidad, en este sentido, no es un ideal abstracto, sino una disciplina practicada.&nbsp;<\/p>\n\n\n\n<p>Las Asambleas del CMM funcionan como espacios de ensayo para este tipo de pertenencia. Ofrecen un vistazo de lo que es posible cuando la diversidad no se gestiona ni se minimiza, sino que se integra en un ritmo compartido.&nbsp;<\/p>\n\n\n\n<p>Cada voz importa precisamente porque es distinta. Y en el acto compartido de cantar, la iglesia mundial aprende de nuevo lo que significa pertenecer juntos.&nbsp;<\/p>\n\n\n\n<div class=\"wp-block-media-text is-stacked-on-mobile\" style=\"grid-template-columns:30% auto\"><figure class=\"wp-block-media-text__media\"><img decoding=\"async\" width=\"683\" height=\"1024\" data-src=\"https:\/\/mwc-cmm.org\/wp-content\/uploads\/2026\/03\/CCC41.1-Benjamin-Bergey-headshot-683x1024.jpg\" alt=\"\" class=\"wp-image-125304 size-full lazyload\" data-srcset=\"https:\/\/mwc-cmm.org\/wp-content\/uploads\/2026\/03\/CCC41.1-Benjamin-Bergey-headshot-683x1024.jpg 683w, https:\/\/mwc-cmm.org\/wp-content\/uploads\/2026\/03\/CCC41.1-Benjamin-Bergey-headshot-200x300.jpg 200w, https:\/\/mwc-cmm.org\/wp-content\/uploads\/2026\/03\/CCC41.1-Benjamin-Bergey-headshot-768x1152.jpg 768w, https:\/\/mwc-cmm.org\/wp-content\/uploads\/2026\/03\/CCC41.1-Benjamin-Bergey-headshot-1024x1536.jpg 1024w, https:\/\/mwc-cmm.org\/wp-content\/uploads\/2026\/03\/CCC41.1-Benjamin-Bergey-headshot-1365x2048.jpg 1365w, https:\/\/mwc-cmm.org\/wp-content\/uploads\/2026\/03\/CCC41.1-Benjamin-Bergey-headshot-scaled.jpg 1707w\" data-sizes=\"(max-width: 683px) 100vw, 683px\" src=\"data:image\/svg+xml;base64,PHN2ZyB3aWR0aD0iMSIgaGVpZ2h0PSIxIiB4bWxucz0iaHR0cDovL3d3dy53My5vcmcvMjAwMC9zdmciPjwvc3ZnPg==\" style=\"--smush-placeholder-width: 683px; --smush-placeholder-aspect-ratio: 683\/1024;\" \/><\/figure><div class=\"wp-block-media-text__content\">\n<p class=\"has-small-font-size\"><em>Benjamin\u00a0Bergey, profesor asociado de m\u00fasica en la Universidad Menonita del Este,\u00a0Harrisonburg, Virginia, EE.\u202fUU., donde dirige los coros y la orquesta, e imparte cursos de teor\u00eda y direcci\u00f3n musical. Fue coordinador musical de la Asamblea de 2022, en Indonesia y dirige a los Cantantes de C\u00e1mara de EMU, que se presentaron en la conmemoraci\u00f3n del\u00a0quincentenario\u00a0en Z\u00farich. Tambi\u00e9n fue editor musical de\u00a0Voices\u00a0Together, un himnario de la Iglesia Menonita de EE.\u202fUU. y Canad\u00e1. Es miembro de la Iglesia\u00a0<\/em>Harrisonburg\u00a0Mennonite<em>, Virginia, EE.\u202fUU.<\/em>\u00a0<\/p>\n<\/div><\/div>\n<\/div>\n\n\n\n<div class=\"wp-block-column is-layout-flow wp-block-column-is-layout-flow\" style=\"flex-basis:33.33%\">\n<figure class=\"wp-block-pullquote has-dark-blue-color has-text-color has-link-color wp-elements-a664ae0d4e80bbfca5a3ebfe9f62437d\" style=\"font-size:clamp(0.984rem, 0.984rem + ((1vw - 0.2rem) * 0.917), 1.5rem);\"><blockquote><p><strong>La unidad<\/strong><br><strong>en una iglesia<br>mundial no se descubre borrando<\/strong><br><strong>las diferencias,<br>sino aprendiendo a mantenerlas unidas mediante el sonido.<\/strong><\/p><cite>Benjamin Bergey<\/cite><\/blockquote><\/figure>\n\n\n\n<h2 class=\"wp-block-heading is-style-yellow-eyebrow\">Breve cronolog\u00eda hist\u00f3rica&nbsp;<\/h2>\n\n\n\n<p class=\"has-small-font-size\"><strong>N.\u00b01 \u2013 1925 Basilea y Z\u00farich<\/strong>&nbsp;<\/p>\n\n\n\n<ul class=\"wp-block-list\">\n<li class=\"has-small-font-size\">Prop\u00f3sito: reunirse para celebrar el&nbsp;cuatricentenario&nbsp;y publicar un libro conmemorativo.&nbsp;<\/li>\n\n\n\n<li class=\"has-small-font-size\">Se presentan&nbsp;coros de la&nbsp;regi\u00f3n&nbsp;de Basilea (Holee y&nbsp;Sch\u00e4nzli) y se mencionan muchos cantos, incluidos los himnos&nbsp;<em>Gott&nbsp;gr\u00fc\u00dfe&nbsp;Dich<\/em>,&nbsp;<em>Gro\u00dfe&nbsp;Gott<\/em>,&nbsp;<em>Die&nbsp;Sach&nbsp;ist&nbsp;Dein<\/em>&nbsp;y&nbsp;<em>Nun&nbsp;danket&nbsp;alle&nbsp;Gott<\/em>.&nbsp;<\/li>\n<\/ul>\n\n\n\n<p class=\"has-small-font-size\"><strong>N.\u00b02 \u2013 1930 Danzig<\/strong>&nbsp;<\/p>\n\n\n\n<ul class=\"wp-block-list\">\n<li class=\"has-small-font-size\">\u201cCongreso&nbsp;Menonita de Ayuda Mundial\u201d&nbsp;<\/li>\n\n\n\n<li class=\"has-small-font-size\">Prop\u00f3sito: recibir informes de varias comunidades y organizaciones menonitas sobre&nbsp;la&nbsp;labor de ayuda humanitaria, orientaci\u00f3n sobre la dif\u00edcil situaci\u00f3n de las comunidades menonitas en la Uni\u00f3n Sovi\u00e9tica e intercambiar informaci\u00f3n sobre futuras medidas&nbsp;coordinadas de ayuda&nbsp;humanitaria.&nbsp;<\/li>\n\n\n\n<li class=\"has-small-font-size\">Se&nbsp;hace&nbsp;referencia&nbsp;al&nbsp;canto&nbsp;y se&nbsp;mencionan&nbsp;himnos&nbsp;espec\u00edficos&nbsp;(<em>Wach auf, du Geist der ersten Zeugen<\/em>,&nbsp;<em>Kein&nbsp;sch\u00f6ner Land&nbsp;in dieser Zeit<\/em>,&nbsp;<em>Innsbruck, ich&nbsp;mu\u00df&nbsp;dich lassen.<\/em>&nbsp;<\/li>\n<\/ul>\n\n\n\n<p class=\"has-small-font-size\"><strong>N.\u00b03 \u2013 1936 \u00c1msterdam y&nbsp;Elspeet&nbsp;<\/strong><\/p>\n\n\n\n<ul class=\"wp-block-list\">\n<li class=\"has-small-font-size\">Prop\u00f3sito: continuar este tipo de reuniones, fortalecer los lazos&nbsp;como un solo cuerpo, celebrar&nbsp;el&nbsp;cuatricentenario&nbsp;de la conversi\u00f3n de Menno Simons en los Pa\u00edses Bajos.&nbsp;<\/li>\n\n\n\n<li class=\"has-small-font-size\">Se imprime primer cancionero, con&nbsp;los&nbsp;himnos en el orden en que se&nbsp;hab\u00eda previsto&nbsp;usarlos para cada&nbsp;culto&nbsp;(textos en alem\u00e1n y holand\u00e9s)&nbsp;<\/li>\n\n\n\n<li class=\"has-small-font-size\">Se menciona&nbsp;un canto no oficial en el barco mientras cruzaban el&nbsp;Ijsselmeer&nbsp;para ir a&nbsp;Elspeet&nbsp;durante una fuerte lluvia.&nbsp;<\/li>\n<\/ul>\n\n\n\n<p class=\"has-small-font-size\"><strong>N.\u00b04 \u2013 1948 Goshen y norte de Newton&nbsp;<\/strong><\/p>\n\n\n\n<ul class=\"wp-block-list\">\n<li class=\"has-small-font-size\">Prop\u00f3sito:&nbsp;continuar los canales&nbsp;de&nbsp;fraternidad&nbsp;mundial,&nbsp;y de&nbsp;reconocimiento&nbsp;y aprendizaje mutuos.&nbsp;<\/li>\n\n\n\n<li class=\"has-small-font-size\">Se menciona&nbsp;el excelente canto de los miembros del Congreso, coros y cuartetos (se mencionaron varios coros y conjuntos de las&nbsp;regiones&nbsp;anfitrionas).&nbsp;<\/li>\n\n\n\n<li class=\"has-small-font-size\">Los archivos de MC&nbsp;USA contienen 43&nbsp;carretes&nbsp;de cintas&nbsp;magn\u00e9ticas&nbsp;con grabaciones de audio de esta Asamblea.&nbsp;<\/li>\n<\/ul>\n\n\n\n<p class=\"has-small-font-size\"><strong>N.\u00b05 \u2013 1952 Basilea (St.&nbsp;Chrischona)<\/strong>&nbsp;<\/p>\n\n\n\n<ul class=\"wp-block-list\">\n<li class=\"has-small-font-size\">Prop\u00f3sito:&nbsp;seguir&nbsp;compartiendo&nbsp;y estar en comuni\u00f3n, y&nbsp;un \u201cmayor conocimiento mutuo de las congregaciones menonitas ampliamente distribuidas sobre la faz de la tierra\u201d.&nbsp;(JC Wenger)&nbsp;<\/li>\n\n\n\n<li class=\"has-small-font-size\">Se mencionan&nbsp;grupos corales de Francia, Suiza, Alemania y Kansas, EE.\u202fUU.&nbsp;<\/li>\n\n\n\n<li class=\"has-small-font-size\">Se imprime el segundo cancionero para esta Asamblea.&nbsp;<\/li>\n\n\n\n<li class=\"has-small-font-size\">Se menciona el canto de&nbsp;<em>La fe de nuestros padres<\/em>&nbsp;a orillas del r\u00edo&nbsp;Limmat,&nbsp;cerca de donde&nbsp;F\u00e9lix&nbsp;Manz&nbsp;fue ejecutado por ahogamiento.&nbsp;&nbsp;<\/li>\n<\/ul>\n\n\n\n<p class=\"has-small-font-size\"><strong>N.\u00b06 \u2013 1957 Karlsruhe&nbsp;<\/strong><\/p>\n\n\n\n<ul class=\"wp-block-list\">\n<li class=\"has-small-font-size\">Un&nbsp;Congreso&nbsp;m\u00e1s de la gente,&nbsp;con mayor asistencia (unas 1.300 personas&nbsp;requirieron&nbsp;alojamiento) y menos de la mitad de los participantes eran de Estados Unidos y Canad\u00e1.&nbsp;<\/li>\n\n\n\n<li class=\"has-small-font-size\">Se realizan encuestas&nbsp;para recabar opiniones&nbsp;y propuestas, se&nbsp;redactan&nbsp;y&nbsp;aprueban Estatutos por votaci\u00f3n,&nbsp;y se&nbsp;crea&nbsp;un Comit\u00e9 Ejecutivo y un Concilio&nbsp;General (Pres\u00eddium).&nbsp;<\/li>\n\n\n\n<li class=\"has-small-font-size\">Se elabora&nbsp;tercer cancionero con&nbsp;treinta&nbsp;himnos en franc\u00e9s, alem\u00e1n, ingl\u00e9s y holand\u00e9s.&nbsp;<\/li>\n<\/ul>\n\n\n\n<p class=\"has-small-font-size\"><strong>N.\u00b07 \u2013 1962 Kitchener&nbsp;<\/strong><\/p>\n\n\n\n<ul class=\"wp-block-list\">\n<li class=\"has-small-font-size\">Se menciona por primera vez un comit\u00e9 de m\u00fasica.&nbsp;<\/li>\n\n\n\n<li class=\"has-small-font-size\">Se mencionan muchos coros norteamericanos.&nbsp;<\/li>\n\n\n\n<li class=\"has-small-font-size\">Se menciona una mayor variedad de directores de&nbsp;canto&nbsp;y organistas (a menudo solo uno o dos en Asambleas anteriores).&nbsp;<\/li>\n\n\n\n<li class=\"has-small-font-size\">Cuarto cancionero con&nbsp;cuarenta&nbsp;himnos en alem\u00e1n e ingl\u00e9s.&nbsp;<\/li>\n<\/ul>\n\n\n\n<p class=\"has-small-font-size\"><strong>N.\u00b08 \u2013 1967 \u00c1msterdam&nbsp;<\/strong><\/p>\n\n\n\n<ul class=\"wp-block-list\">\n<li class=\"has-small-font-size\">La iglesia crec\u00eda en el Sur global con m\u00e1s de&nbsp;treinta&nbsp;pa\u00edses<br>representados (v\u00e9ase&nbsp;\u201cpunto de inflexi\u00f3n\u201d en el art\u00edculo anterior).&nbsp;<\/li>\n\n\n\n<li class=\"has-small-font-size\">Se mencionan&nbsp;varios grupos corales universitarios estadounidenses y europeos.&nbsp;<\/li>\n\n\n\n<li class=\"has-small-font-size\">Quinto cancionero con 38 himnos en alem\u00e1n, ingl\u00e9s, franc\u00e9s y holand\u00e9s.&nbsp;<\/li>\n\n\n\n<li class=\"has-small-font-size\">Primer cancionero que incluye notaci\u00f3n musical occidental.&nbsp;<\/li>\n<\/ul>\n\n\n\n<p class=\"has-small-font-size\"><strong>N.\u00b09 \u2013 1972 Curitiba&nbsp;<\/strong><\/p>\n\n\n\n<ul class=\"wp-block-list\">\n<li class=\"has-small-font-size\">Primera Asamblea con m\u00e1s participantes del Sur que del Norte.&nbsp;<\/li>\n\n\n\n<li class=\"has-small-font-size\">La m\u00fasica&nbsp;se destaca&nbsp;de manera positiva&nbsp;con cantos grupales y&nbsp;presentaciones&nbsp;de grupos menonitas de Am\u00e9rica del Norte y del Sur.&nbsp;<\/li>\n\n\n\n<li class=\"has-small-font-size\">El sexto cancionero incluye&nbsp;por primera vez espa\u00f1ol y portugu\u00e9s, adem\u00e1s de ingl\u00e9s y alem\u00e1n.&nbsp;<\/li>\n<\/ul>\n\n\n\n<p class=\"has-small-font-size\"><strong>N.\u00b010 \u2013 1978 Wichita:&nbsp;\u201cEl Reino de Dios en un mundo cambiante\u201d&nbsp;<\/strong><\/p>\n\n\n\n<ul class=\"wp-block-list\">\n<li class=\"has-small-font-size\">Por primera vez se presentan coros de&nbsp;todo del&nbsp;mundo (incluido Rusia,&nbsp;recibido con muchos aplausos).&nbsp;<\/li>\n\n\n\n<li class=\"has-small-font-size\">Se publica el primer Cancionero Internacional, que marca&nbsp;el inicio&nbsp;en la pr\u00e1ctica&nbsp;del nuevo modelo (incluye un Prefacio y una Introducci\u00f3n).&nbsp;<\/li>\n\n\n\n<li class=\"has-small-font-size\">63 himnos con notaci\u00f3n musical occidental, organizados en cinco cap\u00edtulos por continente.&nbsp;<\/li>\n\n\n\n<li class=\"has-small-font-size\">Concluye&nbsp;con el himno&nbsp;<em><a href=\"https:\/\/www.youtube.com\/watch?v=5bWqY-tfXJ8&amp;list=RD5bWqY-tfXJ8&amp;start_radio=1\" type=\"link\" id=\"https:\/\/www.youtube.com\/watch?v=5bWqY-tfXJ8&amp;list=RD5bWqY-tfXJ8&amp;start_radio=1\">Alabado sea Dios<\/a><\/em>.&nbsp;&nbsp;<\/li>\n<\/ul>\n\n\n\n<p class=\"has-small-font-size\"><strong>N.\u00b011 \u2013 1984 Estrasburgo:&nbsp;\u201cEl pueblo de Dios sirve con esperanza\u201d&nbsp;<\/strong><\/p>\n\n\n\n<ul class=\"wp-block-list\">\n<li class=\"has-small-font-size\">Se usa el Cancionero Internacional de 1978 con un nuevo suplemento.&nbsp;<\/li>\n\n\n\n<li class=\"has-small-font-size\">El&nbsp;oratorio&nbsp;<em>The&nbsp;abiding&nbsp;place<\/em>&nbsp;de Esther&nbsp;Wiebe&nbsp;y Barbara&nbsp;Smucker&nbsp;fue escrito e interpretado para esta Asamblea.&nbsp;<\/li>\n\n\n\n<li class=\"has-small-font-size\"><em>Je&nbsp;lourai&nbsp;l\u2019\u00c9ternel<\/em>&nbsp;se&nbsp;convierte&nbsp;en&nbsp;una&nbsp;canci\u00f3n del coraz\u00f3n.&nbsp;<\/li>\n\n\n\n<li class=\"has-small-font-size\">Numerosas&nbsp;presentaciones&nbsp;<a href=\"https:\/\/youtu.be\/QXgQb8Ztprk?si=0LrjzwmD5M2ahG0A&amp;t=357\" type=\"link\" id=\"https:\/\/youtu.be\/QXgQb8Ztprk?si=0LrjzwmD5M2ahG0A&amp;t=357\">de todo el mundo<\/a>.&nbsp;<\/li>\n<\/ul>\n\n\n\n<p class=\"has-small-font-size\"><strong>N.\u00b012 \u2013 1990 Winnipeg:&nbsp;\u201cDando&nbsp;testimonio de Cristo en el mundo de hoy\u201d&nbsp;<\/strong><\/p>\n\n\n\n<ul class=\"wp-block-list\">\n<li class=\"has-small-font-size\">Se publica el segundo Cancionero Internacional, estructurado de manera similar al primero.&nbsp;<\/li>\n\n\n\n<li class=\"has-small-font-size\">Gran afluencia de personas,&nbsp;presentaciones de muchos grupos.&nbsp;&nbsp;<\/li>\n\n\n\n<li class=\"has-small-font-size\"><em><a href=\"https:\/\/youtu.be\/ovQz6R0E2Yw?si=ClqipdrClg2Icwf3&amp;t=178\" type=\"link\" id=\"https:\/\/youtu.be\/ovQz6R0E2Yw?si=ClqipdrClg2Icwf3&amp;t=178\">\u00c9l est\u00e1 contigo todo el tiempo (N.\u00b016)<\/a>.<\/em>&nbsp;<\/li>\n<\/ul>\n\n\n\n<p class=\"has-small-font-size\"><strong>N.\u00b013 \u2013 1997 Calcuta:&nbsp;\u201cEscuchen lo que el Esp\u00edritu&nbsp;les&nbsp;dice a las iglesias\u201d&nbsp;<\/strong><\/p>\n\n\n\n<ul class=\"wp-block-list\">\n<li class=\"has-small-font-size\">Este cancionero incluye&nbsp;reimpresiones del cancionero de 1990 y un himnario estadounidense, adem\u00e1s de algunas traducciones locales.&nbsp;<\/li>\n\n\n\n<li class=\"has-small-font-size\">Canci\u00f3n lema escrita para esta Asamblea por el obispo&nbsp;Shant&nbsp;Kunjam:&nbsp;<a href=\"https:\/\/www.youtube.com\/watch?v=UFyi8pLBQvo&amp;list=RDUFyi8pLBQvo&amp;start_radio=1\" type=\"link\" id=\"https:\/\/www.youtube.com\/watch?v=UFyi8pLBQvo&amp;list=RDUFyi8pLBQvo&amp;start_radio=1\"><em>Sun&nbsp;Aatma&nbsp;kya&nbsp;kahta&nbsp;hai&nbsp;sab&nbsp;Mandliyon&nbsp;se.<\/em>&nbsp;<\/a><\/li>\n\n\n\n<li class=\"has-small-font-size\">La Aldea de la Iglesia Mundial se presenta&nbsp;con un escenario que brinda&nbsp;la&nbsp;posibilidad&nbsp;de compartir m\u00fasica.&nbsp;&nbsp;<\/li>\n<\/ul>\n\n\n\n<p class=\"has-small-font-size\"><strong>N.\u00b014 \u2013 2003 Bulawayo:&nbsp;\u201cCompartiendo dones en el sufrimiento y la alegr\u00eda\u201d&nbsp;<\/strong><\/p>\n\n\n\n<ul class=\"wp-block-list\">\n<li class=\"has-small-font-size\">Se publica el tercer Cancionero Internacional, que esta vez incluye&nbsp;representaci\u00f3n de los cinco continentes en el comit\u00e9, incluidas varias canciones con notaci\u00f3n musical no occidental.&nbsp;<\/li>\n\n\n\n<li class=\"has-small-font-size\">El primer coro internacional inicia el modelo de conjunto con dos cantantes de cada continente. Una grabaci\u00f3n previa ayud\u00f3 a los asistentes a aprender la m\u00fasica de la Asamblea.&nbsp;<\/li>\n\n\n\n<li class=\"has-small-font-size\">Se presenta&nbsp;<em><a href=\"https:\/\/mwc-cmm.org\/en\/resources\/hakuna-akaita-zimbabwe-2003\/\" type=\"link\" id=\"https:\/\/mwc-cmm.org\/en\/resources\/hakuna-akaita-zimbabwe-2003\/\">Hakuna&nbsp;akaita<\/a><\/em>&nbsp;que se canta con frecuencia y&nbsp;sigue siendo una&nbsp;de las&nbsp;canciones&nbsp;favoritas.&nbsp;&nbsp;<\/li>\n<\/ul>\n\n\n\n<p class=\"has-small-font-size\"><strong>N.\u00b015 \u2013 2009 Asunci\u00f3n:&nbsp;\u201cReun\u00e1monos en el camino de Jesucristo\u201d&nbsp;<\/strong><\/p>\n\n\n\n<ul class=\"wp-block-list\">\n<li class=\"has-small-font-size\">Se publica el cuarto Cancionero Internacional con un prefacio que reconoce que no todos leen notaci\u00f3n musical y se&nbsp;emplean decenas de idiomas,&nbsp;aunque&nbsp;la m\u00fasica es una fuerza unificadora.&nbsp;<\/li>\n\n\n\n<li class=\"has-small-font-size\"><em>Tengan la Mente de Cristo<\/em>&nbsp;(N.\u00b09) se escribi\u00f3&nbsp;para el&nbsp;vers\u00edculo&nbsp;lema&nbsp;de esta Asamblea.&nbsp;<\/li>\n\n\n\n<li class=\"has-small-font-size\">Surge el canto espont\u00e1neo al cortarse la luz:&nbsp;<a href=\"https:\/\/youtu.be\/qSrpd-VXTWU?si=huxk0KRj8ArLmL1W&amp;t=71\" type=\"link\" id=\"https:\/\/youtu.be\/qSrpd-VXTWU?si=huxk0KRj8ArLmL1W&amp;t=71\"><em>Siyahamba<\/em>&nbsp;<\/a><\/li>\n\n\n\n<li class=\"has-small-font-size\">Por primera vez, todas las sesiones plenarias se transmiten en vivo.&nbsp;<\/li>\n<\/ul>\n\n\n\n<p class=\"has-small-font-size\"><strong>N.\u00b016 \u2013 2015 Harrisburg: \u201cCaminemos con Dios\u201d&nbsp;<\/strong><\/p>\n\n\n\n<ul class=\"wp-block-list\">\n<li class=\"has-small-font-size\">Se publica el quinto Cancionero Internacional.&nbsp;<\/li>\n\n\n\n<li class=\"has-small-font-size\"><em>T\u00fa&nbsp;eres todopoderoso<\/em>&nbsp;se convierte en una canci\u00f3n del coraz\u00f3n.&nbsp;<\/li>\n\n\n\n<li class=\"has-small-font-size\">Se canta&nbsp;en lenguaje de se\u00f1as&nbsp;un&nbsp;verso de&nbsp;<em>En el Se\u00f1or estar\u00e9 siempre agradecido<\/em>&nbsp;para un grupo grande de asistentes&nbsp;sordos&nbsp;o con dificultades auditivas.&nbsp;<\/li>\n\n\n\n<li class=\"has-small-font-size\">Hay <a href=\"https:\/\/www.youtube.com\/watch?v=FHUrPcxrvGI&amp;list=PLrO98PUzjOB1W1h_cG63k72EGCL1LS3NB&amp;index=2\" type=\"link\" id=\"https:\/\/www.youtube.com\/watch?v=FHUrPcxrvGI&amp;list=PLrO98PUzjOB1W1h_cG63k72EGCL1LS3NB&amp;index=2\">muchos videos<\/a> disponibles de esta Asamblea.&nbsp;<\/li>\n<\/ul>\n\n\n\n<p class=\"has-small-font-size\"><strong>N.\u00b017 \u2013 2022&nbsp;Salatiga:&nbsp;\u201cSeguir&nbsp;a Jes\u00fas juntos superando barreras\u201d&nbsp;<\/strong><\/p>\n\n\n\n<ul class=\"wp-block-list\">\n<li class=\"has-small-font-size\">Se publica el Sexto Cancionero Internacional, el primero en incluir notaci\u00f3n musical oriental.&nbsp;<\/li>\n\n\n\n<li class=\"has-small-font-size\">La versi\u00f3n digital tambi\u00e9n&nbsp;es&nbsp;utilizada por muchos participantes virtuales debido a la pandemia mundial.&nbsp;<\/li>\n\n\n\n<li class=\"has-small-font-size\"><a href=\"https:\/\/www.youtube.com\/watch?v=ObWxraSN7hA&amp;list=PLrO98PUzjOB2qN1tUGUmzhaXnwOsZMt-b&amp;index=6\" type=\"link\" id=\"https:\/\/www.youtube.com\/watch?v=ObWxraSN7hA&amp;list=PLrO98PUzjOB2qN1tUGUmzhaXnwOsZMt-b&amp;index=6\"><em>Dhuh&nbsp;pangeran<\/em>&nbsp;(N.\u00b02)<\/a> escrito por el menonita indonesio&nbsp;Saptojoadi&nbsp;para la Asamblea de 1978,&nbsp;se&nbsp;convierte&nbsp;en una canci\u00f3n del coraz\u00f3n.&nbsp;<\/li>\n<\/ul>\n\n\n\n<p class=\"has-small-font-size\"><strong>2025 Z\u00farich: La valent\u00eda&nbsp;de amar&nbsp;<\/strong><\/p>\n\n\n\n<ul class=\"wp-block-list\">\n<li class=\"has-small-font-size\">Aunque no fue una Asamblea&nbsp;completa, se conmemor\u00f3 el&nbsp;quincentenario<br>del&nbsp;anabautismo.&nbsp;<\/li>\n\n\n\n<li class=\"has-small-font-size\">Cinco grupos musicales de&nbsp;todo el&nbsp;mundo ofrecen<br>conciertos y participan en el&nbsp;culto&nbsp;en&nbsp;la catedral&nbsp;Grossm\u00fcnster.&nbsp;<\/li>\n\n\n\n<li class=\"has-small-font-size\">Se utilizan canciones del Cancionero Internacional&nbsp;de&nbsp;2022, adem\u00e1s de&nbsp;<em><a href=\"https:\/\/mwc-cmm.org\/es\/resources\/domingo-de-la-paz-2025-informacion-sobre-la-cancion\/\" type=\"link\" id=\"https:\/\/mwc-cmm.org\/en\/resources\/peace-sunday-2025-song-information\/\">Queremos paz<\/a><\/em>,&nbsp;una canci\u00f3n triling\u00fce escrita por un menonita con un arreglo especial creado para el evento.&nbsp;<\/li>\n<\/ul>\n<\/div>\n<\/div>\n\n\n\n<hr class=\"wp-block-separator has-alpha-channel-opacity\"\/>\n\n\n\n<div class=\"wp-block-buttons is-layout-flex wp-block-buttons-is-layout-flex\">\n<div class=\"wp-block-button\"><a class=\"wp-block-button__link has-magenta-background-color has-background has-text-align-left wp-element-button\" href=\"https:\/\/mwc-cmm.org\/es\/resources\/correo-2026-41-1\/\">Este art\u00edculo apareci\u00f3 por primera vez e<br>Courier \/ Correo \/ Courrier, volumen 41, n\u00famero 1<\/a><\/div>\n<\/div>\n\n\n<div class=\"taxonomy-post_tag has-link-color wp-elements-4795dccc25dd561b10d5c166c095ced0 wp-block-post-terms has-text-color has-gray-color has-small-font-size\"><a href=\"https:\/\/mwc-cmm.org\/es\/stories\/tag\/assembly-es\/\" rel=\"tag\">Asamblea<\/a><span class=\"wp-block-post-terms__separator\">, <\/span><a href=\"https:\/\/mwc-cmm.org\/es\/stories\/tag\/unity-es\/\" rel=\"tag\">unity<\/a><\/div>","protected":false},"excerpt":{"rendered":"<p>Inspiraci\u00f3n y reflexi\u00f3n Adorar juntos, sobre todo cantar juntos, se suele mencionar como lo m\u00e1s destacado de las Asambleas del Congreso Mundial Menonita. Despu\u00e9s de todo, no hay nada como cantar en una reuni\u00f3n de miles de personas como hermanos y hermanas en Cristo. Incluso cuando no todos hablan el mismo idioma, la m\u00fasica tiende [&hellip;]<\/p>\n","protected":false},"author":8,"featured_media":124678,"comment_status":"closed","ping_status":"closed","sticky":false,"template":"","format":"standard","meta":{"_acf_changed":false,"footnotes":""},"categories":[1184],"tags":[1154,418],"network":[],"eventcategory":[],"class_list":["post-124681","post","type-post","status-publish","format-standard","has-post-thumbnail","hentry","category-courier-sp","tag-assembly-es","tag-unity-es"],"acf":[],"yoast_head":"<!-- This site is optimized with the Yoast SEO plugin v27.5 - https:\/\/yoast.com\/product\/yoast-seo-wordpress\/ -->\n<title>Unidad que se puede escuchar - Mennonite World Conference<\/title>\n<meta name=\"robots\" content=\"index, follow, max-snippet:-1, max-image-preview:large, max-video-preview:-1\" \/>\n<link rel=\"canonical\" href=\"https:\/\/mwc-cmm.org\/es\/stories\/unidad-que-se-puede-escuchar\/\" \/>\n<meta property=\"og:locale\" content=\"es_ES\" \/>\n<meta property=\"og:type\" content=\"article\" \/>\n<meta property=\"og:title\" content=\"Unidad que se puede escuchar - Mennonite World Conference\" \/>\n<meta property=\"og:description\" content=\"Inspiraci\u00f3n y reflexi\u00f3n Adorar juntos, sobre todo cantar juntos, se suele mencionar como lo m\u00e1s destacado de las Asambleas del Congreso Mundial Menonita. Despu\u00e9s de todo, no hay nada como cantar en una reuni\u00f3n de miles de personas como hermanos y hermanas en Cristo. Incluso cuando no todos hablan el mismo idioma, la m\u00fasica tiende [&hellip;]\" \/>\n<meta property=\"og:url\" content=\"https:\/\/mwc-cmm.org\/es\/stories\/unidad-que-se-puede-escuchar\/\" \/>\n<meta property=\"og:site_name\" content=\"Mennonite World Conference\" \/>\n<meta property=\"article:publisher\" content=\"https:\/\/www.facebook.com\/MennoniteWorldConference\" \/>\n<meta property=\"article:published_time\" content=\"2026-03-08T22:53:45+00:00\" \/>\n<meta property=\"article:modified_time\" content=\"2026-03-18T10:51:05+00:00\" \/>\n<meta property=\"og:image\" content=\"https:\/\/mwc-cmm.org\/wp-content\/uploads\/2026\/03\/20150723HeikeMartin0323-scaled.jpg\" \/>\n\t<meta property=\"og:image:width\" content=\"2560\" \/>\n\t<meta property=\"og:image:height\" content=\"1707\" \/>\n\t<meta property=\"og:image:type\" content=\"image\/jpeg\" \/>\n<meta name=\"author\" content=\"Stephanie Setiawan\" \/>\n<script type=\"application\/ld+json\" class=\"yoast-schema-graph\">{\"@context\":\"https:\\\/\\\/schema.org\",\"@graph\":[{\"@type\":\"Article\",\"@id\":\"https:\\\/\\\/mwc-cmm.org\\\/es\\\/stories\\\/unidad-que-se-puede-escuchar\\\/#article\",\"isPartOf\":{\"@id\":\"https:\\\/\\\/mwc-cmm.org\\\/es\\\/stories\\\/unidad-que-se-puede-escuchar\\\/\"},\"author\":{\"name\":\"Stephanie Setiawan\",\"@id\":\"https:\\\/\\\/mwc-cmm.org\\\/en\\\/#\\\/schema\\\/person\\\/00b62ed8ea1527254a44f3ace3aee79d\"},\"headline\":\"Unidad que se puede escuchar\",\"datePublished\":\"2026-03-08T22:53:45+00:00\",\"dateModified\":\"2026-03-18T10:51:05+00:00\",\"mainEntityOfPage\":{\"@id\":\"https:\\\/\\\/mwc-cmm.org\\\/es\\\/stories\\\/unidad-que-se-puede-escuchar\\\/\"},\"wordCount\":3391,\"publisher\":{\"@id\":\"https:\\\/\\\/mwc-cmm.org\\\/en\\\/#organization\"},\"image\":{\"@id\":\"https:\\\/\\\/mwc-cmm.org\\\/es\\\/stories\\\/unidad-que-se-puede-escuchar\\\/#primaryimage\"},\"thumbnailUrl\":\"https:\\\/\\\/mwc-cmm.org\\\/wp-content\\\/uploads\\\/2026\\\/03\\\/20150723HeikeMartin0323-scaled.jpg\",\"keywords\":[\"Asamblea\",\"unity\"],\"articleSection\":[\"Correo\"],\"inLanguage\":\"es\"},{\"@type\":\"WebPage\",\"@id\":\"https:\\\/\\\/mwc-cmm.org\\\/es\\\/stories\\\/unidad-que-se-puede-escuchar\\\/\",\"url\":\"https:\\\/\\\/mwc-cmm.org\\\/es\\\/stories\\\/unidad-que-se-puede-escuchar\\\/\",\"name\":\"Unidad que se puede escuchar - Mennonite World Conference\",\"isPartOf\":{\"@id\":\"https:\\\/\\\/mwc-cmm.org\\\/en\\\/#website\"},\"primaryImageOfPage\":{\"@id\":\"https:\\\/\\\/mwc-cmm.org\\\/es\\\/stories\\\/unidad-que-se-puede-escuchar\\\/#primaryimage\"},\"image\":{\"@id\":\"https:\\\/\\\/mwc-cmm.org\\\/es\\\/stories\\\/unidad-que-se-puede-escuchar\\\/#primaryimage\"},\"thumbnailUrl\":\"https:\\\/\\\/mwc-cmm.org\\\/wp-content\\\/uploads\\\/2026\\\/03\\\/20150723HeikeMartin0323-scaled.jpg\",\"datePublished\":\"2026-03-08T22:53:45+00:00\",\"dateModified\":\"2026-03-18T10:51:05+00:00\",\"breadcrumb\":{\"@id\":\"https:\\\/\\\/mwc-cmm.org\\\/es\\\/stories\\\/unidad-que-se-puede-escuchar\\\/#breadcrumb\"},\"inLanguage\":\"es\",\"potentialAction\":[{\"@type\":\"ReadAction\",\"target\":[\"https:\\\/\\\/mwc-cmm.org\\\/es\\\/stories\\\/unidad-que-se-puede-escuchar\\\/\"]}]},{\"@type\":\"ImageObject\",\"inLanguage\":\"es\",\"@id\":\"https:\\\/\\\/mwc-cmm.org\\\/es\\\/stories\\\/unidad-que-se-puede-escuchar\\\/#primaryimage\",\"url\":\"https:\\\/\\\/mwc-cmm.org\\\/wp-content\\\/uploads\\\/2026\\\/03\\\/20150723HeikeMartin0323-scaled.jpg\",\"contentUrl\":\"https:\\\/\\\/mwc-cmm.org\\\/wp-content\\\/uploads\\\/2026\\\/03\\\/20150723HeikeMartin0323-scaled.jpg\",\"width\":2560,\"height\":1707,\"caption\":\"singing at MWC assembly\"},{\"@type\":\"BreadcrumbList\",\"@id\":\"https:\\\/\\\/mwc-cmm.org\\\/es\\\/stories\\\/unidad-que-se-puede-escuchar\\\/#breadcrumb\",\"itemListElement\":[{\"@type\":\"ListItem\",\"position\":1,\"name\":\"Home\",\"item\":\"https:\\\/\\\/mwc-cmm.org\\\/es\\\/\"},{\"@type\":\"ListItem\",\"position\":2,\"name\":\"Unidad que se puede escuchar\"}]},{\"@type\":\"WebSite\",\"@id\":\"https:\\\/\\\/mwc-cmm.org\\\/en\\\/#website\",\"url\":\"https:\\\/\\\/mwc-cmm.org\\\/en\\\/\",\"name\":\"Mennonite World Conference\",\"description\":\"A communion of Anabaptist-related churches\",\"publisher\":{\"@id\":\"https:\\\/\\\/mwc-cmm.org\\\/en\\\/#organization\"},\"alternateName\":\"MWC\",\"potentialAction\":[{\"@type\":\"SearchAction\",\"target\":{\"@type\":\"EntryPoint\",\"urlTemplate\":\"https:\\\/\\\/mwc-cmm.org\\\/en\\\/?s={search_term_string}\"},\"query-input\":{\"@type\":\"PropertyValueSpecification\",\"valueRequired\":true,\"valueName\":\"search_term_string\"}}],\"inLanguage\":\"es\"},{\"@type\":\"Organization\",\"@id\":\"https:\\\/\\\/mwc-cmm.org\\\/en\\\/#organization\",\"name\":\"Mennonite World Conference\",\"alternateName\":\"MWC\",\"url\":\"https:\\\/\\\/mwc-cmm.org\\\/en\\\/\",\"logo\":{\"@type\":\"ImageObject\",\"inLanguage\":\"es\",\"@id\":\"https:\\\/\\\/mwc-cmm.org\\\/en\\\/#\\\/schema\\\/logo\\\/image\\\/\",\"url\":\"https:\\\/\\\/mwc-cmm.org\\\/wp-content\\\/uploads\\\/2026\\\/01\\\/MWC_Sig_Blue_Horiz_webheader1-logo.svg\",\"contentUrl\":\"https:\\\/\\\/mwc-cmm.org\\\/wp-content\\\/uploads\\\/2026\\\/01\\\/MWC_Sig_Blue_Horiz_webheader1-logo.svg\",\"width\":786,\"height\":82,\"caption\":\"Mennonite World Conference\"},\"image\":{\"@id\":\"https:\\\/\\\/mwc-cmm.org\\\/en\\\/#\\\/schema\\\/logo\\\/image\\\/\"},\"sameAs\":[\"https:\\\/\\\/www.facebook.com\\\/MennoniteWorldConference\",\"https:\\\/\\\/www.linkedin.com\\\/company\\\/mennonite-world-conference-mwc\\\/\",\"https:\\\/\\\/www.instagram.com\\\/mwcmm\\\/\",\"https:\\\/\\\/www.youtube.com\\\/user\\\/mwccmm\",\"https:\\\/\\\/bsky.app\\\/profile\\\/mwcmm.bsky.social\"]},{\"@type\":\"Person\",\"@id\":\"https:\\\/\\\/mwc-cmm.org\\\/en\\\/#\\\/schema\\\/person\\\/00b62ed8ea1527254a44f3ace3aee79d\",\"name\":\"Stephanie Setiawan\",\"image\":{\"@type\":\"ImageObject\",\"inLanguage\":\"es\",\"@id\":\"https:\\\/\\\/secure.gravatar.com\\\/avatar\\\/71b4b62cf3d0cfb4c8a367a101127ba8adfa1c22417900980ea24f5f4457a76d?s=96&d=mm&r=g\",\"url\":\"https:\\\/\\\/secure.gravatar.com\\\/avatar\\\/71b4b62cf3d0cfb4c8a367a101127ba8adfa1c22417900980ea24f5f4457a76d?s=96&d=mm&r=g\",\"contentUrl\":\"https:\\\/\\\/secure.gravatar.com\\\/avatar\\\/71b4b62cf3d0cfb4c8a367a101127ba8adfa1c22417900980ea24f5f4457a76d?s=96&d=mm&r=g\",\"caption\":\"Stephanie Setiawan\"},\"url\":\"https:\\\/\\\/mwc-cmm.org\\\/es\\\/stories\\\/author\\\/stephanie\\\/\"}]}<\/script>\n<!-- \/ Yoast SEO plugin. -->","yoast_head_json":{"title":"Unidad que se puede escuchar - Mennonite World Conference","robots":{"index":"index","follow":"follow","max-snippet":"max-snippet:-1","max-image-preview":"max-image-preview:large","max-video-preview":"max-video-preview:-1"},"canonical":"https:\/\/mwc-cmm.org\/es\/stories\/unidad-que-se-puede-escuchar\/","og_locale":"es_ES","og_type":"article","og_title":"Unidad que se puede escuchar - Mennonite World Conference","og_description":"Inspiraci\u00f3n y reflexi\u00f3n Adorar juntos, sobre todo cantar juntos, se suele mencionar como lo m\u00e1s destacado de las Asambleas del Congreso Mundial Menonita. Despu\u00e9s de todo, no hay nada como cantar en una reuni\u00f3n de miles de personas como hermanos y hermanas en Cristo. Incluso cuando no todos hablan el mismo idioma, la m\u00fasica tiende [&hellip;]","og_url":"https:\/\/mwc-cmm.org\/es\/stories\/unidad-que-se-puede-escuchar\/","og_site_name":"Mennonite World Conference","article_publisher":"https:\/\/www.facebook.com\/MennoniteWorldConference","article_published_time":"2026-03-08T22:53:45+00:00","article_modified_time":"2026-03-18T10:51:05+00:00","og_image":[{"width":2560,"height":1707,"url":"https:\/\/mwc-cmm.org\/wp-content\/uploads\/2026\/03\/20150723HeikeMartin0323-scaled.jpg","type":"image\/jpeg"}],"author":"Stephanie Setiawan","schema":{"@context":"https:\/\/schema.org","@graph":[{"@type":"Article","@id":"https:\/\/mwc-cmm.org\/es\/stories\/unidad-que-se-puede-escuchar\/#article","isPartOf":{"@id":"https:\/\/mwc-cmm.org\/es\/stories\/unidad-que-se-puede-escuchar\/"},"author":{"name":"Stephanie Setiawan","@id":"https:\/\/mwc-cmm.org\/en\/#\/schema\/person\/00b62ed8ea1527254a44f3ace3aee79d"},"headline":"Unidad que se puede escuchar","datePublished":"2026-03-08T22:53:45+00:00","dateModified":"2026-03-18T10:51:05+00:00","mainEntityOfPage":{"@id":"https:\/\/mwc-cmm.org\/es\/stories\/unidad-que-se-puede-escuchar\/"},"wordCount":3391,"publisher":{"@id":"https:\/\/mwc-cmm.org\/en\/#organization"},"image":{"@id":"https:\/\/mwc-cmm.org\/es\/stories\/unidad-que-se-puede-escuchar\/#primaryimage"},"thumbnailUrl":"https:\/\/mwc-cmm.org\/wp-content\/uploads\/2026\/03\/20150723HeikeMartin0323-scaled.jpg","keywords":["Asamblea","unity"],"articleSection":["Correo"],"inLanguage":"es"},{"@type":"WebPage","@id":"https:\/\/mwc-cmm.org\/es\/stories\/unidad-que-se-puede-escuchar\/","url":"https:\/\/mwc-cmm.org\/es\/stories\/unidad-que-se-puede-escuchar\/","name":"Unidad que se puede escuchar - Mennonite World Conference","isPartOf":{"@id":"https:\/\/mwc-cmm.org\/en\/#website"},"primaryImageOfPage":{"@id":"https:\/\/mwc-cmm.org\/es\/stories\/unidad-que-se-puede-escuchar\/#primaryimage"},"image":{"@id":"https:\/\/mwc-cmm.org\/es\/stories\/unidad-que-se-puede-escuchar\/#primaryimage"},"thumbnailUrl":"https:\/\/mwc-cmm.org\/wp-content\/uploads\/2026\/03\/20150723HeikeMartin0323-scaled.jpg","datePublished":"2026-03-08T22:53:45+00:00","dateModified":"2026-03-18T10:51:05+00:00","breadcrumb":{"@id":"https:\/\/mwc-cmm.org\/es\/stories\/unidad-que-se-puede-escuchar\/#breadcrumb"},"inLanguage":"es","potentialAction":[{"@type":"ReadAction","target":["https:\/\/mwc-cmm.org\/es\/stories\/unidad-que-se-puede-escuchar\/"]}]},{"@type":"ImageObject","inLanguage":"es","@id":"https:\/\/mwc-cmm.org\/es\/stories\/unidad-que-se-puede-escuchar\/#primaryimage","url":"https:\/\/mwc-cmm.org\/wp-content\/uploads\/2026\/03\/20150723HeikeMartin0323-scaled.jpg","contentUrl":"https:\/\/mwc-cmm.org\/wp-content\/uploads\/2026\/03\/20150723HeikeMartin0323-scaled.jpg","width":2560,"height":1707,"caption":"singing at MWC assembly"},{"@type":"BreadcrumbList","@id":"https:\/\/mwc-cmm.org\/es\/stories\/unidad-que-se-puede-escuchar\/#breadcrumb","itemListElement":[{"@type":"ListItem","position":1,"name":"Home","item":"https:\/\/mwc-cmm.org\/es\/"},{"@type":"ListItem","position":2,"name":"Unidad que se puede escuchar"}]},{"@type":"WebSite","@id":"https:\/\/mwc-cmm.org\/en\/#website","url":"https:\/\/mwc-cmm.org\/en\/","name":"Mennonite World Conference","description":"A communion of Anabaptist-related churches","publisher":{"@id":"https:\/\/mwc-cmm.org\/en\/#organization"},"alternateName":"MWC","potentialAction":[{"@type":"SearchAction","target":{"@type":"EntryPoint","urlTemplate":"https:\/\/mwc-cmm.org\/en\/?s={search_term_string}"},"query-input":{"@type":"PropertyValueSpecification","valueRequired":true,"valueName":"search_term_string"}}],"inLanguage":"es"},{"@type":"Organization","@id":"https:\/\/mwc-cmm.org\/en\/#organization","name":"Mennonite World Conference","alternateName":"MWC","url":"https:\/\/mwc-cmm.org\/en\/","logo":{"@type":"ImageObject","inLanguage":"es","@id":"https:\/\/mwc-cmm.org\/en\/#\/schema\/logo\/image\/","url":"https:\/\/mwc-cmm.org\/wp-content\/uploads\/2026\/01\/MWC_Sig_Blue_Horiz_webheader1-logo.svg","contentUrl":"https:\/\/mwc-cmm.org\/wp-content\/uploads\/2026\/01\/MWC_Sig_Blue_Horiz_webheader1-logo.svg","width":786,"height":82,"caption":"Mennonite World Conference"},"image":{"@id":"https:\/\/mwc-cmm.org\/en\/#\/schema\/logo\/image\/"},"sameAs":["https:\/\/www.facebook.com\/MennoniteWorldConference","https:\/\/www.linkedin.com\/company\/mennonite-world-conference-mwc\/","https:\/\/www.instagram.com\/mwcmm\/","https:\/\/www.youtube.com\/user\/mwccmm","https:\/\/bsky.app\/profile\/mwcmm.bsky.social"]},{"@type":"Person","@id":"https:\/\/mwc-cmm.org\/en\/#\/schema\/person\/00b62ed8ea1527254a44f3ace3aee79d","name":"Stephanie Setiawan","image":{"@type":"ImageObject","inLanguage":"es","@id":"https:\/\/secure.gravatar.com\/avatar\/71b4b62cf3d0cfb4c8a367a101127ba8adfa1c22417900980ea24f5f4457a76d?s=96&d=mm&r=g","url":"https:\/\/secure.gravatar.com\/avatar\/71b4b62cf3d0cfb4c8a367a101127ba8adfa1c22417900980ea24f5f4457a76d?s=96&d=mm&r=g","contentUrl":"https:\/\/secure.gravatar.com\/avatar\/71b4b62cf3d0cfb4c8a367a101127ba8adfa1c22417900980ea24f5f4457a76d?s=96&d=mm&r=g","caption":"Stephanie Setiawan"},"url":"https:\/\/mwc-cmm.org\/es\/stories\/author\/stephanie\/"}]}},"_links":{"self":[{"href":"https:\/\/mwc-cmm.org\/es\/wp-json\/wp\/v2\/posts\/124681","targetHints":{"allow":["GET"]}}],"collection":[{"href":"https:\/\/mwc-cmm.org\/es\/wp-json\/wp\/v2\/posts"}],"about":[{"href":"https:\/\/mwc-cmm.org\/es\/wp-json\/wp\/v2\/types\/post"}],"author":[{"embeddable":true,"href":"https:\/\/mwc-cmm.org\/es\/wp-json\/wp\/v2\/users\/8"}],"replies":[{"embeddable":true,"href":"https:\/\/mwc-cmm.org\/es\/wp-json\/wp\/v2\/comments?post=124681"}],"version-history":[{"count":0,"href":"https:\/\/mwc-cmm.org\/es\/wp-json\/wp\/v2\/posts\/124681\/revisions"}],"wp:featuredmedia":[{"embeddable":true,"href":"https:\/\/mwc-cmm.org\/es\/wp-json\/wp\/v2\/media\/124678"}],"wp:attachment":[{"href":"https:\/\/mwc-cmm.org\/es\/wp-json\/wp\/v2\/media?parent=124681"}],"wp:term":[{"taxonomy":"category","embeddable":true,"href":"https:\/\/mwc-cmm.org\/es\/wp-json\/wp\/v2\/categories?post=124681"},{"taxonomy":"post_tag","embeddable":true,"href":"https:\/\/mwc-cmm.org\/es\/wp-json\/wp\/v2\/tags?post=124681"},{"taxonomy":"network","embeddable":true,"href":"https:\/\/mwc-cmm.org\/es\/wp-json\/wp\/v2\/network?post=124681"},{"taxonomy":"eventcategory","embeddable":true,"href":"https:\/\/mwc-cmm.org\/es\/wp-json\/wp\/v2\/eventcategory?post=124681"}],"curies":[{"name":"wp","href":"https:\/\/api.w.org\/{rel}","templated":true}]}}