{"id":123200,"date":"2026-01-20T10:20:59","date_gmt":"2026-01-20T10:20:59","guid":{"rendered":"https:\/\/mwc-cmm.org\/stories\/necesitamos-una-nueva-generacion-de-historias\/"},"modified":"2026-01-27T23:25:31","modified_gmt":"2026-01-27T23:25:31","slug":"necesitamos-una-nueva-generacion-de-historias","status":"publish","type":"post","link":"https:\/\/mwc-cmm.org\/es\/stories\/necesitamos-una-nueva-generacion-de-historias\/","title":{"rendered":"Necesitamos una nueva generaci\u00f3n de historias"},"content":{"rendered":"\n<h2 class=\"wp-block-heading\"><strong>La nueva serie sobre la historia anabautista mundial profundiza en la comprensi\u00f3n de la obra de Dios en el mundo<\/strong>&nbsp;<\/h2>\n\n\n\n<p>En 1922, cuando Rebecca&nbsp;Sengu&nbsp;ten\u00eda unos 14 a\u00f1os, desafi\u00f3 a su padre y madre, y se inscribi\u00f3 en la escuela menonita para ni\u00f1as de la misi\u00f3n de&nbsp;Nyanga, en lo que hoy es la Rep\u00fablica Democr\u00e1tica del Congo (RDC). Ella reuni\u00f3 el valor necesario porque hab\u00eda o\u00eddo hablar de Dios, que amaba a las ni\u00f1as tanto como a los ni\u00f1os, y estaba dispuesta a desafiar las normas sociales para seguir a ese Dios.&nbsp;<\/p>\n\n\n\n<p>Como madre, se le dio el nombre de&nbsp;<em>Kasasashiye&nbsp;<\/em>[criadora de hu\u00e9rfanos] porque abri\u00f3 su hogar a&nbsp;ni\u00f1os y ni\u00f1as) vulnerables, cuid\u00e1ndoles y ayud\u00e1ndoles a estudiar. Ella organiz\u00f3 su hogar en torno a los ritmos del culto, el trabajo y la oraci\u00f3n.&nbsp;<\/p>\n\n\n\n<p>En la iglesia, ella debat\u00eda con los l\u00edderes, hombres, en las reuniones sobre la importancia de que las mujeres ocuparan el lugar que Dios les hab\u00eda asignado en la iglesia. A veces, ella predicaba.&nbsp;<\/p>\n\n\n\n<p>La historia de Rebecca&nbsp;Sengu&nbsp;es una de las que aparecen en una nueva serie hist\u00f3rica basada en biograf\u00edas del Congreso Mundial Menonita, \u2018<em>Global&nbsp;Anabaptist&nbsp;Forebears\u2019&nbsp;<\/em>(Antepasados Anabautistas Globales), editada por&nbsp;Anicka&nbsp;Fast, secretaria de la&nbsp;Comision&nbsp;de Fe y Vida, quien tambi\u00e9n colabora con la Red Menonita de Misiones (MMN, por sus siglas en ingl\u00e9s).&nbsp;<\/p>\n\n\n\n<figure class=\"wp-block-embed is-type-video is-provider-youtube wp-block-embed-youtube wp-embed-aspect-16-9 wp-has-aspect-ratio\"><div class=\"wp-block-embed__wrapper\">\n<iframe title=\"Global Anabaptist Forebears: A new biography-based history series\" width=\"500\" height=\"281\" data-src=\"https:\/\/www.youtube.com\/embed\/OH46bIEZKjo?feature=oembed\" frameborder=\"0\" allow=\"accelerometer; autoplay; clipboard-write; encrypted-media; gyroscope; picture-in-picture; web-share\" referrerpolicy=\"strict-origin-when-cross-origin\" allowfullscreen src=\"data:image\/svg+xml;base64,PHN2ZyB3aWR0aD0iMSIgaGVpZ2h0PSIxIiB4bWxucz0iaHR0cDovL3d3dy53My5vcmcvMjAwMC9zdmciPjwvc3ZnPg==\" class=\"lazyload\" data-load-mode=\"1\"><\/iframe>\n<\/div><\/figure>\n\n\n\n<p>Mientras investigaba para su tesis doctoral sobre los inicios de la Iglesia Menonita en la Rep\u00fablica Democr\u00e1tica del Congo,&nbsp;Anicka&nbsp;Fast&nbsp;quer\u00eda saber qui\u00e9nes eran los antepasados anabautistas africanos.&nbsp;<\/p>\n\n\n\n<p><em>\u00bfC\u00f3mo viv\u00edan su fe? \u00bfQu\u00e9 tipo de preguntas se planteaban las primeras personas anabautistas africanas? \u00bfCu\u00e1les eran sus dificultades?\u202f<\/em>&nbsp;<\/p>\n\n\n\n<p>Pero a&nbsp;Anicka&nbsp;Fast&nbsp;le frustraba la falta de voces congole\u00f1as en las historias y en los archivos.&nbsp;<\/p>\n\n\n\n<p>\u201cNot\u00e9 de que las mujeres estaban muy ausentes de las historias oficiales, tanto las misioneras como las congole\u00f1as. Tambi\u00e9n not\u00e9 que los hombres congole\u00f1os estaban muy ausentes\u201d, dijo&nbsp;Anicka&nbsp;Fast&nbsp;en una entrevista con \u2018Mennonite&nbsp;Mission&nbsp;Network\u2019 (Red Menonita de Misiones) en el\u202f2025.&nbsp;<\/p>\n\n\n\n<p>A trav\u00e9s de sus estudios sobre el cristianismo mundial en la Universidad de Boston, ella aprendi\u00f3 que las biograf\u00edas eran una buena forma de escuchar las voces de las personas marginadas en las historias escritas por personas misioneras europeas y norteamericanas. As\u00ed que busc\u00f3 material de fuentes primarias en los archivos y a trav\u00e9s de entrevistas con personas menonitas de la Rep\u00fablica Democr\u00e1tica del Congo sobre los primeros d\u00edas de la iglesia menonita en ese\u202fpa\u00eds.&nbsp;<\/p>\n\n\n\n<p>En el 2021, tras completar su doctorado,&nbsp;Anicka&nbsp;Fast&nbsp;imparti\u00f3 clases de historia de la iglesia en Burkina Faso y anim\u00f3 a sus estudiantes a escribir historias de sus congregaciones locales y biograf\u00edas de las primeras personas miembro de la iglesia \u2013 tanto mujeres como hombres. Las&nbsp;personas menonitas de la Rep\u00fablica Democr\u00e1tica del Congo tambi\u00e9n la invitaron a impartir clases y a dirigir talleres de escritura de historia.&nbsp;<\/p>\n\n\n\n<p>\u201cTuve la visi\u00f3n de que estas historias escritas por personas historiadoras locales podr\u00edan contribuir a ofrecer una visi\u00f3n m\u00e1s fiel de lo que significa ser una iglesia anabautista global\u201d, afirm\u00f3&nbsp;Anicka&nbsp;Fast. \u201cNecesitamos una nueva generaci\u00f3n de libros de texto [que nos presenten] a nuestros antepasados, tomando conciencia de que muchos de nuestros predecesores en la fe proceden de otros continentes distintos al que vivimos.&nbsp;<\/p>\n\n\n\n<p>\u201cHay mujeres en la iglesia africana que han desempe\u00f1ado un papel muy importante como lideresas de la renovaci\u00f3n y el renacimiento\u201d, afirm\u00f3&nbsp;Fast. \u201c[Las mujeres] han sido profetas y sanadoras. Ellas han [orado y visto] milagros, expulsado demonios. Han participado muy activamente en la mediaci\u00f3n entre el cristianismo y la religi\u00f3n tradicional, y en la b\u00fasqueda de formas de expresar el mensaje del Evangelio en t\u00e9rminos que sean contextualmente relevantes\u201d.&nbsp;<\/p>\n\n\n\n<p>\u201cTenemos que reconocerlos como familiares\u201d.&nbsp;<\/p>\n\n\n\n<p>Algunas de las biograf\u00edas escritas por los estudiantes y los participantes en el taller aparecieron en el \u2018<a href=\"https:\/\/dacb.org\/\" target=\"_blank\" rel=\"noreferrer noopener\"><em>Dictionary of African Christian Biography<\/em><\/a>\u2019 (Diccionario de Biograf\u00edas Cristianas Africanas)<em>,&nbsp;<\/em>cuya directora ejecutiva,&nbsp;Mich\u00e8le&nbsp;Sigg, colabor\u00f3 estrechamente con&nbsp;Anicka&nbsp;Fast&nbsp;en el perfeccionamiento de un m\u00e9todo de ense\u00f1anza basado en talleres.\u202f&nbsp;<\/p>\n\n\n\n<p>Cuando&nbsp;Anicka&nbsp;Fast&nbsp;vio la emoci\u00f3n que&nbsp;tenian&nbsp;algunas personas historiadoras burkineses y congole\u00f1as al ver su trabajo impreso, su visi\u00f3n se ampli\u00f3 para incluir una serie de libros de biograf\u00edas anabautistas globales con vol\u00famenes sobre \u00c1frica, Asia y Am\u00e9rica Latina.&nbsp;<\/p>\n\n\n\n<p>El primer volumen, centrado en las personas menonitas congole\u00f1as (hombres y mujeres), surge de un&nbsp;<a href=\"https:\/\/anabaptistworld.org\/discovering-my-spiritual-ancestors\/\" target=\"_blank\" rel=\"noreferrer noopener\">taller<\/a>&nbsp;impartido en el 2023 por&nbsp;Anicka&nbsp;Fast&nbsp;y&nbsp;Mich\u00e8le&nbsp;Sigg, y ser\u00e1 publicado en el 2026 por&nbsp;<a href=\"https:\/\/www.regnumbooks.net\/\" target=\"_blank\" rel=\"noreferrer noopener\">Regnum Books<\/a>.&nbsp;<\/p>\n\n\n\n<p>\u201c[Las primeras personas historiadoras africanas tienen] una comprensi\u00f3n mucho mayor del contexto sociopol\u00edtico y una comprensi\u00f3n mucho mayor de los tipos de liderazgo que ejerc\u00edan las mujeres. Tambi\u00e9n abordan algunas de las dolorosas din\u00e1micas de desigualdad en la relaci\u00f3n entre las personas en el liderazgo eclesial africano y las personas misioneras norteamericanas con quienes trabajaban\u201d, afirm\u00f3&nbsp;Anicka&nbsp;Fast.&nbsp;<\/p>\n\n\n\n<p>Para participar en la difusi\u00f3n de una historia anabautista m\u00e1s precisa a nivel mundial, haga una donaci\u00f3n al Proyecto de Historia Menonita Mundial del CMM (visite\u00a0<a href=\"https:\/\/can01.safelinks.protection.outlook.com\/?url=http%3A%2F%2Fmwc-cmm.org%2Fdonate&amp;data=05%7C02%7CKarlaBraun%40mwc-cmm.org%7C11edb186c92340dd408208de5d238647%7C853359c33caf4a8cbf5d5a5869818e85%7C0%7C0%7C639050604316193122%7CUnknown%7CTWFpbGZsb3d8eyJFbXB0eU1hcGkiOnRydWUsIlYiOiIwLjAuMDAwMCIsIlAiOiJXaW4zMiIsIkFOIjoiTWFpbCIsIldUIjoyfQ%3D%3D%7C0%7C%7C%7C&amp;sdata=gKIbyO3F%2BCOczvOZxAUP%2FfyrxY3fLzbSiWyWW8LCe6k%3D&amp;reserved=0\">mwc-cmm.org\/donate<\/a>; seleccione Otros y, a continuaci\u00f3n, \u201cProyecto de Historia Menonita Mundial\u201d). Tambi\u00e9n se pueden hacer donaciones en Estados Unidos mediante una contribuci\u00f3n deducible de impuestos al \u2018Anicka Fast\u2019s ministry with MM\u2019 (ministerio de Anicka Fast con la \u2018MMN\u2019). Tanto el CMM como la \u2018MMN\u2019 (Red Menonita de Misiones) env\u00edan las donaciones al \u2018Global Anabaptist Histories Fund (Fondo de Historia Anabautista Mundial)\u2019 de la Universidad de Boston (donde Anicka Fast trabaja como investigadora visitante).<br>\u00a0<\/p>\n\n\n\n<p><em>Art\u00edculo de Lynda&nbsp;Hollinger-Janzen, escritora de la Red Menonita de Misiones. Publicado por primera vez en mmnworld.net.<\/em>&nbsp;<\/p>\n\n\n\n<hr class=\"wp-block-separator has-alpha-channel-opacity\"\/>\n\n\n<div class=\"taxonomy-post_tag has-link-color wp-elements-4795dccc25dd561b10d5c166c095ced0 wp-block-post-terms has-text-color has-gray-color has-small-font-size\"><a href=\"https:\/\/mwc-cmm.org\/es\/stories\/tag\/anabautista\/\" rel=\"tag\">anabautista<\/a><span class=\"wp-block-post-terms__separator\">, <\/span><a href=\"https:\/\/mwc-cmm.org\/es\/stories\/tag\/historia\/\" rel=\"tag\">historia<\/a><\/div>\n\n\n<p><\/p>\n","protected":false},"excerpt":{"rendered":"<p>La nueva serie sobre la historia anabautista mundial profundiza en la comprensi\u00f3n de la obra de Dios en el mundo&nbsp; En 1922, cuando Rebecca&nbsp;Sengu&nbsp;ten\u00eda unos 14 a\u00f1os, desafi\u00f3 a su padre y madre, y se inscribi\u00f3 en la escuela menonita para ni\u00f1as de la misi\u00f3n de&nbsp;Nyanga, en lo que hoy es la Rep\u00fablica Democr\u00e1tica del [&hellip;]<\/p>\n","protected":false},"author":8,"featured_media":123195,"comment_status":"closed","ping_status":"closed","sticky":false,"template":"","format":"standard","meta":{"_acf_changed":false,"footnotes":""},"categories":[6],"tags":[936,434],"network":[],"eventcategory":[],"class_list":["post-123200","post","type-post","status-publish","format-standard","has-post-thumbnail","hentry","category-sin-categorizar","tag-anabautista","tag-historia"],"acf":[],"yoast_head":"<!-- This site is optimized with the Yoast SEO plugin v27.2 - https:\/\/yoast.com\/product\/yoast-seo-wordpress\/ -->\n<title>Necesitamos una nueva generaci\u00f3n de historias - Mennonite World Conference<\/title>\n<meta name=\"robots\" content=\"index, follow, max-snippet:-1, max-image-preview:large, max-video-preview:-1\" \/>\n<link rel=\"canonical\" href=\"https:\/\/mwc-cmm.org\/es\/stories\/necesitamos-una-nueva-generacion-de-historias\/\" \/>\n<meta property=\"og:locale\" content=\"es_ES\" \/>\n<meta property=\"og:type\" content=\"article\" \/>\n<meta property=\"og:title\" content=\"Necesitamos una nueva generaci\u00f3n de historias - Mennonite World Conference\" \/>\n<meta property=\"og:description\" content=\"La nueva serie sobre la historia anabautista mundial profundiza en la comprensi\u00f3n de la obra de Dios en el mundo&nbsp; En 1922, cuando Rebecca&nbsp;Sengu&nbsp;ten\u00eda unos 14 a\u00f1os, desafi\u00f3 a su padre y madre, y se inscribi\u00f3 en la escuela menonita para ni\u00f1as de la misi\u00f3n de&nbsp;Nyanga, en lo que hoy es la Rep\u00fablica Democr\u00e1tica del [&hellip;]\" \/>\n<meta property=\"og:url\" content=\"https:\/\/mwc-cmm.org\/es\/stories\/necesitamos-una-nueva-generacion-de-historias\/\" \/>\n<meta property=\"og:site_name\" content=\"Mennonite World Conference\" \/>\n<meta property=\"article:publisher\" content=\"https:\/\/www.facebook.com\/MennoniteWorldConference\" \/>\n<meta property=\"article:published_time\" content=\"2026-01-20T10:20:59+00:00\" \/>\n<meta property=\"article:modified_time\" content=\"2026-01-27T23:25:31+00:00\" \/>\n<meta property=\"og:image\" content=\"https:\/\/mwc-cmm.org\/wp-content\/uploads\/2026\/01\/DSC_4151-1-1024x682-1.jpg\" \/>\n\t<meta property=\"og:image:width\" content=\"1024\" \/>\n\t<meta property=\"og:image:height\" content=\"682\" \/>\n\t<meta property=\"og:image:type\" content=\"image\/jpeg\" \/>\n<meta name=\"author\" content=\"Stephanie Setiawan\" \/>\n<script type=\"application\/ld+json\" class=\"yoast-schema-graph\">{\"@context\":\"https:\/\/schema.org\",\"@graph\":[{\"@type\":\"Article\",\"@id\":\"https:\/\/mwc-cmm.org\/es\/stories\/necesitamos-una-nueva-generacion-de-historias\/#article\",\"isPartOf\":{\"@id\":\"https:\/\/mwc-cmm.org\/es\/stories\/necesitamos-una-nueva-generacion-de-historias\/\"},\"author\":{\"name\":\"Stephanie Setiawan\",\"@id\":\"https:\/\/mwc-cmm.org\/en\/#\/schema\/person\/00b62ed8ea1527254a44f3ace3aee79d\"},\"headline\":\"Necesitamos una nueva generaci\u00f3n de historias\",\"datePublished\":\"2026-01-20T10:20:59+00:00\",\"dateModified\":\"2026-01-27T23:25:31+00:00\",\"mainEntityOfPage\":{\"@id\":\"https:\/\/mwc-cmm.org\/es\/stories\/necesitamos-una-nueva-generacion-de-historias\/\"},\"wordCount\":1090,\"publisher\":{\"@id\":\"https:\/\/mwc-cmm.org\/en\/#organization\"},\"image\":{\"@id\":\"https:\/\/mwc-cmm.org\/es\/stories\/necesitamos-una-nueva-generacion-de-historias\/#primaryimage\"},\"thumbnailUrl\":\"https:\/\/mwc-cmm.org\/wp-content\/uploads\/2026\/01\/DSC_4151-1-1024x682-1.jpg\",\"keywords\":[\"anabautista\",\"historia\"],\"articleSection\":[\"Sin categorizar\"],\"inLanguage\":\"es\"},{\"@type\":\"WebPage\",\"@id\":\"https:\/\/mwc-cmm.org\/es\/stories\/necesitamos-una-nueva-generacion-de-historias\/\",\"url\":\"https:\/\/mwc-cmm.org\/es\/stories\/necesitamos-una-nueva-generacion-de-historias\/\",\"name\":\"Necesitamos una nueva generaci\u00f3n de historias - Mennonite World Conference\",\"isPartOf\":{\"@id\":\"https:\/\/mwc-cmm.org\/en\/#website\"},\"primaryImageOfPage\":{\"@id\":\"https:\/\/mwc-cmm.org\/es\/stories\/necesitamos-una-nueva-generacion-de-historias\/#primaryimage\"},\"image\":{\"@id\":\"https:\/\/mwc-cmm.org\/es\/stories\/necesitamos-una-nueva-generacion-de-historias\/#primaryimage\"},\"thumbnailUrl\":\"https:\/\/mwc-cmm.org\/wp-content\/uploads\/2026\/01\/DSC_4151-1-1024x682-1.jpg\",\"datePublished\":\"2026-01-20T10:20:59+00:00\",\"dateModified\":\"2026-01-27T23:25:31+00:00\",\"breadcrumb\":{\"@id\":\"https:\/\/mwc-cmm.org\/es\/stories\/necesitamos-una-nueva-generacion-de-historias\/#breadcrumb\"},\"inLanguage\":\"es\",\"potentialAction\":[{\"@type\":\"ReadAction\",\"target\":[\"https:\/\/mwc-cmm.org\/es\/stories\/necesitamos-una-nueva-generacion-de-historias\/\"]}]},{\"@type\":\"ImageObject\",\"inLanguage\":\"es\",\"@id\":\"https:\/\/mwc-cmm.org\/es\/stories\/necesitamos-una-nueva-generacion-de-historias\/#primaryimage\",\"url\":\"https:\/\/mwc-cmm.org\/wp-content\/uploads\/2026\/01\/DSC_4151-1-1024x682-1.jpg\",\"contentUrl\":\"https:\/\/mwc-cmm.org\/wp-content\/uploads\/2026\/01\/DSC_4151-1-1024x682-1.jpg\",\"width\":1024,\"height\":682,\"caption\":\"Anicka Fast reading\"},{\"@type\":\"BreadcrumbList\",\"@id\":\"https:\/\/mwc-cmm.org\/es\/stories\/necesitamos-una-nueva-generacion-de-historias\/#breadcrumb\",\"itemListElement\":[{\"@type\":\"ListItem\",\"position\":1,\"name\":\"Home\",\"item\":\"https:\/\/mwc-cmm.org\/es\/\"},{\"@type\":\"ListItem\",\"position\":2,\"name\":\"Necesitamos una nueva generaci\u00f3n de historias\"}]},{\"@type\":\"WebSite\",\"@id\":\"https:\/\/mwc-cmm.org\/en\/#website\",\"url\":\"https:\/\/mwc-cmm.org\/en\/\",\"name\":\"Mennonite World Conference\",\"description\":\"A communion of Anabaptist-related churches\",\"publisher\":{\"@id\":\"https:\/\/mwc-cmm.org\/en\/#organization\"},\"alternateName\":\"MWC\",\"potentialAction\":[{\"@type\":\"SearchAction\",\"target\":{\"@type\":\"EntryPoint\",\"urlTemplate\":\"https:\/\/mwc-cmm.org\/en\/?s={search_term_string}\"},\"query-input\":{\"@type\":\"PropertyValueSpecification\",\"valueRequired\":true,\"valueName\":\"search_term_string\"}}],\"inLanguage\":\"es\"},{\"@type\":\"Organization\",\"@id\":\"https:\/\/mwc-cmm.org\/en\/#organization\",\"name\":\"Mennonite World Conference\",\"alternateName\":\"MWC\",\"url\":\"https:\/\/mwc-cmm.org\/en\/\",\"logo\":{\"@type\":\"ImageObject\",\"inLanguage\":\"es\",\"@id\":\"https:\/\/mwc-cmm.org\/en\/#\/schema\/logo\/image\/\",\"url\":\"https:\/\/mwc-cmm.org\/wp-content\/uploads\/2026\/01\/MWC_Sig_Blue_Horiz_webheader1-logo.svg\",\"contentUrl\":\"https:\/\/mwc-cmm.org\/wp-content\/uploads\/2026\/01\/MWC_Sig_Blue_Horiz_webheader1-logo.svg\",\"width\":786,\"height\":82,\"caption\":\"Mennonite World Conference\"},\"image\":{\"@id\":\"https:\/\/mwc-cmm.org\/en\/#\/schema\/logo\/image\/\"},\"sameAs\":[\"https:\/\/www.facebook.com\/MennoniteWorldConference\",\"https:\/\/www.linkedin.com\/company\/mennonite-world-conference-mwc\/\",\"https:\/\/www.instagram.com\/mwcmm\/\",\"https:\/\/www.youtube.com\/user\/mwccmm\",\"https:\/\/bsky.app\/profile\/mwcmm.bsky.social\"]},{\"@type\":\"Person\",\"@id\":\"https:\/\/mwc-cmm.org\/en\/#\/schema\/person\/00b62ed8ea1527254a44f3ace3aee79d\",\"name\":\"Stephanie Setiawan\",\"image\":{\"@type\":\"ImageObject\",\"inLanguage\":\"es\",\"@id\":\"https:\/\/secure.gravatar.com\/avatar\/71b4b62cf3d0cfb4c8a367a101127ba8adfa1c22417900980ea24f5f4457a76d?s=96&d=mm&r=g\",\"url\":\"https:\/\/secure.gravatar.com\/avatar\/71b4b62cf3d0cfb4c8a367a101127ba8adfa1c22417900980ea24f5f4457a76d?s=96&d=mm&r=g\",\"contentUrl\":\"https:\/\/secure.gravatar.com\/avatar\/71b4b62cf3d0cfb4c8a367a101127ba8adfa1c22417900980ea24f5f4457a76d?s=96&d=mm&r=g\",\"caption\":\"Stephanie Setiawan\"},\"url\":\"https:\/\/mwc-cmm.org\/es\/stories\/author\/stephanie\/\"}]}<\/script>\n<!-- \/ Yoast SEO plugin. -->","yoast_head_json":{"title":"Necesitamos una nueva generaci\u00f3n de historias - Mennonite World Conference","robots":{"index":"index","follow":"follow","max-snippet":"max-snippet:-1","max-image-preview":"max-image-preview:large","max-video-preview":"max-video-preview:-1"},"canonical":"https:\/\/mwc-cmm.org\/es\/stories\/necesitamos-una-nueva-generacion-de-historias\/","og_locale":"es_ES","og_type":"article","og_title":"Necesitamos una nueva generaci\u00f3n de historias - Mennonite World Conference","og_description":"La nueva serie sobre la historia anabautista mundial profundiza en la comprensi\u00f3n de la obra de Dios en el mundo&nbsp; En 1922, cuando Rebecca&nbsp;Sengu&nbsp;ten\u00eda unos 14 a\u00f1os, desafi\u00f3 a su padre y madre, y se inscribi\u00f3 en la escuela menonita para ni\u00f1as de la misi\u00f3n de&nbsp;Nyanga, en lo que hoy es la Rep\u00fablica Democr\u00e1tica del [&hellip;]","og_url":"https:\/\/mwc-cmm.org\/es\/stories\/necesitamos-una-nueva-generacion-de-historias\/","og_site_name":"Mennonite World Conference","article_publisher":"https:\/\/www.facebook.com\/MennoniteWorldConference","article_published_time":"2026-01-20T10:20:59+00:00","article_modified_time":"2026-01-27T23:25:31+00:00","og_image":[{"width":1024,"height":682,"url":"https:\/\/mwc-cmm.org\/wp-content\/uploads\/2026\/01\/DSC_4151-1-1024x682-1.jpg","type":"image\/jpeg"}],"author":"Stephanie Setiawan","schema":{"@context":"https:\/\/schema.org","@graph":[{"@type":"Article","@id":"https:\/\/mwc-cmm.org\/es\/stories\/necesitamos-una-nueva-generacion-de-historias\/#article","isPartOf":{"@id":"https:\/\/mwc-cmm.org\/es\/stories\/necesitamos-una-nueva-generacion-de-historias\/"},"author":{"name":"Stephanie Setiawan","@id":"https:\/\/mwc-cmm.org\/en\/#\/schema\/person\/00b62ed8ea1527254a44f3ace3aee79d"},"headline":"Necesitamos una nueva generaci\u00f3n de historias","datePublished":"2026-01-20T10:20:59+00:00","dateModified":"2026-01-27T23:25:31+00:00","mainEntityOfPage":{"@id":"https:\/\/mwc-cmm.org\/es\/stories\/necesitamos-una-nueva-generacion-de-historias\/"},"wordCount":1090,"publisher":{"@id":"https:\/\/mwc-cmm.org\/en\/#organization"},"image":{"@id":"https:\/\/mwc-cmm.org\/es\/stories\/necesitamos-una-nueva-generacion-de-historias\/#primaryimage"},"thumbnailUrl":"https:\/\/mwc-cmm.org\/wp-content\/uploads\/2026\/01\/DSC_4151-1-1024x682-1.jpg","keywords":["anabautista","historia"],"articleSection":["Sin categorizar"],"inLanguage":"es"},{"@type":"WebPage","@id":"https:\/\/mwc-cmm.org\/es\/stories\/necesitamos-una-nueva-generacion-de-historias\/","url":"https:\/\/mwc-cmm.org\/es\/stories\/necesitamos-una-nueva-generacion-de-historias\/","name":"Necesitamos una nueva generaci\u00f3n de historias - Mennonite World Conference","isPartOf":{"@id":"https:\/\/mwc-cmm.org\/en\/#website"},"primaryImageOfPage":{"@id":"https:\/\/mwc-cmm.org\/es\/stories\/necesitamos-una-nueva-generacion-de-historias\/#primaryimage"},"image":{"@id":"https:\/\/mwc-cmm.org\/es\/stories\/necesitamos-una-nueva-generacion-de-historias\/#primaryimage"},"thumbnailUrl":"https:\/\/mwc-cmm.org\/wp-content\/uploads\/2026\/01\/DSC_4151-1-1024x682-1.jpg","datePublished":"2026-01-20T10:20:59+00:00","dateModified":"2026-01-27T23:25:31+00:00","breadcrumb":{"@id":"https:\/\/mwc-cmm.org\/es\/stories\/necesitamos-una-nueva-generacion-de-historias\/#breadcrumb"},"inLanguage":"es","potentialAction":[{"@type":"ReadAction","target":["https:\/\/mwc-cmm.org\/es\/stories\/necesitamos-una-nueva-generacion-de-historias\/"]}]},{"@type":"ImageObject","inLanguage":"es","@id":"https:\/\/mwc-cmm.org\/es\/stories\/necesitamos-una-nueva-generacion-de-historias\/#primaryimage","url":"https:\/\/mwc-cmm.org\/wp-content\/uploads\/2026\/01\/DSC_4151-1-1024x682-1.jpg","contentUrl":"https:\/\/mwc-cmm.org\/wp-content\/uploads\/2026\/01\/DSC_4151-1-1024x682-1.jpg","width":1024,"height":682,"caption":"Anicka Fast reading"},{"@type":"BreadcrumbList","@id":"https:\/\/mwc-cmm.org\/es\/stories\/necesitamos-una-nueva-generacion-de-historias\/#breadcrumb","itemListElement":[{"@type":"ListItem","position":1,"name":"Home","item":"https:\/\/mwc-cmm.org\/es\/"},{"@type":"ListItem","position":2,"name":"Necesitamos una nueva generaci\u00f3n de historias"}]},{"@type":"WebSite","@id":"https:\/\/mwc-cmm.org\/en\/#website","url":"https:\/\/mwc-cmm.org\/en\/","name":"Mennonite World Conference","description":"A communion of Anabaptist-related churches","publisher":{"@id":"https:\/\/mwc-cmm.org\/en\/#organization"},"alternateName":"MWC","potentialAction":[{"@type":"SearchAction","target":{"@type":"EntryPoint","urlTemplate":"https:\/\/mwc-cmm.org\/en\/?s={search_term_string}"},"query-input":{"@type":"PropertyValueSpecification","valueRequired":true,"valueName":"search_term_string"}}],"inLanguage":"es"},{"@type":"Organization","@id":"https:\/\/mwc-cmm.org\/en\/#organization","name":"Mennonite World Conference","alternateName":"MWC","url":"https:\/\/mwc-cmm.org\/en\/","logo":{"@type":"ImageObject","inLanguage":"es","@id":"https:\/\/mwc-cmm.org\/en\/#\/schema\/logo\/image\/","url":"https:\/\/mwc-cmm.org\/wp-content\/uploads\/2026\/01\/MWC_Sig_Blue_Horiz_webheader1-logo.svg","contentUrl":"https:\/\/mwc-cmm.org\/wp-content\/uploads\/2026\/01\/MWC_Sig_Blue_Horiz_webheader1-logo.svg","width":786,"height":82,"caption":"Mennonite World Conference"},"image":{"@id":"https:\/\/mwc-cmm.org\/en\/#\/schema\/logo\/image\/"},"sameAs":["https:\/\/www.facebook.com\/MennoniteWorldConference","https:\/\/www.linkedin.com\/company\/mennonite-world-conference-mwc\/","https:\/\/www.instagram.com\/mwcmm\/","https:\/\/www.youtube.com\/user\/mwccmm","https:\/\/bsky.app\/profile\/mwcmm.bsky.social"]},{"@type":"Person","@id":"https:\/\/mwc-cmm.org\/en\/#\/schema\/person\/00b62ed8ea1527254a44f3ace3aee79d","name":"Stephanie Setiawan","image":{"@type":"ImageObject","inLanguage":"es","@id":"https:\/\/secure.gravatar.com\/avatar\/71b4b62cf3d0cfb4c8a367a101127ba8adfa1c22417900980ea24f5f4457a76d?s=96&d=mm&r=g","url":"https:\/\/secure.gravatar.com\/avatar\/71b4b62cf3d0cfb4c8a367a101127ba8adfa1c22417900980ea24f5f4457a76d?s=96&d=mm&r=g","contentUrl":"https:\/\/secure.gravatar.com\/avatar\/71b4b62cf3d0cfb4c8a367a101127ba8adfa1c22417900980ea24f5f4457a76d?s=96&d=mm&r=g","caption":"Stephanie Setiawan"},"url":"https:\/\/mwc-cmm.org\/es\/stories\/author\/stephanie\/"}]}},"_links":{"self":[{"href":"https:\/\/mwc-cmm.org\/es\/wp-json\/wp\/v2\/posts\/123200","targetHints":{"allow":["GET"]}}],"collection":[{"href":"https:\/\/mwc-cmm.org\/es\/wp-json\/wp\/v2\/posts"}],"about":[{"href":"https:\/\/mwc-cmm.org\/es\/wp-json\/wp\/v2\/types\/post"}],"author":[{"embeddable":true,"href":"https:\/\/mwc-cmm.org\/es\/wp-json\/wp\/v2\/users\/8"}],"replies":[{"embeddable":true,"href":"https:\/\/mwc-cmm.org\/es\/wp-json\/wp\/v2\/comments?post=123200"}],"version-history":[{"count":0,"href":"https:\/\/mwc-cmm.org\/es\/wp-json\/wp\/v2\/posts\/123200\/revisions"}],"wp:featuredmedia":[{"embeddable":true,"href":"https:\/\/mwc-cmm.org\/es\/wp-json\/wp\/v2\/media\/123195"}],"wp:attachment":[{"href":"https:\/\/mwc-cmm.org\/es\/wp-json\/wp\/v2\/media?parent=123200"}],"wp:term":[{"taxonomy":"category","embeddable":true,"href":"https:\/\/mwc-cmm.org\/es\/wp-json\/wp\/v2\/categories?post=123200"},{"taxonomy":"post_tag","embeddable":true,"href":"https:\/\/mwc-cmm.org\/es\/wp-json\/wp\/v2\/tags?post=123200"},{"taxonomy":"network","embeddable":true,"href":"https:\/\/mwc-cmm.org\/es\/wp-json\/wp\/v2\/network?post=123200"},{"taxonomy":"eventcategory","embeddable":true,"href":"https:\/\/mwc-cmm.org\/es\/wp-json\/wp\/v2\/eventcategory?post=123200"}],"curies":[{"name":"wp","href":"https:\/\/api.w.org\/{rel}","templated":true}]}}