{"id":122213,"date":"2025-12-17T20:03:45","date_gmt":"2025-12-17T20:03:45","guid":{"rendered":"https:\/\/mwc-cmm.org\/?p=122213"},"modified":"2025-12-17T20:03:45","modified_gmt":"2025-12-17T20:03:45","slug":"una-bendicion-no-una-carga","status":"publish","type":"post","link":"https:\/\/mwc-cmm.org\/es\/stories\/una-bendicion-no-una-carga\/","title":{"rendered":"Una bendici\u00f3n, no una carga"},"content":{"rendered":"\n<p>\u201cAsistir a una <a href=\"https:\/\/mwc-cmm.org\/es\/asamblea\/\">Asamblea<\/a> es una experiencia maravillosa. Es una oportunidad para ver otra parte del mundo y conocer a much\u00edsima gente. Aprendemos nuevas maneras de trabajar juntos; nos adaptamos a situaciones que no hab\u00edamos previsto; y, lo m\u00e1s importante, forjamos relaciones\u201d, afirma C\u00e9sar Garc\u00eda, secretario general del CMM.<\/p>\n\n<p>Cuando los l\u00edderes de la Iglesia Meserete Kristos (MKC) informaron al Congreso Mundial Menonita que no podr\u00edan ser anfitriones de la Asamblea en el 2028, no hubo duda en detener los planes para Etiop\u00eda. \u201cOrganizar una Asamblea debe ser una bendici\u00f3n para la iglesia\u201d, expresa C\u00e9sar Garc\u00eda. \u201cSi la tarea representa una carga, entonces necesitamos elaborar otro plan\u201d.<\/p>\n\n<p>La iglesia MKC declara claramente que si [algunos miembros del CMM permiten que las congregaciones afirmen las relaciones entre personas del mismo sexo], la Iglesia Meserete Kristos no podr\u00e1 ser sede de la Asamblea del 2028 en Etiop\u00eda. Esta decisi\u00f3n se basa en convicciones teol\u00f3gicas y fidelidad a las Escrituras, y no debe interpretarse como un acto de rechazo, condena u odio hacia ninguna persona o iglesia. M\u00e1s bien, es un paso que se toma para preservar la comprensi\u00f3n de MKC de la ense\u00f1anza b\u00edblica sobre el matrimonio mientras se mantiene la integridad de su participaci\u00f3n en la comunidad anabautista mundial\u2026\u201d, expresa Desalegn Abebe, presidente de MKC.<\/p>\n\n<p>\u201cContinuamos valorando la comuni\u00f3n, el di\u00e1logo y el respeto mutuo con todos los socios anabautistas que comparten un compromiso con Cristo y sus ense\u00f1anzas. La oraci\u00f3n y la esperanza de MKC es que, incluso en medio de estos dif\u00edciles discernimientos, la comunidad anabautista en general permanezca unida en el amor, la verdad y la misi\u00f3n compartida, y que todas las decisiones reflejen integridad, fidelidad y compasi\u00f3n\u201d.<\/p>\n\n<p>\u201cMKC es un miembro valioso y que contribuye al Congreso Mundial Menonita\u201d, declara C\u00e9sar Garc\u00eda.<\/p>\n\n<p>\u201cRespetamos los procesos de discernimiento que cada una de nuestras iglesias miembro ha seguido para llegar a sus posiciones teol\u00f3gicas. Los principios fundamentales que todos los miembros del CMM acuerdan son nuestras Convicciones Compartidas, las cuales fueron discernidas conjuntamente y aprobadas por consenso en el Concilio General del 2006\u201d.<\/p>\n\n<p>La iglesia miembro nacional m\u00e1s grande del CMM ha contribuido significativamente al liderazgo del CMM. El primer presidente del CMM que proven\u00eda de fuera de los miembros originales de Norteam\u00e9rica y Europa pertenec\u00eda a MKC (1973-1978). Posteriormente, un vicepresidente fue miembro de MKC en Etiop\u00eda (1997-2003).<\/p>\n\n<p>Ha habido una representaci\u00f3n continua de MKC en las Comisiones, incluido el presidente de la Comisi\u00f3n de Paz (2009-2012), miembros en las comisiones de Fe y Vida y la de Di\u00e1conos, en los comit\u00e9s de coordinaci\u00f3n de las redes de servicio (GASN) y educaci\u00f3n (GAHEN), y el secretario de los Di\u00e1conos (2022 hasta la actualidad).<\/p>\n\n<p>Los asuntos que amenazan con dividirnos pueden cambiar, pero \u201ccada nueva generaci\u00f3n necesita enfrentarse a la pregunta: \u00bfvamos a estar juntos a pesar de las diferencias?\u201d, menciona C\u00e9sar Garc\u00eda.<\/p>\n\n<p>\u201cNuestro llamado a la unidad no se trata de mantener una instituci\u00f3n en funcionamiento; es un llamado del Evangelio a vivir la unidad como manifestaci\u00f3n del cuerpo de Cristo\u201d, explica C\u00e9sar Garc\u00eda. \u201cNo somos nada si mantenemos la unidad institucional, pero las iglesias no pueden hablar juntas\u201d.<\/p>\n\n<p>\u201cPrecisamente por la importancia de las relaciones, el Comit\u00e9 Ejecutivo ha decidido buscar otra sede para la Asamblea en el 2028\u201d, afirma Henk Stenvers, presidente del CMM. \u201cLas relaciones se forjan al pasar tiempo juntos, no solo en reuniones (que pueden llevarse a cabo por Zoom), sino tambi\u00e9n compartiendo comidas, celebrando juntos el culto, compartiendo la comuni\u00f3n, orando, cantando las canciones de los otros, viajando juntos en autob\u00fas o taxi, sirviendo hombro a hombro en la preparaci\u00f3n de alimentos o pintando una escuela. Necesitamos estar reunidos para vivir la unidad juntos\u201d.<\/p>\n\n<p>\u201cInvitamos a nuestras iglesias miembro, especialmente a las de \u00c1frica, a considerar esta oportunidad de servir como anfitrionas de la familia mundial reunida\u201d, afirma Liesa Unger, directora de eventos internacionales. \u201cEstudiaremos propuestas de anfitriones en los pr\u00f3ximos meses y, tenemos la esperanza de que, en 2026, anunciaremos una nueva fecha y lugar\u201d.<\/p>\n\n<hr class=\"wp-block-separator has-alpha-channel-opacity\"\/>\n<div class=\"taxonomy-post_tag has-link-color wp-elements-4795dccc25dd561b10d5c166c095ced0 wp-block-post-terms has-text-color has-gray-color has-small-font-size\"><a href=\"https:\/\/mwc-cmm.org\/es\/stories\/tag\/assembly-es\/\" rel=\"tag\">Asamblea<\/a><span class=\"wp-block-post-terms__separator\">, <\/span><a href=\"https:\/\/mwc-cmm.org\/es\/stories\/tag\/iglesias-miembro\/\" rel=\"tag\">iglesias miembro<\/a><\/div>\n<p><\/p>\n","protected":false},"excerpt":{"rendered":"<p>\u201cAsistir a una Asamblea es una experiencia maravillosa. Es una oportunidad para ver otra parte del mundo y conocer a much\u00edsima gente. Aprendemos nuevas maneras de trabajar juntos; nos adaptamos a situaciones que no hab\u00edamos previsto; y, lo m\u00e1s importante, forjamos relaciones\u201d, afirma C\u00e9sar Garc\u00eda, secretario general del CMM. Cuando los l\u00edderes de la Iglesia [&hellip;]<\/p>\n","protected":false},"author":8,"featured_media":122271,"comment_status":"closed","ping_status":"closed","sticky":false,"template":"","format":"standard","meta":{"_acf_changed":false,"footnotes":""},"categories":[6],"tags":[1154,1595],"network":[],"eventcategory":[1493,1493,1493,1493,1493,1493],"class_list":["post-122213","post","type-post","status-publish","format-standard","has-post-thumbnail","hentry","category-sin-categorizar","tag-assembly-es","tag-iglesias-miembro","eventcategory-assembly-es"],"acf":[],"yoast_head":"<!-- This site is optimized with the Yoast SEO plugin v27.5 - https:\/\/yoast.com\/product\/yoast-seo-wordpress\/ -->\n<title>Una bendici\u00f3n, no una carga - Mennonite World Conference<\/title>\n<meta name=\"robots\" content=\"index, follow, max-snippet:-1, max-image-preview:large, max-video-preview:-1\" \/>\n<link rel=\"canonical\" href=\"https:\/\/mwc-cmm.org\/es\/stories\/una-bendicion-no-una-carga\/\" \/>\n<meta property=\"og:locale\" content=\"es_ES\" \/>\n<meta property=\"og:type\" content=\"article\" \/>\n<meta property=\"og:title\" content=\"Una bendici\u00f3n, no una carga - Mennonite World Conference\" \/>\n<meta property=\"og:description\" content=\"\u201cAsistir a una Asamblea es una experiencia maravillosa. Es una oportunidad para ver otra parte del mundo y conocer a much\u00edsima gente. Aprendemos nuevas maneras de trabajar juntos; nos adaptamos a situaciones que no hab\u00edamos previsto; y, lo m\u00e1s importante, forjamos relaciones\u201d, afirma C\u00e9sar Garc\u00eda, secretario general del CMM. Cuando los l\u00edderes de la Iglesia [&hellip;]\" \/>\n<meta property=\"og:url\" content=\"https:\/\/mwc-cmm.org\/es\/stories\/una-bendicion-no-una-carga\/\" \/>\n<meta property=\"og:site_name\" content=\"Mennonite World Conference\" \/>\n<meta property=\"article:publisher\" content=\"https:\/\/www.facebook.com\/MennoniteWorldConference\" \/>\n<meta property=\"article:published_time\" content=\"2025-12-17T20:03:45+00:00\" \/>\n<meta name=\"author\" content=\"Stephanie Setiawan\" \/>\n<script type=\"application\/ld+json\" class=\"yoast-schema-graph\">{\"@context\":\"https:\\\/\\\/schema.org\",\"@graph\":[{\"@type\":\"Article\",\"@id\":\"https:\\\/\\\/mwc-cmm.org\\\/es\\\/stories\\\/una-bendicion-no-una-carga\\\/#article\",\"isPartOf\":{\"@id\":\"https:\\\/\\\/mwc-cmm.org\\\/es\\\/stories\\\/una-bendicion-no-una-carga\\\/\"},\"author\":{\"name\":\"Stephanie Setiawan\",\"@id\":\"https:\\\/\\\/mwc-cmm.org\\\/en\\\/#\\\/schema\\\/person\\\/00b62ed8ea1527254a44f3ace3aee79d\"},\"headline\":\"Una bendici\u00f3n, no una carga\",\"datePublished\":\"2025-12-17T20:03:45+00:00\",\"mainEntityOfPage\":{\"@id\":\"https:\\\/\\\/mwc-cmm.org\\\/es\\\/stories\\\/una-bendicion-no-una-carga\\\/\"},\"wordCount\":717,\"publisher\":{\"@id\":\"https:\\\/\\\/mwc-cmm.org\\\/en\\\/#organization\"},\"image\":{\"@id\":\"https:\\\/\\\/mwc-cmm.org\\\/es\\\/stories\\\/una-bendicion-no-una-carga\\\/#primaryimage\"},\"thumbnailUrl\":\"https:\\\/\\\/mwc-cmm.org\\\/wp-content\\\/uploads\\\/2025\\\/12\\\/MWC-assembly.jpg\",\"keywords\":[\"Asamblea\",\"iglesias miembro\"],\"articleSection\":[\"Sin categorizar\"],\"inLanguage\":\"es\"},{\"@type\":\"WebPage\",\"@id\":\"https:\\\/\\\/mwc-cmm.org\\\/es\\\/stories\\\/una-bendicion-no-una-carga\\\/\",\"url\":\"https:\\\/\\\/mwc-cmm.org\\\/es\\\/stories\\\/una-bendicion-no-una-carga\\\/\",\"name\":\"Una bendici\u00f3n, no una carga - Mennonite World Conference\",\"isPartOf\":{\"@id\":\"https:\\\/\\\/mwc-cmm.org\\\/en\\\/#website\"},\"primaryImageOfPage\":{\"@id\":\"https:\\\/\\\/mwc-cmm.org\\\/es\\\/stories\\\/una-bendicion-no-una-carga\\\/#primaryimage\"},\"image\":{\"@id\":\"https:\\\/\\\/mwc-cmm.org\\\/es\\\/stories\\\/una-bendicion-no-una-carga\\\/#primaryimage\"},\"thumbnailUrl\":\"https:\\\/\\\/mwc-cmm.org\\\/wp-content\\\/uploads\\\/2025\\\/12\\\/MWC-assembly.jpg\",\"datePublished\":\"2025-12-17T20:03:45+00:00\",\"breadcrumb\":{\"@id\":\"https:\\\/\\\/mwc-cmm.org\\\/es\\\/stories\\\/una-bendicion-no-una-carga\\\/#breadcrumb\"},\"inLanguage\":\"es\",\"potentialAction\":[{\"@type\":\"ReadAction\",\"target\":[\"https:\\\/\\\/mwc-cmm.org\\\/es\\\/stories\\\/una-bendicion-no-una-carga\\\/\"]}]},{\"@type\":\"ImageObject\",\"inLanguage\":\"es\",\"@id\":\"https:\\\/\\\/mwc-cmm.org\\\/es\\\/stories\\\/una-bendicion-no-una-carga\\\/#primaryimage\",\"url\":\"https:\\\/\\\/mwc-cmm.org\\\/wp-content\\\/uploads\\\/2025\\\/12\\\/MWC-assembly.jpg\",\"contentUrl\":\"https:\\\/\\\/mwc-cmm.org\\\/wp-content\\\/uploads\\\/2025\\\/12\\\/MWC-assembly.jpg\",\"width\":1366,\"height\":768},{\"@type\":\"BreadcrumbList\",\"@id\":\"https:\\\/\\\/mwc-cmm.org\\\/es\\\/stories\\\/una-bendicion-no-una-carga\\\/#breadcrumb\",\"itemListElement\":[{\"@type\":\"ListItem\",\"position\":1,\"name\":\"Home\",\"item\":\"https:\\\/\\\/mwc-cmm.org\\\/es\\\/\"},{\"@type\":\"ListItem\",\"position\":2,\"name\":\"Una bendici\u00f3n, no una carga\"}]},{\"@type\":\"WebSite\",\"@id\":\"https:\\\/\\\/mwc-cmm.org\\\/en\\\/#website\",\"url\":\"https:\\\/\\\/mwc-cmm.org\\\/en\\\/\",\"name\":\"Mennonite World Conference\",\"description\":\"A communion of Anabaptist-related churches\",\"publisher\":{\"@id\":\"https:\\\/\\\/mwc-cmm.org\\\/en\\\/#organization\"},\"alternateName\":\"MWC\",\"potentialAction\":[{\"@type\":\"SearchAction\",\"target\":{\"@type\":\"EntryPoint\",\"urlTemplate\":\"https:\\\/\\\/mwc-cmm.org\\\/en\\\/?s={search_term_string}\"},\"query-input\":{\"@type\":\"PropertyValueSpecification\",\"valueRequired\":true,\"valueName\":\"search_term_string\"}}],\"inLanguage\":\"es\"},{\"@type\":\"Organization\",\"@id\":\"https:\\\/\\\/mwc-cmm.org\\\/en\\\/#organization\",\"name\":\"Mennonite World Conference\",\"alternateName\":\"MWC\",\"url\":\"https:\\\/\\\/mwc-cmm.org\\\/en\\\/\",\"logo\":{\"@type\":\"ImageObject\",\"inLanguage\":\"es\",\"@id\":\"https:\\\/\\\/mwc-cmm.org\\\/en\\\/#\\\/schema\\\/logo\\\/image\\\/\",\"url\":\"https:\\\/\\\/mwc-cmm.org\\\/wp-content\\\/uploads\\\/2026\\\/01\\\/MWC_Sig_Blue_Horiz_webheader1-logo.svg\",\"contentUrl\":\"https:\\\/\\\/mwc-cmm.org\\\/wp-content\\\/uploads\\\/2026\\\/01\\\/MWC_Sig_Blue_Horiz_webheader1-logo.svg\",\"width\":786,\"height\":82,\"caption\":\"Mennonite World Conference\"},\"image\":{\"@id\":\"https:\\\/\\\/mwc-cmm.org\\\/en\\\/#\\\/schema\\\/logo\\\/image\\\/\"},\"sameAs\":[\"https:\\\/\\\/www.facebook.com\\\/MennoniteWorldConference\",\"https:\\\/\\\/www.linkedin.com\\\/company\\\/mennonite-world-conference-mwc\\\/\",\"https:\\\/\\\/www.instagram.com\\\/mwcmm\\\/\",\"https:\\\/\\\/www.youtube.com\\\/user\\\/mwccmm\",\"https:\\\/\\\/bsky.app\\\/profile\\\/mwcmm.bsky.social\"]},{\"@type\":\"Person\",\"@id\":\"https:\\\/\\\/mwc-cmm.org\\\/en\\\/#\\\/schema\\\/person\\\/00b62ed8ea1527254a44f3ace3aee79d\",\"name\":\"Stephanie Setiawan\",\"image\":{\"@type\":\"ImageObject\",\"inLanguage\":\"es\",\"@id\":\"https:\\\/\\\/secure.gravatar.com\\\/avatar\\\/71b4b62cf3d0cfb4c8a367a101127ba8adfa1c22417900980ea24f5f4457a76d?s=96&d=mm&r=g\",\"url\":\"https:\\\/\\\/secure.gravatar.com\\\/avatar\\\/71b4b62cf3d0cfb4c8a367a101127ba8adfa1c22417900980ea24f5f4457a76d?s=96&d=mm&r=g\",\"contentUrl\":\"https:\\\/\\\/secure.gravatar.com\\\/avatar\\\/71b4b62cf3d0cfb4c8a367a101127ba8adfa1c22417900980ea24f5f4457a76d?s=96&d=mm&r=g\",\"caption\":\"Stephanie Setiawan\"},\"url\":\"https:\\\/\\\/mwc-cmm.org\\\/es\\\/stories\\\/author\\\/stephanie\\\/\"}]}<\/script>\n<!-- \/ Yoast SEO plugin. -->","yoast_head_json":{"title":"Una bendici\u00f3n, no una carga - Mennonite World Conference","robots":{"index":"index","follow":"follow","max-snippet":"max-snippet:-1","max-image-preview":"max-image-preview:large","max-video-preview":"max-video-preview:-1"},"canonical":"https:\/\/mwc-cmm.org\/es\/stories\/una-bendicion-no-una-carga\/","og_locale":"es_ES","og_type":"article","og_title":"Una bendici\u00f3n, no una carga - Mennonite World Conference","og_description":"\u201cAsistir a una Asamblea es una experiencia maravillosa. Es una oportunidad para ver otra parte del mundo y conocer a much\u00edsima gente. Aprendemos nuevas maneras de trabajar juntos; nos adaptamos a situaciones que no hab\u00edamos previsto; y, lo m\u00e1s importante, forjamos relaciones\u201d, afirma C\u00e9sar Garc\u00eda, secretario general del CMM. Cuando los l\u00edderes de la Iglesia [&hellip;]","og_url":"https:\/\/mwc-cmm.org\/es\/stories\/una-bendicion-no-una-carga\/","og_site_name":"Mennonite World Conference","article_publisher":"https:\/\/www.facebook.com\/MennoniteWorldConference","article_published_time":"2025-12-17T20:03:45+00:00","author":"Stephanie Setiawan","schema":{"@context":"https:\/\/schema.org","@graph":[{"@type":"Article","@id":"https:\/\/mwc-cmm.org\/es\/stories\/una-bendicion-no-una-carga\/#article","isPartOf":{"@id":"https:\/\/mwc-cmm.org\/es\/stories\/una-bendicion-no-una-carga\/"},"author":{"name":"Stephanie Setiawan","@id":"https:\/\/mwc-cmm.org\/en\/#\/schema\/person\/00b62ed8ea1527254a44f3ace3aee79d"},"headline":"Una bendici\u00f3n, no una carga","datePublished":"2025-12-17T20:03:45+00:00","mainEntityOfPage":{"@id":"https:\/\/mwc-cmm.org\/es\/stories\/una-bendicion-no-una-carga\/"},"wordCount":717,"publisher":{"@id":"https:\/\/mwc-cmm.org\/en\/#organization"},"image":{"@id":"https:\/\/mwc-cmm.org\/es\/stories\/una-bendicion-no-una-carga\/#primaryimage"},"thumbnailUrl":"https:\/\/mwc-cmm.org\/wp-content\/uploads\/2025\/12\/MWC-assembly.jpg","keywords":["Asamblea","iglesias miembro"],"articleSection":["Sin categorizar"],"inLanguage":"es"},{"@type":"WebPage","@id":"https:\/\/mwc-cmm.org\/es\/stories\/una-bendicion-no-una-carga\/","url":"https:\/\/mwc-cmm.org\/es\/stories\/una-bendicion-no-una-carga\/","name":"Una bendici\u00f3n, no una carga - Mennonite World Conference","isPartOf":{"@id":"https:\/\/mwc-cmm.org\/en\/#website"},"primaryImageOfPage":{"@id":"https:\/\/mwc-cmm.org\/es\/stories\/una-bendicion-no-una-carga\/#primaryimage"},"image":{"@id":"https:\/\/mwc-cmm.org\/es\/stories\/una-bendicion-no-una-carga\/#primaryimage"},"thumbnailUrl":"https:\/\/mwc-cmm.org\/wp-content\/uploads\/2025\/12\/MWC-assembly.jpg","datePublished":"2025-12-17T20:03:45+00:00","breadcrumb":{"@id":"https:\/\/mwc-cmm.org\/es\/stories\/una-bendicion-no-una-carga\/#breadcrumb"},"inLanguage":"es","potentialAction":[{"@type":"ReadAction","target":["https:\/\/mwc-cmm.org\/es\/stories\/una-bendicion-no-una-carga\/"]}]},{"@type":"ImageObject","inLanguage":"es","@id":"https:\/\/mwc-cmm.org\/es\/stories\/una-bendicion-no-una-carga\/#primaryimage","url":"https:\/\/mwc-cmm.org\/wp-content\/uploads\/2025\/12\/MWC-assembly.jpg","contentUrl":"https:\/\/mwc-cmm.org\/wp-content\/uploads\/2025\/12\/MWC-assembly.jpg","width":1366,"height":768},{"@type":"BreadcrumbList","@id":"https:\/\/mwc-cmm.org\/es\/stories\/una-bendicion-no-una-carga\/#breadcrumb","itemListElement":[{"@type":"ListItem","position":1,"name":"Home","item":"https:\/\/mwc-cmm.org\/es\/"},{"@type":"ListItem","position":2,"name":"Una bendici\u00f3n, no una carga"}]},{"@type":"WebSite","@id":"https:\/\/mwc-cmm.org\/en\/#website","url":"https:\/\/mwc-cmm.org\/en\/","name":"Mennonite World Conference","description":"A communion of Anabaptist-related churches","publisher":{"@id":"https:\/\/mwc-cmm.org\/en\/#organization"},"alternateName":"MWC","potentialAction":[{"@type":"SearchAction","target":{"@type":"EntryPoint","urlTemplate":"https:\/\/mwc-cmm.org\/en\/?s={search_term_string}"},"query-input":{"@type":"PropertyValueSpecification","valueRequired":true,"valueName":"search_term_string"}}],"inLanguage":"es"},{"@type":"Organization","@id":"https:\/\/mwc-cmm.org\/en\/#organization","name":"Mennonite World Conference","alternateName":"MWC","url":"https:\/\/mwc-cmm.org\/en\/","logo":{"@type":"ImageObject","inLanguage":"es","@id":"https:\/\/mwc-cmm.org\/en\/#\/schema\/logo\/image\/","url":"https:\/\/mwc-cmm.org\/wp-content\/uploads\/2026\/01\/MWC_Sig_Blue_Horiz_webheader1-logo.svg","contentUrl":"https:\/\/mwc-cmm.org\/wp-content\/uploads\/2026\/01\/MWC_Sig_Blue_Horiz_webheader1-logo.svg","width":786,"height":82,"caption":"Mennonite World Conference"},"image":{"@id":"https:\/\/mwc-cmm.org\/en\/#\/schema\/logo\/image\/"},"sameAs":["https:\/\/www.facebook.com\/MennoniteWorldConference","https:\/\/www.linkedin.com\/company\/mennonite-world-conference-mwc\/","https:\/\/www.instagram.com\/mwcmm\/","https:\/\/www.youtube.com\/user\/mwccmm","https:\/\/bsky.app\/profile\/mwcmm.bsky.social"]},{"@type":"Person","@id":"https:\/\/mwc-cmm.org\/en\/#\/schema\/person\/00b62ed8ea1527254a44f3ace3aee79d","name":"Stephanie Setiawan","image":{"@type":"ImageObject","inLanguage":"es","@id":"https:\/\/secure.gravatar.com\/avatar\/71b4b62cf3d0cfb4c8a367a101127ba8adfa1c22417900980ea24f5f4457a76d?s=96&d=mm&r=g","url":"https:\/\/secure.gravatar.com\/avatar\/71b4b62cf3d0cfb4c8a367a101127ba8adfa1c22417900980ea24f5f4457a76d?s=96&d=mm&r=g","contentUrl":"https:\/\/secure.gravatar.com\/avatar\/71b4b62cf3d0cfb4c8a367a101127ba8adfa1c22417900980ea24f5f4457a76d?s=96&d=mm&r=g","caption":"Stephanie Setiawan"},"url":"https:\/\/mwc-cmm.org\/es\/stories\/author\/stephanie\/"}]}},"_links":{"self":[{"href":"https:\/\/mwc-cmm.org\/es\/wp-json\/wp\/v2\/posts\/122213","targetHints":{"allow":["GET"]}}],"collection":[{"href":"https:\/\/mwc-cmm.org\/es\/wp-json\/wp\/v2\/posts"}],"about":[{"href":"https:\/\/mwc-cmm.org\/es\/wp-json\/wp\/v2\/types\/post"}],"author":[{"embeddable":true,"href":"https:\/\/mwc-cmm.org\/es\/wp-json\/wp\/v2\/users\/8"}],"replies":[{"embeddable":true,"href":"https:\/\/mwc-cmm.org\/es\/wp-json\/wp\/v2\/comments?post=122213"}],"version-history":[{"count":0,"href":"https:\/\/mwc-cmm.org\/es\/wp-json\/wp\/v2\/posts\/122213\/revisions"}],"wp:featuredmedia":[{"embeddable":true,"href":"https:\/\/mwc-cmm.org\/es\/wp-json\/wp\/v2\/media\/122271"}],"wp:attachment":[{"href":"https:\/\/mwc-cmm.org\/es\/wp-json\/wp\/v2\/media?parent=122213"}],"wp:term":[{"taxonomy":"category","embeddable":true,"href":"https:\/\/mwc-cmm.org\/es\/wp-json\/wp\/v2\/categories?post=122213"},{"taxonomy":"post_tag","embeddable":true,"href":"https:\/\/mwc-cmm.org\/es\/wp-json\/wp\/v2\/tags?post=122213"},{"taxonomy":"network","embeddable":true,"href":"https:\/\/mwc-cmm.org\/es\/wp-json\/wp\/v2\/network?post=122213"},{"taxonomy":"eventcategory","embeddable":true,"href":"https:\/\/mwc-cmm.org\/es\/wp-json\/wp\/v2\/eventcategory?post=122213"}],"curies":[{"name":"wp","href":"https:\/\/api.w.org\/{rel}","templated":true}]}}