{"id":120236,"date":"2025-10-29T13:42:33","date_gmt":"2025-10-29T13:42:33","guid":{"rendered":"https:\/\/mwc-cmm.org\/?p=120236"},"modified":"2025-11-04T09:32:00","modified_gmt":"2025-11-04T09:32:00","slug":"una-celebracion-de-reconciliacion","status":"publish","type":"post","link":"https:\/\/mwc-cmm.org\/es\/stories\/una-celebracion-de-reconciliacion\/","title":{"rendered":"Una celebraci\u00f3n de reconciliaci\u00f3n"},"content":{"rendered":"\n<p>Las campanas resonaron por toda la ciudad llena de anabautistas. Se estima que m\u00e1s de 3.500 personas colmaron las calles del casco antiguo de Z\u00farich el 29 de mayo del 2025, D\u00eda de la Ascensi\u00f3n, para conmemorar el&nbsp;quincentenario&nbsp;del&nbsp;anabautismo.&nbsp;<\/p>\n\n\n\n<p>\u201cHoy en d\u00eda, como menonitas de Suiza, somos una comunidad peque\u00f1a\u201d, afirmaron Gladys Geiser y Lukas&nbsp;Amstutz, copresidentes de la&nbsp;Konferenz&nbsp;der&nbsp;Mennoniten&nbsp;der&nbsp;Schweiz, en la apertura del culto. En la ciudad anfitriona tuvieron lugar los primeros bautismos de adultos conocidos del movimiento anabautista. \u201cPero como podemos ver en este culto, somos parte de un movimiento que se ha hecho m\u00e1s diverso e\u202finternacional.\u201d&nbsp;<\/p>\n\n\n\n<p class=\"has-text-align-right\"><em><a href=\"#sptop\">Una celebraci\u00f3n de reconciliaci\u00f3n<\/a><\/em><\/p>\n\n\n\n<h3 class=\"wp-block-heading\">Todas las naciones juntas&nbsp;<\/h3>\n\n\n\n<p>Desde sus inicios con unos pocos creyentes valientes en Europa, actualmente el Congreso Mundial Menonita tiene 111 iglesias miembros (tras la reuni\u00f3n del Comit\u00e9 Ejecutivo realizada unos d\u00edas antes en Alemania) en 61 pa\u00edses de todo el\u202fmundo.&nbsp;<\/p>\n\n\n\n<p>\u201cHoy todos podemos reunirnos aqu\u00ed, todas las naciones, como dice la Palabra: todas las naciones, todas las tribus, todos los idiomas. Esto es especial porque \u00fanicamente el Se\u00f1or puede hacer tales cosas\u201d, expres\u00f3 Jean-Claude&nbsp;Ambeke, de los Hermanos Menonitas de Angola, que actualmente vive en\u202fFrancia.&nbsp;<\/p>\n\n\n\n<p>Una ma\u00f1ana algo nublada se convirti\u00f3 en un d\u00eda soleado para caminar por las calles hist\u00f3ricas, abarrotar las salas de conferencias o escuchar los coros. Incluso hab\u00eda un vendedor ambulante que repart\u00eda helados, cortes\u00eda de la Iglesia Reformada.&nbsp;<\/p>\n\n\n\n<p>Los participantes pod\u00edan estirar las piernas mientras segu\u00edan un recorrido hist\u00f3rico a pie o se hac\u00edan dramatizaciones en escenarios denominados \u201csenderos con historia\u201d, mientras que m\u00e1s de una docena de talleres brindaban perspectivas sobre el&nbsp;anabautismo: testimonios, estudios hist\u00f3ricos y asuntos actuales. Adem\u00e1s, la te\u00f3loga y periodista suiza Judith&nbsp;Wipfler&nbsp;presidi\u00f3 una mesa redonda en que se reflexion\u00f3 sobre \u201cun mundo en llamas\u201d, junto con l\u00edderes anabautistas que actualmente viven en zonas de conflicto que conllevan grandes desaf\u00edos.&nbsp;<\/p>\n\n\n\n<p>Cinco coros de todo del mundo dieron conciertos en un espacio cubierto y al aire libre, y se sumaron a un coro masivo para el culto. Dirigieron temas favoritos de las Asambleas como&nbsp;<em>Ewe<\/em>&nbsp;<em>Thina<\/em>&nbsp;y&nbsp;<em>Kirisuto&nbsp;no&nbsp;heiwa&nbsp;ga<\/em>. El grupo musical suizo&nbsp;<em>Songs&nbsp;of&nbsp;Peace<\/em>&nbsp;present\u00f3 una nueva canci\u00f3n con un coro que exclamaba, \u201c\u00a1Queremos justicia, queremos\u202fpaz!\u201d&nbsp;<\/p>\n\n\n\n<div class=\"wp-block-cb-carousel-v2 cb-carousel-block\" data-cb-slides-per-view=\"1\" data-cb-slides-per-group=\"1\" data-cb-space-between=\"15\" data-cb-speed=\"300\" data-cb-navigation=\"true\" data-cb-pagination=\"true\" data-cb-breakpoints=\"{&quot;768&quot;:{&quot;slidesPerView&quot;:3,&quot;slidesPerGroup&quot;:1}}\"><div class=\"swiper\"><div class=\"cb-wrapper swiper-wrapper\">\n<div class=\"wp-block-cb-slide-v2 cb-slide swiper-slide\">\n<figure class=\"wp-block-embed is-type-video is-provider-youtube wp-block-embed-youtube wp-embed-aspect-16-9 wp-has-aspect-ratio\"><div class=\"wp-block-embed__wrapper\">\n<iframe title=\"Anabaptism@500 - Gro\u00dfer Gott Holy God, We Praise Thy Name\" width=\"500\" height=\"281\" data-src=\"https:\/\/www.youtube.com\/embed\/tmbOuOUNOZ4?feature=oembed\" frameborder=\"0\" allow=\"accelerometer; autoplay; clipboard-write; encrypted-media; gyroscope; picture-in-picture; web-share\" referrerpolicy=\"strict-origin-when-cross-origin\" allowfullscreen src=\"data:image\/svg+xml;base64,PHN2ZyB3aWR0aD0iMSIgaGVpZ2h0PSIxIiB4bWxucz0iaHR0cDovL3d3dy53My5vcmcvMjAwMC9zdmciPjwvc3ZnPg==\" class=\"lazyload\" data-load-mode=\"1\"><\/iframe>\n<\/div><\/figure>\n<\/div>\n\n\n\n<div class=\"wp-block-cb-slide-v2 cb-slide swiper-slide\">\n<figure class=\"wp-block-embed is-type-video is-provider-youtube wp-block-embed-youtube wp-embed-aspect-16-9 wp-has-aspect-ratio\"><div class=\"wp-block-embed__wrapper\">\n<iframe title=\"Anabaptism@500 - Cantai ao Senhor Oh, Sing to the Lord\" width=\"500\" height=\"281\" data-src=\"https:\/\/www.youtube.com\/embed\/BMskyGz8DHE?feature=oembed\" frameborder=\"0\" allow=\"accelerometer; autoplay; clipboard-write; encrypted-media; gyroscope; picture-in-picture; web-share\" referrerpolicy=\"strict-origin-when-cross-origin\" allowfullscreen src=\"data:image\/svg+xml;base64,PHN2ZyB3aWR0aD0iMSIgaGVpZ2h0PSIxIiB4bWxucz0iaHR0cDovL3d3dy53My5vcmcvMjAwMC9zdmciPjwvc3ZnPg==\" class=\"lazyload\" data-load-mode=\"1\"><\/iframe>\n<\/div><\/figure>\n<\/div>\n\n\n\n<div class=\"wp-block-cb-slide-v2 cb-slide swiper-slide\">\n<figure class=\"wp-block-embed is-type-video is-provider-youtube wp-block-embed-youtube wp-embed-aspect-16-9 wp-has-aspect-ratio\"><div class=\"wp-block-embed__wrapper\">\n<iframe title=\"Anabaptism@500 - Ewe Thina We Walk This Way\" width=\"500\" height=\"281\" data-src=\"https:\/\/www.youtube.com\/embed\/1XjV7NMHH1E?feature=oembed\" frameborder=\"0\" allow=\"accelerometer; autoplay; clipboard-write; encrypted-media; gyroscope; picture-in-picture; web-share\" referrerpolicy=\"strict-origin-when-cross-origin\" allowfullscreen src=\"data:image\/svg+xml;base64,PHN2ZyB3aWR0aD0iMSIgaGVpZ2h0PSIxIiB4bWxucz0iaHR0cDovL3d3dy53My5vcmcvMjAwMC9zdmciPjwvc3ZnPg==\" class=\"lazyload\" data-load-mode=\"1\"><\/iframe>\n<\/div><\/figure>\n<\/div>\n\n\n\n<div class=\"wp-block-cb-slide-v2 cb-slide swiper-slide\">\n<figure class=\"wp-block-embed is-type-video is-provider-youtube wp-block-embed-youtube wp-embed-aspect-16-9 wp-has-aspect-ratio\"><div class=\"wp-block-embed__wrapper\">\n<iframe title=\"Anabaptism@500 - Kirisuto No Heiwa Ga (May the Peace of Christ)\" width=\"500\" height=\"281\" data-src=\"https:\/\/www.youtube.com\/embed\/xex4tQPpeWo?feature=oembed\" frameborder=\"0\" allow=\"accelerometer; autoplay; clipboard-write; encrypted-media; gyroscope; picture-in-picture; web-share\" referrerpolicy=\"strict-origin-when-cross-origin\" allowfullscreen src=\"data:image\/svg+xml;base64,PHN2ZyB3aWR0aD0iMSIgaGVpZ2h0PSIxIiB4bWxucz0iaHR0cDovL3d3dy53My5vcmcvMjAwMC9zdmciPjwvc3ZnPg==\" class=\"lazyload\" data-load-mode=\"1\"><\/iframe>\n<\/div><\/figure>\n<\/div>\n\n\n\n<div class=\"wp-block-cb-slide-v2 cb-slide swiper-slide\">\n<figure class=\"wp-block-embed is-type-video is-provider-youtube wp-block-embed-youtube wp-embed-aspect-16-9 wp-has-aspect-ratio\"><div class=\"wp-block-embed__wrapper\">\n<iframe title=\"Anabaptism@500 - Siyahamba (We Are Marching)\" width=\"500\" height=\"281\" data-src=\"https:\/\/www.youtube.com\/embed\/OgM-5JWzYKI?feature=oembed\" frameborder=\"0\" allow=\"accelerometer; autoplay; clipboard-write; encrypted-media; gyroscope; picture-in-picture; web-share\" referrerpolicy=\"strict-origin-when-cross-origin\" allowfullscreen src=\"data:image\/svg+xml;base64,PHN2ZyB3aWR0aD0iMSIgaGVpZ2h0PSIxIiB4bWxucz0iaHR0cDovL3d3dy53My5vcmcvMjAwMC9zdmciPjwvc3ZnPg==\" class=\"lazyload\" data-load-mode=\"1\"><\/iframe>\n<\/div><\/figure>\n<\/div>\n<\/div><\/div><div class=\"cb-pagination swiper-pagination\"><\/div><div class=\"cb-button-prev swiper-button-prev\"><\/div><div class=\"cb-button-next swiper-button-next\"><\/div><\/div>\n\n\n\n<h3 class=\"wp-block-heading\">Una iglesia importante&nbsp;<\/h3>\n\n\n\n<p>Las filas para el culto de clausura comenzaron a media tarde. La iglesia&nbsp;Grossm\u00fcnster, con capacidad para 1.200 personas, estaba al tope de su capacidad, al igual que los sitios adicionales para presenciar el culto (Predigerkirche&nbsp;350,&nbsp;Friedenskiche&nbsp;250, FEG 100 y el agregado ad hoc&nbsp;Helferei&nbsp;130). Y aun as\u00ed quedaron cientos de personas afuera, sentados en la plaza o dispersos en los caf\u00e9s, mirando desde la pantalla de sus tel\u00e9fonos\u202fcelulares.&nbsp;<\/p>\n\n\n\n<p>Mientras tanto, en todo el mundo, miles de personas se conectaron en l\u00ednea a trav\u00e9s de sus pantallas personales o junto con otros en iglesias, oficinas o museos.&nbsp;<\/p>\n\n\n\n<p>Con representantes de trece comuniones mundiales y tres organizaciones ecum\u00e9nicas multilaterales como invitados de honor, el culto no s\u00f3lo trat\u00f3 sobre el&nbsp;anabautismo&nbsp;sino que tambi\u00e9n constituy\u00f3 otro paso en la senda de la reconciliaci\u00f3n.&nbsp;<\/p>\n\n\n\n<h3 class=\"wp-block-heading\">Un camino hacia la reconciliaci\u00f3n&nbsp;<\/h3>\n\n\n\n<p>\u201cTodos heredamos un legado de dolor debido a las divisiones de la Reforma. Sabemos que persisten las diferencias teol\u00f3gicas y pr\u00e1cticas, pero nos alegramos por el camino hacia la reconciliaci\u00f3n que hemos compartido\u201d, declar\u00f3 Janet&nbsp;Plenert&nbsp;en la liturgia del culto.&nbsp;<\/p>\n\n\n\n<details class=\"wp-block-details is-layout-flow wp-block-details-is-layout-flow\"><summary>Ver dicha liturgia<\/summary>\n<p><a href=\"#spliturgy\">Liturgia de reconciliaci\u00f3n: Nuestro camino&nbsp;a&nbsp;la reconciliaci\u00f3n<\/a><\/p>\n<\/details>\n\n\n\n<p>El culto cont\u00f3 con la presencia de l\u00edderes de la Federaci\u00f3n Luterana Mundial y de la Comuni\u00f3n Mundial de Iglesias Reformadas, e incluy\u00f3 un mensaje del Papa Le\u00f3n XIV transmitido por el cardenal Kurt Koch, prefecto del Dicasterio para la Promoci\u00f3n de la Unidad de los&nbsp;Cristianos: \u201cLes aseguro mis oraciones para que nuestras relaciones fraternales se profundicen y crezcan\u201d.&nbsp;<\/p>\n\n\n\n<p>Mientras que John D. Roth, del CMM y Hanns Lessing, del CMIR confesaron el \u201ctestimonio com\u00fan de su comuni\u00f3n respecto a la unidad de la iglesia\u201d, los secretarios generales C\u00e9sar Garc\u00eda y&nbsp;Setri&nbsp;Nyomi&nbsp;se lavaron mutuamente los pies, \u201ccomo expresi\u00f3n tangible de nuestro compromiso con la reconciliaci\u00f3n\u201d, se\u00f1al\u00f3 J. Nelson&nbsp;Kraybill.&nbsp;<\/p>\n\n\n\n<p>Otra expresi\u00f3n concreta de apoyo fue la posibilidad de usar gratuitamente las instalaciones de las iglesias reformadas, incluyendo la emblem\u00e1tica iglesia&nbsp;Grossm\u00fcnster.&nbsp;<\/p>\n\n\n\n<p>\u201cReencontrarnos en la&nbsp;Grossm\u00fcnster&nbsp;quinientos a\u00f1os despu\u00e9s de la divisi\u00f3n, ahora como una \u201cfamilia reconciliada\u201d, cre\u00f3 una instancia nueva y poderosa en nuestra memoria colectiva que espero cambie la manera en que la pr\u00f3xima generaci\u00f3n cuente nuestra historia\u201d, expres\u00f3 John D. Roth.&nbsp;<\/p>\n\n\n\n<p>El evento, en el marco estrat\u00e9gico de una conmemoraci\u00f3n, concluy\u00f3 con un tono de celebraci\u00f3n. Los coros de cinco regiones formaron un t\u00fanel de canciones desde la iglesia hasta la plaza, mientras los invitados sal\u00edan al son de&nbsp;<em>Siyahamba<\/em>&nbsp;(Caminamos en la luz de Dios).&nbsp;&nbsp;<\/p>\n\n\n\n<figure class=\"wp-block-embed is-type-video is-provider-youtube wp-block-embed-youtube wp-embed-aspect-16-9 wp-has-aspect-ratio\"><div class=\"wp-block-embed__wrapper\">\n<iframe title=\"La valent\u00eda de amar: anabautismo a los 500\" width=\"500\" height=\"281\" data-src=\"https:\/\/www.youtube.com\/embed\/c9_FcIBNi0E?feature=oembed\" frameborder=\"0\" allow=\"accelerometer; autoplay; clipboard-write; encrypted-media; gyroscope; picture-in-picture; web-share\" referrerpolicy=\"strict-origin-when-cross-origin\" allowfullscreen src=\"data:image\/svg+xml;base64,PHN2ZyB3aWR0aD0iMSIgaGVpZ2h0PSIxIiB4bWxucz0iaHR0cDovL3d3dy53My5vcmcvMjAwMC9zdmciPjwvc3ZnPg==\" class=\"lazyload\" data-load-mode=\"1\"><\/iframe>\n<\/div><\/figure>\n\n\n\n<hr class=\"wp-block-separator has-alpha-channel-opacity\"\/>\n\n\n\n<h2 class=\"wp-block-heading\" id=\"sptop\">Una celebraci\u00f3n de reconciliaci\u00f3n<\/h2>\n\n\n\n<ul class=\"wp-block-list\">\n<li><a href=\"#spopening\">Oraci\u00f3n de apertura: Oraci\u00f3n de invocaci\u00f3n&nbsp;<\/a><\/li>\n\n\n\n<li><a href=\"#spdisruption\">Perturbaci\u00f3n: El pueblo de Dios<\/a><\/li>\n\n\n\n<li><a href=\"#spsermon\">Serm\u00f3n: La valent\u00eda de amar<\/a><\/li>\n\n\n\n<li><a href=\"#spliturgy\">Liturgia de reconciliaci\u00f3n: Nuestro camino&nbsp;a&nbsp;la reconciliaci\u00f3n<\/a><\/li>\n\n\n\n<li><a href=\"#letania\">Una letan\u00eda para la sanaci\u00f3n de las naciones&nbsp;<\/a><\/li>\n\n\n\n<li><a href=\"#spcourage\">La valent\u00eda de amar en un mundo turbulento<\/a><\/li>\n<\/ul>\n\n\n\n<h4 class=\"wp-block-heading is-style-green-eyebrow\" id=\"spopening\">Oraci\u00f3n de apertura: Oraci\u00f3n de invocaci\u00f3n&nbsp;<\/h4>\n\n\n\n<div class=\"wp-block-columns is-layout-flex wp-container-core-columns-is-layout-28f84493 wp-block-columns-is-layout-flex\">\n<div class=\"wp-block-column is-layout-flow wp-block-column-is-layout-flow\">\n<p>Unamos nuestros corazones en oraci\u00f3n.\u202f&nbsp;<\/p>\n\n\n\n<p>Dios misericordioso, en un mundo dividido por el nacionalismo, los conflictos religiosos, la xenofobia y la guerra, nos has reunido hoy como personas de muchas naciones, lenguas y organismos eclesiales.&nbsp;<\/p>\n\n\n\n<p>Tu gracia,&nbsp;oh&nbsp;Dios, hace que esta reuni\u00f3n en amor sea posible. Gracias por la inmensa hospitalidad que la ciudad de Z\u00farich y las iglesias reformadas de Suiza han brindado a los anabautistas. \u00a1Bendice esta generosa muestra de bondad!&nbsp;<\/p>\n\n\n\n<p>Gracias por el testimonio de todos los presentes que conocen y expresan tu amor reconciliador. Aun cuando la iglesia mundial a veces est\u00e9 dividida, t\u00fa nos llamas a vivir como hermanos y hermanas en Cristo. Danos la valent\u00eda para amarnos mutuamente, y para amar a los \u201cotros\u201d, quienesquiera que\u202fsean.&nbsp;<\/p>\n\n\n\n<p>Derrama hoy tu Esp\u00edritu Santo sobre nosotros para que tu sanaci\u00f3n y tu amor puedan fluir a trav\u00e9s de nosotros hacia el mundo. Haz de nosotros \u2014y de las iglesias que representamos\u2014 \u201cuna nueva humanidad\u201d unida en amor, \u201cpara que el mundo sepa\u201d que nuestra esperanza est\u00e1 en Cristo, en cuyo nombre\u202foramos.&nbsp;<\/p>\n\n\n\n<p>Am\u00e9n.&nbsp;<\/p>\n<\/div>\n\n\n\n<div class=\"wp-block-column is-layout-flow wp-block-column-is-layout-flow\">\n<figure class=\"wp-block-image size-large\"><img decoding=\"async\" width=\"1024\" height=\"591\" data-src=\"https:\/\/mwc-cmm.org\/wp-content\/uploads\/2025\/10\/Sunoko-1024x591.jpg\" alt=\"\" class=\"wp-image-120252 lazyload\" data-srcset=\"https:\/\/mwc-cmm.org\/wp-content\/uploads\/2025\/10\/Sunoko-1024x591.jpg 1024w, https:\/\/mwc-cmm.org\/wp-content\/uploads\/2025\/10\/Sunoko-300x173.jpg 300w, https:\/\/mwc-cmm.org\/wp-content\/uploads\/2025\/10\/Sunoko-768x444.jpg 768w, https:\/\/mwc-cmm.org\/wp-content\/uploads\/2025\/10\/Sunoko-1536x887.jpg 1536w, https:\/\/mwc-cmm.org\/wp-content\/uploads\/2025\/10\/Sunoko.jpg 1920w\" data-sizes=\"(max-width: 1024px) 100vw, 1024px\" src=\"data:image\/svg+xml;base64,PHN2ZyB3aWR0aD0iMSIgaGVpZ2h0PSIxIiB4bWxucz0iaHR0cDovL3d3dy53My5vcmcvMjAwMC9zdmciPjwvc3ZnPg==\" style=\"--smush-placeholder-width: 1024px; --smush-placeholder-aspect-ratio: 1024\/591;\" \/><figcaption class=\"wp-element-caption\"><em><sub>Sunoko Lin, tesorero del CMM, gu\u00eda la oraci\u00f3n de apertura en la catedral de Grossm\u00fcnster durante el culto de clausura en el d\u00eda del aniversario en Z\u00farich, Suiza.<\/sub><\/em><\/figcaption><\/figure>\n\n\n\n<figure class=\"wp-block-image size-large\"><img decoding=\"async\" width=\"1024\" height=\"680\" data-src=\"https:\/\/mwc-cmm.org\/wp-content\/uploads\/2025\/10\/20250529DaleGehmanDG8_0874WSSinging-1024x680.jpg\" alt=\"\" class=\"wp-image-120238 lazyload\" data-srcset=\"https:\/\/mwc-cmm.org\/wp-content\/uploads\/2025\/10\/20250529DaleGehmanDG8_0874WSSinging-1024x680.jpg 1024w, https:\/\/mwc-cmm.org\/wp-content\/uploads\/2025\/10\/20250529DaleGehmanDG8_0874WSSinging-300x199.jpg 300w, https:\/\/mwc-cmm.org\/wp-content\/uploads\/2025\/10\/20250529DaleGehmanDG8_0874WSSinging-768x510.jpg 768w, https:\/\/mwc-cmm.org\/wp-content\/uploads\/2025\/10\/20250529DaleGehmanDG8_0874WSSinging-1536x1020.jpg 1536w, https:\/\/mwc-cmm.org\/wp-content\/uploads\/2025\/10\/20250529DaleGehmanDG8_0874WSSinging-2048x1360.jpg 2048w\" data-sizes=\"(max-width: 1024px) 100vw, 1024px\" src=\"data:image\/svg+xml;base64,PHN2ZyB3aWR0aD0iMSIgaGVpZ2h0PSIxIiB4bWxucz0iaHR0cDovL3d3dy53My5vcmcvMjAwMC9zdmciPjwvc3ZnPg==\" style=\"--smush-placeholder-width: 1024px; --smush-placeholder-aspect-ratio: 1024\/680;\" \/><figcaption class=\"wp-element-caption\"><em><sub>Unos 1.200 fieles de todo el mundo colmaron la catedral de Grossm\u00fcnster para asistir<br>al culto de clausura, mientras que miles m\u00e1s lo siguieron por Internet\/Dale Gehman<\/sub><\/em><\/figcaption><\/figure>\n<\/div>\n<\/div>\n\n\n\n<p class=\"has-text-align-right\"><em><a href=\"#sptop\">Volver al inicio<\/a><\/em><\/p>\n\n\n\n<h4 class=\"wp-block-heading is-style-yellow-eyebrow\" id=\"spdisruption\">Perturbaci\u00f3n: El pueblo de Dios<\/h4>\n\n\n\n<p>Una perturbaci\u00f3n en la Iglesia por algunas personas de Dios.&nbsp;<\/p>\n\n\n\n<p><strong>Liturgista:<\/strong>&nbsp;Pueblo de Dios, nos reunimos en esta hist\u00f3rica ciudad de Z\u00farich, lugar de origen de un movimiento de renovaci\u00f3n del siglo XVI liderado por Ulrico Zuinglio, y cuna del movimiento que conocemos actualmente como&nbsp;anabautismo.&nbsp;<\/p>\n\n\n\n<p><em>[Cientos de peque\u00f1os volantes con mensajes escritos caen desde el balc\u00f3n hacia los que est\u00e1n sentados en los bancos y en el podio. Tres manifestantes con trajes de \u00e9poca se ponen de pie y exclaman:]<\/em>&nbsp;<\/p>\n\n\n\n<p><strong>Primer manifestante:<\/strong>&nbsp;\u00bfQu\u00e9 clase de iglesia es esta? \u00bfQui\u00e9n pertenece realmente al cuerpo de Cristo? \u00a1La Escritura llama a los seguidores de Jes\u00fas a separarse de aquellos que no viven una vida\u202fpura!&nbsp;<\/p>\n\n\n\n<p><strong>Segundo manifestante:<\/strong>&nbsp;\u00a1Excluyan a aquellos que no bautizan s\u00f3lo mediante la confesi\u00f3n de fe!&nbsp;<br><strong>Tercer manifestante:<\/strong>&nbsp;\u00a1Excluyan a aquellos que tienen autoridad y no permiten que nuestras congregaciones vivan tranquilas y en\u202fpaz!&nbsp;<\/p>\n\n\n\n<p><strong>Liturgista:<\/strong>&nbsp;\u00a1Est\u00e1n interrumpiendo un culto de adoraci\u00f3n! \u00bfQui\u00e9n son ustedes? \u00bfPor qu\u00e9 hacen\u202festo?&nbsp;<\/p>\n\n\n\n<p><strong>Primer manifestante:<\/strong>&nbsp;Somos sus antepasados anabautistas. Cristo es nuestra autoridad. \u00a1Incluso \u00e9l perturb\u00f3 la\u202fpaz!&nbsp;<\/p>\n\n\n\n<p><strong>Segundo manifestante:<\/strong>&nbsp;Hemos estudiado las Escrituras. \u00a1Dios nos ha dado una visi\u00f3n!&nbsp;<\/p>\n\n\n\n<p><strong>Primer manifestante:<\/strong>&nbsp;\u00a1Esc\u00fachennos!&nbsp;<\/p>\n\n\n\n<p><strong>Tercer manifestante:<\/strong>&nbsp;\u00a1El reino de Dios est\u00e1\u202fcerca!&nbsp;<\/p>\n\n\n\n<p><strong>Primer manifestante:<\/strong>&nbsp;\u00a1Bienaventurados los que tienen hambre y sed de justicia!&nbsp;<\/p>\n\n\n\n<p><strong>Tercer manifestante:<\/strong>&nbsp;A los ricos les decimos: \u201cDonde est\u00e9 su tesoro, all\u00ed tambi\u00e9n estar\u00e1 su coraz\u00f3n\u201d.&nbsp;<\/p>\n\n\n\n<p><strong>Segunda manifestante:<\/strong>&nbsp;A los poderosos les decimos: \u201cLa guerra es contraria a la voluntad de Dios\u201d. \u00a1Obedeceremos a Dios antes que a la autoridad humana!&nbsp;<\/p>\n\n\n\n<p><strong>Tercer manifestante:<\/strong>&nbsp;Cristo se pone del lado de aquellos que no tienen qui\u00e9n los ayude: de los refugiados, de las v\u00edctimas de la violencia, de los que est\u00e1n encarcelados por su fe y su identidad.&nbsp;<\/p>\n\n\n\n<p><strong>Liturgista:<\/strong>&nbsp;\u00a1Esperen&#8230; por favor! Escuchen la Palabra del Se\u00f1or dicha por el ap\u00f3stol\u202fPablo:&nbsp;<\/p>\n\n\n\n<p>No tengan un concepto m\u00e1s alto de s\u00ed mismos del que deben tener. Dios ha medido una porci\u00f3n de fe para cada uno de ustedes. Tenemos muchas partes en un solo cuerpo, pero no todas tienen la misma funci\u00f3n. \u00c1mense unos a otros como a los miembros de su familia. Sean los mejores en honrarse unos a\u202fotros.&nbsp;<\/p>\n\n\n\n<p>Confesi\u00f3n y lamento&nbsp;<\/p>\n\n\n\n<p><strong>Liturgista:<\/strong>&nbsp;La congregaci\u00f3n ha estado escuchando. Agradecemos este recordatorio de nuestro\u202fpasado.&nbsp;<\/p>\n\n\n\n<p>Compartimos su esperanza y sus agravios. Todos los que estamos reunidos aqu\u00ed hoy deseamos ser m\u00e1s como Jes\u00fas. Todos hemos pecado y estamos destituidos de la gloria de Dios. Oremos por la gracia para confesar nuestros pecados y vayamos a vivir vidas santas.&nbsp;<\/p>\n\n\n\n<p><strong>Primer manifestante:<\/strong>&nbsp;Gracias por escucharnos.&nbsp;<\/p>\n\n\n\n<p><strong>Liturgista:<\/strong>&nbsp;Las aguas del bautismo nos han dividido.&nbsp;<\/p>\n\n\n\n<p><em>[se vierte agua]<\/em>&nbsp;<\/p>\n\n\n\n<p>Pero quienes beben del agua sanadora de Jes\u00fas, nunca volver\u00e1n a tener sed. Purif\u00edcanos, Esp\u00edritu Santo, refr\u00e9scanos con el agua de la vida\u202feterna.&nbsp;<\/p>\n\n\n\n<p>No creemos que Jes\u00fas haya muerto en vano. No creemos que quienes sufrieron por su fe a lo largo de los siglos lo hayan hecho en\u202fvano.&nbsp;<\/p>\n\n\n\n<p><strong>Segundo manifestante:<\/strong>&nbsp;\u00a1S\u00ed! Necesit\u00e1bamos escuchar esto de ustedes. Las palabras que pronunciamos deben impulsarnos a la acci\u00f3n. Por este motivo hemos regresado para esta conmemoraci\u00f3n.&nbsp;<\/p>\n\n\n\n<p><strong>Liturgista:<\/strong>&nbsp;Oremos. Dios Todopoderoso, venimos ante ti no por nuestra rectitud, sino por tu gran misericordia.&nbsp;<\/p>\n\n\n\n<p><strong>Primer manifestante:<\/strong>&nbsp;Perd\u00f3nanos por la arrogancia de pensar que podr\u00edamos ser perfectos y sin\u202fpecado.&nbsp;<\/p>\n\n\n\n<p><strong>Segundo manifestante:<\/strong>&nbsp;Ya sea que vivamos en comunidades apartadas del mundo o en medio del mundo, perd\u00f3nanos por ser ciegos a las necesidades de nuestro pr\u00f3jimo.&nbsp;<\/p>\n\n\n\n<p><strong>Tercer manifestante:<\/strong>&nbsp;Perd\u00f3nanos por aquellas ocasiones en las que no hemos sabido \u201chacer justicia y amar la misericordia\u201d.&nbsp;<\/p>\n\n\n\n<p><strong>Primer manifestante:<\/strong>&nbsp;Perd\u00f3nanos por nuestro silencio\u2026 por no dar \u201craz\u00f3n de la esperanza que hay en nosotros\u201d.&nbsp;<\/p>\n\n\n\n<p><strong>Segundo manifestante:<\/strong>&nbsp;Perd\u00f3nanos cuando nos hemos negado a trabajar con personas diferentes a nosotros, incluso cuando la necesidad era\u202fgrande.&nbsp;<\/p>\n\n\n\n<p><strong>Tercer manifestante:<\/strong>&nbsp;Perd\u00f3nanos cuando hemos menospreciado a otras iglesias y hemos perdido oportunidades de aprender de ellas y de asociarnos con\u202fellas.&nbsp;<\/p>\n\n\n\n<p>Gracias por aquellas comunidades de fe que nos han abierto sus corazones y nos acompa\u00f1an en el camino de\u202fJes\u00fas.&nbsp;<\/p>\n\n\n\n<p><strong>Liturgista:<\/strong>&nbsp;Recibe nuestras peticiones,&nbsp;oh&nbsp;Padre, en el nombre de Jesucristo, por medio del poder del Esp\u00edritu\u202fSanto.&nbsp;<\/p>\n\n\n\n<p>Juntos nos unimos a la oraci\u00f3n de Cristo, cada uno en su propio idioma.&nbsp;<\/p>\n\n\n\n<p>\u201cPadre Nuestro\u2026\u201d&nbsp;<\/p>\n\n\n\n<p>Afirmaci\u00f3n del perd\u00f3n\u202f&nbsp;<\/p>\n\n\n\n<p><strong>Liturgista:<\/strong>&nbsp;Cristo mismo dijo: \u201cTus pecados son perdonados. Vete y no peques m\u00e1s\u201d. Somos perdonados, amados y libres. Am\u00e9n.&nbsp;<\/p>\n\n\n\n<p><em>Lisa&nbsp;Carr-Pries&nbsp;(Canad\u00e1), vicepresidenta del CMM, y&nbsp;Danisa&nbsp;Ndlovu&nbsp;(Zimbabue), expresidente del CMM, dirigieron esta liturgia. Ebenezer&nbsp;Mondez&nbsp;(Filipinas), James Jakob&nbsp;Fehr&nbsp;(Alemania)&nbsp;y Ulrike&nbsp;Schmutz&nbsp;(Suiza)&nbsp;hicieron el papel de perturbadores.<\/em>&nbsp;<\/p>\n\n\n\n<div class=\"wp-block-cb-carousel-v2 cb-carousel-block\" data-cb-slides-per-view=\"1\" data-cb-slides-per-group=\"1\" data-cb-space-between=\"15\" data-cb-speed=\"300\" data-cb-navigation=\"true\" data-cb-pagination=\"true\" data-cb-breakpoints=\"{&quot;768&quot;:{&quot;slidesPerView&quot;:3,&quot;slidesPerGroup&quot;:1}}\"><div class=\"swiper\"><div class=\"cb-wrapper swiper-wrapper\">\n<div class=\"wp-block-cb-slide-v2 cb-slide swiper-slide\">\n<figure class=\"wp-block-image size-large\"><img decoding=\"async\" width=\"1024\" height=\"576\" data-src=\"https:\/\/mwc-cmm.org\/wp-content\/uploads\/2025\/10\/Sequence-01.00_00_15_18.Still001-1024x576.jpg\" alt=\"\" class=\"wp-image-120308 lazyload\" data-srcset=\"https:\/\/mwc-cmm.org\/wp-content\/uploads\/2025\/10\/Sequence-01.00_00_15_18.Still001-1024x576.jpg 1024w, https:\/\/mwc-cmm.org\/wp-content\/uploads\/2025\/10\/Sequence-01.00_00_15_18.Still001-300x169.jpg 300w, https:\/\/mwc-cmm.org\/wp-content\/uploads\/2025\/10\/Sequence-01.00_00_15_18.Still001-768x432.jpg 768w, https:\/\/mwc-cmm.org\/wp-content\/uploads\/2025\/10\/Sequence-01.00_00_15_18.Still001-1536x864.jpg 1536w, https:\/\/mwc-cmm.org\/wp-content\/uploads\/2025\/10\/Sequence-01.00_00_15_18.Still001.jpg 1920w\" data-sizes=\"(max-width: 1024px) 100vw, 1024px\" src=\"data:image\/svg+xml;base64,PHN2ZyB3aWR0aD0iMSIgaGVpZ2h0PSIxIiB4bWxucz0iaHR0cDovL3d3dy53My5vcmcvMjAwMC9zdmciPjwvc3ZnPg==\" style=\"--smush-placeholder-width: 1024px; --smush-placeholder-aspect-ratio: 1024\/576;\" \/><figcaption class=\"wp-element-caption\"><em><sub>Aman Ganjboir, delegado de YABs de la India, se prepara para lanzar volantes desde el entrepiso para \u201cperturbar\u201d el culto.\/Irma Sulistyorini<\/sub><\/em><\/figcaption><\/figure>\n<\/div>\n\n\n\n<div class=\"wp-block-cb-slide-v2 cb-slide swiper-slide\">\n<figure class=\"wp-block-image size-large\"><img decoding=\"async\" width=\"1024\" height=\"587\" data-src=\"https:\/\/mwc-cmm.org\/wp-content\/uploads\/2025\/10\/Disruptor-1-1024x587.jpg\" alt=\"\" class=\"wp-image-120266 lazyload\" data-srcset=\"https:\/\/mwc-cmm.org\/wp-content\/uploads\/2025\/10\/Disruptor-1-1024x587.jpg 1024w, https:\/\/mwc-cmm.org\/wp-content\/uploads\/2025\/10\/Disruptor-1-300x172.jpg 300w, https:\/\/mwc-cmm.org\/wp-content\/uploads\/2025\/10\/Disruptor-1-768x440.jpg 768w, https:\/\/mwc-cmm.org\/wp-content\/uploads\/2025\/10\/Disruptor-1-1536x880.jpg 1536w, https:\/\/mwc-cmm.org\/wp-content\/uploads\/2025\/10\/Disruptor-1.jpg 2043w\" data-sizes=\"(max-width: 1024px) 100vw, 1024px\" src=\"data:image\/svg+xml;base64,PHN2ZyB3aWR0aD0iMSIgaGVpZ2h0PSIxIiB4bWxucz0iaHR0cDovL3d3dy53My5vcmcvMjAwMC9zdmciPjwvc3ZnPg==\" style=\"--smush-placeholder-width: 1024px; --smush-placeholder-aspect-ratio: 1024\/587;\" \/><figcaption class=\"wp-element-caption\"><em><sub>James Jakob Fehr (Alemania) con traje de \u00e9poca,<br>primer manifestante\/MWC<\/sub><\/em><\/figcaption><\/figure>\n<\/div>\n\n\n\n<div class=\"wp-block-cb-slide-v2 cb-slide swiper-slide\">\n<figure class=\"wp-block-image size-large\"><img decoding=\"async\" width=\"1024\" height=\"554\" data-src=\"https:\/\/mwc-cmm.org\/wp-content\/uploads\/2025\/10\/Disruptor-2-1024x554.jpg\" alt=\"\" class=\"wp-image-120280 lazyload\" data-srcset=\"https:\/\/mwc-cmm.org\/wp-content\/uploads\/2025\/10\/Disruptor-2-1024x554.jpg 1024w, https:\/\/mwc-cmm.org\/wp-content\/uploads\/2025\/10\/Disruptor-2-300x162.jpg 300w, https:\/\/mwc-cmm.org\/wp-content\/uploads\/2025\/10\/Disruptor-2-768x415.jpg 768w, https:\/\/mwc-cmm.org\/wp-content\/uploads\/2025\/10\/Disruptor-2-1536x830.jpg 1536w, https:\/\/mwc-cmm.org\/wp-content\/uploads\/2025\/10\/Disruptor-2.jpg 1920w\" data-sizes=\"(max-width: 1024px) 100vw, 1024px\" src=\"data:image\/svg+xml;base64,PHN2ZyB3aWR0aD0iMSIgaGVpZ2h0PSIxIiB4bWxucz0iaHR0cDovL3d3dy53My5vcmcvMjAwMC9zdmciPjwvc3ZnPg==\" style=\"--smush-placeholder-width: 1024px; --smush-placeholder-aspect-ratio: 1024\/554;\" \/><figcaption class=\"wp-element-caption\"><em><sub>Ulrike Schmutz (Suiza), segunda manifestante\/MWC<\/sub><\/em><\/figcaption><\/figure>\n<\/div>\n\n\n\n<div class=\"wp-block-cb-slide-v2 cb-slide swiper-slide\">\n<figure class=\"wp-block-image size-large\"><img decoding=\"async\" width=\"1024\" height=\"555\" data-src=\"https:\/\/mwc-cmm.org\/wp-content\/uploads\/2025\/10\/Disruptor-3-1024x555.jpg\" alt=\"\" class=\"wp-image-120294 lazyload\" data-srcset=\"https:\/\/mwc-cmm.org\/wp-content\/uploads\/2025\/10\/Disruptor-3-1024x555.jpg 1024w, https:\/\/mwc-cmm.org\/wp-content\/uploads\/2025\/10\/Disruptor-3-300x163.jpg 300w, https:\/\/mwc-cmm.org\/wp-content\/uploads\/2025\/10\/Disruptor-3-768x416.jpg 768w, https:\/\/mwc-cmm.org\/wp-content\/uploads\/2025\/10\/Disruptor-3-1536x833.jpg 1536w, https:\/\/mwc-cmm.org\/wp-content\/uploads\/2025\/10\/Disruptor-3.jpg 1920w\" data-sizes=\"(max-width: 1024px) 100vw, 1024px\" src=\"data:image\/svg+xml;base64,PHN2ZyB3aWR0aD0iMSIgaGVpZ2h0PSIxIiB4bWxucz0iaHR0cDovL3d3dy53My5vcmcvMjAwMC9zdmciPjwvc3ZnPg==\" style=\"--smush-placeholder-width: 1024px; --smush-placeholder-aspect-ratio: 1024\/555;\" \/><figcaption class=\"wp-element-caption\"><em><sub>Ebenezer Mondez (Filipinas) con traje regional, tercer manifestante\/MWC<\/sub><\/em><\/figcaption><\/figure>\n<\/div>\n<\/div><\/div><div class=\"cb-pagination swiper-pagination\"><\/div><div class=\"cb-button-prev swiper-button-prev\"><\/div><div class=\"cb-button-next swiper-button-next\"><\/div><\/div>\n\n\n\n<p class=\"has-text-align-right\"><em><a href=\"#sptop\">Volver al inicio<\/a><\/em><\/p>\n\n\n\n<h4 class=\"wp-block-heading is-style-cyan-eyebrow\" id=\"spsermon\">Serm\u00f3n: La valent\u00eda de amar<\/h4>\n\n\n\n<details class=\"wp-block-details is-layout-flow wp-block-details-is-layout-flow\"><summary>La valent\u00eda de amar<\/summary>\n<figure class=\"wp-block-embed is-type-wp-embed is-provider-mennonite-world-conference wp-block-embed-mennonite-world-conference\"><div class=\"wp-block-embed__wrapper\">\n<blockquote class=\"wp-embedded-content\" data-secret=\"dyxHLctjPB\"><a href=\"https:\/\/mwc-cmm.org\/es\/stories\/la-valentia-de-amar-2\/\">La valent\u00eda de amar<\/a><\/blockquote><iframe class=\"wp-embedded-content lazyload\" sandbox=\"allow-scripts\" security=\"restricted\" style=\"position: absolute; visibility: hidden;\" title=\"\u00abLa valent\u00eda de amar\u00bb \u2014 Mennonite World Conference\" data-src=\"https:\/\/mwc-cmm.org\/es\/stories\/la-valentia-de-amar-2\/embed\/#?secret=4jESikdMo3#?secret=dyxHLctjPB\" data-secret=\"dyxHLctjPB\" width=\"500\" height=\"282\" frameborder=\"0\" marginwidth=\"0\" marginheight=\"0\" scrolling=\"no\" src=\"data:image\/svg+xml;base64,PHN2ZyB3aWR0aD0iMSIgaGVpZ2h0PSIxIiB4bWxucz0iaHR0cDovL3d3dy53My5vcmcvMjAwMC9zdmciPjwvc3ZnPg==\" data-load-mode=\"1\"><\/iframe>\n<\/div><\/figure>\n<\/details>\n\n\n\n<p class=\"has-text-align-right\"><em><em><a href=\"#sptop\">Volver al inicio<\/a><\/em><\/em><\/p>\n\n\n\n<h4 class=\"wp-block-heading is-style-pink-eyebrow\" id=\"spliturgy\">Liturgia de reconciliaci\u00f3n: Nuestro camino&nbsp;a&nbsp;la reconciliaci\u00f3n<\/h4>\n\n\n\n<p><em>Los l\u00edderes de las comuniones respectivas pronunciaron estas palabras.&nbsp;Cuando&nbsp;los representantes luteranos y menonitas hablaban,&nbsp;se hac\u00edan&nbsp;las se\u00f1al&nbsp;de la cruz&nbsp;en la frente&nbsp;uno al otro.&nbsp;Cuando&nbsp;los representantes reformados y menonitas hablaban, los secretarios generales se&nbsp;lavaban&nbsp;los pies mutuamente<\/em><\/p>\n\n\n\n<details class=\"wp-block-details is-layout-flow wp-block-details-is-layout-flow\"><summary><strong>Representantes<\/strong><\/summary>\n<p><strong>Representantes del Congreso Mundial Menonita&nbsp;<\/strong><\/p>\n\n\n\n<ul class=\"wp-block-list\">\n<li>Anne-Cathy&nbsp;Graber, secretaria&nbsp;de&nbsp;Relaciones ecum\u00e9nicas&nbsp;<\/li>\n\n\n\n<li>J. Nelson&nbsp;Kraybill,&nbsp;ex&nbsp;presidente&nbsp;<\/li>\n\n\n\n<li>Janet&nbsp;Plenert,&nbsp;ex&nbsp;vicepresidenta, actual coordinadora de Representantes regionales&nbsp;<\/li>\n\n\n\n<li>John Roth, presidente, Comit\u00e9 de&nbsp;planificaci\u00f3n de la renovaci\u00f3n&nbsp;<\/li>\n\n\n\n<li>Larry Miller, ex secretario general&nbsp;<\/li>\n<\/ul>\n\n\n\n<p><strong>Representante de la&nbsp;Iglesia&nbsp;Cat\u00f3lica&nbsp;<\/strong><\/p>\n\n\n\n<ul class=\"wp-block-list\">\n<li>Cardenal Kurt Koch, Prefecto del Dicasterio para la Promoci\u00f3n de la Unidad de los&nbsp;Cristianos&nbsp;<\/li>\n<\/ul>\n\n\n\n<p><strong>Representante de la Federaci\u00f3n Luterana Mundial&nbsp;<\/strong><\/p>\n\n\n\n<ul class=\"wp-block-list\">\n<li>Rev. Anne Burghardt,&nbsp;secretaria&nbsp;general&nbsp;<\/li>\n<\/ul>\n\n\n\n<p><strong>Representantes de la Comuni\u00f3n Mundial de Iglesias Reformadas&nbsp;<\/strong><\/p>\n\n\n\n<ul class=\"wp-block-list\">\n<li>Rev. Dr. Hanns Lessing, secretario ejecutivo de&nbsp;Comuni\u00f3n y teolog\u00eda&nbsp;<\/li>\n\n\n\n<li>Rev. Dr.&nbsp;Setri&nbsp;Nyomi, secretario general interino&nbsp;<\/li>\n<\/ul>\n<\/details>\n\n\n\n<h4 class=\"wp-block-heading is-style-no-line-eyebrow\">Menonitas&nbsp;<\/h4>\n\n\n\n<p>En nuestro culto de hoy, el Congreso Mundial Menonita, junto con representantes de otras tradiciones anabautistas y de la Iglesia Libre, se re\u00fane con representantes de la Iglesia Cat\u00f3lica Romana, la Federaci\u00f3n Luterana Mundial y la Comuni\u00f3n Mundial de Iglesias Reformadas para dar un testimonio com\u00fan.&nbsp;&nbsp;<\/p>\n\n\n\n<p>Todos heredamos&nbsp;un legado de dolor&nbsp;debido a&nbsp;las divisiones de la Reforma. Sabemos que persisten las diferencias teol\u00f3gicas y pr\u00e1cticas, pero nos&nbsp;alegramos&nbsp;del camino&nbsp;a la&nbsp;reconciliaci\u00f3n que hemos compartido.&nbsp;<\/p>\n\n\n\n<p>En&nbsp;2003, cat\u00f3licos y menonitas concluyeron un di\u00e1logo de cinco a\u00f1os titulado,&nbsp;\u201cLlamados a ser&nbsp;pacificadores\u201d, cuyo punto de partida fue el reconocimiento compartido de que&nbsp;\u201cla lealtad a Cristo como Se\u00f1or prevalece sobre las exigencias del Estado\u201d.&nbsp;<\/p>\n\n\n\n<p>M\u00e1s recientemente, la participaci\u00f3n cat\u00f3lica y luterana en el Di\u00e1logo Trilateral sobre el Bautismo,&nbsp;ha ayudado a&nbsp;aclarar los puntos de&nbsp;convergencia&nbsp;as\u00ed como las diferencias persistentes en torno a nuestra&nbsp;interpretaci\u00f3n&nbsp;y pr\u00e1ctica del bautismo.&nbsp;Consideramos&nbsp;que&nbsp;estos di\u00e1logos&nbsp;constituyen&nbsp;un don para la iglesia.&nbsp;<\/p>\n\n\n\n<h4 class=\"wp-block-heading is-style-no-line-eyebrow\">Cat\u00f3licos&nbsp;&nbsp;<\/h4>\n\n\n\n<p><strong><em>Mensaje del Santo Padre Le\u00f3n XIV\u202f<\/em><\/strong>&nbsp;<br><strong><em>A los participantes en la conmemoraci\u00f3n del&nbsp;quincentenario&nbsp;del movimiento anabautista<\/em><\/strong>&nbsp;<\/p>\n\n\n\n<p>Queridos&nbsp;amigos, mientras se re\u00fanen&nbsp;para conmemorar&nbsp;los 500 a\u00f1os del movimiento anabautista, los saludo cordialmente&nbsp;con las primeras palabras pronunciadas por Jes\u00fas resucitado:&nbsp;\u201cLa paz&nbsp;sea con ustedes\u201d&nbsp;(Juan 20:19).&nbsp;<\/p>\n\n\n\n<p>En la alegr\u00eda de nuestra celebraci\u00f3n pascual, \u00bfc\u00f3mo no reflexionar sobre la aparici\u00f3n de Cristo en la tarde de aquel&nbsp;\u201cprimer d\u00eda de la semana\u201d&nbsp;(<em>ib\u00edd<\/em>.), cuando Jes\u00fas no solo&nbsp;atraves\u00f3&nbsp;los&nbsp;muros y&nbsp;las&nbsp;puertas cerradas, sino tambi\u00e9n&nbsp;los&nbsp;corazones&nbsp;temerosos&nbsp;de sus disc\u00edpulos? Adem\u00e1s, al impartir su gran don de la paz, Cristo fue sensible a la experiencia de los disc\u00edpulos, sus amigos, y no ocult\u00f3 los&nbsp;signos&nbsp;de su Pasi\u00f3n a\u00fan visibles en su cuerpo glorioso.&nbsp;<\/p>\n\n\n\n<p>Al&nbsp;acoger&nbsp;la paz del Se\u00f1or y aceptar su llamado, que&nbsp;implica&nbsp;estar abiertos a los dones del&nbsp;Esp\u00edritu Santo, todos los seguidores de Jes\u00fas pueden sumergirse en la radical novedad de la fe y&nbsp;de&nbsp;la vida cristiana. De hecho,&nbsp;ese&nbsp;deseo de renovaci\u00f3n caracteriza al&nbsp;mismo&nbsp;movimiento anabautista.&nbsp;<\/p>\n\n\n\n<p>El lema elegido para su celebraci\u00f3n, \u201cLa valent\u00eda de&nbsp;amar\u201d, nos recuerda,&nbsp;sobre&nbsp;todo, la necesidad de que cat\u00f3licos y menonitas&nbsp;hagan todo esfuerzo&nbsp;por&nbsp;vivir&nbsp;el mandamiento del amor,&nbsp;la&nbsp;llamada&nbsp;a la unidad cristiana y el mandato del servicio&nbsp;al pr\u00f3jimo. Del mismo modo, subraya&nbsp;la&nbsp;necesidad de&nbsp;honestidad y la&nbsp;amabilidad al reflexionar sobre nuestra historia com\u00fan, que incluye heridas dolorosas y narrativas que&nbsp;influyen en&nbsp;las relaciones y percepciones cat\u00f3lico-&nbsp;menonitas hasta&nbsp;nuestros&nbsp;d\u00edas. Cu\u00e1n importante es,&nbsp;entonces,&nbsp;esa&nbsp;purificaci\u00f3n de&nbsp;los recuerdos&nbsp;y&nbsp;esa&nbsp;relectura&nbsp;com\u00fan de la historia que nos permita&nbsp;sanar las heridas del pasado y construir un nuevo futuro&nbsp;a trav\u00e9s de&nbsp;la \u201cvalent\u00eda de amar\u201d.&nbsp;De hecho, solo&nbsp;as\u00ed&nbsp;el di\u00e1logo teol\u00f3gico y pastoral&nbsp;puede&nbsp;dar fruto, un fruto&nbsp;duradero&nbsp;(v\u00e9ase Juan 15:16).&nbsp;<\/p>\n\n\n\n<p>\u00a1Ciertamente no es&nbsp;una&nbsp;tarea f\u00e1cil! Sin embargo, fue precisamente en momentos de prueba&nbsp;cuando&nbsp;Cristo revel\u00f3 la voluntad del Padre: fue&nbsp;cuando,&nbsp;desafiado por los fariseos,&nbsp;nos ense\u00f1\u00f3 que los dos mandamientos m\u00e1s importantes son amar a Dios y al&nbsp;pr\u00f3jimo (v\u00e9ase Mateo 22:34-40); fue en la v\u00edspera de su Pasi\u00f3n, cuando&nbsp;habl\u00f3 de la necesidad de la unidad:&nbsp;\u201cpara&nbsp;que todos sean uno\u2026 para que el mundo crea\u201d (Juan 17:21). Mi deseo para cada uno&nbsp;de ustedes, por tanto,&nbsp;es que&nbsp;puedan&nbsp;decir,&nbsp;citando a san Agust\u00edn: \u201cToda mi esperanza&nbsp;est\u00e1 puesta&nbsp;en&nbsp;la inmensa grandeza de tu&nbsp;misericordia. Da lo que mandas y manda lo que quieras\u201d (Confesiones, X: 29, 40).&nbsp;<\/p>\n\n\n\n<p>Por \u00faltimo, en el contexto de nuestro mundo&nbsp;desgarrado&nbsp;por la guerra, nuestro&nbsp;continuo camino&nbsp;de&nbsp;sanaci\u00f3n&nbsp;y&nbsp;fortalecimiento&nbsp;de la fraternidad desempe\u00f1a un papel&nbsp;fundamental, porque cuanto m\u00e1s unidos est\u00e9n&nbsp;los cristianos, m\u00e1s eficaz ser\u00e1 nuestro testimonio de Cristo, Pr\u00edncipe de la Paz, en la construcci\u00f3n de una civilizaci\u00f3n del encuentro&nbsp;del amor.&nbsp;<\/p>\n\n\n\n<p>Con estos sentimientos, les aseguro&nbsp;mi oraci\u00f3n para&nbsp;que nuestras relaciones&nbsp;fraternas&nbsp;se&nbsp;fortalezcan&nbsp;y crezcan.&nbsp;Invoco&nbsp;sobre cada uno de ustedes&nbsp;la alegr\u00eda y la serenidad que provienen del Se\u00f1or resucitado.&nbsp;<\/p>\n\n\n\n<p>Desde el Vaticano, 23 de mayo de 2025&nbsp;<\/p>\n\n\n\n<p>LE\u00d3N PP XIV&nbsp;<\/p>\n\n\n\n<div class=\"wp-block-buttons is-layout-flex wp-block-buttons-is-layout-flex\">\n<div class=\"wp-block-button\"><a class=\"wp-block-button__link wp-element-button\" href=\"https:\/\/www.vatican.va\/content\/leo-xiv\/en\/messages\/pont-messages\/2025\/documents\/20250523-messaggio-movimento-anabattista.html\">LEER<\/a><\/div>\n<\/div>\n\n\n\n<h4 class=\"wp-block-heading is-style-no-line-eyebrow\">Menonitas&nbsp;&nbsp;<\/h4>\n\n\n\n<p>En 2010, la Asamblea Luterana Mundial, reunida en Stuttgart, Alemania, afirm\u00f3 formalmente una \u201cAcci\u00f3n Menonita\u201d, basada en el informe de un di\u00e1logo de cinco a\u00f1os titulado,&nbsp;\u201cLa sanaci\u00f3n de las memorias:&nbsp;Reconciliaci\u00f3n por medio de&nbsp;Cristo\u201d. Un culto de reconciliaci\u00f3n incluy\u00f3 expresiones mutuas de perd\u00f3n y un compromiso de interpretar las confesiones luteranas y las narrativas&nbsp;menonitas de su pasado a la luz de la historia com\u00fan descrita en&nbsp;dicho&nbsp;informe.&nbsp;&nbsp;Dicho&nbsp;proceso marc\u00f3 un momento clave en las relaciones entre nuestras dos comuniones y sent\u00f3 las bases para un mayor aprendizaje mutuo sobre&nbsp;los&nbsp;temas del bautismo y la relaci\u00f3n cristiana con el Estado.&nbsp;<\/p>\n\n\n\n<p>En el&nbsp;culto&nbsp;de reconciliaci\u00f3n en&nbsp;2010, todos los presentes compartieron la se\u00f1al de la cruz como&nbsp;una manera de hacer presente&nbsp;la vida, muerte y resurrecci\u00f3n de Jesucristo. La cruz&nbsp;toca&nbsp;las heridas del pecado, sana nuestro quebrantamiento&nbsp;y restaura nuestras vidas. Promete&nbsp;sanaci\u00f3n&nbsp;por&nbsp;medio de&nbsp;la gracia de Dios y&nbsp;se\u00f1ala&nbsp;el don de un coraz\u00f3n y un esp\u00edritu nuevos.&nbsp;&nbsp;<\/p>\n\n\n\n<p>Hoy&nbsp;d\u00eda,&nbsp;el Congreso&nbsp;Mundial Menonita y la Federaci\u00f3n Luterana Mundial recordamos y renovamos nuestro compromiso con la se\u00f1al de la cruz.&nbsp;<\/p>\n\n\n\n<h4 class=\"wp-block-heading is-style-no-line-eyebrow\">Luteranos&nbsp;<\/h4>\n\n\n\n<p>En el di\u00e1logo,&nbsp;\u201cLa sanaci\u00f3n de las memorias\u201d,&nbsp;nos comprometimos a escuchar atentamente la historia de&nbsp;unos y otros,&nbsp;y a&nbsp;relatar&nbsp;la historia de nuestros comienzos compartidos de&nbsp;tal&nbsp;modo&nbsp;que ambas partes pudieran&nbsp;afirmarla. La convicci\u00f3n luterana de que la iniciativa de Dios hace posible nuestra respuesta de fe fue recibida&nbsp;calurosamente&nbsp;por los menonitas.&nbsp;El pedido luterano&nbsp;de perd\u00f3n por haber perseguido a los anabautistas fue&nbsp;generosamente concedido.&nbsp;Un an\u00e1lisis&nbsp;conjunto&nbsp;y&nbsp;franco&nbsp;del bautismo&nbsp;contribuy\u00f3 a posibilitar un fruct\u00edfero Di\u00e1logo Trilateral sobre el Bautismo&nbsp;del Congreso Mundial Menonita&nbsp;y la Iglesia Cat\u00f3lica.&nbsp;<\/p>\n\n\n\n<p>Damos gracias a Dios porque cada vez m\u00e1s luteranos y menonitas valoran el testimonio mutuo del evangelio.&nbsp;<\/p>\n\n\n\n<h4 class=\"wp-block-heading is-style-no-line-eyebrow\">Menonitas&nbsp;&nbsp;<\/h4>\n\n\n\n<p>Hoy en Z\u00farich celebramos los pasos hacia la reconciliaci\u00f3n que hemos dado con representantes de la tradici\u00f3n reformada.&nbsp;&nbsp;<\/p>\n\n\n\n<p>En 2004, la ciudad de&nbsp;Z\u00farich y la Iglesia Reformada de Suiza ayudaron a erigir una placa conmemorativa&nbsp;junto al&nbsp;r\u00edo&nbsp;Limmat, reconociendo&nbsp;la ejecuci\u00f3n de&nbsp;Felix&nbsp;Manz&nbsp;y otros seis anabautistas en Z\u00farich.&nbsp;&nbsp;<\/p>\n\n\n\n<p>Tres a\u00f1os despu\u00e9s, la Conferencia Menonita Suiza y la Iglesia Reformada del Cant\u00f3n de Z\u00farich concluyeron un di\u00e1logo significativo, comprometi\u00e9ndose&nbsp;en un proceso permanente&nbsp;de reconciliaci\u00f3n. En&nbsp;dicho&nbsp;documento, los menonitas afirmaron: \u201cNo nos pertenecemos. Pertenecemos a Jesucristo&nbsp;que&nbsp;nos llama a seguirlo,&nbsp;y ha derribado el muro de la enemistad y unido a personas de cerca y de lejos en un solo cuerpo\u201d.&nbsp;<\/p>\n\n\n\n<p>La semana pasada, el Concilio General del Congreso Mundial Menonita recibi\u00f3 formalmente una declaraci\u00f3n redactada con representantes de la Comuni\u00f3n Mundial de Iglesias Reformadas titulada,&nbsp;\u201cRestaurando la plenitud de nuestra familia: en busca de un testimonio com\u00fan\u201d.&nbsp;<\/p>\n\n\n\n<p>Al escuchar una letan\u00eda de confesi\u00f3n, gratitud y compromiso&nbsp;extra\u00edda&nbsp;de esta declaraci\u00f3n, C\u00e9sar Garc\u00eda,&nbsp;secretario general del Congreso Mundial Menonita,&nbsp;y&nbsp;Setri&nbsp;Nyomi, secretario general interino de la Comuni\u00f3n Mundial de Iglesias Reformadas,&nbsp;se lavar\u00e1n los pies mutuamente como expresi\u00f3n&nbsp;tangible&nbsp;de nuestro compromiso con la reconciliaci\u00f3n. Los invitamos a todos a&nbsp;dar&nbsp;testimonio&nbsp;de esta&nbsp;se\u00f1al&nbsp;de arrepentimiento y perd\u00f3n.&nbsp;<\/p>\n\n\n\n<h4 class=\"wp-block-heading is-style-no-line-eyebrow\">Reformados&nbsp;<\/h4>\n\n\n\n<p>Hemos confesado el origen com\u00fan de nuestras iglesias y el dolor de su fractura. Pedimos a Dios que bendiga el redescubrimiento de&nbsp;un entendimiento com\u00fan&nbsp;del&nbsp;evangelio,&nbsp;a fin de&nbsp;que inspiren la evangelizaci\u00f3n y la construcci\u00f3n de la paz.&nbsp;<\/p>\n\n\n\n<h4 class=\"wp-block-heading is-style-no-line-eyebrow\">Menonitas&nbsp;<\/h4>\n\n\n\n<p>En presencia de representantes de toda la Iglesia, el Congreso Mundial Menonita y la Comuni\u00f3n Mundial de Iglesias Reformadas dan testimonio com\u00fan de la unidad de la iglesia.&nbsp;<\/p>\n\n\n\n<h4 class=\"wp-block-heading is-style-no-line-eyebrow\">Reformados&nbsp;<\/h4>\n\n\n\n<p>Hoy, conmemoramos los or\u00edgenes comunes de nuestras comuniones mundiales, reconocemos nuestra relaci\u00f3n fracturada, y nos alegramos de que,&nbsp;bas\u00e1ndonos&nbsp;en&nbsp;los esfuerzos de muchos a\u00f1os&nbsp;en&nbsp;pos&nbsp;del entendimiento mutuo y la reconciliaci\u00f3n, podemos responder a Cristo nuestra Paz&nbsp;viviendo&nbsp;en la unidad del Esp\u00edritu. Unidos,&nbsp;nos comprometemos a ser humildes, pacientes,&nbsp;sinceros&nbsp;y, sobre&nbsp;todo,&nbsp;bondadosos,&nbsp;al andar&nbsp;juntos como un solo cuerpo de Cristo.&nbsp;<\/p>\n\n\n\n<h4 class=\"wp-block-heading is-style-no-line-eyebrow\">Menonitas&nbsp;<\/h4>\n\n\n\n<p>Reunidos bajo la mirada&nbsp;bondadosa&nbsp;de Dios, celebramos que nuestra identidad se encuentra en nuestra confesi\u00f3n&nbsp;com\u00fan&nbsp;de Jes\u00fas como Se\u00f1or, nuestros&nbsp;comunes&nbsp;antepasados&nbsp;\u200b\u200ben la fe y nuestro llamado com\u00fan al discipulado y al testimonio del evangelio en un mundo fragmentado.&nbsp;<\/p>\n\n\n\n<h4 class=\"wp-block-heading is-style-no-line-eyebrow\">Reformados&nbsp;&nbsp;<\/h4>\n\n\n\n<p>Nuestras tradiciones nos han bendecido con una pasi\u00f3n por la justicia y la paz.&nbsp;Que el Dios de la cruz y la resurrecci\u00f3n nos d\u00e9 el coraz\u00f3n y la mente para&nbsp;procurar&nbsp;la paz y practicar la justicia que resiste la violencia, la opresi\u00f3n y la devastaci\u00f3n ecol\u00f3gica, una justicia que encuentra su m\u00e1xima expresi\u00f3n en el perd\u00f3n, la misericordia y la reconciliaci\u00f3n.&nbsp;&nbsp;<\/p>\n\n\n\n<h4 class=\"wp-block-heading is-style-no-line-eyebrow\">Menonitas&nbsp;&nbsp;<\/h4>\n\n\n\n<p>Hoy, como miembros anabautistas y reformados del cuerpo de Cristo, afirmamos que nuestro testimonio al mundo&nbsp;se nutre y se sostiene&nbsp;por la gracia de Dios, que nos permite amar a Dios, a los dem\u00e1s y a toda la creaci\u00f3n.&nbsp;<\/p>\n\n\n\n<h4 class=\"wp-block-heading is-style-no-line-eyebrow\">Reformados&nbsp;&nbsp;<\/h4>\n\n\n\n<p>Nos comprometemos con la&nbsp;sagrada misi\u00f3n de proclamar el evangelio del amor en todos nuestros contextos, cada uno con sus propios desaf\u00edos y exigencias. No permitiremos que el miedo, la desconfianza&nbsp;o&nbsp;los obst\u00e1culos al di\u00e1logo nos impidan&nbsp;responder a este llamado.&nbsp;<\/p>\n\n\n\n<h4 class=\"wp-block-heading is-style-no-line-eyebrow\">Menonitas&nbsp;<\/h4>\n\n\n\n<p>Prometemos&nbsp;recorrer juntos el camino&nbsp;para sanar las heridas del pasado y&nbsp;volver a unir&nbsp;el cuerpo de Cristo. Nos comprometemos a aprender unos de&nbsp;otros,&nbsp;compartiendo la riqueza y diversidad de nuestras tradiciones.&nbsp;Nos comprometemos a una cooperaci\u00f3n&nbsp;intencional&nbsp;que afirme la misericordia de Dios y&nbsp;facilite&nbsp;la justicia que&nbsp;lleva&nbsp;a la paz.&nbsp;<\/p>\n\n\n\n<h4 class=\"wp-block-heading is-style-no-line-eyebrow\">Reformados&nbsp;<\/h4>\n\n\n\n<p>Juntos, oramos por el cuerpo de Cristo. En Cristo,&nbsp;somos miembros&nbsp;unos de&nbsp;otros, hermanos y hermanas de la misma carne y del mismo Esp\u00edritu.&nbsp;<\/p>\n\n\n\n<h4 class=\"wp-block-heading is-style-no-line-eyebrow\">Menonitas&nbsp;<\/h4>\n\n\n\n<p>Juntos,&nbsp;acogemos&nbsp;el don de la unidad, convencidos de que t\u00fa,&nbsp;oh&nbsp;Dios, est\u00e1s restaurando la plenitud de tu familia.&nbsp;Am\u00e9n.&nbsp;<\/p>\n\n\n\n<div class=\"wp-block-group has-soft-blue-background-color has-background has-global-padding is-layout-constrained wp-block-group-is-layout-constrained\">\n<h4 class=\"wp-block-heading is-style-no-line-eyebrow\">Juntos&nbsp;confesamos&nbsp;nuestra fe&nbsp;&nbsp;<\/h4>\n\n\n\n<p><em>En reconocimiento de nuestra identidad&nbsp;com\u00fan&nbsp;en el cuerpo de Cristo, los participantes se&nbsp;pusieron de pie&nbsp;y recitaron&nbsp;juntos&nbsp;el Credo de Nicea, cada uno en su propio idioma.&nbsp;<\/em>&nbsp;<\/p>\n\n\n\n<p><em>Esta antigua declaraci\u00f3n de fe cristiana surgi\u00f3&nbsp;del Concilio Ecum\u00e9nico de Nicea,&nbsp;y este a\u00f1o se conmemora su&nbsp;1700&nbsp;aniversario.<\/em>&nbsp;<\/p>\n<\/div>\n\n\n\n<div class=\"wp-block-cb-carousel-v2 cb-carousel-block\" data-cb-slides-per-view=\"1\" data-cb-slides-per-group=\"1\" data-cb-space-between=\"15\" data-cb-speed=\"300\" data-cb-navigation=\"true\" data-cb-pagination=\"true\" data-cb-breakpoints=\"{&quot;768&quot;:{&quot;slidesPerView&quot;:3,&quot;slidesPerGroup&quot;:1}}\"><div class=\"swiper\"><div class=\"cb-wrapper swiper-wrapper\">\n<div class=\"wp-block-cb-slide-v2 cb-slide swiper-slide\">\n<figure class=\"wp-block-image size-large\"><img decoding=\"async\" width=\"1024\" height=\"680\" data-src=\"https:\/\/mwc-cmm.org\/wp-content\/uploads\/2025\/10\/20250529DaleGehmanDG8_0031-1024x680.jpg\" alt=\"\" class=\"wp-image-120322 lazyload\" data-srcset=\"https:\/\/mwc-cmm.org\/wp-content\/uploads\/2025\/10\/20250529DaleGehmanDG8_0031-1024x680.jpg 1024w, https:\/\/mwc-cmm.org\/wp-content\/uploads\/2025\/10\/20250529DaleGehmanDG8_0031-300x199.jpg 300w, https:\/\/mwc-cmm.org\/wp-content\/uploads\/2025\/10\/20250529DaleGehmanDG8_0031-768x510.jpg 768w, https:\/\/mwc-cmm.org\/wp-content\/uploads\/2025\/10\/20250529DaleGehmanDG8_0031-1536x1020.jpg 1536w, https:\/\/mwc-cmm.org\/wp-content\/uploads\/2025\/10\/20250529DaleGehmanDG8_0031-2048x1360.jpg 2048w\" data-sizes=\"(max-width: 1024px) 100vw, 1024px\" src=\"data:image\/svg+xml;base64,PHN2ZyB3aWR0aD0iMSIgaGVpZ2h0PSIxIiB4bWxucz0iaHR0cDovL3d3dy53My5vcmcvMjAwMC9zdmciPjwvc3ZnPg==\" style=\"--smush-placeholder-width: 1024px; --smush-placeholder-aspect-ratio: 1024\/680;\" \/><figcaption class=\"wp-element-caption\"><em><sub>Larry Miller, secretario general em\u00e9rito del CMM, hace la se\u00f1al de la cruz en la frente de Rev. Dra. Anne Burghardt, secretaria general de la<br>Federaci\u00f3n Luterana Mundial\/Dale Gehman<\/sub><\/em><\/figcaption><\/figure>\n<\/div>\n\n\n\n<div class=\"wp-block-cb-slide-v2 cb-slide swiper-slide\">\n<figure class=\"wp-block-image size-large\"><img decoding=\"async\" width=\"1024\" height=\"574\" data-src=\"https:\/\/mwc-cmm.org\/wp-content\/uploads\/2025\/10\/Anne-Cathy-1024x574.jpg\" alt=\"\" class=\"wp-image-120336 lazyload\" data-srcset=\"https:\/\/mwc-cmm.org\/wp-content\/uploads\/2025\/10\/Anne-Cathy-1024x574.jpg 1024w, https:\/\/mwc-cmm.org\/wp-content\/uploads\/2025\/10\/Anne-Cathy-300x168.jpg 300w, https:\/\/mwc-cmm.org\/wp-content\/uploads\/2025\/10\/Anne-Cathy-768x430.jpg 768w, https:\/\/mwc-cmm.org\/wp-content\/uploads\/2025\/10\/Anne-Cathy-1536x861.jpg 1536w, https:\/\/mwc-cmm.org\/wp-content\/uploads\/2025\/10\/Anne-Cathy.jpg 1920w\" data-sizes=\"(max-width: 1024px) 100vw, 1024px\" src=\"data:image\/svg+xml;base64,PHN2ZyB3aWR0aD0iMSIgaGVpZ2h0PSIxIiB4bWxucz0iaHR0cDovL3d3dy53My5vcmcvMjAwMC9zdmciPjwvc3ZnPg==\" style=\"--smush-placeholder-width: 1024px; --smush-placeholder-aspect-ratio: 1024\/574;\" \/><figcaption class=\"wp-element-caption\"><em><sub>Anne-Cathy Graber, secretaria de relaciones ecum\u00e9nicas del CMM\/MWC<\/sub><\/em><\/figcaption><\/figure>\n<\/div>\n\n\n\n<div class=\"wp-block-cb-slide-v2 cb-slide swiper-slide\">\n<figure class=\"wp-block-image size-large\"><img decoding=\"async\" width=\"1024\" height=\"552\" data-src=\"https:\/\/mwc-cmm.org\/wp-content\/uploads\/2025\/10\/Hanns-Lessing-1024x552.jpg\" alt=\"\" class=\"wp-image-120378 lazyload\" data-srcset=\"https:\/\/mwc-cmm.org\/wp-content\/uploads\/2025\/10\/Hanns-Lessing-1024x552.jpg 1024w, https:\/\/mwc-cmm.org\/wp-content\/uploads\/2025\/10\/Hanns-Lessing-300x162.jpg 300w, https:\/\/mwc-cmm.org\/wp-content\/uploads\/2025\/10\/Hanns-Lessing-768x414.jpg 768w, https:\/\/mwc-cmm.org\/wp-content\/uploads\/2025\/10\/Hanns-Lessing-1536x828.jpg 1536w, https:\/\/mwc-cmm.org\/wp-content\/uploads\/2025\/10\/Hanns-Lessing.jpg 1920w\" data-sizes=\"(max-width: 1024px) 100vw, 1024px\" src=\"data:image\/svg+xml;base64,PHN2ZyB3aWR0aD0iMSIgaGVpZ2h0PSIxIiB4bWxucz0iaHR0cDovL3d3dy53My5vcmcvMjAwMC9zdmciPjwvc3ZnPg==\" style=\"--smush-placeholder-width: 1024px; --smush-placeholder-aspect-ratio: 1024\/552;\" \/><figcaption class=\"wp-element-caption\"><em><sub>Rev. Dr. Hanns Lessing, secretario ejecutivo de<br>Comuni\u00f3n y teolog\u00eda, Comuni\u00f3n Mundial de Iglesias<br>Reformadas\/MWC<\/sub><\/em><\/figcaption><\/figure>\n<\/div>\n\n\n\n<div class=\"wp-block-cb-slide-v2 cb-slide swiper-slide\">\n<figure class=\"wp-block-image size-large\"><img decoding=\"async\" width=\"1024\" height=\"605\" data-src=\"https:\/\/mwc-cmm.org\/wp-content\/uploads\/2025\/10\/Cardinal-1024x605.jpg\" alt=\"\" class=\"wp-image-120350 lazyload\" data-srcset=\"https:\/\/mwc-cmm.org\/wp-content\/uploads\/2025\/10\/Cardinal-1024x605.jpg 1024w, https:\/\/mwc-cmm.org\/wp-content\/uploads\/2025\/10\/Cardinal-300x177.jpg 300w, https:\/\/mwc-cmm.org\/wp-content\/uploads\/2025\/10\/Cardinal-768x454.jpg 768w, https:\/\/mwc-cmm.org\/wp-content\/uploads\/2025\/10\/Cardinal-1536x907.jpg 1536w, https:\/\/mwc-cmm.org\/wp-content\/uploads\/2025\/10\/Cardinal.jpg 1920w\" data-sizes=\"(max-width: 1024px) 100vw, 1024px\" src=\"data:image\/svg+xml;base64,PHN2ZyB3aWR0aD0iMSIgaGVpZ2h0PSIxIiB4bWxucz0iaHR0cDovL3d3dy53My5vcmcvMjAwMC9zdmciPjwvc3ZnPg==\" style=\"--smush-placeholder-width: 1024px; --smush-placeholder-aspect-ratio: 1024\/605;\" \/><figcaption class=\"wp-element-caption\"><em><sub>Cardenal Kurt Koch, prefecto del Dicasterio para la<br>Promoci\u00f3n de la Unidad de los Cristianos, transmite los saludos del Papa Le\u00f3n XIV\/MWC<\/sub><\/em><\/figcaption><\/figure>\n<\/div>\n\n\n\n<div class=\"wp-block-cb-slide-v2 cb-slide swiper-slide\">\n<figure class=\"wp-block-image size-large\"><img decoding=\"async\" width=\"1024\" height=\"573\" data-src=\"https:\/\/mwc-cmm.org\/wp-content\/uploads\/2025\/10\/Washing-feet-1024x573.png\" alt=\"\" class=\"wp-image-120364 lazyload\" data-srcset=\"https:\/\/mwc-cmm.org\/wp-content\/uploads\/2025\/10\/Washing-feet-1024x573.png 1024w, https:\/\/mwc-cmm.org\/wp-content\/uploads\/2025\/10\/Washing-feet-300x168.png 300w, https:\/\/mwc-cmm.org\/wp-content\/uploads\/2025\/10\/Washing-feet-768x430.png 768w, https:\/\/mwc-cmm.org\/wp-content\/uploads\/2025\/10\/Washing-feet-1536x860.png 1536w, https:\/\/mwc-cmm.org\/wp-content\/uploads\/2025\/10\/Washing-feet.png 1920w\" data-sizes=\"(max-width: 1024px) 100vw, 1024px\" src=\"data:image\/svg+xml;base64,PHN2ZyB3aWR0aD0iMSIgaGVpZ2h0PSIxIiB4bWxucz0iaHR0cDovL3d3dy53My5vcmcvMjAwMC9zdmciPjwvc3ZnPg==\" style=\"--smush-placeholder-width: 1024px; --smush-placeholder-aspect-ratio: 1024\/573;\" \/><figcaption class=\"wp-element-caption\"><em><sub>Rev. Dr. Setri Nyomi, secretario general interino de la Comuni\u00f3n Mundial de Iglesias<br>Reformadas, lava los pies a C\u00e9sar Garc\u00eda, secretario general del CMM\/MWC<\/sub><\/em><\/figcaption><\/figure>\n<\/div>\n<\/div><\/div><div class=\"cb-pagination swiper-pagination\"><\/div><div class=\"cb-button-prev swiper-button-prev\"><\/div><div class=\"cb-button-next swiper-button-next\"><\/div><\/div>\n\n\n\n<p class=\"has-text-align-right\"><em><em><a href=\"#sptop\">Volver al inicio<\/a><\/em><\/em><\/p>\n\n\n\n<h4 class=\"wp-block-heading is-style-purple-eyebrow\" id=\"letania\">Una letan\u00eda para la sanaci\u00f3n de las naciones<\/h4>\n\n\n\n<p><em>Breves piezas musicales de \u00f3rgano sirvieron para remarcar la letan\u00eda, como as\u00ed tambi\u00e9n agua vertida de un cuenco como recordatorio del bautismo.\u202f<\/em>&nbsp;<\/p>\n\n\n\n<p>Hoy nos hemos reunido para participar del culto, en la ciudad donde los primeros anabautistas se inspiraron en las ense\u00f1anzas de Ulrico Zuinglio\u2026 y junto a las aguas del r\u00edo&nbsp;Limmat, donde fue ejecutado F\u00e9lix&nbsp;Manz, el primer m\u00e1rtir anabautista.&nbsp;<\/p>\n\n\n\n<p><em>[Se vierte agua]<\/em>&nbsp;<\/p>\n\n\n\n<p>Dios de amor, recordamos a F\u00e9lix&nbsp;Manz&nbsp;y a los seguidores del Cordero, que en todas las \u00e9pocas y lugares han sufrido un discipulado fiel.&nbsp;<\/p>\n\n\n\n<p>Una voz potente clama desde el trono de Dios: \u201cYo hago nuevas todas las cosas&#8230; Al que tenga sed, le dar\u00e9 a beber del manantial del agua de vida\u201d. (Apocalipsis 21:5-6)&nbsp;<\/p>\n\n\n\n<p><em>[Se vierte agua]<\/em>&nbsp;<\/p>\n\n\n\n<p>Dios bondadoso, en un mundo desgarrado por la guerra y una iglesia mundial a menudo dividida, \u00a1cu\u00e1nto anhelamos que hagas nuevas todas las cosas! \u00a1Ven, Se\u00f1or Jes\u00fas!\u202f&nbsp;<\/p>\n\n\n\n<p><em>[interludio de \u00f3rgano]<\/em>&nbsp;<\/p>\n\n\n\n<p>\u201cEl \u00e1ngel me mostr\u00f3 un r\u00edo limpio, de agua de vida. Era claro como el cristal, y sal\u00eda del trono de Dios y del Cordero. En medio de la calle principal de la ciudad y a cada lado del r\u00edo, crec\u00eda el \u00e1rbol de la vida, que da fruto cada mes, es decir, doce veces al a\u00f1o; y las hojas del \u00e1rbol sirven para sanar a las naciones.\u201d (Apocalipsis 22:1\u20132)&nbsp;<\/p>\n\n\n\n<p>\u201cCon la dolorosa conciencia de que nuestras diferencias se convirtieron en fuente de conflicto y divisi\u00f3n, oramos ahora por la valent\u00eda y la creatividad para transformarlas, de modo tal que enriquezcan nuestra unidad en el cuerpo de Cristo.\u201d&nbsp;<\/p>\n\n\n\n<p><em>[Se vierte agua]<\/em>&nbsp;<\/p>\n\n\n\n<p>\u00a1Por la sanaci\u00f3n de las naciones! \u00a1Por la sanaci\u00f3n de la iglesia! \u201cEn Cristo somos miembros los unos de los otros, hermanos y hermanas de la misma carne y del mismo Esp\u00edritu&#8230;\u201d&nbsp;<\/p>\n\n\n\n<p>Dios sanador, el r\u00edo de agua de vida ha llegado a nosotros. Las hojas del \u00e1rbol de la vida han tra\u00eddo sanaci\u00f3n entre las comuniones de las iglesias representadas hoy aqu\u00ed.&nbsp;<\/p>\n\n\n\n<p><em>[interludio de \u00f3rgano]<\/em>&nbsp;<\/p>\n\n\n\n<p>\u201cSoy yo, Jes\u00fas, quien les envi\u00f3 a mi \u00e1ngel con este testimonio para las iglesias. Soy la ra\u00edz y el reto\u00f1o que desciende de David, la estrella brillante de la ma\u00f1ana.&nbsp;<\/p>\n\n\n\n<p>El Esp\u00edritu y la Esposa del Cordero dicen: \u201cVen\u201d.&nbsp;<\/p>\n\n\n\n<p>Y el que escuche, diga: \u201cVen\u201d.&nbsp;<\/p>\n\n\n\n<p>Y el que tenga sed, y quiera, venga y tome del agua de la vida sin que le cueste nada. (Apocalipsis 22:16-17)&nbsp;&nbsp;<\/p>\n\n\n\n<p class=\"has-text-align-right\"><em><em><a href=\"#sptop\">Volver al inicio<\/a><\/em><\/em><\/p>\n\n\n\n<h4 class=\"wp-block-heading is-style-blue-eyebrow\" id=\"spcourage\">La valent\u00eda de amar en un mundo turbulento&nbsp;<\/h4>\n\n\n\n<p>Oh&nbsp;Dios, nuestra ayuda en \u00e9pocas pasadas, nuestra esperanza en los a\u00f1os venideros:&nbsp;<\/p>\n\n\n\n<p>Gracias a la obra del Esp\u00edritu Santo en nosotros, tenemos una esperanza renovada al ver se\u00f1ales de sanaci\u00f3n y unidad en la iglesia mundial.&nbsp;<\/p>\n\n\n\n<p>Tenemos esperanza al ver la vitalidad de las iglesias representadas hoy aqu\u00ed, que est\u00e1n geogr\u00e1ficamente alejadas de sus ra\u00edces denominacionales en Europa.&nbsp;<\/p>\n\n\n\n<p>Tenemos esperanza al ver que la evangelizaci\u00f3n y la construcci\u00f3n de la paz van de la mano en muchos lugares del mundo.&nbsp;<\/p>\n\n\n\n<p>Sobre todo, tenemos esperanza porque en Cristo has prometido que estar\u00e1s con nosotros \u201csiempre, hasta el fin del mundo\u201d.&nbsp;<\/p>\n\n\n\n<p>Ven, Esp\u00edritu Santo, insp\u00edranos con la fidelidad de los santos a lo largo de los siglos. Como ellos, que nunca nos avergoncemos del evangelio. Se\u00f1or Jesucristo, bend\u00edcenos con la valent\u00eda de arriesgarnos a amarnos unos a otros, a nuestro pr\u00f3jimo e incluso a nuestros enemigos como t\u00fa nos has amado.&nbsp;<\/p>\n\n\n\n<p>Am\u00e9n.&nbsp;<\/p>\n\n\n\n<p class=\"has-text-align-right\"><em><em><a href=\"#sptop\">Volver al inicio<\/a><\/em><\/em><\/p>\n\n\n\n<hr class=\"wp-block-separator has-alpha-channel-opacity\"\/>\n\n\n\n<div class=\"wp-block-buttons is-layout-flex wp-block-buttons-is-layout-flex\">\n<div class=\"wp-block-button\"><a class=\"wp-block-button__link has-magenta-background-color has-background has-text-align-left wp-element-button\" href=\"https:\/\/mwc-cmm.org\/es\/resources\/correo-2025-40-2-3\/\">Este art\u00edculo apareci\u00f3 por primera vez en<br>Courier \/ Correo \/ Courrier, volumen 40, n\u00famero 2-3<\/a><\/div>\n<\/div>\n\n\n<div class=\"taxonomy-post_tag has-link-color wp-elements-4795dccc25dd561b10d5c166c095ced0 wp-block-post-terms has-text-color has-gray-color has-small-font-size\"><a href=\"https:\/\/mwc-cmm.org\/es\/stories\/tag\/500-es\/\" rel=\"tag\">500<\/a><span class=\"wp-block-post-terms__separator\">, <\/span><a href=\"https:\/\/mwc-cmm.org\/es\/stories\/tag\/anabautista\/\" rel=\"tag\">anabautista<\/a><span class=\"wp-block-post-terms__separator\">, <\/span><a href=\"https:\/\/mwc-cmm.org\/es\/stories\/tag\/courier-es\/\" rel=\"tag\">Courier<\/a><span class=\"wp-block-post-terms__separator\">, <\/span><a href=\"https:\/\/mwc-cmm.org\/es\/stories\/tag\/la-valentia-de-amar\/\" rel=\"tag\">La valent\u00eda de amar<\/a><\/div>\n\n\n<p><\/p>\n","protected":false},"excerpt":{"rendered":"<p>Las campanas resonaron por toda la ciudad llena de anabautistas. Se estima que m\u00e1s de 3.500 personas colmaron las calles del casco antiguo de Z\u00farich el 29 de mayo del 2025, D\u00eda de la Ascensi\u00f3n, para conmemorar el&nbsp;quincentenario&nbsp;del&nbsp;anabautismo.&nbsp; \u201cHoy en d\u00eda, como menonitas de Suiza, somos una comunidad peque\u00f1a\u201d, afirmaron Gladys Geiser y Lukas&nbsp;Amstutz, copresidentes [&hellip;]<\/p>\n","protected":false},"author":8,"featured_media":120218,"comment_status":"closed","ping_status":"closed","sticky":false,"template":"","format":"standard","meta":{"_acf_changed":false,"footnotes":""},"categories":[1184],"tags":[518,936,398,438],"network":[1310],"eventcategory":[1511],"class_list":["post-120236","post","type-post","status-publish","format-standard","has-post-thumbnail","hentry","category-courier-sp","tag-500-es","tag-anabautista","tag-courier-es","tag-la-valentia-de-amar","network-courier-hi","eventcategory-500-the-courage-to-love-de"],"acf":[],"yoast_head":"<!-- This site is optimized with the Yoast SEO plugin v27.5 - https:\/\/yoast.com\/product\/yoast-seo-wordpress\/ -->\n<title>Una celebraci\u00f3n de reconciliaci\u00f3n - Mennonite World Conference<\/title>\n<meta name=\"robots\" content=\"index, follow, max-snippet:-1, max-image-preview:large, max-video-preview:-1\" \/>\n<link rel=\"canonical\" href=\"https:\/\/mwc-cmm.org\/es\/stories\/una-celebracion-de-reconciliacion\/\" \/>\n<meta property=\"og:locale\" content=\"es_ES\" \/>\n<meta property=\"og:type\" content=\"article\" \/>\n<meta property=\"og:title\" content=\"Una celebraci\u00f3n de reconciliaci\u00f3n - Mennonite World Conference\" \/>\n<meta property=\"og:description\" content=\"Las campanas resonaron por toda la ciudad llena de anabautistas. Se estima que m\u00e1s de 3.500 personas colmaron las calles del casco antiguo de Z\u00farich el 29 de mayo del 2025, D\u00eda de la Ascensi\u00f3n, para conmemorar el&nbsp;quincentenario&nbsp;del&nbsp;anabautismo.&nbsp; \u201cHoy en d\u00eda, como menonitas de Suiza, somos una comunidad peque\u00f1a\u201d, afirmaron Gladys Geiser y Lukas&nbsp;Amstutz, copresidentes [&hellip;]\" \/>\n<meta property=\"og:url\" content=\"https:\/\/mwc-cmm.org\/es\/stories\/una-celebracion-de-reconciliacion\/\" \/>\n<meta property=\"og:site_name\" content=\"Mennonite World Conference\" \/>\n<meta property=\"article:publisher\" content=\"https:\/\/www.facebook.com\/MennoniteWorldConference\" \/>\n<meta property=\"article:published_time\" content=\"2025-10-29T13:42:33+00:00\" \/>\n<meta property=\"article:modified_time\" content=\"2025-11-04T09:32:00+00:00\" \/>\n<meta property=\"og:image\" content=\"https:\/\/mwc-cmm.org\/wp-content\/uploads\/2025\/10\/54580257090_1045f085a6_o-scaled.jpg\" \/>\n\t<meta property=\"og:image:width\" content=\"2560\" \/>\n\t<meta property=\"og:image:height\" content=\"1922\" \/>\n\t<meta property=\"og:image:type\" content=\"image\/jpeg\" \/>\n<meta name=\"author\" content=\"Stephanie Setiawan\" \/>\n<script type=\"application\/ld+json\" class=\"yoast-schema-graph\">{\"@context\":\"https:\\\/\\\/schema.org\",\"@graph\":[{\"@type\":\"Article\",\"@id\":\"https:\\\/\\\/mwc-cmm.org\\\/es\\\/stories\\\/una-celebracion-de-reconciliacion\\\/#article\",\"isPartOf\":{\"@id\":\"https:\\\/\\\/mwc-cmm.org\\\/es\\\/stories\\\/una-celebracion-de-reconciliacion\\\/\"},\"author\":{\"name\":\"Stephanie Setiawan\",\"@id\":\"https:\\\/\\\/mwc-cmm.org\\\/en\\\/#\\\/schema\\\/person\\\/00b62ed8ea1527254a44f3ace3aee79d\"},\"headline\":\"Una celebraci\u00f3n de reconciliaci\u00f3n\",\"datePublished\":\"2025-10-29T13:42:33+00:00\",\"dateModified\":\"2025-11-04T09:32:00+00:00\",\"mainEntityOfPage\":{\"@id\":\"https:\\\/\\\/mwc-cmm.org\\\/es\\\/stories\\\/una-celebracion-de-reconciliacion\\\/\"},\"wordCount\":5444,\"publisher\":{\"@id\":\"https:\\\/\\\/mwc-cmm.org\\\/en\\\/#organization\"},\"image\":{\"@id\":\"https:\\\/\\\/mwc-cmm.org\\\/es\\\/stories\\\/una-celebracion-de-reconciliacion\\\/#primaryimage\"},\"thumbnailUrl\":\"https:\\\/\\\/mwc-cmm.org\\\/wp-content\\\/uploads\\\/2025\\\/10\\\/54580257090_1045f085a6_o-scaled.jpg\",\"keywords\":[\"500\",\"anabautista\",\"Courier\",\"La valent\u00eda de amar\"],\"articleSection\":[\"Correo\"],\"inLanguage\":\"es\"},{\"@type\":\"WebPage\",\"@id\":\"https:\\\/\\\/mwc-cmm.org\\\/es\\\/stories\\\/una-celebracion-de-reconciliacion\\\/\",\"url\":\"https:\\\/\\\/mwc-cmm.org\\\/es\\\/stories\\\/una-celebracion-de-reconciliacion\\\/\",\"name\":\"Una celebraci\u00f3n de reconciliaci\u00f3n - Mennonite World Conference\",\"isPartOf\":{\"@id\":\"https:\\\/\\\/mwc-cmm.org\\\/en\\\/#website\"},\"primaryImageOfPage\":{\"@id\":\"https:\\\/\\\/mwc-cmm.org\\\/es\\\/stories\\\/una-celebracion-de-reconciliacion\\\/#primaryimage\"},\"image\":{\"@id\":\"https:\\\/\\\/mwc-cmm.org\\\/es\\\/stories\\\/una-celebracion-de-reconciliacion\\\/#primaryimage\"},\"thumbnailUrl\":\"https:\\\/\\\/mwc-cmm.org\\\/wp-content\\\/uploads\\\/2025\\\/10\\\/54580257090_1045f085a6_o-scaled.jpg\",\"datePublished\":\"2025-10-29T13:42:33+00:00\",\"dateModified\":\"2025-11-04T09:32:00+00:00\",\"breadcrumb\":{\"@id\":\"https:\\\/\\\/mwc-cmm.org\\\/es\\\/stories\\\/una-celebracion-de-reconciliacion\\\/#breadcrumb\"},\"inLanguage\":\"es\",\"potentialAction\":[{\"@type\":\"ReadAction\",\"target\":[\"https:\\\/\\\/mwc-cmm.org\\\/es\\\/stories\\\/una-celebracion-de-reconciliacion\\\/\"]}]},{\"@type\":\"ImageObject\",\"inLanguage\":\"es\",\"@id\":\"https:\\\/\\\/mwc-cmm.org\\\/es\\\/stories\\\/una-celebracion-de-reconciliacion\\\/#primaryimage\",\"url\":\"https:\\\/\\\/mwc-cmm.org\\\/wp-content\\\/uploads\\\/2025\\\/10\\\/54580257090_1045f085a6_o-scaled.jpg\",\"contentUrl\":\"https:\\\/\\\/mwc-cmm.org\\\/wp-content\\\/uploads\\\/2025\\\/10\\\/54580257090_1045f085a6_o-scaled.jpg\",\"width\":2560,\"height\":1922},{\"@type\":\"BreadcrumbList\",\"@id\":\"https:\\\/\\\/mwc-cmm.org\\\/es\\\/stories\\\/una-celebracion-de-reconciliacion\\\/#breadcrumb\",\"itemListElement\":[{\"@type\":\"ListItem\",\"position\":1,\"name\":\"Home\",\"item\":\"https:\\\/\\\/mwc-cmm.org\\\/es\\\/\"},{\"@type\":\"ListItem\",\"position\":2,\"name\":\"Una celebraci\u00f3n de reconciliaci\u00f3n\"}]},{\"@type\":\"WebSite\",\"@id\":\"https:\\\/\\\/mwc-cmm.org\\\/en\\\/#website\",\"url\":\"https:\\\/\\\/mwc-cmm.org\\\/en\\\/\",\"name\":\"Mennonite World Conference\",\"description\":\"A communion of Anabaptist-related churches\",\"publisher\":{\"@id\":\"https:\\\/\\\/mwc-cmm.org\\\/en\\\/#organization\"},\"alternateName\":\"MWC\",\"potentialAction\":[{\"@type\":\"SearchAction\",\"target\":{\"@type\":\"EntryPoint\",\"urlTemplate\":\"https:\\\/\\\/mwc-cmm.org\\\/en\\\/?s={search_term_string}\"},\"query-input\":{\"@type\":\"PropertyValueSpecification\",\"valueRequired\":true,\"valueName\":\"search_term_string\"}}],\"inLanguage\":\"es\"},{\"@type\":\"Organization\",\"@id\":\"https:\\\/\\\/mwc-cmm.org\\\/en\\\/#organization\",\"name\":\"Mennonite World Conference\",\"alternateName\":\"MWC\",\"url\":\"https:\\\/\\\/mwc-cmm.org\\\/en\\\/\",\"logo\":{\"@type\":\"ImageObject\",\"inLanguage\":\"es\",\"@id\":\"https:\\\/\\\/mwc-cmm.org\\\/en\\\/#\\\/schema\\\/logo\\\/image\\\/\",\"url\":\"https:\\\/\\\/mwc-cmm.org\\\/wp-content\\\/uploads\\\/2026\\\/01\\\/MWC_Sig_Blue_Horiz_webheader1-logo.svg\",\"contentUrl\":\"https:\\\/\\\/mwc-cmm.org\\\/wp-content\\\/uploads\\\/2026\\\/01\\\/MWC_Sig_Blue_Horiz_webheader1-logo.svg\",\"width\":786,\"height\":82,\"caption\":\"Mennonite World Conference\"},\"image\":{\"@id\":\"https:\\\/\\\/mwc-cmm.org\\\/en\\\/#\\\/schema\\\/logo\\\/image\\\/\"},\"sameAs\":[\"https:\\\/\\\/www.facebook.com\\\/MennoniteWorldConference\",\"https:\\\/\\\/www.linkedin.com\\\/company\\\/mennonite-world-conference-mwc\\\/\",\"https:\\\/\\\/www.instagram.com\\\/mwcmm\\\/\",\"https:\\\/\\\/www.youtube.com\\\/user\\\/mwccmm\",\"https:\\\/\\\/bsky.app\\\/profile\\\/mwcmm.bsky.social\"]},{\"@type\":\"Person\",\"@id\":\"https:\\\/\\\/mwc-cmm.org\\\/en\\\/#\\\/schema\\\/person\\\/00b62ed8ea1527254a44f3ace3aee79d\",\"name\":\"Stephanie Setiawan\",\"image\":{\"@type\":\"ImageObject\",\"inLanguage\":\"es\",\"@id\":\"https:\\\/\\\/secure.gravatar.com\\\/avatar\\\/71b4b62cf3d0cfb4c8a367a101127ba8adfa1c22417900980ea24f5f4457a76d?s=96&d=mm&r=g\",\"url\":\"https:\\\/\\\/secure.gravatar.com\\\/avatar\\\/71b4b62cf3d0cfb4c8a367a101127ba8adfa1c22417900980ea24f5f4457a76d?s=96&d=mm&r=g\",\"contentUrl\":\"https:\\\/\\\/secure.gravatar.com\\\/avatar\\\/71b4b62cf3d0cfb4c8a367a101127ba8adfa1c22417900980ea24f5f4457a76d?s=96&d=mm&r=g\",\"caption\":\"Stephanie Setiawan\"},\"url\":\"https:\\\/\\\/mwc-cmm.org\\\/es\\\/stories\\\/author\\\/stephanie\\\/\"}]}<\/script>\n<!-- \/ Yoast SEO plugin. -->","yoast_head_json":{"title":"Una celebraci\u00f3n de reconciliaci\u00f3n - Mennonite World Conference","robots":{"index":"index","follow":"follow","max-snippet":"max-snippet:-1","max-image-preview":"max-image-preview:large","max-video-preview":"max-video-preview:-1"},"canonical":"https:\/\/mwc-cmm.org\/es\/stories\/una-celebracion-de-reconciliacion\/","og_locale":"es_ES","og_type":"article","og_title":"Una celebraci\u00f3n de reconciliaci\u00f3n - Mennonite World Conference","og_description":"Las campanas resonaron por toda la ciudad llena de anabautistas. Se estima que m\u00e1s de 3.500 personas colmaron las calles del casco antiguo de Z\u00farich el 29 de mayo del 2025, D\u00eda de la Ascensi\u00f3n, para conmemorar el&nbsp;quincentenario&nbsp;del&nbsp;anabautismo.&nbsp; \u201cHoy en d\u00eda, como menonitas de Suiza, somos una comunidad peque\u00f1a\u201d, afirmaron Gladys Geiser y Lukas&nbsp;Amstutz, copresidentes [&hellip;]","og_url":"https:\/\/mwc-cmm.org\/es\/stories\/una-celebracion-de-reconciliacion\/","og_site_name":"Mennonite World Conference","article_publisher":"https:\/\/www.facebook.com\/MennoniteWorldConference","article_published_time":"2025-10-29T13:42:33+00:00","article_modified_time":"2025-11-04T09:32:00+00:00","og_image":[{"width":2560,"height":1922,"url":"https:\/\/mwc-cmm.org\/wp-content\/uploads\/2025\/10\/54580257090_1045f085a6_o-scaled.jpg","type":"image\/jpeg"}],"author":"Stephanie Setiawan","schema":{"@context":"https:\/\/schema.org","@graph":[{"@type":"Article","@id":"https:\/\/mwc-cmm.org\/es\/stories\/una-celebracion-de-reconciliacion\/#article","isPartOf":{"@id":"https:\/\/mwc-cmm.org\/es\/stories\/una-celebracion-de-reconciliacion\/"},"author":{"name":"Stephanie Setiawan","@id":"https:\/\/mwc-cmm.org\/en\/#\/schema\/person\/00b62ed8ea1527254a44f3ace3aee79d"},"headline":"Una celebraci\u00f3n de reconciliaci\u00f3n","datePublished":"2025-10-29T13:42:33+00:00","dateModified":"2025-11-04T09:32:00+00:00","mainEntityOfPage":{"@id":"https:\/\/mwc-cmm.org\/es\/stories\/una-celebracion-de-reconciliacion\/"},"wordCount":5444,"publisher":{"@id":"https:\/\/mwc-cmm.org\/en\/#organization"},"image":{"@id":"https:\/\/mwc-cmm.org\/es\/stories\/una-celebracion-de-reconciliacion\/#primaryimage"},"thumbnailUrl":"https:\/\/mwc-cmm.org\/wp-content\/uploads\/2025\/10\/54580257090_1045f085a6_o-scaled.jpg","keywords":["500","anabautista","Courier","La valent\u00eda de amar"],"articleSection":["Correo"],"inLanguage":"es"},{"@type":"WebPage","@id":"https:\/\/mwc-cmm.org\/es\/stories\/una-celebracion-de-reconciliacion\/","url":"https:\/\/mwc-cmm.org\/es\/stories\/una-celebracion-de-reconciliacion\/","name":"Una celebraci\u00f3n de reconciliaci\u00f3n - Mennonite World Conference","isPartOf":{"@id":"https:\/\/mwc-cmm.org\/en\/#website"},"primaryImageOfPage":{"@id":"https:\/\/mwc-cmm.org\/es\/stories\/una-celebracion-de-reconciliacion\/#primaryimage"},"image":{"@id":"https:\/\/mwc-cmm.org\/es\/stories\/una-celebracion-de-reconciliacion\/#primaryimage"},"thumbnailUrl":"https:\/\/mwc-cmm.org\/wp-content\/uploads\/2025\/10\/54580257090_1045f085a6_o-scaled.jpg","datePublished":"2025-10-29T13:42:33+00:00","dateModified":"2025-11-04T09:32:00+00:00","breadcrumb":{"@id":"https:\/\/mwc-cmm.org\/es\/stories\/una-celebracion-de-reconciliacion\/#breadcrumb"},"inLanguage":"es","potentialAction":[{"@type":"ReadAction","target":["https:\/\/mwc-cmm.org\/es\/stories\/una-celebracion-de-reconciliacion\/"]}]},{"@type":"ImageObject","inLanguage":"es","@id":"https:\/\/mwc-cmm.org\/es\/stories\/una-celebracion-de-reconciliacion\/#primaryimage","url":"https:\/\/mwc-cmm.org\/wp-content\/uploads\/2025\/10\/54580257090_1045f085a6_o-scaled.jpg","contentUrl":"https:\/\/mwc-cmm.org\/wp-content\/uploads\/2025\/10\/54580257090_1045f085a6_o-scaled.jpg","width":2560,"height":1922},{"@type":"BreadcrumbList","@id":"https:\/\/mwc-cmm.org\/es\/stories\/una-celebracion-de-reconciliacion\/#breadcrumb","itemListElement":[{"@type":"ListItem","position":1,"name":"Home","item":"https:\/\/mwc-cmm.org\/es\/"},{"@type":"ListItem","position":2,"name":"Una celebraci\u00f3n de reconciliaci\u00f3n"}]},{"@type":"WebSite","@id":"https:\/\/mwc-cmm.org\/en\/#website","url":"https:\/\/mwc-cmm.org\/en\/","name":"Mennonite World Conference","description":"A communion of Anabaptist-related churches","publisher":{"@id":"https:\/\/mwc-cmm.org\/en\/#organization"},"alternateName":"MWC","potentialAction":[{"@type":"SearchAction","target":{"@type":"EntryPoint","urlTemplate":"https:\/\/mwc-cmm.org\/en\/?s={search_term_string}"},"query-input":{"@type":"PropertyValueSpecification","valueRequired":true,"valueName":"search_term_string"}}],"inLanguage":"es"},{"@type":"Organization","@id":"https:\/\/mwc-cmm.org\/en\/#organization","name":"Mennonite World Conference","alternateName":"MWC","url":"https:\/\/mwc-cmm.org\/en\/","logo":{"@type":"ImageObject","inLanguage":"es","@id":"https:\/\/mwc-cmm.org\/en\/#\/schema\/logo\/image\/","url":"https:\/\/mwc-cmm.org\/wp-content\/uploads\/2026\/01\/MWC_Sig_Blue_Horiz_webheader1-logo.svg","contentUrl":"https:\/\/mwc-cmm.org\/wp-content\/uploads\/2026\/01\/MWC_Sig_Blue_Horiz_webheader1-logo.svg","width":786,"height":82,"caption":"Mennonite World Conference"},"image":{"@id":"https:\/\/mwc-cmm.org\/en\/#\/schema\/logo\/image\/"},"sameAs":["https:\/\/www.facebook.com\/MennoniteWorldConference","https:\/\/www.linkedin.com\/company\/mennonite-world-conference-mwc\/","https:\/\/www.instagram.com\/mwcmm\/","https:\/\/www.youtube.com\/user\/mwccmm","https:\/\/bsky.app\/profile\/mwcmm.bsky.social"]},{"@type":"Person","@id":"https:\/\/mwc-cmm.org\/en\/#\/schema\/person\/00b62ed8ea1527254a44f3ace3aee79d","name":"Stephanie Setiawan","image":{"@type":"ImageObject","inLanguage":"es","@id":"https:\/\/secure.gravatar.com\/avatar\/71b4b62cf3d0cfb4c8a367a101127ba8adfa1c22417900980ea24f5f4457a76d?s=96&d=mm&r=g","url":"https:\/\/secure.gravatar.com\/avatar\/71b4b62cf3d0cfb4c8a367a101127ba8adfa1c22417900980ea24f5f4457a76d?s=96&d=mm&r=g","contentUrl":"https:\/\/secure.gravatar.com\/avatar\/71b4b62cf3d0cfb4c8a367a101127ba8adfa1c22417900980ea24f5f4457a76d?s=96&d=mm&r=g","caption":"Stephanie Setiawan"},"url":"https:\/\/mwc-cmm.org\/es\/stories\/author\/stephanie\/"}]}},"_links":{"self":[{"href":"https:\/\/mwc-cmm.org\/es\/wp-json\/wp\/v2\/posts\/120236","targetHints":{"allow":["GET"]}}],"collection":[{"href":"https:\/\/mwc-cmm.org\/es\/wp-json\/wp\/v2\/posts"}],"about":[{"href":"https:\/\/mwc-cmm.org\/es\/wp-json\/wp\/v2\/types\/post"}],"author":[{"embeddable":true,"href":"https:\/\/mwc-cmm.org\/es\/wp-json\/wp\/v2\/users\/8"}],"replies":[{"embeddable":true,"href":"https:\/\/mwc-cmm.org\/es\/wp-json\/wp\/v2\/comments?post=120236"}],"version-history":[{"count":0,"href":"https:\/\/mwc-cmm.org\/es\/wp-json\/wp\/v2\/posts\/120236\/revisions"}],"wp:featuredmedia":[{"embeddable":true,"href":"https:\/\/mwc-cmm.org\/es\/wp-json\/wp\/v2\/media\/120218"}],"wp:attachment":[{"href":"https:\/\/mwc-cmm.org\/es\/wp-json\/wp\/v2\/media?parent=120236"}],"wp:term":[{"taxonomy":"category","embeddable":true,"href":"https:\/\/mwc-cmm.org\/es\/wp-json\/wp\/v2\/categories?post=120236"},{"taxonomy":"post_tag","embeddable":true,"href":"https:\/\/mwc-cmm.org\/es\/wp-json\/wp\/v2\/tags?post=120236"},{"taxonomy":"network","embeddable":true,"href":"https:\/\/mwc-cmm.org\/es\/wp-json\/wp\/v2\/network?post=120236"},{"taxonomy":"eventcategory","embeddable":true,"href":"https:\/\/mwc-cmm.org\/es\/wp-json\/wp\/v2\/eventcategory?post=120236"}],"curies":[{"name":"wp","href":"https:\/\/api.w.org\/{rel}","templated":true}]}}