{"id":118344,"date":"2025-09-03T16:46:10","date_gmt":"2025-09-03T16:46:10","guid":{"rendered":"https:\/\/mwc-cmm.org\/?p=118344"},"modified":"2025-11-21T21:35:36","modified_gmt":"2025-11-21T21:35:36","slug":"redisenando-nuestras-relaciones-de-proximidad","status":"publish","type":"post","link":"https:\/\/mwc-cmm.org\/es\/stories\/redisenando-nuestras-relaciones-de-proximidad\/","title":{"rendered":"Redise\u00f1ando nuestras relaciones de proximidad"},"content":{"rendered":"\n<h2 class=\"wp-block-heading is-style-green-eyebrow\">Domingo de la Paz 2025 \u2013 Recursos did\u00e1cticos<\/h2>\n\n\n\n<p><strong>Serm\u00f3n Mateo 22:34-40&nbsp;<\/strong><\/p>\n\n\n\n<p>\u201c<em>Vecina<\/em>\u201d, \u201c<em>Vecino<\/em>\u201d. Esta es una de las maneras en las que en Bogot\u00e1 (Colombia) nos referimos a diferentes personas a nuestro alrededor. Desde quienes viven en nuestro edificio o en una casa cercana, hasta quienes nos encontramos en la tienda o en otros espacios compartidos o p\u00fablicos. Puede ser que conozcamos bien a la persona, o que ni siquiera sepamos c\u00f3mo se llama. Pero al llamarle \u201cvecina\u201d o \u201cvecino\u201d hacemos que la relaci\u00f3n sea m\u00e1s c\u00e1lida. Es una manera de ir m\u00e1s all\u00e1 de lo distante, extra\u00f1o e incluso conflictivo que puede ser el encuentro con otra persona.&nbsp;<\/p>\n\n\n\n<p>Vecina\/vecino es un t\u00e9rmino que denota cercan\u00eda o proximidad. En ingl\u00e9s, es este t\u00e9rmino de vecino\/vecina, <em>neighbour<\/em>, el que aparece en Mateo 22:34-40. Mientras que en espa\u00f1ol y franc\u00e9s, el t\u00e9rmino \u201cpr\u00f3jimo\u201d es com\u00fanmente empleado en este pasaje b\u00edblico. Si bien el hablar de \u201cpr\u00f3jimo\u201d o \u201cpr\u00f3jima\u201d se deriva de la noci\u00f3n de proximidad, de quien est\u00e1 cerca o al lado, este t\u00e9rmino parece ser a veces demasiado abstracto o desconectado de nuestro diario vivir. Com\u00fanmente, el t\u00e9rmino pr\u00f3jimo\/pr\u00f3jima es empleado cuando hacemos referencia a un pasaje b\u00edblico o cuando buscamos dar cuenta de las implicaciones \u00e9ticas de nuestra fe cristiana, no cuando nos referimos a otras personas en nuestro diario vivir. \u00bfQu\u00e9 pasar\u00eda si enfatiz\u00e1ramos la cercan\u00eda, calidez y cotidianidad que hacen parte del referirnos a otras personas como vecino\/vecina (como pasa en Bogot\u00e1) para releer las implicaciones de este pasaje b\u00edblico?&nbsp;<\/p>\n\n\n\n<p>Este texto de Mateo es muy conocido. En principio el texto parece muy claro y contundente. Y, sin embargo, hay muchos diferentes \u00e9nfasis que se pueden hacer o dar a lo que Jes\u00fas dice.&nbsp;<\/p>\n\n\n\n<p>Uno de los \u00e9nfasis del texto puede ser resaltar la interconexi\u00f3n entre la dimensi\u00f3n \u201cvertical\u201d y la dimensi\u00f3n \u201chorizontal\u201d de la fe; entre el amor a Dios y el amor a otros seres humanos, respectivamente. En su comentario sobre b\u00edblico sobre este pasaje de Mateo, Richard B. Gardner<sup>5<\/sup> argumenta que estos principios que Jes\u00fas presenta no son necesariamente nuevos. El amor a Dios con todo el coraz\u00f3n, con toda el alma y con toda la mente puede encontrarse ya en Deuteronomio 6:5. Mientras que el amor al pr\u00f3jimo como a s\u00ed misma(o) puede identificarse en Lev\u00edtico 19:18.2 Lo que hace a esta respuesta de Jes\u00fas tan particular es la interdependencia entre estos dos mandamientos. Es imposible separar la dimensi\u00f3n vertical de la horizontal de nuestra fe.&nbsp;<\/p>\n\n\n\n<p>Otro \u00e9nfasis en la lectura del texto puede ser la interconexi\u00f3n entre c\u00f3mo entendemos la fe y c\u00f3mo la vivimos. No ser\u00eda consistente que afirmemos amar a Dios y que actuemos con apat\u00eda ante el sufrimiento de nuestra vecina y vecino. Tampoco ser\u00e1 muy l\u00f3gico decir que creemos en un Dios de paz y justicia cuando seguimos actuando de formas opresivas o injustas hacia las y los dem\u00e1s. De hecho, Richard B. Gardner propone que una de las conclusiones que se podr\u00eda sacar del texto es que el amor al pr\u00f3jimo es el \u00e1rea de acci\u00f3n en la cual que podemos corporizar o demostrar nuestro amor a Dios.3 La vida de Jes\u00fas es expresi\u00f3n encarnada del amor de Dios al mundo. A su vez, como humanos estamos invitadas e invitados a encarnar nuestro amor a Dios en el amor hacia otras personas\u2014y hacia el resto de la creaci\u00f3n. Nuestras acciones hacia el pr\u00f3jimo (especialmente hacia quienes han sido marginadas y marginados) son las que dan cuenta de nuestro amor a Dios. Por ello, no podemos separar c\u00f3mo entendemos y c\u00f3mo vivimos nuestra fe.&nbsp;<\/p>\n\n\n\n<p>La respuesta de Jes\u00fas en Mateo 22 tambi\u00e9n puede servir como una clave de lectura b\u00edblica. Sirve como lentes para ayudarnos a discernir sobre textos, leyes y mandamientos que pueden estar en conflicto o que son ambivalentes. Richard B. Gardner cuenta que de acuerdo con la tradici\u00f3n rab\u00ednica que data al siglo segundo, la Tor\u00e1 contiene aproximadamente 613 leyes (365 prohibiciones y 248 mandamientos).4 El que Jes\u00fas ubique al amor a Dios y al pr\u00f3jimo como los mandamientos m\u00e1s importantes hace que todo este gran n\u00famero de leyes y reglas est\u00e9n supeditados o tengan que ser le\u00eddos con estos lentes de amor a Dios y al pr\u00f3jimo.&nbsp;<\/p>\n\n\n\n<p>Si bien estos \u00e9nfasis son valiosos, este pasaje de Mateo 22:34-40 sigue siendo un texto cuya interpretaci\u00f3n no termina. Nuestro mundo requiere constantemente que reinterpretemos qu\u00e9 quiere decir esto del amor a Dios y el amor al pr\u00f3jimo. Esto es particularmente cierto en tiempos en los cuales la emergencia clim\u00e1tica, las elecciones de gobiernos de derecha, la reaparici\u00f3n de sentimientos xen\u00f3fobos, y las violencias en nuestras sociedades, guerras y genocidio en nuestro mundo se han convertido en realidades a las cuales debemos enfrentarnos d\u00eda a d\u00eda.&nbsp;<\/p>\n\n\n\n<hr class=\"wp-block-separator has-alpha-channel-opacity\"\/>\n\n\n\n<div class=\"wp-block-columns is-layout-flex wp-container-core-columns-is-layout-28f84493 wp-block-columns-is-layout-flex\">\n<div class=\"wp-block-column is-layout-flow wp-block-column-is-layout-flow\">\n<p><em>\u00a1Qu\u00e9 pena vecina! \u00a1qu\u00e9 pena vecino!&nbsp;<\/em>&nbsp;<\/p>\n\n\n\n<p>Siguiendo la l\u00f3gica de referirnos a otras personas como vecinas\/vecinos en Bogot\u00e1, es com\u00fan que empleemos la expresi\u00f3n \u201c\u00a1qu\u00e9 pena vecina\/vecino!\u201d cuando queremos pedir algo, cuando necesitamos ayuda de otra persona, o para excusarnos.&nbsp;<\/p>\n\n\n\n<p>Vivimos en un mundo en el cual nuestras relaciones de proximidad y cercan\u00eda han sido profundamente distorsionadas y violentadas. En muchas ocasiones, hemos sido c\u00f3mplices de esos da\u00f1os. Por ello, debemos revisar cuidadosamente c\u00f3mo hemos transgredido nuestras relaciones de proximidad, de \u201cvecindad\u201d. Tal vez, debemos confesar: <em>perd\u00f3n vecina, perd\u00f3n vecino<\/em>.&nbsp;<\/p>\n<\/div>\n\n\n\n<div class=\"wp-block-column is-layout-flow wp-block-column-is-layout-flow\">\n<figure class=\"wp-block-image size-large\"><img decoding=\"async\" width=\"1024\" height=\"570\" data-src=\"https:\/\/mwc-cmm.org\/wp-content\/uploads\/2025\/09\/Screenshot-2025-08-13-113354-1024x570.jpg\" alt=\"Flooding in the streets of Piura, Peru, after a heavy rainfall. Climate\nchange calls on us to love our neighbours. \" class=\"wp-image-118357 lazyload\" data-srcset=\"https:\/\/mwc-cmm.org\/wp-content\/uploads\/2025\/09\/Screenshot-2025-08-13-113354-1024x570.jpg 1024w, https:\/\/mwc-cmm.org\/wp-content\/uploads\/2025\/09\/Screenshot-2025-08-13-113354-300x167.jpg 300w, https:\/\/mwc-cmm.org\/wp-content\/uploads\/2025\/09\/Screenshot-2025-08-13-113354-768x427.jpg 768w, https:\/\/mwc-cmm.org\/wp-content\/uploads\/2025\/09\/Screenshot-2025-08-13-113354-1536x854.jpg 1536w, https:\/\/mwc-cmm.org\/wp-content\/uploads\/2025\/09\/Screenshot-2025-08-13-113354.jpg 1920w\" data-sizes=\"(max-width: 1024px) 100vw, 1024px\" src=\"data:image\/svg+xml;base64,PHN2ZyB3aWR0aD0iMSIgaGVpZ2h0PSIxIiB4bWxucz0iaHR0cDovL3d3dy53My5vcmcvMjAwMC9zdmciPjwvc3ZnPg==\" style=\"--smush-placeholder-width: 1024px; --smush-placeholder-aspect-ratio: 1024\/570;\" \/><figcaption class=\"wp-element-caption\"><em>Inundaciones en las calles de Piura, Per\u00fa, tras unas fuertes lluvias. El cambio clim\u00e1tico nos llama a amar a nuestros vecinos. Foto: Henk Stenvers<\/em><\/figcaption><\/figure>\n<\/div>\n<\/div>\n\n\n\n<p>Vivimos en tiempos en los que se ha normalizado sospechar de quien est\u00e1 pr\u00f3ximo, bien sea porque tiene un bagaje diferente, o porque es es una persona migrante, desplazada, o marginada. No importa que viva cerca nuestro, que haga parte de nuestra misma sociedad o que provenga de un lugar, pa\u00eds o regi\u00f3n aleda\u00f1a, igual no le consideramos \u201cvecina\/vecino\u201d sino como persona \u201cextra\u00f1a\u201d, \u201chostil\u201d e incluso \u201cenemiga\u201d o \u201ccriminal\u201d. Muchas guerras en nuestra historia y en nuestro mundo actual han sido o son entre vecinos y vecinas.&nbsp;<\/p>\n\n\n\n<p>Con la naturaleza, nuestras relaciones de proximidad tambi\u00e9n se han visto severamente afectadas. Hemos convertido relaciones de interdependencia en relaciones de domino y control. Vemos a la naturaleza simplemente como un \u201crecurso\u201d que pueden ser explotado y capitalizado. El cambio clim\u00e1tico es una de las se\u00f1ales de los da\u00f1os que hemos causado y que seguimos generando como seres humanos. Nuestra relaci\u00f3n con nuestro espacio vital, con la tierra y las aguas, ha sido fatalmente herida.&nbsp;<\/p>\n\n\n\n<p><em>Perd\u00f3n vecina, perd\u00f3n vecino\u2026<\/em>&nbsp;<\/p>\n\n\n\n<p>En medio de estas realidades conflictivas, la pregunta del experto en la ley a Jes\u00fas sobre cu\u00e1l es el mandamiento m\u00e1s importante parece tomar mucha relevancia. \u00bfC\u00f3mo encontrar gu\u00edas y puntos de referencia en nuestra fe para lidiar con estas distorsiones? \u00bfCu\u00e1les son las leyes que debemos seguir? \u00bfQu\u00e9 hacemos si como humanidad contamos con marcos legales como el Derecho Internacional y como los DDHH y sin embargo gobiernos, poderes econ\u00f3micos y pol\u00edticos deciden saltarlos impunemente? \u00bfC\u00f3mo hacemos si medidas que tomamos para limitar nuestra afectaci\u00f3n al medio ambiente son revertidas por los gobiernos de turno?&nbsp;<\/p>\n\n\n\n<p>Como en los tiempos de Jes\u00fas, el dilema no es s\u00f3lo que existan miles de leyes y marcos de referencia \u00e9ticos hoy en d\u00eda. El dilema se agudiza por la existencia de realidades de opresi\u00f3n y violencia que hacen a\u00fan m\u00e1s urgente la necesidad de encontrar puntos de orientaci\u00f3n, de re-conectarnos con elementos centrales de nuestra fe para discernir c\u00f3mo actuar.&nbsp;<\/p>\n\n\n\n<hr class=\"wp-block-separator has-alpha-channel-opacity\"\/>\n\n\n\n<div class=\"wp-block-columns is-layout-flex wp-container-core-columns-is-layout-28f84493 wp-block-columns-is-layout-flex\">\n<div class=\"wp-block-column is-layout-flow wp-block-column-is-layout-flow\">\n<p><em>\u201cBuenos d\u00edas vecina\u201d, \u201cbuenos d\u00edas vecino\u201d.<\/em>&nbsp;<\/p>\n\n\n\n<p>Cuando hablo sobre lo que es t\u00edpico de Bogot\u00e1 (Colombia) con personas que no han estado o vivido en la ciudad, frecuentemente viene a mi mente el saludar a otras personas diciendo <em>\u201cbuenos d\u00edas vecina\u201d o \u201cbuenos d\u00edas vecino\u201d<\/em>. Usualmente me toma unos minutos (y un par de ejemplos) poder comunicar c\u00f3mo suena y qu\u00e9 quiere decir. Entre risas, nunca estoy seguro si termino por hacer un buen trabajo explicando el uso de \u201cvecina\/vecino\u201d para referirnos a otras personas\u2014\u00a1incluso si esas personas no viven cerca de donde vivo yo!. Al leer una vez m\u00e1s el pasaje b\u00edblico sobre el amor a Dios y a quienes est\u00e1n en nuestra proximidad (\u00e9nfasis del t\u00e9rmino \u201cpr\u00f3jimo\u201d en espa\u00f1ol), trato de considerar conscientemente algunos posibles matices de este mandamiento cuando es le\u00eddo a trav\u00e9s del t\u00e9rmino vecina\/vecino (\u00e9nfasis que el texto tiene en ingl\u00e9s) y a c\u00f3mo lo empleamos en nuestra cotidianidad en Bogot\u00e1. En ese sentido, la respuesta de Jes\u00fas es una invitaci\u00f3n a re-pensar nuestras relaciones de proximidad.&nbsp;<\/p>\n<\/div>\n\n\n\n<div class=\"wp-block-column is-layout-flow wp-block-column-is-layout-flow\">\n<figure class=\"wp-block-image size-large\"><img decoding=\"async\" width=\"1024\" height=\"756\" data-src=\"https:\/\/mwc-cmm.org\/wp-content\/uploads\/2025\/09\/54082503665_32966e0fae_o-copy-1024x756.jpg\" alt=\"Members of Comunidad Cristiana Menonita de Girardot, Colombia,\nshare bread with their neighbours \u2013 pr\u00f3jimo and vecino \u2013 on Pan y\nPaz, \u201cbread and peace Sunday.\u201d Photo: \" class=\"wp-image-118251 lazyload\" data-srcset=\"https:\/\/mwc-cmm.org\/wp-content\/uploads\/2025\/09\/54082503665_32966e0fae_o-copy-1024x756.jpg 1024w, https:\/\/mwc-cmm.org\/wp-content\/uploads\/2025\/09\/54082503665_32966e0fae_o-copy-300x221.jpg 300w, https:\/\/mwc-cmm.org\/wp-content\/uploads\/2025\/09\/54082503665_32966e0fae_o-copy-768x567.jpg 768w, https:\/\/mwc-cmm.org\/wp-content\/uploads\/2025\/09\/54082503665_32966e0fae_o-copy-1536x1134.jpg 1536w, https:\/\/mwc-cmm.org\/wp-content\/uploads\/2025\/09\/54082503665_32966e0fae_o-copy-2048x1511.jpg 2048w\" data-sizes=\"(max-width: 1024px) 100vw, 1024px\" src=\"data:image\/svg+xml;base64,PHN2ZyB3aWR0aD0iMSIgaGVpZ2h0PSIxIiB4bWxucz0iaHR0cDovL3d3dy53My5vcmcvMjAwMC9zdmciPjwvc3ZnPg==\" style=\"--smush-placeholder-width: 1024px; --smush-placeholder-aspect-ratio: 1024\/756;\" \/><figcaption class=\"wp-element-caption\"><em>Los miembros de la Comunidad Cristiana Menonita de Girardot, Colombia, comparten pan con sus vecinos \u2014pr\u00f3jimo y vecino\u2014 en<br>Pan y Paz, el \u00abdomingo del pan y la paz\u00bb. Foto: Comunidad Cristiana Menonita de Girardot<\/em><\/figcaption><\/figure>\n<\/div>\n<\/div>\n\n\n\n<p>En un mundo en el cual barreras visibles e invisibles de segregaci\u00f3n abundan, un mundo en el cual se promueve el utilizar a poblaciones marginadas como chivos expiatorios para dar cuenta de los problemas de una comunidad o un pa\u00eds, un mundo en el cual se estimula ver a la otra persona como enemiga, el llamar y relacionarse con alguien como vecina\/vecino, con la calidez y proximidad que la expresi\u00f3n denota, es una acci\u00f3n contra-corriente. Es ir en contra del status quo.&nbsp;<\/p>\n\n\n\n<p>Puede parecer que llamar a alguien vecina\/vecino suene superficial, sea un c\u00f3digo social, o simplemente una expresi\u00f3n que nos acostumbramos a usar en Bogot\u00e1. Y, sin embargo, al referirnos a otra persona como vecina o vecino lo que hacemos es crear un lazo de cercan\u00eda. Un lazo que no necesariamente exist\u00eda antes. Esto hace que sea m\u00e1s dif\u00edcil verle como extra\u00f1a o enemiga.&nbsp;<\/p>\n\n\n\n<p>Las relaciones de distancia o proximidad con las y los dem\u00e1s no son est\u00e1ticas o r\u00edgidas. Pueden cambiar, y lo pueden hacer de formas sorpresivas. Incluso personas que se consideran extra\u00f1as o enemigas pueden convertirse en vecinas y vecinos. La par\u00e1bola del buen samaritano (Lucas 10: 25-37), en la cu\u00e1l Jes\u00fas ilustra qui\u00e9n es el pr\u00f3jimo, es un buen ejemplo de esto. Las personas samaritanas y jud\u00edas no ten\u00edan la mejor de las relaciones en los tiempos de Jes\u00fas. Y, sin embargo, Jes\u00fas identifica en un samaritano, quien seguramente era visto como extra\u00f1o (e incluso enemigo), el mejor reflejo de lo que quiere decir ser pr\u00f3jimo.&nbsp;<\/p>\n\n\n\n<p>Creo que la respuesta de Jes\u00fas nos interpela justamente en ese sentido: a redibujar nuestras relaciones de amor y proximidad. Siempre hay otras personas a quienes podemos hacer nuestras vecinas y vecinos. Si tomamos la idea de que es en el amor a la vecina(o) en el cual nuestro amor a Dios se hace evidente, debemos siempre buscar enriquecer y nutrir c\u00f3mo vivimos y expresamos ese amor. Por complejo que sea, cada nuevo d\u00eda, contexto y realidad en la que vivimos con las y los dem\u00e1s es una nueva oportunidad para dar forma a y encarnar\/corporizar ese amor a Dios.&nbsp;<\/p>\n\n\n\n<hr class=\"wp-block-separator has-alpha-channel-opacity\"\/>\n\n\n\n<p><em>\u00bfEn qu\u00e9 le puedo ayudar vecina? \u00bfEn qu\u00e9 le puedo ayudar vecino?<\/em>&nbsp;<\/p>\n\n\n\n<p>En Bogot\u00e1, es com\u00fan que quienes trabajan en una tienda pregunten \u201c\u00bfen qu\u00e9 le puedo ayudar vecina\/vecino?\u201d a las personas que entran a la tienda o que parecen estar buscando algo que no logran encontrar. De esa pregunta, lo que me llama la atenci\u00f3n no s\u00f3lo es que nos llamen vecina\/vecino sino que adem\u00e1s ofrezcan su ayuda. En el mundo en el que vivimos, puede ser que nos sintamos mal por lo que les pasa a otras personas en el mundo, por lo que pasa a nuestras vecinas o vecinos. Pero puede ser que optemos por sentir simpat\u00eda con su situaci\u00f3n a la distancia, siempre y cuando no afecte nuestra zona de confort.&nbsp;<\/p>\n\n\n\n<p>Si asumimos que el amor al pr\u00f3jimo es el espacio en el que podemos expresar y dar cuerpo a nuestro amor por Dios, la invitaci\u00f3n de amar al pr\u00f3jimo es un llamado a actuar en solidaridad, discerniendo lo qu\u00e9 podemos hacer y c\u00f3mo podemos ayudar. El amor al pr\u00f3jimo no es s\u00f3lo un tema de palabras, sino de acciones. No se trata de que siempre tengamos las respuestas o soluciones a los problemas. Ni tampoco de que decidamos por las otras personas lo que estas deben hacer. Actuar en solidaridad es un compromiso de caminar con otras y otros, a escucharles, y a discernir con ellas y ellos qu\u00e9 hacer\u2014m\u00e1s all\u00e1 de darle un <em>like<\/em> a un post de <em>Instagram<\/em> o compartir un video de <em>TikTok<\/em>.&nbsp;<\/p>\n\n\n\n<p>En ocasiones la solidaridad puede ser expresada a trav\u00e9s del activismo o participar en demostraciones y protestas noviolentas. En otras, se puede expresar en el reconocer y confrontar nuestros privilegios, y servir como aliados y aliadas en luchas que tienen muchas personas y comunidades. En otros momentos, puede ser que la solidaridad se vea reflejada en buscar crear espacios seguros y espacios valientes (<em>brave spaces<\/em>) para confrontar las diferentes formas de violencia que muchas personas han experimentado. La idea no es hacer un listado con todas las formas de solidaridad posibles. Estos ejemplos son simplemente indicaciones de c\u00f3mo la solidaridad implica ir m\u00e1s all\u00e1 de las palabras o simpat\u00edas.&nbsp;<\/p>\n\n\n\n<p>El ser vecinas\/vecinos incluye tambi\u00e9n una serie de responsabilidades y cuidados. En muchas ocasiones, es justamente en las relaciones de cercan\u00eda o proximidad en los cuales la violencia se manifiesta con mucha agudeza. No siempre se habla de esas formas de violencia. Y frecuentemente se silencia a las voces que buscan hacerlas expl\u00edcitas. Violencias de g\u00e9nero, violencia sexual, violencia que denominamos \u201cdom\u00e9stica\u201d, entre otras, muestran c\u00f3mo la cercan\u00eda como tal no es garant\u00eda de relaciones saludables o justas. Estos son ejemplos de c\u00f3mo el pecado de la violencia y los da\u00f1os profundos que \u00e9sta causa pueden expresarse en relaciones de proximidad. El hablar del amor al pr\u00f3jimo como expresi\u00f3n del amor a Dios nos recuerda de la incre\u00edble responsabilidad que tenemos por el florecimiento de las otras personas. As\u00ed que el considerar a la otra persona como vecina\/vecino no es s\u00f3lo una manera de expresar calidez, sino que implica tambi\u00e9n el comprometerme a ser responsable con su cuidado y bienestar.&nbsp;<\/p>\n\n\n\n<p>Una vez m\u00e1s, es en el amor a nuestra vecina\/vecino, pr\u00f3jima\/pr\u00f3jimo, el espacio en el que encarnamos nuestro amor a Dios.&nbsp;<\/p>\n\n\n\n<hr class=\"wp-block-separator has-alpha-channel-opacity\"\/>\n\n\n\n<div class=\"wp-block-columns is-layout-flex wp-container-core-columns-is-layout-28f84493 wp-block-columns-is-layout-flex\">\n<div class=\"wp-block-column is-layout-flow wp-block-column-is-layout-flow\">\n<p>Al conmemorar este a\u00f1o los 500 a\u00f1os del Anabautismo, y al considerar que el tema elegido para tan importante tiempo ha sido \u201cLa valent\u00eda de amar\u201d, es crucial volver sobre las implicaciones y responsabilidades que el amor a Dios y al pr\u00f3jimo tienen hoy. En un mundo en el cual la muerte o desesperanza parecen dominar, que sea la voz de Jes\u00fas la que nos recuerde qu\u00e9 debe estar en el centro de c\u00f3mo entendemos y vivimos nuestra fe. <\/p>\n<\/div>\n\n\n\n<div class=\"wp-block-column is-layout-flow wp-block-column-is-layout-flow\">\n<figure class=\"wp-block-image size-large\"><img decoding=\"async\" width=\"1024\" height=\"683\" data-src=\"https:\/\/mwc-cmm.org\/wp-content\/uploads\/2025\/07\/20250529IrmaSulistyoriniDSC06165-1024x683.jpg\" alt=\"\" class=\"wp-image-117638 lazyload\" data-srcset=\"https:\/\/mwc-cmm.org\/wp-content\/uploads\/2025\/07\/20250529IrmaSulistyoriniDSC06165-1024x683.jpg 1024w, https:\/\/mwc-cmm.org\/wp-content\/uploads\/2025\/07\/20250529IrmaSulistyoriniDSC06165-300x200.jpg 300w, https:\/\/mwc-cmm.org\/wp-content\/uploads\/2025\/07\/20250529IrmaSulistyoriniDSC06165-768x512.jpg 768w, https:\/\/mwc-cmm.org\/wp-content\/uploads\/2025\/07\/20250529IrmaSulistyoriniDSC06165-1536x1024.jpg 1536w, https:\/\/mwc-cmm.org\/wp-content\/uploads\/2025\/07\/20250529IrmaSulistyoriniDSC06165-2048x1365.jpg 2048w\" data-sizes=\"(max-width: 1024px) 100vw, 1024px\" src=\"data:image\/svg+xml;base64,PHN2ZyB3aWR0aD0iMSIgaGVpZ2h0PSIxIiB4bWxucz0iaHR0cDovL3d3dy53My5vcmcvMjAwMC9zdmciPjwvc3ZnPg==\" style=\"--smush-placeholder-width: 1024px; --smush-placeholder-aspect-ratio: 1024\/683;\" \/><figcaption class=\"wp-element-caption\"><em>Los delegados de YABs (representantes de su conferencia nacional miembro) exhiben sus banderas al final de sus reuniones en<br>Alemania en mayo de 2025. Foto: Irma Sulistyorini<\/em><\/figcaption><\/figure>\n<\/div>\n<\/div>\n\n\n\n<p>Que sea este un tiempo en el que podamos pensar sobre a qui\u00e9nes consideramos vecinas\/vecinos y en quienes nos consideran as\u00ed. Que este sea un tiempo que nos invite a tener la valent\u00eda para amar, para crear nuevos lazos y relaciones de proximidad con otras personas\u2014incluso con quienes percibimos como improbables o incluso imposibles.<\/p>\n\n\n\n<p>Que sea este un tiempo adem\u00e1s para nuevos inicios, para establecer nuevos compromisos de actuar en solidaridad con otras y otros, buscando su bienestar. Y que sea nuestro Dios de amor, quien nos ama tanto y quien nos invita a amarle en nuestras relaciones con las y los dem\u00e1s, con nuestro mundo, quien nos siga desafiando, inspirando y guiando en este camino.\u00a0<\/p>\n\n\n\n<p>Am\u00e9n.&nbsp;<\/p>\n\n\n\n<p><em>\u2014 Andr\u00e9s Pacheco Lozano es el presidente de la Comisi\u00f3n de Paz. Originario de Colombia, vive en \u00c1msterdam, Pa\u00edses Bajos. Este recurso es una adaptaci\u00f3n de un serm\u00f3n que pronunci\u00f3 en la Iglesia Cristiana Menonita De Teusaquillo en Bogot\u00e1, Colombia.<\/em><\/p>\n\n\n\n<hr class=\"wp-block-separator has-alpha-channel-opacity\"\/>\n\n\n\n<div class=\"wp-block-group has-global-padding is-layout-constrained wp-block-group-is-layout-constrained\">\n<div class=\"wp-block-columns is-layout-flex wp-container-core-columns-is-layout-28f84493 wp-block-columns-is-layout-flex\">\n<div class=\"wp-block-column is-layout-flow wp-block-column-is-layout-flow\">\n<figure class=\"wp-block-image size-large\"><img decoding=\"async\" width=\"1024\" height=\"768\" data-src=\"https:\/\/mwc-cmm.org\/wp-content\/uploads\/2025\/09\/54560660308_6b2303b7d7_o-1024x768.jpg\" alt=\"\" class=\"wp-image-118266 lazyload\" data-srcset=\"https:\/\/mwc-cmm.org\/wp-content\/uploads\/2025\/09\/54560660308_6b2303b7d7_o-1024x768.jpg 1024w, https:\/\/mwc-cmm.org\/wp-content\/uploads\/2025\/09\/54560660308_6b2303b7d7_o-300x225.jpg 300w, https:\/\/mwc-cmm.org\/wp-content\/uploads\/2025\/09\/54560660308_6b2303b7d7_o-768x576.jpg 768w, https:\/\/mwc-cmm.org\/wp-content\/uploads\/2025\/09\/54560660308_6b2303b7d7_o-1536x1152.jpg 1536w, https:\/\/mwc-cmm.org\/wp-content\/uploads\/2025\/09\/54560660308_6b2303b7d7_o-2048x1536.jpg 2048w\" data-sizes=\"(max-width: 1024px) 100vw, 1024px\" src=\"data:image\/svg+xml;base64,PHN2ZyB3aWR0aD0iMSIgaGVpZ2h0PSIxIiB4bWxucz0iaHR0cDovL3d3dy53My5vcmcvMjAwMC9zdmciPjwvc3ZnPg==\" style=\"--smush-placeholder-width: 1024px; --smush-placeholder-aspect-ratio: 1024\/768;\" \/><\/figure>\n<\/div>\n\n\n\n<div class=\"wp-block-column is-layout-flow wp-block-column-is-layout-flow\">\n<figure class=\"wp-block-image size-large\"><img decoding=\"async\" width=\"1024\" height=\"756\" data-src=\"https:\/\/mwc-cmm.org\/wp-content\/uploads\/2025\/09\/54082503665_32966e0fae_o-copy-1024x756.jpg\" alt=\"\" class=\"wp-image-118251 lazyload\" data-srcset=\"https:\/\/mwc-cmm.org\/wp-content\/uploads\/2025\/09\/54082503665_32966e0fae_o-copy-1024x756.jpg 1024w, https:\/\/mwc-cmm.org\/wp-content\/uploads\/2025\/09\/54082503665_32966e0fae_o-copy-300x221.jpg 300w, https:\/\/mwc-cmm.org\/wp-content\/uploads\/2025\/09\/54082503665_32966e0fae_o-copy-768x567.jpg 768w, https:\/\/mwc-cmm.org\/wp-content\/uploads\/2025\/09\/54082503665_32966e0fae_o-copy-1536x1134.jpg 1536w, https:\/\/mwc-cmm.org\/wp-content\/uploads\/2025\/09\/54082503665_32966e0fae_o-copy-2048x1511.jpg 2048w\" data-sizes=\"(max-width: 1024px) 100vw, 1024px\" src=\"data:image\/svg+xml;base64,PHN2ZyB3aWR0aD0iMSIgaGVpZ2h0PSIxIiB4bWxucz0iaHR0cDovL3d3dy53My5vcmcvMjAwMC9zdmciPjwvc3ZnPg==\" style=\"--smush-placeholder-width: 1024px; --smush-placeholder-aspect-ratio: 1024\/756;\" \/><\/figure>\n<\/div>\n\n\n\n<div class=\"wp-block-column is-layout-flow wp-block-column-is-layout-flow\">\n<figure class=\"wp-block-image size-large\"><img decoding=\"async\" width=\"1024\" height=\"768\" data-src=\"https:\/\/mwc-cmm.org\/wp-content\/uploads\/2025\/09\/438093953_7211258128982976_5971744066731289111_n-1024x768.jpg\" alt=\"\" class=\"wp-image-118280 lazyload\" data-srcset=\"https:\/\/mwc-cmm.org\/wp-content\/uploads\/2025\/09\/438093953_7211258128982976_5971744066731289111_n-1024x768.jpg 1024w, https:\/\/mwc-cmm.org\/wp-content\/uploads\/2025\/09\/438093953_7211258128982976_5971744066731289111_n-300x225.jpg 300w, https:\/\/mwc-cmm.org\/wp-content\/uploads\/2025\/09\/438093953_7211258128982976_5971744066731289111_n-768x576.jpg 768w, https:\/\/mwc-cmm.org\/wp-content\/uploads\/2025\/09\/438093953_7211258128982976_5971744066731289111_n-1536x1152.jpg 1536w, https:\/\/mwc-cmm.org\/wp-content\/uploads\/2025\/09\/438093953_7211258128982976_5971744066731289111_n.jpg 1600w\" data-sizes=\"(max-width: 1024px) 100vw, 1024px\" src=\"data:image\/svg+xml;base64,PHN2ZyB3aWR0aD0iMSIgaGVpZ2h0PSIxIiB4bWxucz0iaHR0cDovL3d3dy53My5vcmcvMjAwMC9zdmciPjwvc3ZnPg==\" style=\"--smush-placeholder-width: 1024px; --smush-placeholder-aspect-ratio: 1024\/768;\" \/><\/figure>\n<\/div>\n<\/div>\n\n\n\n<div class=\"wp-block-buttons is-content-justification-center is-layout-flex wp-container-core-buttons-is-layout-a89b3969 wp-block-buttons-is-layout-flex\">\n<div class=\"wp-block-button\"><a class=\"wp-block-button__link wp-element-button\" href=\"https:\/\/mwc-cmm.org\/es\/resources\/domingo-de-la-paz-2025-recursos-para-el-culto-de-adoracion\/\">Domingo de la Paz 2025 \u2013 Recursos para el culto de adoraci\u00f3n<\/a><\/div>\n<\/div>\n<\/div>\n\n\n\n<p><\/p>\n","protected":false},"excerpt":{"rendered":"<p>Domingo de la Paz 2025 \u2013 Recursos did\u00e1cticos Serm\u00f3n Mateo 22:34-40&nbsp; \u201cVecina\u201d, \u201cVecino\u201d. Esta es una de las maneras en las que en Bogot\u00e1 (Colombia) nos referimos a diferentes personas a nuestro alrededor. Desde quienes viven en nuestro edificio o en una casa cercana, hasta quienes nos encontramos en la tienda o en otros espacios [&hellip;]<\/p>\n","protected":false},"author":8,"featured_media":118340,"comment_status":"closed","ping_status":"closed","sticky":false,"template":"","format":"standard","meta":{"_acf_changed":false,"footnotes":""},"categories":[1185],"tags":[1058,473],"network":[1253],"eventcategory":[1516],"class_list":["post-118344","post","type-post","status-publish","format-standard","has-post-thumbnail","hentry","category-recursos-para-el-culto","tag-comision-de-paz","tag-paz","network-peace-commission-es","eventcategory-peace-sunday-es"],"acf":[],"yoast_head":"<!-- This site is optimized with the Yoast SEO plugin v27.2 - https:\/\/yoast.com\/product\/yoast-seo-wordpress\/ -->\n<title>Redise\u00f1ando nuestras relaciones de proximidad - Mennonite World Conference<\/title>\n<meta name=\"robots\" content=\"index, follow, max-snippet:-1, max-image-preview:large, max-video-preview:-1\" \/>\n<link rel=\"canonical\" href=\"https:\/\/mwc-cmm.org\/es\/stories\/redisenando-nuestras-relaciones-de-proximidad\/\" \/>\n<meta property=\"og:locale\" content=\"es_ES\" \/>\n<meta property=\"og:type\" content=\"article\" \/>\n<meta property=\"og:title\" content=\"Redise\u00f1ando nuestras relaciones de proximidad - Mennonite World Conference\" \/>\n<meta property=\"og:description\" content=\"Domingo de la Paz 2025 \u2013 Recursos did\u00e1cticos Serm\u00f3n Mateo 22:34-40&nbsp; \u201cVecina\u201d, \u201cVecino\u201d. Esta es una de las maneras en las que en Bogot\u00e1 (Colombia) nos referimos a diferentes personas a nuestro alrededor. Desde quienes viven en nuestro edificio o en una casa cercana, hasta quienes nos encontramos en la tienda o en otros espacios [&hellip;]\" \/>\n<meta property=\"og:url\" content=\"https:\/\/mwc-cmm.org\/es\/stories\/redisenando-nuestras-relaciones-de-proximidad\/\" \/>\n<meta property=\"og:site_name\" content=\"Mennonite World Conference\" \/>\n<meta property=\"article:publisher\" content=\"https:\/\/www.facebook.com\/MennoniteWorldConference\" \/>\n<meta property=\"article:published_time\" content=\"2025-09-03T16:46:10+00:00\" \/>\n<meta property=\"article:modified_time\" content=\"2025-11-21T21:35:36+00:00\" \/>\n<meta property=\"og:image\" content=\"https:\/\/mwc-cmm.org\/wp-content\/uploads\/2025\/09\/54412329557_3e547c3e2e_o-scaled.jpg\" \/>\n\t<meta property=\"og:image:width\" content=\"2560\" \/>\n\t<meta property=\"og:image:height\" content=\"1465\" \/>\n\t<meta property=\"og:image:type\" content=\"image\/jpeg\" \/>\n<meta name=\"author\" content=\"Stephanie Setiawan\" \/>\n<script type=\"application\/ld+json\" class=\"yoast-schema-graph\">{\"@context\":\"https:\/\/schema.org\",\"@graph\":[{\"@type\":\"Article\",\"@id\":\"https:\/\/mwc-cmm.org\/es\/stories\/redisenando-nuestras-relaciones-de-proximidad\/#article\",\"isPartOf\":{\"@id\":\"https:\/\/mwc-cmm.org\/es\/stories\/redisenando-nuestras-relaciones-de-proximidad\/\"},\"author\":{\"name\":\"Stephanie Setiawan\",\"@id\":\"https:\/\/mwc-cmm.org\/en\/#\/schema\/person\/00b62ed8ea1527254a44f3ace3aee79d\"},\"headline\":\"Redise\u00f1ando nuestras relaciones de proximidad\",\"datePublished\":\"2025-09-03T16:46:10+00:00\",\"dateModified\":\"2025-11-21T21:35:36+00:00\",\"mainEntityOfPage\":{\"@id\":\"https:\/\/mwc-cmm.org\/es\/stories\/redisenando-nuestras-relaciones-de-proximidad\/\"},\"wordCount\":2853,\"publisher\":{\"@id\":\"https:\/\/mwc-cmm.org\/en\/#organization\"},\"image\":{\"@id\":\"https:\/\/mwc-cmm.org\/es\/stories\/redisenando-nuestras-relaciones-de-proximidad\/#primaryimage\"},\"thumbnailUrl\":\"https:\/\/mwc-cmm.org\/wp-content\/uploads\/2025\/09\/54412329557_3e547c3e2e_o-scaled.jpg\",\"keywords\":[\"Comisi\u00f3n de Paz\",\"paz\"],\"articleSection\":[\"Recursos para el culto\"],\"inLanguage\":\"es\"},{\"@type\":\"WebPage\",\"@id\":\"https:\/\/mwc-cmm.org\/es\/stories\/redisenando-nuestras-relaciones-de-proximidad\/\",\"url\":\"https:\/\/mwc-cmm.org\/es\/stories\/redisenando-nuestras-relaciones-de-proximidad\/\",\"name\":\"Redise\u00f1ando nuestras relaciones de proximidad - Mennonite World Conference\",\"isPartOf\":{\"@id\":\"https:\/\/mwc-cmm.org\/en\/#website\"},\"primaryImageOfPage\":{\"@id\":\"https:\/\/mwc-cmm.org\/es\/stories\/redisenando-nuestras-relaciones-de-proximidad\/#primaryimage\"},\"image\":{\"@id\":\"https:\/\/mwc-cmm.org\/es\/stories\/redisenando-nuestras-relaciones-de-proximidad\/#primaryimage\"},\"thumbnailUrl\":\"https:\/\/mwc-cmm.org\/wp-content\/uploads\/2025\/09\/54412329557_3e547c3e2e_o-scaled.jpg\",\"datePublished\":\"2025-09-03T16:46:10+00:00\",\"dateModified\":\"2025-11-21T21:35:36+00:00\",\"breadcrumb\":{\"@id\":\"https:\/\/mwc-cmm.org\/es\/stories\/redisenando-nuestras-relaciones-de-proximidad\/#breadcrumb\"},\"inLanguage\":\"es\",\"potentialAction\":[{\"@type\":\"ReadAction\",\"target\":[\"https:\/\/mwc-cmm.org\/es\/stories\/redisenando-nuestras-relaciones-de-proximidad\/\"]}]},{\"@type\":\"ImageObject\",\"inLanguage\":\"es\",\"@id\":\"https:\/\/mwc-cmm.org\/es\/stories\/redisenando-nuestras-relaciones-de-proximidad\/#primaryimage\",\"url\":\"https:\/\/mwc-cmm.org\/wp-content\/uploads\/2025\/09\/54412329557_3e547c3e2e_o-scaled.jpg\",\"contentUrl\":\"https:\/\/mwc-cmm.org\/wp-content\/uploads\/2025\/09\/54412329557_3e547c3e2e_o-scaled.jpg\",\"width\":2560,\"height\":1465,\"caption\":\"500 years of Anabaptism celebration in Peru\"},{\"@type\":\"BreadcrumbList\",\"@id\":\"https:\/\/mwc-cmm.org\/es\/stories\/redisenando-nuestras-relaciones-de-proximidad\/#breadcrumb\",\"itemListElement\":[{\"@type\":\"ListItem\",\"position\":1,\"name\":\"Home\",\"item\":\"https:\/\/mwc-cmm.org\/es\/\"},{\"@type\":\"ListItem\",\"position\":2,\"name\":\"Redise\u00f1ando nuestras relaciones de proximidad\"}]},{\"@type\":\"WebSite\",\"@id\":\"https:\/\/mwc-cmm.org\/en\/#website\",\"url\":\"https:\/\/mwc-cmm.org\/en\/\",\"name\":\"Mennonite World Conference\",\"description\":\"A communion of Anabaptist-related churches\",\"publisher\":{\"@id\":\"https:\/\/mwc-cmm.org\/en\/#organization\"},\"alternateName\":\"MWC\",\"potentialAction\":[{\"@type\":\"SearchAction\",\"target\":{\"@type\":\"EntryPoint\",\"urlTemplate\":\"https:\/\/mwc-cmm.org\/en\/?s={search_term_string}\"},\"query-input\":{\"@type\":\"PropertyValueSpecification\",\"valueRequired\":true,\"valueName\":\"search_term_string\"}}],\"inLanguage\":\"es\"},{\"@type\":\"Organization\",\"@id\":\"https:\/\/mwc-cmm.org\/en\/#organization\",\"name\":\"Mennonite World Conference\",\"alternateName\":\"MWC\",\"url\":\"https:\/\/mwc-cmm.org\/en\/\",\"logo\":{\"@type\":\"ImageObject\",\"inLanguage\":\"es\",\"@id\":\"https:\/\/mwc-cmm.org\/en\/#\/schema\/logo\/image\/\",\"url\":\"https:\/\/mwc-cmm.org\/wp-content\/uploads\/2026\/01\/MWC_Sig_Blue_Horiz_webheader1-logo.svg\",\"contentUrl\":\"https:\/\/mwc-cmm.org\/wp-content\/uploads\/2026\/01\/MWC_Sig_Blue_Horiz_webheader1-logo.svg\",\"width\":786,\"height\":82,\"caption\":\"Mennonite World Conference\"},\"image\":{\"@id\":\"https:\/\/mwc-cmm.org\/en\/#\/schema\/logo\/image\/\"},\"sameAs\":[\"https:\/\/www.facebook.com\/MennoniteWorldConference\",\"https:\/\/www.linkedin.com\/company\/mennonite-world-conference-mwc\/\",\"https:\/\/www.instagram.com\/mwcmm\/\",\"https:\/\/www.youtube.com\/user\/mwccmm\",\"https:\/\/bsky.app\/profile\/mwcmm.bsky.social\"]},{\"@type\":\"Person\",\"@id\":\"https:\/\/mwc-cmm.org\/en\/#\/schema\/person\/00b62ed8ea1527254a44f3ace3aee79d\",\"name\":\"Stephanie Setiawan\",\"image\":{\"@type\":\"ImageObject\",\"inLanguage\":\"es\",\"@id\":\"https:\/\/secure.gravatar.com\/avatar\/71b4b62cf3d0cfb4c8a367a101127ba8adfa1c22417900980ea24f5f4457a76d?s=96&d=mm&r=g\",\"url\":\"https:\/\/secure.gravatar.com\/avatar\/71b4b62cf3d0cfb4c8a367a101127ba8adfa1c22417900980ea24f5f4457a76d?s=96&d=mm&r=g\",\"contentUrl\":\"https:\/\/secure.gravatar.com\/avatar\/71b4b62cf3d0cfb4c8a367a101127ba8adfa1c22417900980ea24f5f4457a76d?s=96&d=mm&r=g\",\"caption\":\"Stephanie Setiawan\"},\"url\":\"https:\/\/mwc-cmm.org\/es\/stories\/author\/stephanie\/\"}]}<\/script>\n<!-- \/ Yoast SEO plugin. -->","yoast_head_json":{"title":"Redise\u00f1ando nuestras relaciones de proximidad - Mennonite World Conference","robots":{"index":"index","follow":"follow","max-snippet":"max-snippet:-1","max-image-preview":"max-image-preview:large","max-video-preview":"max-video-preview:-1"},"canonical":"https:\/\/mwc-cmm.org\/es\/stories\/redisenando-nuestras-relaciones-de-proximidad\/","og_locale":"es_ES","og_type":"article","og_title":"Redise\u00f1ando nuestras relaciones de proximidad - Mennonite World Conference","og_description":"Domingo de la Paz 2025 \u2013 Recursos did\u00e1cticos Serm\u00f3n Mateo 22:34-40&nbsp; \u201cVecina\u201d, \u201cVecino\u201d. Esta es una de las maneras en las que en Bogot\u00e1 (Colombia) nos referimos a diferentes personas a nuestro alrededor. Desde quienes viven en nuestro edificio o en una casa cercana, hasta quienes nos encontramos en la tienda o en otros espacios [&hellip;]","og_url":"https:\/\/mwc-cmm.org\/es\/stories\/redisenando-nuestras-relaciones-de-proximidad\/","og_site_name":"Mennonite World Conference","article_publisher":"https:\/\/www.facebook.com\/MennoniteWorldConference","article_published_time":"2025-09-03T16:46:10+00:00","article_modified_time":"2025-11-21T21:35:36+00:00","og_image":[{"width":2560,"height":1465,"url":"https:\/\/mwc-cmm.org\/wp-content\/uploads\/2025\/09\/54412329557_3e547c3e2e_o-scaled.jpg","type":"image\/jpeg"}],"author":"Stephanie Setiawan","schema":{"@context":"https:\/\/schema.org","@graph":[{"@type":"Article","@id":"https:\/\/mwc-cmm.org\/es\/stories\/redisenando-nuestras-relaciones-de-proximidad\/#article","isPartOf":{"@id":"https:\/\/mwc-cmm.org\/es\/stories\/redisenando-nuestras-relaciones-de-proximidad\/"},"author":{"name":"Stephanie Setiawan","@id":"https:\/\/mwc-cmm.org\/en\/#\/schema\/person\/00b62ed8ea1527254a44f3ace3aee79d"},"headline":"Redise\u00f1ando nuestras relaciones de proximidad","datePublished":"2025-09-03T16:46:10+00:00","dateModified":"2025-11-21T21:35:36+00:00","mainEntityOfPage":{"@id":"https:\/\/mwc-cmm.org\/es\/stories\/redisenando-nuestras-relaciones-de-proximidad\/"},"wordCount":2853,"publisher":{"@id":"https:\/\/mwc-cmm.org\/en\/#organization"},"image":{"@id":"https:\/\/mwc-cmm.org\/es\/stories\/redisenando-nuestras-relaciones-de-proximidad\/#primaryimage"},"thumbnailUrl":"https:\/\/mwc-cmm.org\/wp-content\/uploads\/2025\/09\/54412329557_3e547c3e2e_o-scaled.jpg","keywords":["Comisi\u00f3n de Paz","paz"],"articleSection":["Recursos para el culto"],"inLanguage":"es"},{"@type":"WebPage","@id":"https:\/\/mwc-cmm.org\/es\/stories\/redisenando-nuestras-relaciones-de-proximidad\/","url":"https:\/\/mwc-cmm.org\/es\/stories\/redisenando-nuestras-relaciones-de-proximidad\/","name":"Redise\u00f1ando nuestras relaciones de proximidad - Mennonite World Conference","isPartOf":{"@id":"https:\/\/mwc-cmm.org\/en\/#website"},"primaryImageOfPage":{"@id":"https:\/\/mwc-cmm.org\/es\/stories\/redisenando-nuestras-relaciones-de-proximidad\/#primaryimage"},"image":{"@id":"https:\/\/mwc-cmm.org\/es\/stories\/redisenando-nuestras-relaciones-de-proximidad\/#primaryimage"},"thumbnailUrl":"https:\/\/mwc-cmm.org\/wp-content\/uploads\/2025\/09\/54412329557_3e547c3e2e_o-scaled.jpg","datePublished":"2025-09-03T16:46:10+00:00","dateModified":"2025-11-21T21:35:36+00:00","breadcrumb":{"@id":"https:\/\/mwc-cmm.org\/es\/stories\/redisenando-nuestras-relaciones-de-proximidad\/#breadcrumb"},"inLanguage":"es","potentialAction":[{"@type":"ReadAction","target":["https:\/\/mwc-cmm.org\/es\/stories\/redisenando-nuestras-relaciones-de-proximidad\/"]}]},{"@type":"ImageObject","inLanguage":"es","@id":"https:\/\/mwc-cmm.org\/es\/stories\/redisenando-nuestras-relaciones-de-proximidad\/#primaryimage","url":"https:\/\/mwc-cmm.org\/wp-content\/uploads\/2025\/09\/54412329557_3e547c3e2e_o-scaled.jpg","contentUrl":"https:\/\/mwc-cmm.org\/wp-content\/uploads\/2025\/09\/54412329557_3e547c3e2e_o-scaled.jpg","width":2560,"height":1465,"caption":"500 years of Anabaptism celebration in Peru"},{"@type":"BreadcrumbList","@id":"https:\/\/mwc-cmm.org\/es\/stories\/redisenando-nuestras-relaciones-de-proximidad\/#breadcrumb","itemListElement":[{"@type":"ListItem","position":1,"name":"Home","item":"https:\/\/mwc-cmm.org\/es\/"},{"@type":"ListItem","position":2,"name":"Redise\u00f1ando nuestras relaciones de proximidad"}]},{"@type":"WebSite","@id":"https:\/\/mwc-cmm.org\/en\/#website","url":"https:\/\/mwc-cmm.org\/en\/","name":"Mennonite World Conference","description":"A communion of Anabaptist-related churches","publisher":{"@id":"https:\/\/mwc-cmm.org\/en\/#organization"},"alternateName":"MWC","potentialAction":[{"@type":"SearchAction","target":{"@type":"EntryPoint","urlTemplate":"https:\/\/mwc-cmm.org\/en\/?s={search_term_string}"},"query-input":{"@type":"PropertyValueSpecification","valueRequired":true,"valueName":"search_term_string"}}],"inLanguage":"es"},{"@type":"Organization","@id":"https:\/\/mwc-cmm.org\/en\/#organization","name":"Mennonite World Conference","alternateName":"MWC","url":"https:\/\/mwc-cmm.org\/en\/","logo":{"@type":"ImageObject","inLanguage":"es","@id":"https:\/\/mwc-cmm.org\/en\/#\/schema\/logo\/image\/","url":"https:\/\/mwc-cmm.org\/wp-content\/uploads\/2026\/01\/MWC_Sig_Blue_Horiz_webheader1-logo.svg","contentUrl":"https:\/\/mwc-cmm.org\/wp-content\/uploads\/2026\/01\/MWC_Sig_Blue_Horiz_webheader1-logo.svg","width":786,"height":82,"caption":"Mennonite World Conference"},"image":{"@id":"https:\/\/mwc-cmm.org\/en\/#\/schema\/logo\/image\/"},"sameAs":["https:\/\/www.facebook.com\/MennoniteWorldConference","https:\/\/www.linkedin.com\/company\/mennonite-world-conference-mwc\/","https:\/\/www.instagram.com\/mwcmm\/","https:\/\/www.youtube.com\/user\/mwccmm","https:\/\/bsky.app\/profile\/mwcmm.bsky.social"]},{"@type":"Person","@id":"https:\/\/mwc-cmm.org\/en\/#\/schema\/person\/00b62ed8ea1527254a44f3ace3aee79d","name":"Stephanie Setiawan","image":{"@type":"ImageObject","inLanguage":"es","@id":"https:\/\/secure.gravatar.com\/avatar\/71b4b62cf3d0cfb4c8a367a101127ba8adfa1c22417900980ea24f5f4457a76d?s=96&d=mm&r=g","url":"https:\/\/secure.gravatar.com\/avatar\/71b4b62cf3d0cfb4c8a367a101127ba8adfa1c22417900980ea24f5f4457a76d?s=96&d=mm&r=g","contentUrl":"https:\/\/secure.gravatar.com\/avatar\/71b4b62cf3d0cfb4c8a367a101127ba8adfa1c22417900980ea24f5f4457a76d?s=96&d=mm&r=g","caption":"Stephanie Setiawan"},"url":"https:\/\/mwc-cmm.org\/es\/stories\/author\/stephanie\/"}]}},"_links":{"self":[{"href":"https:\/\/mwc-cmm.org\/es\/wp-json\/wp\/v2\/posts\/118344","targetHints":{"allow":["GET"]}}],"collection":[{"href":"https:\/\/mwc-cmm.org\/es\/wp-json\/wp\/v2\/posts"}],"about":[{"href":"https:\/\/mwc-cmm.org\/es\/wp-json\/wp\/v2\/types\/post"}],"author":[{"embeddable":true,"href":"https:\/\/mwc-cmm.org\/es\/wp-json\/wp\/v2\/users\/8"}],"replies":[{"embeddable":true,"href":"https:\/\/mwc-cmm.org\/es\/wp-json\/wp\/v2\/comments?post=118344"}],"version-history":[{"count":0,"href":"https:\/\/mwc-cmm.org\/es\/wp-json\/wp\/v2\/posts\/118344\/revisions"}],"wp:featuredmedia":[{"embeddable":true,"href":"https:\/\/mwc-cmm.org\/es\/wp-json\/wp\/v2\/media\/118340"}],"wp:attachment":[{"href":"https:\/\/mwc-cmm.org\/es\/wp-json\/wp\/v2\/media?parent=118344"}],"wp:term":[{"taxonomy":"category","embeddable":true,"href":"https:\/\/mwc-cmm.org\/es\/wp-json\/wp\/v2\/categories?post=118344"},{"taxonomy":"post_tag","embeddable":true,"href":"https:\/\/mwc-cmm.org\/es\/wp-json\/wp\/v2\/tags?post=118344"},{"taxonomy":"network","embeddable":true,"href":"https:\/\/mwc-cmm.org\/es\/wp-json\/wp\/v2\/network?post=118344"},{"taxonomy":"eventcategory","embeddable":true,"href":"https:\/\/mwc-cmm.org\/es\/wp-json\/wp\/v2\/eventcategory?post=118344"}],"curies":[{"name":"wp","href":"https:\/\/api.w.org\/{rel}","templated":true}]}}