{"id":116001,"date":"2025-06-30T16:40:57","date_gmt":"2025-06-30T16:40:57","guid":{"rendered":"https:\/\/mwc-cmm.org\/?p=116001"},"modified":"2025-07-11T00:45:35","modified_gmt":"2025-07-11T00:45:35","slug":"celebracion-reconciliation","status":"publish","type":"post","link":"https:\/\/mwc-cmm.org\/es\/stories\/celebracion-reconciliation\/","title":{"rendered":"Una celebraci\u00f3n de reconciliaci\u00f3n"},"content":{"rendered":"\n<p>Las campanas resonaron por toda la ciudad, la cual estaba llena de anabautistas. Se estima que unas 3500 personas o m\u00e1s llenaron las calles del casco antiguo de Z\u00farich el D\u00eda de la Ascensi\u00f3n, el 29 de mayo del 2025, para conmemorar el aniversario 500 del anabautismo.<\/p>\n\n\n\n<p>\u201cHoy en d\u00eda, como menonitas en Suiza somos una comunidad peque\u00f1a\u201d, afirmaron Gladys Geiser y Lukas Amstutz, copresidentes de la Konferenz der Mennoniten der Schweiz, en la apertura del culto. La ciudad anfitriona es el lugar de los primeros bautismos de adultos conocidos del movimiento anabautista. Pero como podemos ver en este culto, somos parte de un movimiento que se ha vuelto diverso e internacional\u201d.<\/p>\n\n\n\n<h2 class=\"wp-block-heading\">Todas las naciones juntas<strong><\/strong><\/h2>\n\n\n\n<div class=\"wp-block-cb-carousel-v2 cb-carousel-block\" data-cb-slides-per-view=\"1\" data-cb-slides-per-group=\"1\" data-cb-space-between=\"15\" data-cb-speed=\"300\" data-cb-navigation=\"true\" data-cb-pagination=\"true\" data-cb-breakpoints=\"{&quot;768&quot;:{&quot;slidesPerView&quot;:3,&quot;slidesPerGroup&quot;:1}}\"><div class=\"swiper\"><div class=\"cb-wrapper swiper-wrapper\">\n<div class=\"wp-block-cb-slide-v2 cb-slide swiper-slide\">\n<figure class=\"wp-block-image size-large\"><img decoding=\"async\" width=\"1024\" height=\"680\" data-src=\"https:\/\/mwc-cmm.org\/wp-content\/uploads\/2025\/06\/20250529DaleGehmanDG8_0426-CUChoirPlatz-1024x680.jpg\" alt=\"\" class=\"wp-image-116058 lazyload\" data-srcset=\"https:\/\/mwc-cmm.org\/wp-content\/uploads\/2025\/06\/20250529DaleGehmanDG8_0426-CUChoirPlatz-1024x680.jpg 1024w, https:\/\/mwc-cmm.org\/wp-content\/uploads\/2025\/06\/20250529DaleGehmanDG8_0426-CUChoirPlatz-300x199.jpg 300w, https:\/\/mwc-cmm.org\/wp-content\/uploads\/2025\/06\/20250529DaleGehmanDG8_0426-CUChoirPlatz-768x510.jpg 768w, https:\/\/mwc-cmm.org\/wp-content\/uploads\/2025\/06\/20250529DaleGehmanDG8_0426-CUChoirPlatz-1536x1020.jpg 1536w, https:\/\/mwc-cmm.org\/wp-content\/uploads\/2025\/06\/20250529DaleGehmanDG8_0426-CUChoirPlatz-2048x1360.jpg 2048w\" data-sizes=\"(max-width: 1024px) 100vw, 1024px\" src=\"data:image\/svg+xml;base64,PHN2ZyB3aWR0aD0iMSIgaGVpZ2h0PSIxIiB4bWxucz0iaHR0cDovL3d3dy53My5vcmcvMjAwMC9zdmciPjwvc3ZnPg==\" style=\"--smush-placeholder-width: 1024px; --smush-placeholder-aspect-ratio: 1024\/680;\" \/><figcaption class=\"wp-element-caption\">\u00c1gape Band, Paraguay<\/figcaption><\/figure>\n<\/div>\n\n\n\n<div class=\"wp-block-cb-slide-v2 cb-slide swiper-slide\">\n<figure class=\"wp-block-image size-large\"><img decoding=\"async\" width=\"1024\" height=\"680\" data-src=\"https:\/\/mwc-cmm.org\/wp-content\/uploads\/2025\/06\/20250529DaleGehmanindonesians-copy-1024x680.jpg\" alt=\"\" class=\"wp-image-116086 lazyload\" data-srcset=\"https:\/\/mwc-cmm.org\/wp-content\/uploads\/2025\/06\/20250529DaleGehmanindonesians-copy-1024x680.jpg 1024w, https:\/\/mwc-cmm.org\/wp-content\/uploads\/2025\/06\/20250529DaleGehmanindonesians-copy-300x199.jpg 300w, https:\/\/mwc-cmm.org\/wp-content\/uploads\/2025\/06\/20250529DaleGehmanindonesians-copy-768x510.jpg 768w, https:\/\/mwc-cmm.org\/wp-content\/uploads\/2025\/06\/20250529DaleGehmanindonesians-copy-1536x1020.jpg 1536w, https:\/\/mwc-cmm.org\/wp-content\/uploads\/2025\/06\/20250529DaleGehmanindonesians-copy-2048x1360.jpg 2048w\" data-sizes=\"(max-width: 1024px) 100vw, 1024px\" src=\"data:image\/svg+xml;base64,PHN2ZyB3aWR0aD0iMSIgaGVpZ2h0PSIxIiB4bWxucz0iaHR0cDovL3d3dy53My5vcmcvMjAwMC9zdmciPjwvc3ZnPg==\" style=\"--smush-placeholder-width: 1024px; --smush-placeholder-aspect-ratio: 1024\/680;\" \/><figcaption class=\"wp-element-caption\">TIARA (The Indonesian Anabaptist peRforming Art), Indonesia<\/figcaption><\/figure>\n<\/div>\n\n\n\n<div class=\"wp-block-cb-slide-v2 cb-slide swiper-slide\">\n<figure class=\"wp-block-image size-large\"><img decoding=\"async\" width=\"1024\" height=\"680\" data-src=\"https:\/\/mwc-cmm.org\/wp-content\/uploads\/2025\/06\/20250529DaleGehmanDG8_0633EMUChoir-1024x680.jpg\" alt=\"\" class=\"wp-image-116072 lazyload\" data-srcset=\"https:\/\/mwc-cmm.org\/wp-content\/uploads\/2025\/06\/20250529DaleGehmanDG8_0633EMUChoir-1024x680.jpg 1024w, https:\/\/mwc-cmm.org\/wp-content\/uploads\/2025\/06\/20250529DaleGehmanDG8_0633EMUChoir-300x199.jpg 300w, https:\/\/mwc-cmm.org\/wp-content\/uploads\/2025\/06\/20250529DaleGehmanDG8_0633EMUChoir-768x510.jpg 768w, https:\/\/mwc-cmm.org\/wp-content\/uploads\/2025\/06\/20250529DaleGehmanDG8_0633EMUChoir-1536x1020.jpg 1536w, https:\/\/mwc-cmm.org\/wp-content\/uploads\/2025\/06\/20250529DaleGehmanDG8_0633EMUChoir-2048x1360.jpg 2048w\" data-sizes=\"(max-width: 1024px) 100vw, 1024px\" src=\"data:image\/svg+xml;base64,PHN2ZyB3aWR0aD0iMSIgaGVpZ2h0PSIxIiB4bWxucz0iaHR0cDovL3d3dy53My5vcmcvMjAwMC9zdmciPjwvc3ZnPg==\" style=\"--smush-placeholder-width: 1024px; --smush-placeholder-aspect-ratio: 1024\/680;\" \/><figcaption class=\"wp-element-caption\">Eastern Mennonite University (EMU) Chamber Singers, USA<\/figcaption><\/figure>\n<\/div>\n\n\n\n<div class=\"wp-block-cb-slide-v2 cb-slide swiper-slide\">\n<figure class=\"wp-block-image size-large\"><img decoding=\"async\" width=\"1024\" height=\"768\" data-src=\"https:\/\/mwc-cmm.org\/wp-content\/uploads\/2025\/06\/20250529ElinaCiptadiIMG_6838-1024x768.jpeg\" alt=\"\" class=\"wp-image-116100 lazyload\" data-srcset=\"https:\/\/mwc-cmm.org\/wp-content\/uploads\/2025\/06\/20250529ElinaCiptadiIMG_6838-1024x768.jpeg 1024w, https:\/\/mwc-cmm.org\/wp-content\/uploads\/2025\/06\/20250529ElinaCiptadiIMG_6838-300x225.jpeg 300w, https:\/\/mwc-cmm.org\/wp-content\/uploads\/2025\/06\/20250529ElinaCiptadiIMG_6838-768x576.jpeg 768w, https:\/\/mwc-cmm.org\/wp-content\/uploads\/2025\/06\/20250529ElinaCiptadiIMG_6838-1536x1152.jpeg 1536w, https:\/\/mwc-cmm.org\/wp-content\/uploads\/2025\/06\/20250529ElinaCiptadiIMG_6838-2048x1536.jpeg 2048w\" data-sizes=\"(max-width: 1024px) 100vw, 1024px\" src=\"data:image\/svg+xml;base64,PHN2ZyB3aWR0aD0iMSIgaGVpZ2h0PSIxIiB4bWxucz0iaHR0cDovL3d3dy53My5vcmcvMjAwMC9zdmciPjwvc3ZnPg==\" style=\"--smush-placeholder-width: 1024px; --smush-placeholder-aspect-ratio: 1024\/768;\" \/><figcaption class=\"wp-element-caption\">&nbsp;Eastleigh Fellowship Centre (EFC) Mennonite Church Choir, Kenya<\/figcaption><\/figure>\n<\/div>\n\n\n\n<div class=\"wp-block-cb-slide-v2 cb-slide swiper-slide\">\n<figure class=\"wp-block-image size-large\"><img decoding=\"async\" width=\"1024\" height=\"680\" data-src=\"https:\/\/mwc-cmm.org\/wp-content\/uploads\/2025\/06\/20250529DaleGehmanDG8_0295-Sing-for-Peace-1024x680.jpg\" alt=\"\" class=\"wp-image-116044 lazyload\" data-srcset=\"https:\/\/mwc-cmm.org\/wp-content\/uploads\/2025\/06\/20250529DaleGehmanDG8_0295-Sing-for-Peace-1024x680.jpg 1024w, https:\/\/mwc-cmm.org\/wp-content\/uploads\/2025\/06\/20250529DaleGehmanDG8_0295-Sing-for-Peace-300x199.jpg 300w, https:\/\/mwc-cmm.org\/wp-content\/uploads\/2025\/06\/20250529DaleGehmanDG8_0295-Sing-for-Peace-768x510.jpg 768w, https:\/\/mwc-cmm.org\/wp-content\/uploads\/2025\/06\/20250529DaleGehmanDG8_0295-Sing-for-Peace-1536x1020.jpg 1536w, https:\/\/mwc-cmm.org\/wp-content\/uploads\/2025\/06\/20250529DaleGehmanDG8_0295-Sing-for-Peace-2048x1360.jpg 2048w\" data-sizes=\"(max-width: 1024px) 100vw, 1024px\" src=\"data:image\/svg+xml;base64,PHN2ZyB3aWR0aD0iMSIgaGVpZ2h0PSIxIiB4bWxucz0iaHR0cDovL3d3dy53My5vcmcvMjAwMC9zdmciPjwvc3ZnPg==\" style=\"--smush-placeholder-width: 1024px; --smush-placeholder-aspect-ratio: 1024\/680;\" \/><figcaption class=\"wp-element-caption\">Songs of Peace, Switzerland<\/figcaption><\/figure>\n<\/div>\n<\/div><\/div><div class=\"cb-pagination swiper-pagination\"><\/div><div class=\"cb-button-prev swiper-button-prev\"><\/div><div class=\"cb-button-next swiper-button-next\"><\/div><\/div>\n\n\n\n<p>Desde sus inicios con unos pocos creyentes valientes en Europa, ahora el Congreso Mundial Menonita tiene 111 iglesias miembros despu\u00e9s de la reuni\u00f3n del Comit\u00e9 Ejecutivo celebrada unos d\u00edas antes en Alemania, en 61 pa\u00edses alrededor del mundo.<\/p>\n\n\n\n<p>\u201cHoy podemos reunirnos aqu\u00ed todos: todas las naciones, como dice la Palabra: todas las naciones, todas las tribus, todos los idiomas. Esto es especial porque \u00fanicamente el Se\u00f1or puede hacer cosas as\u00ed\u201d expres\u00f3 Jean-Claude Ambeke, de los hermanos menonitas de Angola, que actualmente vive en Francia.<\/p>\n\n\n\n<p>Una ma\u00f1ana ligeramente nublada se convirti\u00f3 en un d\u00eda soleado para caminar por las calles hist\u00f3ricas, abarrotar las salas de conferencias o escuchar coros. Incluso hubo un vendedor ambulante que repart\u00eda helados, cortes\u00eda de la Iglesia Reformada.&nbsp;<\/p>\n\n\n\n<p>Los participantes pudieron estirar las piernas mientras segu\u00edan un recorrido <a href=\"https:\/\/mwc-cmm.org\/en\/resources\/anabaptism500-historical-walking-tour\/\">hist\u00f3rico a pie <\/a>representaban escenarios de un juego de roles llamado<a href=\"https:\/\/mwc-cmm.org\/es\/stories\/actividades-pensadores-impulsores\/\"> \u201csenderos con historia\u201d<\/a>, mientras que m\u00e1s de una <a href=\"https:\/\/www.anabaptism500.ch\/workshops\">docena de talleres <\/a>ofrecieron perspectivas sobre el anabautismo: testimonios, estudios hist\u00f3ricos y asuntos actuales. Adem\u00e1s, la te\u00f3loga y periodista suiza Judith Wipfler reflexion\u00f3 sobre \u201cun mundo en llamas\u201d. Los l\u00edderes anabautistas de hoy que viven en zonas de conflicto y desaf\u00edo.<\/p>\n\n\n\n<p>Cinco coros de alrededor del mundo dieron un concierto en espacios cerrados y al aire libre y se unieron a un coro masivo para el culto. Lideraron temas favoritos de las Asambleas como \u201cEwe Thina\u201d y \u201cKirisuto no heiwa ga\u201d. <em>Songs of Peace<\/em> present\u00f3 una nueva canci\u00f3n con un coro que dec\u00eda \u201c\u00a1Queremos justicia, queremos paz!\u201d.<\/p>\n\n\n\n<h2 class=\"wp-block-heading\">Una iglesia importante&nbsp;<strong><\/strong><\/h2>\n\n\n\n<figure class=\"wp-block-image size-large\"><img decoding=\"async\" width=\"1024\" height=\"768\" data-src=\"https:\/\/mwc-cmm.org\/wp-content\/uploads\/2025\/06\/IMG_8262-1024x768.jpg\" alt=\"Anabpatism@500 watch party\" class=\"wp-image-116030 lazyload\" data-srcset=\"https:\/\/mwc-cmm.org\/wp-content\/uploads\/2025\/06\/IMG_8262-1024x768.jpg 1024w, https:\/\/mwc-cmm.org\/wp-content\/uploads\/2025\/06\/IMG_8262-300x225.jpg 300w, https:\/\/mwc-cmm.org\/wp-content\/uploads\/2025\/06\/IMG_8262-768x576.jpg 768w, https:\/\/mwc-cmm.org\/wp-content\/uploads\/2025\/06\/IMG_8262-1536x1152.jpg 1536w, https:\/\/mwc-cmm.org\/wp-content\/uploads\/2025\/06\/IMG_8262-2048x1536.jpg 2048w\" data-sizes=\"(max-width: 1024px) 100vw, 1024px\" src=\"data:image\/svg+xml;base64,PHN2ZyB3aWR0aD0iMSIgaGVpZ2h0PSIxIiB4bWxucz0iaHR0cDovL3d3dy53My5vcmcvMjAwMC9zdmciPjwvc3ZnPg==\" style=\"--smush-placeholder-width: 1024px; --smush-placeholder-aspect-ratio: 1024\/768;\" \/><\/figure>\n\n\n\n<p>Las filas para el culto de clausura comenzaron a media tarde. La iglesia Grossm\u00fcnster, con capacidad para 1.200 personas, estaba a tope de capacidad, al igual que los lugares adicionales para ver el culto. (Predigerkirche 350, Friedenskiche 250, FEG 100 y ampliaci\u00f3n ad hoc Helferei 130) Y aun as\u00ed quedaron cientos de personas afuera, sentados en la plaza o dispersos en los caf\u00e9s, mirando desde las pantallas de sus tel\u00e9fonos celulares.<\/p>\n\n\n\n<p>Mientras tanto, alrededor del mundo, miles de personas se conectaron en l\u00ednea en sus pantallas personales o junto con otros en iglesias, oficinas (como Everance y CCM) o museos (como Mennonite Life y el Museo de la Aldea del Patrimonio Menonita).<\/p>\n\n\n\n<p>Con representantes de 13 comuniones globales y 3 organizaciones ecum\u00e9nicas multilaterales** como invitados de honor, el culto no s\u00f3lo trat\u00f3 sobre el anabautismo sino tambi\u00e9n sobre otro paso en el camino de la reconciliaci\u00f3n.<\/p>\n\n\n\n<h2 class=\"wp-block-heading\">Un caminar de reconciliaci\u00f3n<strong><\/strong><\/h2>\n\n\n\n<div class=\"wp-block-columns is-layout-flex wp-container-core-columns-is-layout-28f84493 wp-block-columns-is-layout-flex\">\n<div class=\"wp-block-column is-layout-flow wp-block-column-is-layout-flow\">\n<figure class=\"wp-block-image size-large\"><img decoding=\"async\" width=\"1024\" height=\"680\" data-src=\"https:\/\/mwc-cmm.org\/wp-content\/uploads\/2025\/06\/DG8_0056-1024x680.jpg\" alt=\"\" class=\"wp-image-115958 lazyload\" data-srcset=\"https:\/\/mwc-cmm.org\/wp-content\/uploads\/2025\/06\/DG8_0056-1024x680.jpg 1024w, https:\/\/mwc-cmm.org\/wp-content\/uploads\/2025\/06\/DG8_0056-300x199.jpg 300w, https:\/\/mwc-cmm.org\/wp-content\/uploads\/2025\/06\/DG8_0056-768x510.jpg 768w, https:\/\/mwc-cmm.org\/wp-content\/uploads\/2025\/06\/DG8_0056-1536x1020.jpg 1536w, https:\/\/mwc-cmm.org\/wp-content\/uploads\/2025\/06\/DG8_0056-2048x1360.jpg 2048w\" data-sizes=\"(max-width: 1024px) 100vw, 1024px\" src=\"data:image\/svg+xml;base64,PHN2ZyB3aWR0aD0iMSIgaGVpZ2h0PSIxIiB4bWxucz0iaHR0cDovL3d3dy53My5vcmcvMjAwMC9zdmciPjwvc3ZnPg==\" style=\"--smush-placeholder-width: 1024px; --smush-placeholder-aspect-ratio: 1024\/680;\" \/><\/figure>\n<\/div>\n\n\n\n<div class=\"wp-block-column is-layout-flow wp-block-column-is-layout-flow\">\n<figure class=\"wp-block-image size-large\"><img decoding=\"async\" width=\"1024\" height=\"680\" data-src=\"https:\/\/mwc-cmm.org\/wp-content\/uploads\/2025\/06\/DG8_0044-1024x680.jpg\" alt=\"\" class=\"wp-image-115944 lazyload\" data-srcset=\"https:\/\/mwc-cmm.org\/wp-content\/uploads\/2025\/06\/DG8_0044-1024x680.jpg 1024w, https:\/\/mwc-cmm.org\/wp-content\/uploads\/2025\/06\/DG8_0044-300x199.jpg 300w, https:\/\/mwc-cmm.org\/wp-content\/uploads\/2025\/06\/DG8_0044-768x510.jpg 768w, https:\/\/mwc-cmm.org\/wp-content\/uploads\/2025\/06\/DG8_0044-1536x1020.jpg 1536w, https:\/\/mwc-cmm.org\/wp-content\/uploads\/2025\/06\/DG8_0044-2048x1360.jpg 2048w\" data-sizes=\"(max-width: 1024px) 100vw, 1024px\" src=\"data:image\/svg+xml;base64,PHN2ZyB3aWR0aD0iMSIgaGVpZ2h0PSIxIiB4bWxucz0iaHR0cDovL3d3dy53My5vcmcvMjAwMC9zdmciPjwvc3ZnPg==\" style=\"--smush-placeholder-width: 1024px; --smush-placeholder-aspect-ratio: 1024\/680;\" \/><\/figure>\n<\/div>\n<\/div>\n\n\n\n<p>\u201cTodos heredamos un legado de dolor de las divisiones de la Reforma. Sabemos que las diferencias teol\u00f3gicas y pr\u00e1cticas persisten, pero nos gozamos en el camino de reconciliaci\u00f3n que hemos compartido juntos\u201d, declar\u00f3 Janet Plenert en la liturgia del culto.<\/p>\n\n\n\n<p>El culto cont\u00f3 con la presencia de l\u00edderes de la Federaci\u00f3n Luterana Mundial y de la Comuni\u00f3n Mundial de Iglesias Reformadas y un mensaje del Papa Le\u00f3n XIV tra\u00eddo por el cardenal Kurt Koch, prefecto del Dicasterio para la Promoci\u00f3n de la Unidad de los Cristianos. \u201cles aseguro que oro para que nuestras relaciones fraternales se profundicen y crezcan\u201d ley\u00f3 el cardenal.&nbsp;<\/p>\n\n\n\n<p>Mientras John D. Roth, del CMM, y Hanns Lessing, del CMIR, confesaron el \u201ctestimonio com\u00fan de su comuni\u00f3n sobre la unidad de la iglesia\u201d, los secretarios generales C\u00e9sar Garc\u00eda y Setri Nyomi se lavaron los pies mutuamente \u201cen una expresi\u00f3n tangible de nuestro compromiso con la reconciliaci\u00f3n\u201d, explic\u00f3 J. Nelson Krabyill.<\/p>\n\n\n\n<div class=\"wp-block-columns is-layout-flex wp-container-core-columns-is-layout-28f84493 wp-block-columns-is-layout-flex\">\n<div class=\"wp-block-column is-layout-flow wp-block-column-is-layout-flow\" style=\"flex-basis:66.66%\">\n<p>Otra expresi\u00f3n concreta de apoyo fue el uso gratuito de las instalaciones de las iglesias reformadas, incluyendo la emblem\u00e1tica iglesia Grossm\u00fcnster.<\/p>\n\n\n\n<p>\u201cReencontrarnos en la Grossm\u00fcnster 500 a\u00f1os despu\u00e9s de la divisi\u00f3n, ahora como una \u201cfamilia reconciliada\u201d, cre\u00f3 un momento nuevo y poderoso en nuestra memoria colectiva que espero cambie la forma en que la pr\u00f3xima generaci\u00f3n cuente nuestra historia\u201d, expres\u00f3 John D. Roth.<\/p>\n\n\n\n<p>El evento, estrat\u00e9gicamente enmarcado como una conmemoraci\u00f3n, concluy\u00f3 con un tono de celebraci\u00f3n. Coros de cinco regiones formaron un t\u00fanel de canciones desde la iglesia hasta la plaza mientras los invitados sal\u00edan cantando \u201c<em>Siyahamba<\/em>\u201d (Caminamos en la luz de Dios).<\/p>\n<\/div>\n\n\n\n<div class=\"wp-block-column is-layout-flow wp-block-column-is-layout-flow\" style=\"flex-basis:33.33%\">\n<figure class=\"wp-block-video\"><video height=\"1080\" style=\"aspect-ratio: 1920 \/ 1080;\" width=\"1920\" controls src=\"https:\/\/mwc-cmm.org\/wp-content\/uploads\/2025\/06\/20250529EduardKlassen20250529_184226.mp4\"><\/video><\/figure>\n<\/div>\n<\/div>\n\n\n\n<hr class=\"wp-block-separator has-alpha-channel-opacity\"\/>\n\n\n\n<div class=\"wp-block-buttons is-layout-flex wp-block-buttons-is-layout-flex\">\n<div class=\"wp-block-button\"><a class=\"wp-block-button__link wp-element-button\" href=\"https:\/\/mwc-cmm.org\/es\/retransmision-en-directo-en-zurich\/\">Vea el culto en l\u00ednea<\/a><\/div>\n\n\n\n<div class=\"wp-block-button\"><a class=\"wp-block-button__link has-text-align-left wp-element-button\" href=\"https:\/\/mwc-cmm.org\/es\/resources\/restorando-plenitud-nuestra-familia-testimonio-comun\/\">Descargue la gu\u00eda de estudio y la liturgia sobre el di\u00e1logo entre menonitas y reformados.<\/a><\/div>\n<\/div>\n\n\n<div class=\"taxonomy-post_tag has-link-color wp-elements-4795dccc25dd561b10d5c166c095ced0 wp-block-post-terms has-text-color has-gray-color has-small-font-size\"><a href=\"https:\/\/mwc-cmm.org\/es\/stories\/tag\/500-es\/\" rel=\"tag\">500<\/a><span class=\"wp-block-post-terms__separator\">, <\/span><a href=\"https:\/\/mwc-cmm.org\/es\/stories\/tag\/anabautista\/\" rel=\"tag\">anabautista<\/a><span class=\"wp-block-post-terms__separator\">, <\/span><a href=\"https:\/\/mwc-cmm.org\/es\/stories\/tag\/aniversario\/\" rel=\"tag\">aniversario<\/a><span class=\"wp-block-post-terms__separator\">, <\/span><a href=\"https:\/\/mwc-cmm.org\/es\/stories\/tag\/celebrar-equipar-adorar-500-anos-de-anabautismo\/\" rel=\"tag\">Celebrar, equipar, adorar: 500 a\u00f1os de anabautismo<\/a><\/div>\n\n\n<p>**Anglican Communion<br>Baptist World Alliance<br>DECC &#8211; Disciples of Christ World Communion<br>Dicastery for Promoting Christian Unity (Roman Catholic Church)<br>Friends World Committee for Consultation (Quakers)<br>International Old Catholic Bishops&#8217; Conference \/ Union of Utrecht<br>Lutheran World Federation<br>Moravian Church Worldwide Unity Board<br>Organization of African Instituted Churches<\/p>\n\n\n\n<p>Pentecostal World Fellowship<br>The Salvation Army<br>World Communion of Reformed Churches<br>World Methodist Council Global Christian Forum<br>World Council of Churches<br>World Evangelical Alliance<br><\/p>\n","protected":false},"excerpt":{"rendered":"<p>Las campanas resonaron por toda la ciudad, la cual estaba llena de anabautistas. Se estima que unas 3500 personas o m\u00e1s llenaron las calles del casco antiguo de Z\u00farich el D\u00eda de la Ascensi\u00f3n, el 29 de mayo del 2025, para conmemorar el aniversario 500 del anabautismo. \u201cHoy en d\u00eda, como menonitas en Suiza somos [&hellip;]<\/p>\n","protected":false},"author":8,"featured_media":115997,"comment_status":"closed","ping_status":"closed","sticky":false,"template":"","format":"standard","meta":{"_acf_changed":false,"footnotes":""},"categories":[6],"tags":[518,936,856,517],"network":[],"eventcategory":[1509],"class_list":["post-116001","post","type-post","status-publish","format-standard","has-post-thumbnail","hentry","category-sin-categorizar","tag-500-es","tag-anabautista","tag-aniversario","tag-celebrar-equipar-adorar-500-anos-de-anabautismo","eventcategory-500-the-courage-to-love-es"],"acf":[],"yoast_head":"<!-- This site is optimized with the Yoast SEO plugin v27.5 - https:\/\/yoast.com\/product\/yoast-seo-wordpress\/ -->\n<title>Una celebraci\u00f3n de reconciliaci\u00f3n - Mennonite World Conference<\/title>\n<meta name=\"robots\" content=\"index, follow, max-snippet:-1, max-image-preview:large, max-video-preview:-1\" \/>\n<link rel=\"canonical\" href=\"https:\/\/mwc-cmm.org\/es\/stories\/celebracion-reconciliation\/\" \/>\n<meta property=\"og:locale\" content=\"es_ES\" \/>\n<meta property=\"og:type\" content=\"article\" \/>\n<meta property=\"og:title\" content=\"Una celebraci\u00f3n de reconciliaci\u00f3n - Mennonite World Conference\" \/>\n<meta property=\"og:description\" content=\"Las campanas resonaron por toda la ciudad, la cual estaba llena de anabautistas. Se estima que unas 3500 personas o m\u00e1s llenaron las calles del casco antiguo de Z\u00farich el D\u00eda de la Ascensi\u00f3n, el 29 de mayo del 2025, para conmemorar el aniversario 500 del anabautismo. \u201cHoy en d\u00eda, como menonitas en Suiza somos [&hellip;]\" \/>\n<meta property=\"og:url\" content=\"https:\/\/mwc-cmm.org\/es\/stories\/celebracion-reconciliation\/\" \/>\n<meta property=\"og:site_name\" content=\"Mennonite World Conference\" \/>\n<meta property=\"article:publisher\" content=\"https:\/\/www.facebook.com\/MennoniteWorldConference\" \/>\n<meta property=\"article:published_time\" content=\"2025-06-30T16:40:57+00:00\" \/>\n<meta property=\"article:modified_time\" content=\"2025-07-11T00:45:35+00:00\" \/>\n<meta property=\"og:image\" content=\"https:\/\/mwc-cmm.org\/wp-content\/uploads\/2025\/06\/DSC06369-scaled.jpg\" \/>\n\t<meta property=\"og:image:width\" content=\"2560\" \/>\n\t<meta property=\"og:image:height\" content=\"1707\" \/>\n\t<meta property=\"og:image:type\" content=\"image\/jpeg\" \/>\n<meta name=\"author\" content=\"Stephanie Setiawan\" \/>\n<script type=\"application\/ld+json\" class=\"yoast-schema-graph\">{\"@context\":\"https:\\\/\\\/schema.org\",\"@graph\":[{\"@type\":\"Article\",\"@id\":\"https:\\\/\\\/mwc-cmm.org\\\/es\\\/stories\\\/celebracion-reconciliation\\\/#article\",\"isPartOf\":{\"@id\":\"https:\\\/\\\/mwc-cmm.org\\\/es\\\/stories\\\/celebracion-reconciliation\\\/\"},\"author\":{\"name\":\"Stephanie Setiawan\",\"@id\":\"https:\\\/\\\/mwc-cmm.org\\\/en\\\/#\\\/schema\\\/person\\\/00b62ed8ea1527254a44f3ace3aee79d\"},\"headline\":\"Una celebraci\u00f3n de reconciliaci\u00f3n\",\"datePublished\":\"2025-06-30T16:40:57+00:00\",\"dateModified\":\"2025-07-11T00:45:35+00:00\",\"mainEntityOfPage\":{\"@id\":\"https:\\\/\\\/mwc-cmm.org\\\/es\\\/stories\\\/celebracion-reconciliation\\\/\"},\"wordCount\":945,\"publisher\":{\"@id\":\"https:\\\/\\\/mwc-cmm.org\\\/en\\\/#organization\"},\"image\":{\"@id\":\"https:\\\/\\\/mwc-cmm.org\\\/es\\\/stories\\\/celebracion-reconciliation\\\/#primaryimage\"},\"thumbnailUrl\":\"https:\\\/\\\/mwc-cmm.org\\\/wp-content\\\/uploads\\\/2025\\\/06\\\/DSC06369-scaled.jpg\",\"keywords\":[\"500\",\"anabautista\",\"aniversario\",\"Celebrar, equipar, adorar: 500 a\u00f1os de anabautismo\"],\"articleSection\":[\"Sin categorizar\"],\"inLanguage\":\"es\"},{\"@type\":\"WebPage\",\"@id\":\"https:\\\/\\\/mwc-cmm.org\\\/es\\\/stories\\\/celebracion-reconciliation\\\/\",\"url\":\"https:\\\/\\\/mwc-cmm.org\\\/es\\\/stories\\\/celebracion-reconciliation\\\/\",\"name\":\"Una celebraci\u00f3n de reconciliaci\u00f3n - Mennonite World Conference\",\"isPartOf\":{\"@id\":\"https:\\\/\\\/mwc-cmm.org\\\/en\\\/#website\"},\"primaryImageOfPage\":{\"@id\":\"https:\\\/\\\/mwc-cmm.org\\\/es\\\/stories\\\/celebracion-reconciliation\\\/#primaryimage\"},\"image\":{\"@id\":\"https:\\\/\\\/mwc-cmm.org\\\/es\\\/stories\\\/celebracion-reconciliation\\\/#primaryimage\"},\"thumbnailUrl\":\"https:\\\/\\\/mwc-cmm.org\\\/wp-content\\\/uploads\\\/2025\\\/06\\\/DSC06369-scaled.jpg\",\"datePublished\":\"2025-06-30T16:40:57+00:00\",\"dateModified\":\"2025-07-11T00:45:35+00:00\",\"breadcrumb\":{\"@id\":\"https:\\\/\\\/mwc-cmm.org\\\/es\\\/stories\\\/celebracion-reconciliation\\\/#breadcrumb\"},\"inLanguage\":\"es\",\"potentialAction\":[{\"@type\":\"ReadAction\",\"target\":[\"https:\\\/\\\/mwc-cmm.org\\\/es\\\/stories\\\/celebracion-reconciliation\\\/\"]}]},{\"@type\":\"ImageObject\",\"inLanguage\":\"es\",\"@id\":\"https:\\\/\\\/mwc-cmm.org\\\/es\\\/stories\\\/celebracion-reconciliation\\\/#primaryimage\",\"url\":\"https:\\\/\\\/mwc-cmm.org\\\/wp-content\\\/uploads\\\/2025\\\/06\\\/DSC06369-scaled.jpg\",\"contentUrl\":\"https:\\\/\\\/mwc-cmm.org\\\/wp-content\\\/uploads\\\/2025\\\/06\\\/DSC06369-scaled.jpg\",\"width\":2560,\"height\":1707,\"caption\":\"Anabaptism@500\"},{\"@type\":\"BreadcrumbList\",\"@id\":\"https:\\\/\\\/mwc-cmm.org\\\/es\\\/stories\\\/celebracion-reconciliation\\\/#breadcrumb\",\"itemListElement\":[{\"@type\":\"ListItem\",\"position\":1,\"name\":\"Home\",\"item\":\"https:\\\/\\\/mwc-cmm.org\\\/es\\\/\"},{\"@type\":\"ListItem\",\"position\":2,\"name\":\"Una celebraci\u00f3n de reconciliaci\u00f3n\"}]},{\"@type\":\"WebSite\",\"@id\":\"https:\\\/\\\/mwc-cmm.org\\\/en\\\/#website\",\"url\":\"https:\\\/\\\/mwc-cmm.org\\\/en\\\/\",\"name\":\"Mennonite World Conference\",\"description\":\"A communion of Anabaptist-related churches\",\"publisher\":{\"@id\":\"https:\\\/\\\/mwc-cmm.org\\\/en\\\/#organization\"},\"alternateName\":\"MWC\",\"potentialAction\":[{\"@type\":\"SearchAction\",\"target\":{\"@type\":\"EntryPoint\",\"urlTemplate\":\"https:\\\/\\\/mwc-cmm.org\\\/en\\\/?s={search_term_string}\"},\"query-input\":{\"@type\":\"PropertyValueSpecification\",\"valueRequired\":true,\"valueName\":\"search_term_string\"}}],\"inLanguage\":\"es\"},{\"@type\":\"Organization\",\"@id\":\"https:\\\/\\\/mwc-cmm.org\\\/en\\\/#organization\",\"name\":\"Mennonite World Conference\",\"alternateName\":\"MWC\",\"url\":\"https:\\\/\\\/mwc-cmm.org\\\/en\\\/\",\"logo\":{\"@type\":\"ImageObject\",\"inLanguage\":\"es\",\"@id\":\"https:\\\/\\\/mwc-cmm.org\\\/en\\\/#\\\/schema\\\/logo\\\/image\\\/\",\"url\":\"https:\\\/\\\/mwc-cmm.org\\\/wp-content\\\/uploads\\\/2026\\\/01\\\/MWC_Sig_Blue_Horiz_webheader1-logo.svg\",\"contentUrl\":\"https:\\\/\\\/mwc-cmm.org\\\/wp-content\\\/uploads\\\/2026\\\/01\\\/MWC_Sig_Blue_Horiz_webheader1-logo.svg\",\"width\":786,\"height\":82,\"caption\":\"Mennonite World Conference\"},\"image\":{\"@id\":\"https:\\\/\\\/mwc-cmm.org\\\/en\\\/#\\\/schema\\\/logo\\\/image\\\/\"},\"sameAs\":[\"https:\\\/\\\/www.facebook.com\\\/MennoniteWorldConference\",\"https:\\\/\\\/www.linkedin.com\\\/company\\\/mennonite-world-conference-mwc\\\/\",\"https:\\\/\\\/www.instagram.com\\\/mwcmm\\\/\",\"https:\\\/\\\/www.youtube.com\\\/user\\\/mwccmm\",\"https:\\\/\\\/bsky.app\\\/profile\\\/mwcmm.bsky.social\"]},{\"@type\":\"Person\",\"@id\":\"https:\\\/\\\/mwc-cmm.org\\\/en\\\/#\\\/schema\\\/person\\\/00b62ed8ea1527254a44f3ace3aee79d\",\"name\":\"Stephanie Setiawan\",\"image\":{\"@type\":\"ImageObject\",\"inLanguage\":\"es\",\"@id\":\"https:\\\/\\\/secure.gravatar.com\\\/avatar\\\/71b4b62cf3d0cfb4c8a367a101127ba8adfa1c22417900980ea24f5f4457a76d?s=96&d=mm&r=g\",\"url\":\"https:\\\/\\\/secure.gravatar.com\\\/avatar\\\/71b4b62cf3d0cfb4c8a367a101127ba8adfa1c22417900980ea24f5f4457a76d?s=96&d=mm&r=g\",\"contentUrl\":\"https:\\\/\\\/secure.gravatar.com\\\/avatar\\\/71b4b62cf3d0cfb4c8a367a101127ba8adfa1c22417900980ea24f5f4457a76d?s=96&d=mm&r=g\",\"caption\":\"Stephanie Setiawan\"},\"url\":\"https:\\\/\\\/mwc-cmm.org\\\/es\\\/stories\\\/author\\\/stephanie\\\/\"}]}<\/script>\n<!-- \/ Yoast SEO plugin. -->","yoast_head_json":{"title":"Una celebraci\u00f3n de reconciliaci\u00f3n - Mennonite World Conference","robots":{"index":"index","follow":"follow","max-snippet":"max-snippet:-1","max-image-preview":"max-image-preview:large","max-video-preview":"max-video-preview:-1"},"canonical":"https:\/\/mwc-cmm.org\/es\/stories\/celebracion-reconciliation\/","og_locale":"es_ES","og_type":"article","og_title":"Una celebraci\u00f3n de reconciliaci\u00f3n - Mennonite World Conference","og_description":"Las campanas resonaron por toda la ciudad, la cual estaba llena de anabautistas. Se estima que unas 3500 personas o m\u00e1s llenaron las calles del casco antiguo de Z\u00farich el D\u00eda de la Ascensi\u00f3n, el 29 de mayo del 2025, para conmemorar el aniversario 500 del anabautismo. \u201cHoy en d\u00eda, como menonitas en Suiza somos [&hellip;]","og_url":"https:\/\/mwc-cmm.org\/es\/stories\/celebracion-reconciliation\/","og_site_name":"Mennonite World Conference","article_publisher":"https:\/\/www.facebook.com\/MennoniteWorldConference","article_published_time":"2025-06-30T16:40:57+00:00","article_modified_time":"2025-07-11T00:45:35+00:00","og_image":[{"width":2560,"height":1707,"url":"https:\/\/mwc-cmm.org\/wp-content\/uploads\/2025\/06\/DSC06369-scaled.jpg","type":"image\/jpeg"}],"author":"Stephanie Setiawan","schema":{"@context":"https:\/\/schema.org","@graph":[{"@type":"Article","@id":"https:\/\/mwc-cmm.org\/es\/stories\/celebracion-reconciliation\/#article","isPartOf":{"@id":"https:\/\/mwc-cmm.org\/es\/stories\/celebracion-reconciliation\/"},"author":{"name":"Stephanie Setiawan","@id":"https:\/\/mwc-cmm.org\/en\/#\/schema\/person\/00b62ed8ea1527254a44f3ace3aee79d"},"headline":"Una celebraci\u00f3n de reconciliaci\u00f3n","datePublished":"2025-06-30T16:40:57+00:00","dateModified":"2025-07-11T00:45:35+00:00","mainEntityOfPage":{"@id":"https:\/\/mwc-cmm.org\/es\/stories\/celebracion-reconciliation\/"},"wordCount":945,"publisher":{"@id":"https:\/\/mwc-cmm.org\/en\/#organization"},"image":{"@id":"https:\/\/mwc-cmm.org\/es\/stories\/celebracion-reconciliation\/#primaryimage"},"thumbnailUrl":"https:\/\/mwc-cmm.org\/wp-content\/uploads\/2025\/06\/DSC06369-scaled.jpg","keywords":["500","anabautista","aniversario","Celebrar, equipar, adorar: 500 a\u00f1os de anabautismo"],"articleSection":["Sin categorizar"],"inLanguage":"es"},{"@type":"WebPage","@id":"https:\/\/mwc-cmm.org\/es\/stories\/celebracion-reconciliation\/","url":"https:\/\/mwc-cmm.org\/es\/stories\/celebracion-reconciliation\/","name":"Una celebraci\u00f3n de reconciliaci\u00f3n - Mennonite World Conference","isPartOf":{"@id":"https:\/\/mwc-cmm.org\/en\/#website"},"primaryImageOfPage":{"@id":"https:\/\/mwc-cmm.org\/es\/stories\/celebracion-reconciliation\/#primaryimage"},"image":{"@id":"https:\/\/mwc-cmm.org\/es\/stories\/celebracion-reconciliation\/#primaryimage"},"thumbnailUrl":"https:\/\/mwc-cmm.org\/wp-content\/uploads\/2025\/06\/DSC06369-scaled.jpg","datePublished":"2025-06-30T16:40:57+00:00","dateModified":"2025-07-11T00:45:35+00:00","breadcrumb":{"@id":"https:\/\/mwc-cmm.org\/es\/stories\/celebracion-reconciliation\/#breadcrumb"},"inLanguage":"es","potentialAction":[{"@type":"ReadAction","target":["https:\/\/mwc-cmm.org\/es\/stories\/celebracion-reconciliation\/"]}]},{"@type":"ImageObject","inLanguage":"es","@id":"https:\/\/mwc-cmm.org\/es\/stories\/celebracion-reconciliation\/#primaryimage","url":"https:\/\/mwc-cmm.org\/wp-content\/uploads\/2025\/06\/DSC06369-scaled.jpg","contentUrl":"https:\/\/mwc-cmm.org\/wp-content\/uploads\/2025\/06\/DSC06369-scaled.jpg","width":2560,"height":1707,"caption":"Anabaptism@500"},{"@type":"BreadcrumbList","@id":"https:\/\/mwc-cmm.org\/es\/stories\/celebracion-reconciliation\/#breadcrumb","itemListElement":[{"@type":"ListItem","position":1,"name":"Home","item":"https:\/\/mwc-cmm.org\/es\/"},{"@type":"ListItem","position":2,"name":"Una celebraci\u00f3n de reconciliaci\u00f3n"}]},{"@type":"WebSite","@id":"https:\/\/mwc-cmm.org\/en\/#website","url":"https:\/\/mwc-cmm.org\/en\/","name":"Mennonite World Conference","description":"A communion of Anabaptist-related churches","publisher":{"@id":"https:\/\/mwc-cmm.org\/en\/#organization"},"alternateName":"MWC","potentialAction":[{"@type":"SearchAction","target":{"@type":"EntryPoint","urlTemplate":"https:\/\/mwc-cmm.org\/en\/?s={search_term_string}"},"query-input":{"@type":"PropertyValueSpecification","valueRequired":true,"valueName":"search_term_string"}}],"inLanguage":"es"},{"@type":"Organization","@id":"https:\/\/mwc-cmm.org\/en\/#organization","name":"Mennonite World Conference","alternateName":"MWC","url":"https:\/\/mwc-cmm.org\/en\/","logo":{"@type":"ImageObject","inLanguage":"es","@id":"https:\/\/mwc-cmm.org\/en\/#\/schema\/logo\/image\/","url":"https:\/\/mwc-cmm.org\/wp-content\/uploads\/2026\/01\/MWC_Sig_Blue_Horiz_webheader1-logo.svg","contentUrl":"https:\/\/mwc-cmm.org\/wp-content\/uploads\/2026\/01\/MWC_Sig_Blue_Horiz_webheader1-logo.svg","width":786,"height":82,"caption":"Mennonite World Conference"},"image":{"@id":"https:\/\/mwc-cmm.org\/en\/#\/schema\/logo\/image\/"},"sameAs":["https:\/\/www.facebook.com\/MennoniteWorldConference","https:\/\/www.linkedin.com\/company\/mennonite-world-conference-mwc\/","https:\/\/www.instagram.com\/mwcmm\/","https:\/\/www.youtube.com\/user\/mwccmm","https:\/\/bsky.app\/profile\/mwcmm.bsky.social"]},{"@type":"Person","@id":"https:\/\/mwc-cmm.org\/en\/#\/schema\/person\/00b62ed8ea1527254a44f3ace3aee79d","name":"Stephanie Setiawan","image":{"@type":"ImageObject","inLanguage":"es","@id":"https:\/\/secure.gravatar.com\/avatar\/71b4b62cf3d0cfb4c8a367a101127ba8adfa1c22417900980ea24f5f4457a76d?s=96&d=mm&r=g","url":"https:\/\/secure.gravatar.com\/avatar\/71b4b62cf3d0cfb4c8a367a101127ba8adfa1c22417900980ea24f5f4457a76d?s=96&d=mm&r=g","contentUrl":"https:\/\/secure.gravatar.com\/avatar\/71b4b62cf3d0cfb4c8a367a101127ba8adfa1c22417900980ea24f5f4457a76d?s=96&d=mm&r=g","caption":"Stephanie Setiawan"},"url":"https:\/\/mwc-cmm.org\/es\/stories\/author\/stephanie\/"}]}},"_links":{"self":[{"href":"https:\/\/mwc-cmm.org\/es\/wp-json\/wp\/v2\/posts\/116001","targetHints":{"allow":["GET"]}}],"collection":[{"href":"https:\/\/mwc-cmm.org\/es\/wp-json\/wp\/v2\/posts"}],"about":[{"href":"https:\/\/mwc-cmm.org\/es\/wp-json\/wp\/v2\/types\/post"}],"author":[{"embeddable":true,"href":"https:\/\/mwc-cmm.org\/es\/wp-json\/wp\/v2\/users\/8"}],"replies":[{"embeddable":true,"href":"https:\/\/mwc-cmm.org\/es\/wp-json\/wp\/v2\/comments?post=116001"}],"version-history":[{"count":0,"href":"https:\/\/mwc-cmm.org\/es\/wp-json\/wp\/v2\/posts\/116001\/revisions"}],"wp:featuredmedia":[{"embeddable":true,"href":"https:\/\/mwc-cmm.org\/es\/wp-json\/wp\/v2\/media\/115997"}],"wp:attachment":[{"href":"https:\/\/mwc-cmm.org\/es\/wp-json\/wp\/v2\/media?parent=116001"}],"wp:term":[{"taxonomy":"category","embeddable":true,"href":"https:\/\/mwc-cmm.org\/es\/wp-json\/wp\/v2\/categories?post=116001"},{"taxonomy":"post_tag","embeddable":true,"href":"https:\/\/mwc-cmm.org\/es\/wp-json\/wp\/v2\/tags?post=116001"},{"taxonomy":"network","embeddable":true,"href":"https:\/\/mwc-cmm.org\/es\/wp-json\/wp\/v2\/network?post=116001"},{"taxonomy":"eventcategory","embeddable":true,"href":"https:\/\/mwc-cmm.org\/es\/wp-json\/wp\/v2\/eventcategory?post=116001"}],"curies":[{"name":"wp","href":"https:\/\/api.w.org\/{rel}","templated":true}]}}