{"id":111016,"date":"2025-03-06T20:23:00","date_gmt":"2025-03-06T20:23:00","guid":{"rendered":"https:\/\/mwc-cmm.org\/stories\/respuesta-colaborativa-anabautista-a-la-crisis-de-la-republica-democratica-del-congo\/"},"modified":"2025-04-19T18:34:59","modified_gmt":"2025-04-19T18:34:59","slug":"respuesta-colaborativa-anabautista-crisis-rdc","status":"publish","type":"post","link":"https:\/\/mwc-cmm.org\/es\/stories\/respuesta-colaborativa-anabautista-crisis-rdc\/","title":{"rendered":"Respuesta colaborativa anabautista a la crisis de la Rep\u00fablica Democr\u00e1tica del Congo"},"content":{"rendered":"\n<p>\u201cNos faltan Biblias, agua, jabones e incluso comida\u201d, escribe un representante de la organizaci\u00f3n juvenil de una iglesia de los Hermanos Menonitas de Bukavu (Rep\u00fablica Democr\u00e1tica del Congo). \u201cSolicitamos el acompa\u00f1amiento de sus oraciones y materiales\u201d.<\/p>\n\n\n\n<p>El Congreso Mundial Menonita ha convocado un grupo de trabajo inter-anabautista para responder a la actual crisis humanitaria en la parte oriental de la Rep\u00fablica Democr\u00e1tica del Congo, derivada de los acontecimientos de las \u00faltimas semanas.<\/p>\n\n\n\n<p>\u201cLes invitamos a realizar donaciones a cualquiera de nuestros socios para apoyar su respuesta a esta necesidad urgente\u201d, expresa C\u00e9sar Garc\u00eda, secretario general del CMM.<\/p>\n\n\n\n<div class=\"wp-block-buttons is-layout-flex wp-block-buttons-is-layout-flex\">\n<div class=\"wp-block-button\"><a class=\"wp-block-button__link wp-element-button\" href=\"https:\/\/mwc-cmm.org\/es\/fondo-de-ayuda-de-la-iglesia-mundial\/\">Fondo de Ayuda de la Iglesia Mundial<\/a><\/div>\n<\/div>\n\n\n\n<p>Los socios llegaron a un consenso de que el <a href=\"https:\/\/mcc.org\">Comit\u00e9 Central Menonita (CCM)<\/a> tomar\u00e1 la delantera en la respuesta, aprovechando su experticia en socorro y desarrollo.<\/p>\n\n\n\n<p><a href=\"https:\/\/www.aimmint.org\/\">La Misi\u00f3n Intermenonita de \u00c1frica (AIMM por su sigla en ingl\u00e9s)<\/a>, <a href=\"https:\/\/www.mennonitechurch.ca\/international-witness\">la Iglesia Menonita Canad\u00e1 <em>Witness<\/em><\/a>, <a href=\"https:\/\/www.mennonitemission.net\/\">la Red de Misi\u00f3n Menonita<\/a> and <a href=\"https:\/\/multiply.net\/\"><em>Multiply<\/em><\/a> est\u00e1n en la conversaci\u00f3n.<\/p>\n\n\n\n<div class=\"wp-block-group is-nowrap is-layout-flex wp-container-core-group-is-layout-6c531013 wp-block-group-is-layout-flex\">\n<div class=\"wp-block-buttons is-layout-flex wp-block-buttons-is-layout-flex\">\n<div class=\"wp-block-button\"><a class=\"wp-block-button__link wp-element-button\" href=\"https:\/\/mcc.org\/\">MCC<\/a><\/div>\n\n\n\n<div class=\"wp-block-button\"><a class=\"wp-block-button__link wp-element-button\" href=\"https:\/\/www.aimmint.org\/\">AIMM<\/a><\/div>\n\n\n\n<div class=\"wp-block-button\"><a class=\"wp-block-button__link wp-element-button\" href=\"https:\/\/www.mennonitechurch.ca\/international-witness\">MC Witness<\/a><\/div>\n\n\n\n<div class=\"wp-block-button\"><a class=\"wp-block-button__link wp-element-button\" href=\"https:\/\/www.mennonitemission.net\/\">MMN (la Red de Misi\u00f3n Menonita)<\/a><\/div>\n\n\n\n<div class=\"wp-block-button\"><a class=\"wp-block-button__link wp-element-button\" href=\"https:\/\/multiply.net\/\">Multiply<\/a><\/div>\n<\/div>\n<\/div>\n\n\n\n<p>El CMM extiende la invitaci\u00f3n a todas las organizaciones anabautistas que trabajan en la regi\u00f3n para que se sumen a la respuesta coordinada. \u201cQueremos trabajar de manera cooperativa y colaborativa\u201d, afirma C\u00e9sar Garc\u00eda.<\/p>\n\n\n\n<p>La iglesia miembro del CMM, <em>Communaut\u00e9 des \u00c9glises des Fr\u00e8res Mennonites au Congo<\/em> (CEFMC, Hermanos Menonitas), tiene 34 congregaciones con m\u00e1s de 4000 miembros en la regi\u00f3n. Al momento de escribir este art\u00edculo, la CEFMC informa que 600 familias de sus congregaciones han sido desplazadas.<\/p>\n\n\n\n<p>Algunas de las personas que huyen de la violencia se encuentran en campamentos en la regi\u00f3n. Otras han huido a otras partes del pa\u00eds donde las congregaciones de la CEFMC, Communaut\u00e9 Evang\u00e9lique Mennonite, la Communaut\u00e9 Mennonite au Congo y la Communaut\u00e9 Mennonite de Kinshasa est\u00e1n ofreciendo asistencia.<\/p>\n\n\n\n<p>Algunos han sido evacuados a pa\u00edses cercanos como Burundi, Uganda y Tanzania, donde otros Menonitas han podido brindarles apoyo.<\/p>\n\n\n\n<p>\u201cLa situaci\u00f3n requiere una respuesta urgente, pero tambi\u00e9n un plan de varios a\u00f1os\u201d, afirma Annie Loewen, directora interina de respuesta a desastres del CCM. En este momento, los suministros de alimentos, refugio e higiene son necesidades cr\u00edticas. A largo plazo, se necesitar\u00e1n recursos para sanar los traumas y suministros para reconstruir las viviendas.<\/p>\n\n\n\n<p>\u201cQueremos reaccionar r\u00e1pidamente a las necesidades de la gente de la regi\u00f3n, pero nuestra respuesta debe coordinarse con otros socios, para aprovechar las fortalezas de cada uno y crear sinergias\u201d, explica Doug Hiebert, l\u00edder del equipo regional de Multiply para \u00c1frica subsahariana.<\/p>\n\n\n\n<p>\u201cLa coordinaci\u00f3n interdependiente entre las organizaciones internacionales y las iglesias locales es crucial para la construcci\u00f3n de paz a largo plazo\u201d, afirma Tigist Tesfaye, secretaria de la Comisi\u00f3n de Di\u00e1conos. \u201cPor favor, contin\u00faen orando por nuestros hermanos y hermanas. Nuestra solidaridad en oraci\u00f3n es una parte clave de nuestra respuesta como familia anabautista\u201d.<\/p>\n\n\n\n<h4 class=\"wp-block-heading\">Lea la carta pastoral a las iglesias de la Rep\u00fablica Democr\u00e1tica del Congo y agregue sus propios mensajes de oraci\u00f3n aqu\u00ed<\/h4>\n\n\n\n<figure class=\"wp-block-embed is-type-wp-embed is-provider-mennonite-world-conference wp-block-embed-mennonite-world-conference\"><div class=\"wp-block-embed__wrapper\">\n<blockquote class=\"wp-embedded-content\" data-secret=\"LQO93ixzEK\"><a href=\"https:\/\/mwc-cmm.org\/es\/stories\/carta-pastoral-para-las-iglesias-anabautistas-de-la-rd-congo\/\">Carta pastoral para las iglesias anabautistas de la RD Congo<\/a><\/blockquote><iframe class=\"wp-embedded-content lazyload\" sandbox=\"allow-scripts\" security=\"restricted\" style=\"position: absolute; visibility: hidden;\" title=\"\u00abCarta pastoral para las iglesias anabautistas de la RD Congo\u00bb \u2014 Mennonite World Conference\" data-src=\"https:\/\/mwc-cmm.org\/es\/stories\/carta-pastoral-para-las-iglesias-anabautistas-de-la-rd-congo\/embed\/#?secret=s3IEXT1IbZ#?secret=LQO93ixzEK\" data-secret=\"LQO93ixzEK\" width=\"500\" height=\"282\" frameborder=\"0\" marginwidth=\"0\" marginheight=\"0\" scrolling=\"no\" src=\"data:image\/svg+xml;base64,PHN2ZyB3aWR0aD0iMSIgaGVpZ2h0PSIxIiB4bWxucz0iaHR0cDovL3d3dy53My5vcmcvMjAwMC9zdmciPjwvc3ZnPg==\" data-load-mode=\"1\"><\/iframe>\n<\/div><\/figure>\n\n\n\n<h2 class=\"wp-block-heading\">Antecedentes<\/h2>\n\n\n\n<p>Como comunidad mundial de fe que existe para facilitar las relaciones entre las iglesias afines al anabautismo en todo el mundo, El Congreso Mundial Menonita toma la iniciativa de convocar a sus miembros a una acci\u00f3n interdependiente cuando ocurre una crisis para evitar la duplicaci\u00f3n y asegurar la cooperaci\u00f3n.<\/p>\n\n\n\n<p>A partir de 2017, el CMM facilit\u00f3 la respuesta anabautista colaborativa a los desastres en todo el mundo. Cuando una inundaci\u00f3n catastr\u00f3fica afect\u00f3 a 11 congregaciones de los Hermanos Menonitas en Per\u00fa, varias organizaciones anabautistas estaban listas para brindar asistencia. El CMM convoc\u00f3 una respuesta anabautista colaborativa de seis meses entre el Comit\u00e9 Central Menonita, el CMM, ICOMB y Multiply (en ese entonces llamado Misi\u00f3n MB).<\/p>\n\n\n\n<div class=\"wp-block-buttons is-layout-flex wp-block-buttons-is-layout-flex\">\n<div class=\"wp-block-button\"><a class=\"wp-block-button__link wp-element-button\" href=\"https:\/\/mwc-cmm.org\/es\/stories\/mwc-facilitates-interdependent-response-to-peru-flooding-3\/\">El CMM facilita respuesta interdependiente a inundaciones en Per\u00fa<\/a><\/div>\n<\/div>\n\n\n\n<p>El CMM reuni\u00f3 a siete socios anabautistas de Am\u00e9rica del Norte y Europa para coordinar una respuesta interdependiente a la crisis en la regi\u00f3n de Kasa\u00ef en la Rep\u00fablica Democr\u00e1tica del Congo.<\/p>\n\n\n\n<div class=\"wp-block-buttons is-layout-flex wp-block-buttons-is-layout-flex\">\n<div class=\"wp-block-button\"><a class=\"wp-block-button__link wp-element-button\" href=\"https:\/\/mwc-cmm.org\/es\/stories\/anabaptists-respond-to-violence-and-displacement-in-dr-congo-3\/\">Anabautistas responden a la situaci\u00f3n de violencia y al desplazamiento en la Rep\u00fablica Democr\u00e1tica del Congo<\/a><\/div>\n<\/div>\n\n\n\n<div class=\"wp-block-buttons is-layout-flex wp-block-buttons-is-layout-flex\">\n<div class=\"wp-block-button\"><a class=\"wp-block-button__link wp-element-button\" href=\"https:\/\/mwc-cmm.org\/es\/stories\/del-horror-los-sobrevivientes-de-kasai-reconstruyen-sus-vidas\/\">Del horror, los sobrevivientes de Kasai reconstruyen sus vidas<\/a><\/div>\n<\/div>\n\n\n\n<p>Tambi\u00e9n en el 2017, las inundaciones monz\u00f3nicas arrasaron Nepal y partes de la India y Bangladesh. Los socios anabautistas CCM y Brethren in Community Welfare Society (Sociedad de los Hermanos en Bienestar Comunitario) ayudaron a las familias a recuperar sus medios de vida, les proporcionaron materiales para construir refugios y apoyaron las reparaciones de sus hogares.<\/p>\n\n\n\n<div class=\"wp-block-buttons is-layout-flex wp-block-buttons-is-layout-flex\">\n<div class=\"wp-block-button\"><a class=\"wp-block-button__link wp-element-button\" href=\"https:\/\/mwc-cmm.org\/es\/stories\/mwc-responds-in-solidarity-to-disasters-3\/\">El CMM responde solidariamente a los desastres<\/a><\/div>\n<\/div>\n\n\n\n<p>Durante la pandemia del COVID-19, el Congreso Mundial Menonita form\u00f3 el grupo de trabajo del COVID -19 con el apoyo de m\u00e1s de 10 organizaciones anabautistas mundiales para responder a las necesidades derivadas de la pandemia en el hemisferio sur.<\/p>\n\n\n\n<div class=\"wp-block-buttons is-layout-flex wp-block-buttons-is-layout-flex\">\n<div class=\"wp-block-button\"><a class=\"wp-block-button__link wp-element-button\" href=\"https:\/\/mwc-cmm.org\/es\/mwc-responds-to-covid-19\/\">MWC responds to COVID-19<\/a><\/div>\n<\/div>\n\n\n\n<hr class=\"wp-block-separator has-alpha-channel-opacity\"\/>\n\n\n\n<figure class=\"wp-block-embed is-type-wp-embed is-provider-mennonite-world-conference wp-block-embed-mennonite-world-conference\"><div class=\"wp-block-embed__wrapper\">\n<blockquote class=\"wp-embedded-content\" data-secret=\"K17ySDPz2M\"><a href=\"https:\/\/mwc-cmm.org\/es\/fondo-de-ayuda-de-la-iglesia-mundial\/\">Fondo de Ayuda de la Iglesia Mundial<\/a><\/blockquote><iframe class=\"wp-embedded-content lazyload\" sandbox=\"allow-scripts\" security=\"restricted\" style=\"position: absolute; visibility: hidden;\" title=\"\u00abFondo de Ayuda de la Iglesia Mundial\u00bb \u2014 Mennonite World Conference\" data-src=\"https:\/\/mwc-cmm.org\/es\/fondo-de-ayuda-de-la-iglesia-mundial\/embed\/#?secret=zrYoatHfjq#?secret=K17ySDPz2M\" data-secret=\"K17ySDPz2M\" width=\"500\" height=\"282\" frameborder=\"0\" marginwidth=\"0\" marginheight=\"0\" scrolling=\"no\" src=\"data:image\/svg+xml;base64,PHN2ZyB3aWR0aD0iMSIgaGVpZ2h0PSIxIiB4bWxucz0iaHR0cDovL3d3dy53My5vcmcvMjAwMC9zdmciPjwvc3ZnPg==\" data-load-mode=\"1\"><\/iframe>\n<\/div><\/figure>\n","protected":false},"excerpt":{"rendered":"<p>\u201cNos faltan Biblias, agua, jabones e incluso comida\u201d, escribe un representante de la organizaci\u00f3n juvenil de una iglesia de los Hermanos Menonitas de Bukavu (Rep\u00fablica Democr\u00e1tica del Congo). \u201cSolicitamos el acompa\u00f1amiento de sus oraciones y materiales\u201d. El Congreso Mundial Menonita ha convocado un grupo de trabajo inter-anabautista para responder a la actual crisis humanitaria en [&hellip;]<\/p>\n","protected":false},"author":6,"featured_media":110985,"comment_status":"closed","ping_status":"closed","sticky":false,"template":"","format":"standard","meta":{"_acf_changed":false,"footnotes":""},"categories":[296,472,6],"tags":[483,464,754,485,484],"network":[1317,1261],"eventcategory":[1512],"class_list":["post-111016","post","type-post","status-publish","format-standard","has-post-thumbnail","hentry","category-oracion-urgente","category-oracion-urgente-es","category-sin-categorizar","tag-comision-de-diaconos","tag-dr-congo","tag-rd-congo","tag-respuesta-a-desastres","tag-respuesta-colaborativa-anabautista","network-commissions-es","network-deacons-commission-es","eventcategory-online-prayer-hour-es"],"acf":[],"yoast_head":"<!-- This site is optimized with the Yoast SEO plugin v27.5 - https:\/\/yoast.com\/product\/yoast-seo-wordpress\/ -->\n<title>Respuesta colaborativa anabautista a la crisis de la Rep\u00fablica Democr\u00e1tica del Congo - Mennonite World Conference<\/title>\n<meta name=\"description\" content=\"El Congreso Mundial Menonita ha convocado un grupo de trabajo inter-anabautista para responder a la actual crisis humanitaria en la parte oriental de la Rep\u00fablica Democr\u00e1tica del Congo, derivada de los acontecimientos de las \u00faltimas semanas.\" \/>\n<meta name=\"robots\" content=\"index, follow, max-snippet:-1, max-image-preview:large, max-video-preview:-1\" \/>\n<link rel=\"canonical\" href=\"https:\/\/mwc-cmm.org\/es\/stories\/respuesta-colaborativa-anabautista-crisis-rdc\/\" \/>\n<meta property=\"og:locale\" content=\"es_ES\" \/>\n<meta property=\"og:type\" content=\"article\" \/>\n<meta property=\"og:title\" content=\"Respuesta colaborativa anabautista a la crisis de la Rep\u00fablica Democr\u00e1tica del Congo - Mennonite World Conference\" \/>\n<meta property=\"og:description\" content=\"El Congreso Mundial Menonita ha convocado un grupo de trabajo inter-anabautista para responder a la actual crisis humanitaria en la parte oriental de la Rep\u00fablica Democr\u00e1tica del Congo, derivada de los acontecimientos de las \u00faltimas semanas.\" \/>\n<meta property=\"og:url\" content=\"https:\/\/mwc-cmm.org\/es\/stories\/respuesta-colaborativa-anabautista-crisis-rdc\/\" \/>\n<meta property=\"og:site_name\" content=\"Mennonite World Conference\" \/>\n<meta property=\"article:publisher\" content=\"https:\/\/www.facebook.com\/MennoniteWorldConference\" \/>\n<meta property=\"article:published_time\" content=\"2025-03-06T20:23:00+00:00\" \/>\n<meta property=\"article:modified_time\" content=\"2025-04-19T18:34:59+00:00\" \/>\n<meta property=\"og:image\" content=\"https:\/\/mwc-cmm.org\/wp-content\/uploads\/2025\/03\/2025-03-05-WhatsApp-Image-Adonai-Bukavu_5ff479ce.jpg\" \/>\n\t<meta property=\"og:image:width\" content=\"479\" \/>\n\t<meta property=\"og:image:height\" content=\"233\" \/>\n\t<meta property=\"og:image:type\" content=\"image\/jpeg\" \/>\n<meta name=\"author\" content=\"Karla Braun\" \/>\n<script type=\"application\/ld+json\" class=\"yoast-schema-graph\">{\"@context\":\"https:\\\/\\\/schema.org\",\"@graph\":[{\"@type\":\"Article\",\"@id\":\"https:\\\/\\\/mwc-cmm.org\\\/es\\\/stories\\\/respuesta-colaborativa-anabautista-crisis-rdc\\\/#article\",\"isPartOf\":{\"@id\":\"https:\\\/\\\/mwc-cmm.org\\\/es\\\/stories\\\/respuesta-colaborativa-anabautista-crisis-rdc\\\/\"},\"author\":{\"name\":\"Karla Braun\",\"@id\":\"https:\\\/\\\/mwc-cmm.org\\\/en\\\/#\\\/schema\\\/person\\\/9cb7cad70e3a0ac2b145c3441df0dc08\"},\"headline\":\"Respuesta colaborativa anabautista a la crisis de la Rep\u00fablica Democr\u00e1tica del Congo\",\"datePublished\":\"2025-03-06T20:23:00+00:00\",\"dateModified\":\"2025-04-19T18:34:59+00:00\",\"mainEntityOfPage\":{\"@id\":\"https:\\\/\\\/mwc-cmm.org\\\/es\\\/stories\\\/respuesta-colaborativa-anabautista-crisis-rdc\\\/\"},\"wordCount\":848,\"publisher\":{\"@id\":\"https:\\\/\\\/mwc-cmm.org\\\/en\\\/#organization\"},\"image\":{\"@id\":\"https:\\\/\\\/mwc-cmm.org\\\/es\\\/stories\\\/respuesta-colaborativa-anabautista-crisis-rdc\\\/#primaryimage\"},\"thumbnailUrl\":\"https:\\\/\\\/mwc-cmm.org\\\/wp-content\\\/uploads\\\/2025\\\/03\\\/2025-03-05-WhatsApp-Image-Adonai-Bukavu_5ff479ce.jpg\",\"keywords\":[\"Comisi\u00f3n de Di\u00e1conos\",\"DR Congo\",\"RD Congo\",\"respuesta a desastres\",\"respuesta colaborativa anabautista\"],\"articleSection\":[\"Oraci\u00f3n urgente\",\"Oraci\u00f3n urgente\",\"Sin categorizar\"],\"inLanguage\":\"es\"},{\"@type\":\"WebPage\",\"@id\":\"https:\\\/\\\/mwc-cmm.org\\\/es\\\/stories\\\/respuesta-colaborativa-anabautista-crisis-rdc\\\/\",\"url\":\"https:\\\/\\\/mwc-cmm.org\\\/es\\\/stories\\\/respuesta-colaborativa-anabautista-crisis-rdc\\\/\",\"name\":\"Respuesta colaborativa anabautista a la crisis de la Rep\u00fablica Democr\u00e1tica del Congo - Mennonite World Conference\",\"isPartOf\":{\"@id\":\"https:\\\/\\\/mwc-cmm.org\\\/en\\\/#website\"},\"primaryImageOfPage\":{\"@id\":\"https:\\\/\\\/mwc-cmm.org\\\/es\\\/stories\\\/respuesta-colaborativa-anabautista-crisis-rdc\\\/#primaryimage\"},\"image\":{\"@id\":\"https:\\\/\\\/mwc-cmm.org\\\/es\\\/stories\\\/respuesta-colaborativa-anabautista-crisis-rdc\\\/#primaryimage\"},\"thumbnailUrl\":\"https:\\\/\\\/mwc-cmm.org\\\/wp-content\\\/uploads\\\/2025\\\/03\\\/2025-03-05-WhatsApp-Image-Adonai-Bukavu_5ff479ce.jpg\",\"datePublished\":\"2025-03-06T20:23:00+00:00\",\"dateModified\":\"2025-04-19T18:34:59+00:00\",\"description\":\"El Congreso Mundial Menonita ha convocado un grupo de trabajo inter-anabautista para responder a la actual crisis humanitaria en la parte oriental de la Rep\u00fablica Democr\u00e1tica del Congo, derivada de los acontecimientos de las \u00faltimas semanas.\",\"breadcrumb\":{\"@id\":\"https:\\\/\\\/mwc-cmm.org\\\/es\\\/stories\\\/respuesta-colaborativa-anabautista-crisis-rdc\\\/#breadcrumb\"},\"inLanguage\":\"es\",\"potentialAction\":[{\"@type\":\"ReadAction\",\"target\":[\"https:\\\/\\\/mwc-cmm.org\\\/es\\\/stories\\\/respuesta-colaborativa-anabautista-crisis-rdc\\\/\"]}]},{\"@type\":\"ImageObject\",\"inLanguage\":\"es\",\"@id\":\"https:\\\/\\\/mwc-cmm.org\\\/es\\\/stories\\\/respuesta-colaborativa-anabautista-crisis-rdc\\\/#primaryimage\",\"url\":\"https:\\\/\\\/mwc-cmm.org\\\/wp-content\\\/uploads\\\/2025\\\/03\\\/2025-03-05-WhatsApp-Image-Adonai-Bukavu_5ff479ce.jpg\",\"contentUrl\":\"https:\\\/\\\/mwc-cmm.org\\\/wp-content\\\/uploads\\\/2025\\\/03\\\/2025-03-05-WhatsApp-Image-Adonai-Bukavu_5ff479ce.jpg\",\"width\":479,\"height\":233,\"caption\":\"The young adult group from a CEFMC congregation in Eastern DRC, ministers to orphans in their area before and during this crisis. Photo courtesy of a local CEFMC congregation\"},{\"@type\":\"BreadcrumbList\",\"@id\":\"https:\\\/\\\/mwc-cmm.org\\\/es\\\/stories\\\/respuesta-colaborativa-anabautista-crisis-rdc\\\/#breadcrumb\",\"itemListElement\":[{\"@type\":\"ListItem\",\"position\":1,\"name\":\"Home\",\"item\":\"https:\\\/\\\/mwc-cmm.org\\\/es\\\/\"},{\"@type\":\"ListItem\",\"position\":2,\"name\":\"Respuesta colaborativa anabautista a la crisis de la Rep\u00fablica Democr\u00e1tica del Congo\"}]},{\"@type\":\"WebSite\",\"@id\":\"https:\\\/\\\/mwc-cmm.org\\\/en\\\/#website\",\"url\":\"https:\\\/\\\/mwc-cmm.org\\\/en\\\/\",\"name\":\"Mennonite World Conference\",\"description\":\"A communion of Anabaptist-related churches\",\"publisher\":{\"@id\":\"https:\\\/\\\/mwc-cmm.org\\\/en\\\/#organization\"},\"alternateName\":\"MWC\",\"potentialAction\":[{\"@type\":\"SearchAction\",\"target\":{\"@type\":\"EntryPoint\",\"urlTemplate\":\"https:\\\/\\\/mwc-cmm.org\\\/en\\\/?s={search_term_string}\"},\"query-input\":{\"@type\":\"PropertyValueSpecification\",\"valueRequired\":true,\"valueName\":\"search_term_string\"}}],\"inLanguage\":\"es\"},{\"@type\":\"Organization\",\"@id\":\"https:\\\/\\\/mwc-cmm.org\\\/en\\\/#organization\",\"name\":\"Mennonite World Conference\",\"alternateName\":\"MWC\",\"url\":\"https:\\\/\\\/mwc-cmm.org\\\/en\\\/\",\"logo\":{\"@type\":\"ImageObject\",\"inLanguage\":\"es\",\"@id\":\"https:\\\/\\\/mwc-cmm.org\\\/en\\\/#\\\/schema\\\/logo\\\/image\\\/\",\"url\":\"https:\\\/\\\/mwc-cmm.org\\\/wp-content\\\/uploads\\\/2026\\\/01\\\/MWC_Sig_Blue_Horiz_webheader1-logo.svg\",\"contentUrl\":\"https:\\\/\\\/mwc-cmm.org\\\/wp-content\\\/uploads\\\/2026\\\/01\\\/MWC_Sig_Blue_Horiz_webheader1-logo.svg\",\"width\":786,\"height\":82,\"caption\":\"Mennonite World Conference\"},\"image\":{\"@id\":\"https:\\\/\\\/mwc-cmm.org\\\/en\\\/#\\\/schema\\\/logo\\\/image\\\/\"},\"sameAs\":[\"https:\\\/\\\/www.facebook.com\\\/MennoniteWorldConference\",\"https:\\\/\\\/www.linkedin.com\\\/company\\\/mennonite-world-conference-mwc\\\/\",\"https:\\\/\\\/www.instagram.com\\\/mwcmm\\\/\",\"https:\\\/\\\/www.youtube.com\\\/user\\\/mwccmm\",\"https:\\\/\\\/bsky.app\\\/profile\\\/mwcmm.bsky.social\"]},{\"@type\":\"Person\",\"@id\":\"https:\\\/\\\/mwc-cmm.org\\\/en\\\/#\\\/schema\\\/person\\\/9cb7cad70e3a0ac2b145c3441df0dc08\",\"name\":\"Karla Braun\",\"pronouns\":\"she\\\/her\",\"image\":{\"@type\":\"ImageObject\",\"inLanguage\":\"es\",\"@id\":\"https:\\\/\\\/secure.gravatar.com\\\/avatar\\\/330c84143dc3a1bf6e7887f828baae23c874bf72d5eedb0461d88c0725087370?s=96&d=mm&r=g\",\"url\":\"https:\\\/\\\/secure.gravatar.com\\\/avatar\\\/330c84143dc3a1bf6e7887f828baae23c874bf72d5eedb0461d88c0725087370?s=96&d=mm&r=g\",\"contentUrl\":\"https:\\\/\\\/secure.gravatar.com\\\/avatar\\\/330c84143dc3a1bf6e7887f828baae23c874bf72d5eedb0461d88c0725087370?s=96&d=mm&r=g\",\"caption\":\"Karla Braun\"},\"description\":\"Karla Braun serves as editor and website coordinator for MWC since 2015.\",\"url\":\"https:\\\/\\\/mwc-cmm.org\\\/es\\\/stories\\\/author\\\/karla\\\/\"}]}<\/script>\n<!-- \/ Yoast SEO plugin. -->","yoast_head_json":{"title":"Respuesta colaborativa anabautista a la crisis de la Rep\u00fablica Democr\u00e1tica del Congo - Mennonite World Conference","description":"El Congreso Mundial Menonita ha convocado un grupo de trabajo inter-anabautista para responder a la actual crisis humanitaria en la parte oriental de la Rep\u00fablica Democr\u00e1tica del Congo, derivada de los acontecimientos de las \u00faltimas semanas.","robots":{"index":"index","follow":"follow","max-snippet":"max-snippet:-1","max-image-preview":"max-image-preview:large","max-video-preview":"max-video-preview:-1"},"canonical":"https:\/\/mwc-cmm.org\/es\/stories\/respuesta-colaborativa-anabautista-crisis-rdc\/","og_locale":"es_ES","og_type":"article","og_title":"Respuesta colaborativa anabautista a la crisis de la Rep\u00fablica Democr\u00e1tica del Congo - Mennonite World Conference","og_description":"El Congreso Mundial Menonita ha convocado un grupo de trabajo inter-anabautista para responder a la actual crisis humanitaria en la parte oriental de la Rep\u00fablica Democr\u00e1tica del Congo, derivada de los acontecimientos de las \u00faltimas semanas.","og_url":"https:\/\/mwc-cmm.org\/es\/stories\/respuesta-colaborativa-anabautista-crisis-rdc\/","og_site_name":"Mennonite World Conference","article_publisher":"https:\/\/www.facebook.com\/MennoniteWorldConference","article_published_time":"2025-03-06T20:23:00+00:00","article_modified_time":"2025-04-19T18:34:59+00:00","og_image":[{"width":479,"height":233,"url":"https:\/\/mwc-cmm.org\/wp-content\/uploads\/2025\/03\/2025-03-05-WhatsApp-Image-Adonai-Bukavu_5ff479ce.jpg","type":"image\/jpeg"}],"author":"Karla Braun","schema":{"@context":"https:\/\/schema.org","@graph":[{"@type":"Article","@id":"https:\/\/mwc-cmm.org\/es\/stories\/respuesta-colaborativa-anabautista-crisis-rdc\/#article","isPartOf":{"@id":"https:\/\/mwc-cmm.org\/es\/stories\/respuesta-colaborativa-anabautista-crisis-rdc\/"},"author":{"name":"Karla Braun","@id":"https:\/\/mwc-cmm.org\/en\/#\/schema\/person\/9cb7cad70e3a0ac2b145c3441df0dc08"},"headline":"Respuesta colaborativa anabautista a la crisis de la Rep\u00fablica Democr\u00e1tica del Congo","datePublished":"2025-03-06T20:23:00+00:00","dateModified":"2025-04-19T18:34:59+00:00","mainEntityOfPage":{"@id":"https:\/\/mwc-cmm.org\/es\/stories\/respuesta-colaborativa-anabautista-crisis-rdc\/"},"wordCount":848,"publisher":{"@id":"https:\/\/mwc-cmm.org\/en\/#organization"},"image":{"@id":"https:\/\/mwc-cmm.org\/es\/stories\/respuesta-colaborativa-anabautista-crisis-rdc\/#primaryimage"},"thumbnailUrl":"https:\/\/mwc-cmm.org\/wp-content\/uploads\/2025\/03\/2025-03-05-WhatsApp-Image-Adonai-Bukavu_5ff479ce.jpg","keywords":["Comisi\u00f3n de Di\u00e1conos","DR Congo","RD Congo","respuesta a desastres","respuesta colaborativa anabautista"],"articleSection":["Oraci\u00f3n urgente","Oraci\u00f3n urgente","Sin categorizar"],"inLanguage":"es"},{"@type":"WebPage","@id":"https:\/\/mwc-cmm.org\/es\/stories\/respuesta-colaborativa-anabautista-crisis-rdc\/","url":"https:\/\/mwc-cmm.org\/es\/stories\/respuesta-colaborativa-anabautista-crisis-rdc\/","name":"Respuesta colaborativa anabautista a la crisis de la Rep\u00fablica Democr\u00e1tica del Congo - Mennonite World Conference","isPartOf":{"@id":"https:\/\/mwc-cmm.org\/en\/#website"},"primaryImageOfPage":{"@id":"https:\/\/mwc-cmm.org\/es\/stories\/respuesta-colaborativa-anabautista-crisis-rdc\/#primaryimage"},"image":{"@id":"https:\/\/mwc-cmm.org\/es\/stories\/respuesta-colaborativa-anabautista-crisis-rdc\/#primaryimage"},"thumbnailUrl":"https:\/\/mwc-cmm.org\/wp-content\/uploads\/2025\/03\/2025-03-05-WhatsApp-Image-Adonai-Bukavu_5ff479ce.jpg","datePublished":"2025-03-06T20:23:00+00:00","dateModified":"2025-04-19T18:34:59+00:00","description":"El Congreso Mundial Menonita ha convocado un grupo de trabajo inter-anabautista para responder a la actual crisis humanitaria en la parte oriental de la Rep\u00fablica Democr\u00e1tica del Congo, derivada de los acontecimientos de las \u00faltimas semanas.","breadcrumb":{"@id":"https:\/\/mwc-cmm.org\/es\/stories\/respuesta-colaborativa-anabautista-crisis-rdc\/#breadcrumb"},"inLanguage":"es","potentialAction":[{"@type":"ReadAction","target":["https:\/\/mwc-cmm.org\/es\/stories\/respuesta-colaborativa-anabautista-crisis-rdc\/"]}]},{"@type":"ImageObject","inLanguage":"es","@id":"https:\/\/mwc-cmm.org\/es\/stories\/respuesta-colaborativa-anabautista-crisis-rdc\/#primaryimage","url":"https:\/\/mwc-cmm.org\/wp-content\/uploads\/2025\/03\/2025-03-05-WhatsApp-Image-Adonai-Bukavu_5ff479ce.jpg","contentUrl":"https:\/\/mwc-cmm.org\/wp-content\/uploads\/2025\/03\/2025-03-05-WhatsApp-Image-Adonai-Bukavu_5ff479ce.jpg","width":479,"height":233,"caption":"The young adult group from a CEFMC congregation in Eastern DRC, ministers to orphans in their area before and during this crisis. Photo courtesy of a local CEFMC congregation"},{"@type":"BreadcrumbList","@id":"https:\/\/mwc-cmm.org\/es\/stories\/respuesta-colaborativa-anabautista-crisis-rdc\/#breadcrumb","itemListElement":[{"@type":"ListItem","position":1,"name":"Home","item":"https:\/\/mwc-cmm.org\/es\/"},{"@type":"ListItem","position":2,"name":"Respuesta colaborativa anabautista a la crisis de la Rep\u00fablica Democr\u00e1tica del Congo"}]},{"@type":"WebSite","@id":"https:\/\/mwc-cmm.org\/en\/#website","url":"https:\/\/mwc-cmm.org\/en\/","name":"Mennonite World Conference","description":"A communion of Anabaptist-related churches","publisher":{"@id":"https:\/\/mwc-cmm.org\/en\/#organization"},"alternateName":"MWC","potentialAction":[{"@type":"SearchAction","target":{"@type":"EntryPoint","urlTemplate":"https:\/\/mwc-cmm.org\/en\/?s={search_term_string}"},"query-input":{"@type":"PropertyValueSpecification","valueRequired":true,"valueName":"search_term_string"}}],"inLanguage":"es"},{"@type":"Organization","@id":"https:\/\/mwc-cmm.org\/en\/#organization","name":"Mennonite World Conference","alternateName":"MWC","url":"https:\/\/mwc-cmm.org\/en\/","logo":{"@type":"ImageObject","inLanguage":"es","@id":"https:\/\/mwc-cmm.org\/en\/#\/schema\/logo\/image\/","url":"https:\/\/mwc-cmm.org\/wp-content\/uploads\/2026\/01\/MWC_Sig_Blue_Horiz_webheader1-logo.svg","contentUrl":"https:\/\/mwc-cmm.org\/wp-content\/uploads\/2026\/01\/MWC_Sig_Blue_Horiz_webheader1-logo.svg","width":786,"height":82,"caption":"Mennonite World Conference"},"image":{"@id":"https:\/\/mwc-cmm.org\/en\/#\/schema\/logo\/image\/"},"sameAs":["https:\/\/www.facebook.com\/MennoniteWorldConference","https:\/\/www.linkedin.com\/company\/mennonite-world-conference-mwc\/","https:\/\/www.instagram.com\/mwcmm\/","https:\/\/www.youtube.com\/user\/mwccmm","https:\/\/bsky.app\/profile\/mwcmm.bsky.social"]},{"@type":"Person","@id":"https:\/\/mwc-cmm.org\/en\/#\/schema\/person\/9cb7cad70e3a0ac2b145c3441df0dc08","name":"Karla Braun","pronouns":"she\/her","image":{"@type":"ImageObject","inLanguage":"es","@id":"https:\/\/secure.gravatar.com\/avatar\/330c84143dc3a1bf6e7887f828baae23c874bf72d5eedb0461d88c0725087370?s=96&d=mm&r=g","url":"https:\/\/secure.gravatar.com\/avatar\/330c84143dc3a1bf6e7887f828baae23c874bf72d5eedb0461d88c0725087370?s=96&d=mm&r=g","contentUrl":"https:\/\/secure.gravatar.com\/avatar\/330c84143dc3a1bf6e7887f828baae23c874bf72d5eedb0461d88c0725087370?s=96&d=mm&r=g","caption":"Karla Braun"},"description":"Karla Braun serves as editor and website coordinator for MWC since 2015.","url":"https:\/\/mwc-cmm.org\/es\/stories\/author\/karla\/"}]}},"_links":{"self":[{"href":"https:\/\/mwc-cmm.org\/es\/wp-json\/wp\/v2\/posts\/111016","targetHints":{"allow":["GET"]}}],"collection":[{"href":"https:\/\/mwc-cmm.org\/es\/wp-json\/wp\/v2\/posts"}],"about":[{"href":"https:\/\/mwc-cmm.org\/es\/wp-json\/wp\/v2\/types\/post"}],"author":[{"embeddable":true,"href":"https:\/\/mwc-cmm.org\/es\/wp-json\/wp\/v2\/users\/6"}],"replies":[{"embeddable":true,"href":"https:\/\/mwc-cmm.org\/es\/wp-json\/wp\/v2\/comments?post=111016"}],"version-history":[{"count":0,"href":"https:\/\/mwc-cmm.org\/es\/wp-json\/wp\/v2\/posts\/111016\/revisions"}],"wp:featuredmedia":[{"embeddable":true,"href":"https:\/\/mwc-cmm.org\/es\/wp-json\/wp\/v2\/media\/110985"}],"wp:attachment":[{"href":"https:\/\/mwc-cmm.org\/es\/wp-json\/wp\/v2\/media?parent=111016"}],"wp:term":[{"taxonomy":"category","embeddable":true,"href":"https:\/\/mwc-cmm.org\/es\/wp-json\/wp\/v2\/categories?post=111016"},{"taxonomy":"post_tag","embeddable":true,"href":"https:\/\/mwc-cmm.org\/es\/wp-json\/wp\/v2\/tags?post=111016"},{"taxonomy":"network","embeddable":true,"href":"https:\/\/mwc-cmm.org\/es\/wp-json\/wp\/v2\/network?post=111016"},{"taxonomy":"eventcategory","embeddable":true,"href":"https:\/\/mwc-cmm.org\/es\/wp-json\/wp\/v2\/eventcategory?post=111016"}],"curies":[{"name":"wp","href":"https:\/\/api.w.org\/{rel}","templated":true}]}}