{"id":109846,"date":"2025-02-10T17:34:20","date_gmt":"2025-02-10T17:34:20","guid":{"rendered":"https:\/\/mwc-cmm.org\/?p=109846"},"modified":"2025-02-25T13:12:00","modified_gmt":"2025-02-25T13:12:00","slug":"valentia-para-amar-a-quienes-son-diferentes","status":"publish","type":"post","link":"https:\/\/mwc-cmm.org\/es\/stories\/valentia-para-amar-a-quienes-son-diferentes\/","title":{"rendered":"Valent\u00eda para amar a quienes son diferentes"},"content":{"rendered":"\n<p>\u201cEl amor por Jesucristo nos inspira y nos motiva a superar todo tipo de miedo\u201d, dijo Sushant Nand. La coordinadora del Programa de Intercambio Internacional y oficial de proyectos del Comit\u00e9 Central Menonita, India, habl\u00f3 la celebraci\u00f3n del Domingo de la Fraternidad Anabautista Mundial en la \u2018Mennonite Church Korba\u2019 (Iglesia Menonita de Korba), una iglesia de la Conferencia General de la Iglesia Menonita de Bhartiya, India.&nbsp;<\/p>\n\n\n\n<p>\u201cLas primeras personas anabautistas eran personas llenas del amor de Dios y profundamente enamoradas de Jes\u00fas porque hab\u00edan experimentado su amor y su gracia en lo m\u00e1s profundo de su coraz\u00f3n\u201d, dijo Sushant Nand a la congregaci\u00f3n de 110 a\u00f1os de antig\u00fcedad. \u201cLa Valent\u00eda de Amar\u201d es el tema de la celebraci\u00f3n anual del culto de adoraci\u00f3n mundial, y tambi\u00e9n del evento del 500 aniversario que tendr\u00e1 lugar en Z\u00farich en mayo.&nbsp;<\/p>\n\n\n\n<p>La Iglesia de Korba se ha ampliado tres veces para dar cabida a la creciente congregaci\u00f3n. <a href=\"https:\/\/mla.bethelks.edu\/archives\/numbered-photos\/pholist2.php?num=2018-0137\">Kabra y su esposa Manmati fueron el primer fruto de la misi\u00f3n menonita en Korba<\/a>. Fueron bautizados el 8 de octubre del 1915, seguidos por otras 15 personas el 9 de diciembre de 1915. En la actualidad, Korba cuenta con 400 familias y m\u00e1s de 8,000 personas miembro.&nbsp;<\/p>\n\n\n\n<p>\u201cLas personas que aman a Jes\u00fas con todo su coraz\u00f3n, con toda su mente y con toda su alma, ya no se preocupan por las consecuencias internas y externas&#8230;.. El amor de Jes\u00fas nos da la valent\u00eda para amar a las personas que son diferentes de nosotros, que est\u00e1n en nuestra contra o que nos persiguen\u201d, afirma Sushant Nand.&nbsp;<\/p>\n\n\n\n<p>\u201cProfundicemos en el amor de Cristo para que seamos libres de todo tipo de miedo para compartir el amor de Dios a todos\u201d.&nbsp;<\/p>\n\n\n\n<figure class=\"wp-block-embed aligncenter is-type-photo is-provider-flickr wp-block-embed-flickr\"><div class=\"wp-block-embed__wrapper\">\n<a href=\"https:\/\/flic.kr\/p\/2qKee1o\"><img decoding=\"async\" data-src=\"https:\/\/live.staticflickr.com\/65535\/54310444514_83754e902a.jpg\" alt=\"The gathered Mennonite congregations in Friesland and Groningen, the Netherlands\" width=\"500\" height=\"375\" src=\"data:image\/svg+xml;base64,PHN2ZyB3aWR0aD0iMSIgaGVpZ2h0PSIxIiB4bWxucz0iaHR0cDovL3d3dy53My5vcmcvMjAwMC9zdmciPjwvc3ZnPg==\" class=\"lazyload\" style=\"--smush-placeholder-width: 500px; --smush-placeholder-aspect-ratio: 500\/375;\" \/><\/a>\n<\/div><\/figure>\n\n\n\n<p>Las congregaciones Doopsgezind (menonitas) de Frisia y Groninga celebraron un gran culto de adoraci\u00f3n para conmemorar el Domingo de la Fraternidad Anabautista Mundial. La junta nacional de la iglesia (ADS, por sus siglas en holand\u00e9s) planea <a href=\"https:\/\/doopsgezinden.nl\/nieuws\/gemeentebezoeken\/\">visitar tantas congregaciones como sea posible en el a\u00f1o 2025 <\/a>para aprender de sus desarrollos y alinear futuras direcciones.&nbsp;<\/p>\n\n\n\n<figure class=\"wp-block-embed aligncenter is-type-photo is-provider-flickr wp-block-embed-flickr\"><div class=\"wp-block-embed__wrapper\">\n<a href=\"https:\/\/flic.kr\/p\/2qKedWF\"><img decoding=\"async\" data-src=\"https:\/\/live.staticflickr.com\/65535\/54310444299_d8c67f38e4.jpg\" alt=\"BIC Community Church, Zimbabwe\" width=\"500\" height=\"281\" src=\"data:image\/svg+xml;base64,PHN2ZyB3aWR0aD0iMSIgaGVpZ2h0PSIxIiB4bWxucz0iaHR0cDovL3d3dy53My5vcmcvMjAwMC9zdmciPjwvc3ZnPg==\" class=\"lazyload\" style=\"--smush-placeholder-width: 500px; --smush-placeholder-aspect-ratio: 500\/281;\" \/><\/a>\n<\/div><\/figure>\n\n\n\n<p>La \u2018BIC Community Church\u2019 (Iglesia de la Comunidad Hermanos en Cristo), Zimbabue, celebr\u00f3 la Santa Comuni\u00f3n el Domingo de la Fraternidad Anabautista Mundial. El Obispo Danisa Ndlovu, representante regional del CMM para \u00c1frica del Sur, predic\u00f3 el serm\u00f3n, seguido por una lecci\u00f3n de Escuela Dominical del Obispo Sindah Ngulube, representante del Comit\u00e9 Ejecutivo del CMM para \u00c1frica.&nbsp;<\/p>\n\n\n\n<figure class=\"wp-block-embed aligncenter is-type-photo is-provider-flickr wp-block-embed-flickr\"><div class=\"wp-block-embed__wrapper\">\n<a href=\"https:\/\/flic.kr\/p\/2qKfd66\"><img decoding=\"async\" data-src=\"https:\/\/live.staticflickr.com\/65535\/54310636535_814cea4c79.jpg\" alt=\"IMC North Luzon District, the Philippines\" width=\"500\" height=\"375\" src=\"data:image\/svg+xml;base64,PHN2ZyB3aWR0aD0iMSIgaGVpZ2h0PSIxIiB4bWxucz0iaHR0cDovL3d3dy53My5vcmcvMjAwMC9zdmciPjwvc3ZnPg==\" class=\"lazyload\" style=\"--smush-placeholder-width: 500px; --smush-placeholder-aspect-ratio: 500\/375;\" \/><\/a>\n<\/div><\/figure>\n\n\n\n<p>Las congregaciones menonitas del Distrito de Luz\u00f3n Norte del IMC, Filipinas, se reunieron para celebrar juntas el Domingo de la Fraternidad Anabautista Mundial 2025: \u2018Binuangan Mennonite Christian Church\u2019 (Iglesia Cristiana Menonita de Binuangan), Teggep Mennonite Christian Church (Iglesia Cristiana Menonita de Teggep), Tamuyan Mennonite Christian Church (Iglesia Cristiana Menonita de Tamuyan) y Carolotan Mennonite Christian Church (Iglesia Cristiana Menonita de Carolotan).&nbsp;<\/p>\n\n\n\n<figure class=\"wp-block-embed aligncenter is-type-photo is-provider-flickr wp-block-embed-flickr\"><div class=\"wp-block-embed__wrapper\">\n<a href=\"https:\/\/flic.kr\/p\/2qKd3Es\"><img decoding=\"async\" data-src=\"https:\/\/live.staticflickr.com\/65535\/54310214606_542c58519a.jpg\" alt=\"Camino de Santidad Mennonite Church San Pedro Sula Honduras\" width=\"500\" height=\"375\" src=\"data:image\/svg+xml;base64,PHN2ZyB3aWR0aD0iMSIgaGVpZ2h0PSIxIiB4bWxucz0iaHR0cDovL3d3dy53My5vcmcvMjAwMC9zdmciPjwvc3ZnPg==\" class=\"lazyload\" style=\"--smush-placeholder-width: 500px; --smush-placeholder-aspect-ratio: 500\/375;\" \/><\/a>\n<\/div><\/figure>\n\n\n\n<p>La Iglesia Menonita Camino de Santidad, San Pedro Sula, Honduras, conmemor\u00f3 el 500\u00ba aniversario de la Celebraci\u00f3n del Domingo de la Fraternidad Anabautista Mundial.\u202f&nbsp;<\/p>\n\n\n\n<figure class=\"wp-block-embed is-type-video is-provider-flickr wp-block-embed-flickr\"><div class=\"wp-block-embed__wrapper\">\n<div style=\"top: 0; left: 0; width: 100%; height: 0; position: relative; padding-bottom: 56.25%;\">\t\t\t\t<iframe title=\"E\u0301glise E\u0301vange\u0301lique Mennonite de Orodara, Burkina Faso\" style=\"width: 100%; height: 100%; position: absolute;\"  data-src=\"https:\/\/embedr.flickr.com\/photos\/54310460648\" width=\"500\" height=\"288\" frameborder=\"0\" allow=\"autoplay; fullscreen\" allowfullscreen src=\"data:image\/svg+xml;base64,PHN2ZyB3aWR0aD0iMSIgaGVpZ2h0PSIxIiB4bWxucz0iaHR0cDovL3d3dy53My5vcmcvMjAwMC9zdmciPjwvc3ZnPg==\" class=\"lazyload\" data-load-mode=\"1\"><\/iframe><\/div>\n<\/div><\/figure>\n\n\n\n<p>Mujeres danzaron en el culto del Domingo de la Fraternidad Mundial Anabautista en \u2018\u00c9glise \u00c9vang\u00e9lique Mennonite de Orodara\u2019 (Iglesia Evang\u00e9lica Menonita de Odora), Burkina Faso.&nbsp;<\/p>\n\n\n\n<figure class=\"wp-block-embed aligncenter is-type-photo is-provider-flickr wp-block-embed-flickr\"><div class=\"wp-block-embed__wrapper\">\n<a href=\"https:\/\/flic.kr\/p\/2qK8x6S\"><img decoding=\"async\" data-src=\"https:\/\/live.staticflickr.com\/65535\/54309334712_d5f8100bb9.jpg\" alt=\"San Juan Anabaptist Mennonite Church, the Philippines\" width=\"500\" height=\"376\" src=\"data:image\/svg+xml;base64,PHN2ZyB3aWR0aD0iMSIgaGVpZ2h0PSIxIiB4bWxucz0iaHR0cDovL3d3dy53My5vcmcvMjAwMC9zdmciPjwvc3ZnPg==\" class=\"lazyload\" style=\"--smush-placeholder-width: 500px; --smush-placeholder-aspect-ratio: 500\/376;\" \/><\/a>\n<\/div><\/figure>\n\n\n\n<p>Los ni\u00f1os y ni\u00f1as de la Iglesia Menonita Anabautista de San Juan, Filipinas, mostraron sus corazones en la actividad de la Valent\u00eda para Amar del Domingo de la Fraternidad Anabautista Mundial Coraje para Amar.&nbsp;<\/p>\n\n\n\n<figure class=\"wp-block-embed aligncenter is-type-photo is-provider-flickr wp-block-embed-flickr\"><div class=\"wp-block-embed__wrapper\">\n<a href=\"https:\/\/flic.kr\/p\/2qL18EY\"><img decoding=\"async\" data-src=\"https:\/\/live.staticflickr.com\/65535\/54319206608_87932aba0c.jpg\" alt=\"Basna Mennonite Church, India\" width=\"500\" height=\"375\" src=\"data:image\/svg+xml;base64,PHN2ZyB3aWR0aD0iMSIgaGVpZ2h0PSIxIiB4bWxucz0iaHR0cDovL3d3dy53My5vcmcvMjAwMC9zdmciPjwvc3ZnPg==\" class=\"lazyload\" style=\"--smush-placeholder-width: 500px; --smush-placeholder-aspect-ratio: 500\/375;\" \/><\/a>\n<\/div><\/figure>\n\n\n\n<p>J\u00f3venes de la (Basna Mennonite Church) Iglesia Menonita de Basna, India, presentaron una obra basada en el tema de la \u201cValent\u00eda para Amar\u201d como parte de su Celebraci\u00f3n del Domingo de la Fraternidad Anabautista Mundial 2025.&nbsp;<\/p>\n\n\n\n<div class=\"wp-block-buttons is-layout-flex wp-block-buttons-is-layout-flex\">\n<div class=\"wp-block-button\"><a class=\"wp-block-button__link wp-element-button\" href=\"https:\/\/mwc-cmm.org\/es\/resources\/domingo-de-la-fraternidad-anabautista-mundial-2025\/\">Haga clic aqu\u00ed para ver el recurso de adoraci\u00f3n de la \u2018AWFS\u2019<\/a><\/div>\n<\/div>\n\n\n\n<figure class=\"wp-block-embed is-type-rich is-provider-flickr wp-block-embed-flickr\"><div class=\"wp-block-embed__wrapper\">\n<a data-flickr-embed='true' href='https:\/\/www.flickr.com\/photos\/mwcmm\/albums\/72177720323369248\/' title='2025 AWFS Submitted Photos by MWC-CMM (Mennonite World Conference), on Flickr'><img data-src='https:\/\/live.staticflickr.com\/65535\/54310636535_814cea4c79.jpg' width='800' height='600' alt='IMC North Luzon District, the Philippines' src='data:image\/svg+xml;base64,PHN2ZyB3aWR0aD0iMSIgaGVpZ2h0PSIxIiB4bWxucz0iaHR0cDovL3d3dy53My5vcmcvMjAwMC9zdmciPjwvc3ZnPg==' class='lazyload' style='--smush-placeholder-width: 800px; --smush-placeholder-aspect-ratio: 800\/600;'><\/a><script async src='https:\/\/embedr.flickr.com\/assets\/client-code.js' charset='utf-8'><\/script>\n<\/div><\/figure>\n\n\n\n<hr class=\"wp-block-separator has-alpha-channel-opacity\"\/>\n\n\n\n<div class=\"wp-block-columns is-layout-flex wp-container-core-columns-is-layout-28f84493 wp-block-columns-is-layout-flex\">\n<div class=\"wp-block-column is-layout-flow wp-block-column-is-layout-flow\" style=\"flex-basis:33.33%\">\n<figure class=\"wp-block-image size-full\"><img decoding=\"async\" width=\"960\" height=\"540\" data-src=\"https:\/\/mwc-cmm.org\/wp-content\/uploads\/2025\/02\/20250119NtabisoSizibaWhatsApp-Image-2025-01-24-at-03.11.21-3.jpeg\" alt=\"Sunday service in \" class=\"wp-image-110329 lazyload\" data-srcset=\"https:\/\/mwc-cmm.org\/wp-content\/uploads\/2025\/02\/20250119NtabisoSizibaWhatsApp-Image-2025-01-24-at-03.11.21-3.jpeg 960w, https:\/\/mwc-cmm.org\/wp-content\/uploads\/2025\/02\/20250119NtabisoSizibaWhatsApp-Image-2025-01-24-at-03.11.21-3-300x169.jpeg 300w, https:\/\/mwc-cmm.org\/wp-content\/uploads\/2025\/02\/20250119NtabisoSizibaWhatsApp-Image-2025-01-24-at-03.11.21-3-768x432.jpeg 768w\" data-sizes=\"(max-width: 960px) 100vw, 960px\" src=\"data:image\/svg+xml;base64,PHN2ZyB3aWR0aD0iMSIgaGVpZ2h0PSIxIiB4bWxucz0iaHR0cDovL3d3dy53My5vcmcvMjAwMC9zdmciPjwvc3ZnPg==\" style=\"--smush-placeholder-width: 960px; --smush-placeholder-aspect-ratio: 960\/540;\" \/><\/figure>\n<\/div>\n\n\n\n<div class=\"wp-block-column is-layout-flow wp-block-column-is-layout-flow\" style=\"flex-basis:66.66%\">\n<p><strong>Muestra tu amor por esta valiente familia global con un regalo hoy.<\/strong><\/p>\n\n\n\n<div class=\"wp-block-buttons is-layout-flex wp-block-buttons-is-layout-flex\">\n<div class=\"wp-block-button\"><a class=\"wp-block-button__link has-magenta-background-color has-background wp-element-button\" href=\"https:\/\/mwc-cmm.org\/es\/done-ahora\/\">Dona aqu\u00ed<\/a><\/div>\n<\/div>\n<\/div>\n<\/div>\n\n\n\n<p><\/p>\n","protected":false},"excerpt":{"rendered":"<p>\u201cEl amor por Jesucristo nos inspira y nos motiva a superar todo tipo de miedo\u201d, dijo Sushant Nand. La coordinadora del Programa de Intercambio Internacional y oficial de proyectos del Comit\u00e9 Central Menonita, India, habl\u00f3 la celebraci\u00f3n del Domingo de la Fraternidad Anabautista Mundial en la \u2018Mennonite Church Korba\u2019 (Iglesia Menonita de Korba), una iglesia [&hellip;]<\/p>\n","protected":false},"author":8,"featured_media":109843,"comment_status":"closed","ping_status":"closed","sticky":false,"template":"","format":"standard","meta":{"_acf_changed":false,"footnotes":""},"categories":[6],"tags":[186,438],"network":[],"eventcategory":[],"class_list":["post-109846","post","type-post","status-publish","format-standard","has-post-thumbnail","hentry","category-sin-categorizar","tag-anabaptist-world-fellowship-sunday","tag-la-valentia-de-amar"],"acf":[],"yoast_head":"<!-- This site is optimized with the Yoast SEO plugin v27.2 - https:\/\/yoast.com\/product\/yoast-seo-wordpress\/ -->\n<title>Valent\u00eda para amar a quienes son diferentes - Mennonite World Conference<\/title>\n<meta name=\"robots\" content=\"index, follow, max-snippet:-1, max-image-preview:large, max-video-preview:-1\" \/>\n<link rel=\"canonical\" href=\"https:\/\/mwc-cmm.org\/es\/stories\/valentia-para-amar-a-quienes-son-diferentes\/\" \/>\n<meta property=\"og:locale\" content=\"es_ES\" \/>\n<meta property=\"og:type\" content=\"article\" \/>\n<meta property=\"og:title\" content=\"Valent\u00eda para amar a quienes son diferentes - Mennonite World Conference\" \/>\n<meta property=\"og:description\" content=\"\u201cEl amor por Jesucristo nos inspira y nos motiva a superar todo tipo de miedo\u201d, dijo Sushant Nand. La coordinadora del Programa de Intercambio Internacional y oficial de proyectos del Comit\u00e9 Central Menonita, India, habl\u00f3 la celebraci\u00f3n del Domingo de la Fraternidad Anabautista Mundial en la \u2018Mennonite Church Korba\u2019 (Iglesia Menonita de Korba), una iglesia [&hellip;]\" \/>\n<meta property=\"og:url\" content=\"https:\/\/mwc-cmm.org\/es\/stories\/valentia-para-amar-a-quienes-son-diferentes\/\" \/>\n<meta property=\"og:site_name\" content=\"Mennonite World Conference\" \/>\n<meta property=\"article:publisher\" content=\"https:\/\/www.facebook.com\/MennoniteWorldConference\" \/>\n<meta property=\"article:published_time\" content=\"2025-02-10T17:34:20+00:00\" \/>\n<meta property=\"article:modified_time\" content=\"2025-02-25T13:12:00+00:00\" \/>\n<meta property=\"og:image\" content=\"https:\/\/mwc-cmm.org\/wp-content\/uploads\/2025\/02\/20250119SushantRajatNandWFS-MWC-2025-1-scaled.jpg\" \/>\n\t<meta property=\"og:image:width\" content=\"2560\" \/>\n\t<meta property=\"og:image:height\" content=\"1459\" \/>\n\t<meta property=\"og:image:type\" content=\"image\/jpeg\" \/>\n<meta name=\"author\" content=\"Stephanie Setiawan\" \/>\n<script type=\"application\/ld+json\" class=\"yoast-schema-graph\">{\"@context\":\"https:\/\/schema.org\",\"@graph\":[{\"@type\":\"Article\",\"@id\":\"https:\/\/mwc-cmm.org\/es\/stories\/valentia-para-amar-a-quienes-son-diferentes\/#article\",\"isPartOf\":{\"@id\":\"https:\/\/mwc-cmm.org\/es\/stories\/valentia-para-amar-a-quienes-son-diferentes\/\"},\"author\":{\"name\":\"Stephanie Setiawan\",\"@id\":\"https:\/\/mwc-cmm.org\/en\/#\/schema\/person\/00b62ed8ea1527254a44f3ace3aee79d\"},\"headline\":\"Valent\u00eda para amar a quienes son diferentes\",\"datePublished\":\"2025-02-10T17:34:20+00:00\",\"dateModified\":\"2025-02-25T13:12:00+00:00\",\"mainEntityOfPage\":{\"@id\":\"https:\/\/mwc-cmm.org\/es\/stories\/valentia-para-amar-a-quienes-son-diferentes\/\"},\"wordCount\":693,\"publisher\":{\"@id\":\"https:\/\/mwc-cmm.org\/en\/#organization\"},\"image\":{\"@id\":\"https:\/\/mwc-cmm.org\/es\/stories\/valentia-para-amar-a-quienes-son-diferentes\/#primaryimage\"},\"thumbnailUrl\":\"https:\/\/mwc-cmm.org\/wp-content\/uploads\/2025\/02\/20250119SushantRajatNandWFS-MWC-2025-1-scaled.jpg\",\"keywords\":[\"Anabaptist World Fellowship Sunday\",\"La valent\u00eda de amar\"],\"articleSection\":[\"Sin categorizar\"],\"inLanguage\":\"es\"},{\"@type\":\"WebPage\",\"@id\":\"https:\/\/mwc-cmm.org\/es\/stories\/valentia-para-amar-a-quienes-son-diferentes\/\",\"url\":\"https:\/\/mwc-cmm.org\/es\/stories\/valentia-para-amar-a-quienes-son-diferentes\/\",\"name\":\"Valent\u00eda para amar a quienes son diferentes - Mennonite World Conference\",\"isPartOf\":{\"@id\":\"https:\/\/mwc-cmm.org\/en\/#website\"},\"primaryImageOfPage\":{\"@id\":\"https:\/\/mwc-cmm.org\/es\/stories\/valentia-para-amar-a-quienes-son-diferentes\/#primaryimage\"},\"image\":{\"@id\":\"https:\/\/mwc-cmm.org\/es\/stories\/valentia-para-amar-a-quienes-son-diferentes\/#primaryimage\"},\"thumbnailUrl\":\"https:\/\/mwc-cmm.org\/wp-content\/uploads\/2025\/02\/20250119SushantRajatNandWFS-MWC-2025-1-scaled.jpg\",\"datePublished\":\"2025-02-10T17:34:20+00:00\",\"dateModified\":\"2025-02-25T13:12:00+00:00\",\"breadcrumb\":{\"@id\":\"https:\/\/mwc-cmm.org\/es\/stories\/valentia-para-amar-a-quienes-son-diferentes\/#breadcrumb\"},\"inLanguage\":\"es\",\"potentialAction\":[{\"@type\":\"ReadAction\",\"target\":[\"https:\/\/mwc-cmm.org\/es\/stories\/valentia-para-amar-a-quienes-son-diferentes\/\"]}]},{\"@type\":\"ImageObject\",\"inLanguage\":\"es\",\"@id\":\"https:\/\/mwc-cmm.org\/es\/stories\/valentia-para-amar-a-quienes-son-diferentes\/#primaryimage\",\"url\":\"https:\/\/mwc-cmm.org\/wp-content\/uploads\/2025\/02\/20250119SushantRajatNandWFS-MWC-2025-1-scaled.jpg\",\"contentUrl\":\"https:\/\/mwc-cmm.org\/wp-content\/uploads\/2025\/02\/20250119SushantRajatNandWFS-MWC-2025-1-scaled.jpg\",\"width\":2560,\"height\":1459},{\"@type\":\"BreadcrumbList\",\"@id\":\"https:\/\/mwc-cmm.org\/es\/stories\/valentia-para-amar-a-quienes-son-diferentes\/#breadcrumb\",\"itemListElement\":[{\"@type\":\"ListItem\",\"position\":1,\"name\":\"Home\",\"item\":\"https:\/\/mwc-cmm.org\/es\/\"},{\"@type\":\"ListItem\",\"position\":2,\"name\":\"Valent\u00eda para amar a quienes son diferentes\"}]},{\"@type\":\"WebSite\",\"@id\":\"https:\/\/mwc-cmm.org\/en\/#website\",\"url\":\"https:\/\/mwc-cmm.org\/en\/\",\"name\":\"Mennonite World Conference\",\"description\":\"A communion of Anabaptist-related churches\",\"publisher\":{\"@id\":\"https:\/\/mwc-cmm.org\/en\/#organization\"},\"alternateName\":\"MWC\",\"potentialAction\":[{\"@type\":\"SearchAction\",\"target\":{\"@type\":\"EntryPoint\",\"urlTemplate\":\"https:\/\/mwc-cmm.org\/en\/?s={search_term_string}\"},\"query-input\":{\"@type\":\"PropertyValueSpecification\",\"valueRequired\":true,\"valueName\":\"search_term_string\"}}],\"inLanguage\":\"es\"},{\"@type\":\"Organization\",\"@id\":\"https:\/\/mwc-cmm.org\/en\/#organization\",\"name\":\"Mennonite World Conference\",\"alternateName\":\"MWC\",\"url\":\"https:\/\/mwc-cmm.org\/en\/\",\"logo\":{\"@type\":\"ImageObject\",\"inLanguage\":\"es\",\"@id\":\"https:\/\/mwc-cmm.org\/en\/#\/schema\/logo\/image\/\",\"url\":\"https:\/\/mwc-cmm.org\/wp-content\/uploads\/2026\/01\/MWC_Sig_Blue_Horiz_webheader1-logo.svg\",\"contentUrl\":\"https:\/\/mwc-cmm.org\/wp-content\/uploads\/2026\/01\/MWC_Sig_Blue_Horiz_webheader1-logo.svg\",\"width\":786,\"height\":82,\"caption\":\"Mennonite World Conference\"},\"image\":{\"@id\":\"https:\/\/mwc-cmm.org\/en\/#\/schema\/logo\/image\/\"},\"sameAs\":[\"https:\/\/www.facebook.com\/MennoniteWorldConference\",\"https:\/\/www.linkedin.com\/company\/mennonite-world-conference-mwc\/\",\"https:\/\/www.instagram.com\/mwcmm\/\",\"https:\/\/www.youtube.com\/user\/mwccmm\",\"https:\/\/bsky.app\/profile\/mwcmm.bsky.social\"]},{\"@type\":\"Person\",\"@id\":\"https:\/\/mwc-cmm.org\/en\/#\/schema\/person\/00b62ed8ea1527254a44f3ace3aee79d\",\"name\":\"Stephanie Setiawan\",\"image\":{\"@type\":\"ImageObject\",\"inLanguage\":\"es\",\"@id\":\"https:\/\/secure.gravatar.com\/avatar\/71b4b62cf3d0cfb4c8a367a101127ba8adfa1c22417900980ea24f5f4457a76d?s=96&d=mm&r=g\",\"url\":\"https:\/\/secure.gravatar.com\/avatar\/71b4b62cf3d0cfb4c8a367a101127ba8adfa1c22417900980ea24f5f4457a76d?s=96&d=mm&r=g\",\"contentUrl\":\"https:\/\/secure.gravatar.com\/avatar\/71b4b62cf3d0cfb4c8a367a101127ba8adfa1c22417900980ea24f5f4457a76d?s=96&d=mm&r=g\",\"caption\":\"Stephanie Setiawan\"},\"url\":\"https:\/\/mwc-cmm.org\/es\/stories\/author\/stephanie\/\"}]}<\/script>\n<!-- \/ Yoast SEO plugin. -->","yoast_head_json":{"title":"Valent\u00eda para amar a quienes son diferentes - Mennonite World Conference","robots":{"index":"index","follow":"follow","max-snippet":"max-snippet:-1","max-image-preview":"max-image-preview:large","max-video-preview":"max-video-preview:-1"},"canonical":"https:\/\/mwc-cmm.org\/es\/stories\/valentia-para-amar-a-quienes-son-diferentes\/","og_locale":"es_ES","og_type":"article","og_title":"Valent\u00eda para amar a quienes son diferentes - Mennonite World Conference","og_description":"\u201cEl amor por Jesucristo nos inspira y nos motiva a superar todo tipo de miedo\u201d, dijo Sushant Nand. La coordinadora del Programa de Intercambio Internacional y oficial de proyectos del Comit\u00e9 Central Menonita, India, habl\u00f3 la celebraci\u00f3n del Domingo de la Fraternidad Anabautista Mundial en la \u2018Mennonite Church Korba\u2019 (Iglesia Menonita de Korba), una iglesia [&hellip;]","og_url":"https:\/\/mwc-cmm.org\/es\/stories\/valentia-para-amar-a-quienes-son-diferentes\/","og_site_name":"Mennonite World Conference","article_publisher":"https:\/\/www.facebook.com\/MennoniteWorldConference","article_published_time":"2025-02-10T17:34:20+00:00","article_modified_time":"2025-02-25T13:12:00+00:00","og_image":[{"width":2560,"height":1459,"url":"https:\/\/mwc-cmm.org\/wp-content\/uploads\/2025\/02\/20250119SushantRajatNandWFS-MWC-2025-1-scaled.jpg","type":"image\/jpeg"}],"author":"Stephanie Setiawan","schema":{"@context":"https:\/\/schema.org","@graph":[{"@type":"Article","@id":"https:\/\/mwc-cmm.org\/es\/stories\/valentia-para-amar-a-quienes-son-diferentes\/#article","isPartOf":{"@id":"https:\/\/mwc-cmm.org\/es\/stories\/valentia-para-amar-a-quienes-son-diferentes\/"},"author":{"name":"Stephanie Setiawan","@id":"https:\/\/mwc-cmm.org\/en\/#\/schema\/person\/00b62ed8ea1527254a44f3ace3aee79d"},"headline":"Valent\u00eda para amar a quienes son diferentes","datePublished":"2025-02-10T17:34:20+00:00","dateModified":"2025-02-25T13:12:00+00:00","mainEntityOfPage":{"@id":"https:\/\/mwc-cmm.org\/es\/stories\/valentia-para-amar-a-quienes-son-diferentes\/"},"wordCount":693,"publisher":{"@id":"https:\/\/mwc-cmm.org\/en\/#organization"},"image":{"@id":"https:\/\/mwc-cmm.org\/es\/stories\/valentia-para-amar-a-quienes-son-diferentes\/#primaryimage"},"thumbnailUrl":"https:\/\/mwc-cmm.org\/wp-content\/uploads\/2025\/02\/20250119SushantRajatNandWFS-MWC-2025-1-scaled.jpg","keywords":["Anabaptist World Fellowship Sunday","La valent\u00eda de amar"],"articleSection":["Sin categorizar"],"inLanguage":"es"},{"@type":"WebPage","@id":"https:\/\/mwc-cmm.org\/es\/stories\/valentia-para-amar-a-quienes-son-diferentes\/","url":"https:\/\/mwc-cmm.org\/es\/stories\/valentia-para-amar-a-quienes-son-diferentes\/","name":"Valent\u00eda para amar a quienes son diferentes - Mennonite World Conference","isPartOf":{"@id":"https:\/\/mwc-cmm.org\/en\/#website"},"primaryImageOfPage":{"@id":"https:\/\/mwc-cmm.org\/es\/stories\/valentia-para-amar-a-quienes-son-diferentes\/#primaryimage"},"image":{"@id":"https:\/\/mwc-cmm.org\/es\/stories\/valentia-para-amar-a-quienes-son-diferentes\/#primaryimage"},"thumbnailUrl":"https:\/\/mwc-cmm.org\/wp-content\/uploads\/2025\/02\/20250119SushantRajatNandWFS-MWC-2025-1-scaled.jpg","datePublished":"2025-02-10T17:34:20+00:00","dateModified":"2025-02-25T13:12:00+00:00","breadcrumb":{"@id":"https:\/\/mwc-cmm.org\/es\/stories\/valentia-para-amar-a-quienes-son-diferentes\/#breadcrumb"},"inLanguage":"es","potentialAction":[{"@type":"ReadAction","target":["https:\/\/mwc-cmm.org\/es\/stories\/valentia-para-amar-a-quienes-son-diferentes\/"]}]},{"@type":"ImageObject","inLanguage":"es","@id":"https:\/\/mwc-cmm.org\/es\/stories\/valentia-para-amar-a-quienes-son-diferentes\/#primaryimage","url":"https:\/\/mwc-cmm.org\/wp-content\/uploads\/2025\/02\/20250119SushantRajatNandWFS-MWC-2025-1-scaled.jpg","contentUrl":"https:\/\/mwc-cmm.org\/wp-content\/uploads\/2025\/02\/20250119SushantRajatNandWFS-MWC-2025-1-scaled.jpg","width":2560,"height":1459},{"@type":"BreadcrumbList","@id":"https:\/\/mwc-cmm.org\/es\/stories\/valentia-para-amar-a-quienes-son-diferentes\/#breadcrumb","itemListElement":[{"@type":"ListItem","position":1,"name":"Home","item":"https:\/\/mwc-cmm.org\/es\/"},{"@type":"ListItem","position":2,"name":"Valent\u00eda para amar a quienes son diferentes"}]},{"@type":"WebSite","@id":"https:\/\/mwc-cmm.org\/en\/#website","url":"https:\/\/mwc-cmm.org\/en\/","name":"Mennonite World Conference","description":"A communion of Anabaptist-related churches","publisher":{"@id":"https:\/\/mwc-cmm.org\/en\/#organization"},"alternateName":"MWC","potentialAction":[{"@type":"SearchAction","target":{"@type":"EntryPoint","urlTemplate":"https:\/\/mwc-cmm.org\/en\/?s={search_term_string}"},"query-input":{"@type":"PropertyValueSpecification","valueRequired":true,"valueName":"search_term_string"}}],"inLanguage":"es"},{"@type":"Organization","@id":"https:\/\/mwc-cmm.org\/en\/#organization","name":"Mennonite World Conference","alternateName":"MWC","url":"https:\/\/mwc-cmm.org\/en\/","logo":{"@type":"ImageObject","inLanguage":"es","@id":"https:\/\/mwc-cmm.org\/en\/#\/schema\/logo\/image\/","url":"https:\/\/mwc-cmm.org\/wp-content\/uploads\/2026\/01\/MWC_Sig_Blue_Horiz_webheader1-logo.svg","contentUrl":"https:\/\/mwc-cmm.org\/wp-content\/uploads\/2026\/01\/MWC_Sig_Blue_Horiz_webheader1-logo.svg","width":786,"height":82,"caption":"Mennonite World Conference"},"image":{"@id":"https:\/\/mwc-cmm.org\/en\/#\/schema\/logo\/image\/"},"sameAs":["https:\/\/www.facebook.com\/MennoniteWorldConference","https:\/\/www.linkedin.com\/company\/mennonite-world-conference-mwc\/","https:\/\/www.instagram.com\/mwcmm\/","https:\/\/www.youtube.com\/user\/mwccmm","https:\/\/bsky.app\/profile\/mwcmm.bsky.social"]},{"@type":"Person","@id":"https:\/\/mwc-cmm.org\/en\/#\/schema\/person\/00b62ed8ea1527254a44f3ace3aee79d","name":"Stephanie Setiawan","image":{"@type":"ImageObject","inLanguage":"es","@id":"https:\/\/secure.gravatar.com\/avatar\/71b4b62cf3d0cfb4c8a367a101127ba8adfa1c22417900980ea24f5f4457a76d?s=96&d=mm&r=g","url":"https:\/\/secure.gravatar.com\/avatar\/71b4b62cf3d0cfb4c8a367a101127ba8adfa1c22417900980ea24f5f4457a76d?s=96&d=mm&r=g","contentUrl":"https:\/\/secure.gravatar.com\/avatar\/71b4b62cf3d0cfb4c8a367a101127ba8adfa1c22417900980ea24f5f4457a76d?s=96&d=mm&r=g","caption":"Stephanie Setiawan"},"url":"https:\/\/mwc-cmm.org\/es\/stories\/author\/stephanie\/"}]}},"_links":{"self":[{"href":"https:\/\/mwc-cmm.org\/es\/wp-json\/wp\/v2\/posts\/109846","targetHints":{"allow":["GET"]}}],"collection":[{"href":"https:\/\/mwc-cmm.org\/es\/wp-json\/wp\/v2\/posts"}],"about":[{"href":"https:\/\/mwc-cmm.org\/es\/wp-json\/wp\/v2\/types\/post"}],"author":[{"embeddable":true,"href":"https:\/\/mwc-cmm.org\/es\/wp-json\/wp\/v2\/users\/8"}],"replies":[{"embeddable":true,"href":"https:\/\/mwc-cmm.org\/es\/wp-json\/wp\/v2\/comments?post=109846"}],"version-history":[{"count":0,"href":"https:\/\/mwc-cmm.org\/es\/wp-json\/wp\/v2\/posts\/109846\/revisions"}],"wp:featuredmedia":[{"embeddable":true,"href":"https:\/\/mwc-cmm.org\/es\/wp-json\/wp\/v2\/media\/109843"}],"wp:attachment":[{"href":"https:\/\/mwc-cmm.org\/es\/wp-json\/wp\/v2\/media?parent=109846"}],"wp:term":[{"taxonomy":"category","embeddable":true,"href":"https:\/\/mwc-cmm.org\/es\/wp-json\/wp\/v2\/categories?post=109846"},{"taxonomy":"post_tag","embeddable":true,"href":"https:\/\/mwc-cmm.org\/es\/wp-json\/wp\/v2\/tags?post=109846"},{"taxonomy":"network","embeddable":true,"href":"https:\/\/mwc-cmm.org\/es\/wp-json\/wp\/v2\/network?post=109846"},{"taxonomy":"eventcategory","embeddable":true,"href":"https:\/\/mwc-cmm.org\/es\/wp-json\/wp\/v2\/eventcategory?post=109846"}],"curies":[{"name":"wp","href":"https:\/\/api.w.org\/{rel}","templated":true}]}}