{"id":109808,"date":"2025-02-04T22:05:58","date_gmt":"2025-02-04T22:05:58","guid":{"rendered":"https:\/\/mwc-cmm.org\/?p=109808"},"modified":"2025-04-19T18:35:00","modified_gmt":"2025-04-19T18:35:00","slug":"carta-pastoral-para-las-iglesias-anabautistas-de-la-rd-congo","status":"publish","type":"post","link":"https:\/\/mwc-cmm.org\/es\/stories\/carta-pastoral-para-las-iglesias-anabautistas-de-la-rd-congo\/","title":{"rendered":"Carta pastoral para las iglesias anabautistas de la RD Congo"},"content":{"rendered":"\n<p>Amados hermanos y hermanas:<\/p>\n\n\n\n<p><strong><em><a href=\"#Actualizacion22Febrero\">**Actualizaci\u00f3n 22 Febrero 2025**<\/a><\/em><\/strong><\/p>\n\n\n\n<p style=\"text-transform:none\"><em>\u201cAl\u00e9grense con los que est\u00e1n alegres y lloren con los que lloran\u201d.<\/em><br>\u2014Romanos 12 :15<\/p>\n\n\n\n<p>Hemos recibido una petici\u00f3n de oraci\u00f3n de nuestros l\u00edderes en la Rep\u00fablica Democr\u00e1tica del Congo.<\/p>\n\n\n\n<p>El pastor Jean-Pierre Muya, presidente de la iglesia miembro del CMM, <em>Communaut\u00e9 Mennonite de Congo (CMCo),<\/em> escribi\u00f3: \u201cEste es un momento dif\u00edcil en nuestro pa\u00eds. Por favor, sigan orando por la restauraci\u00f3n de la paz y por los heridos\u201d.<\/p>\n\n\n\n<p>Reconocemos que la parte oriental de la Rep\u00fablica Democr\u00e1tica del Congo, que es rica en recursos, ha experimentado durante a\u00f1os una violencia y un conflicto constantes, exacerbados por desastres naturales.<\/p>\n\n\n\n<p>Y nos enteramos de que, a finales de enero, los rebeldes del M23, apoyados por Ruanda, intensificaron los combates y se apoderaron de territorio congole\u00f1o en la regi\u00f3n de los Grandes Lagos, incluyendo a la ciudad de Goma, y amenazan con marchar hacia la capital, Kinshasa, en el oeste. M\u00e1s de 700 personas han muerto y 3.000 han resultado heridas.<\/p>\n\n\n\n<p>Cientos de miles de personas se han visto desplazadas internamente. Los alimentos, el agua, los medicamentos y la electricidad escasean y los precios son elevados.<\/p>\n\n\n\n<p>\u201cEn Goma, la Iglesia de los Hermanos Menonitas (<em>Conf\u00e9rence des \u00c9glises des Fr\u00e9res Mennonites au Congo \u2013 CEFMC<\/em>) tiene seis congregaciones. Los hermanos y hermanas menonitas de nuestras iglesias han estado clamando todos los d\u00edas desde que comenzaron las hostilidades\u201d, escribe el pastor Kimbila Antoine, presidente de la iglesia miembro del CMM, CEFMC.<\/p>\n\n\n\n<p>Oramos por sabidur\u00eda, recursos y caminos despejados a medida que la iglesia dise\u00f1a estrategias para ayudar.<\/p>\n\n\n\n<p>\u201cDios sigue siendo nuestra \u00fanica esperanza, porque \u00c9l puede darnos la paz por medio de Jesucristo, el Pr\u00edncipe de paz\u201d, escribe Jean F\u00e9lix Cimbalanga, presidente de la <em>Communaut\u00e9 Evang\u00e9lique Mennonite<\/em> (CEM), iglesia miembro del CMM.<\/p>\n\n\n\n<p>\u201cMuchas gracias por sus oraciones a nuestro favor\u201d, escribe el pastor Kimbila Antoine.<\/p>\n\n\n\n<p><\/p>\n\n\n\n<ul class=\"wp-block-list\">\n<li>Clamamos con nuestros hermanos y hermanas por la misericordia de Dios para la Rep\u00fablica Democr\u00e1tica del Congo.<\/li>\n\n\n\n<li>Oramos por la paz: no s\u00f3lo por el fin de la violencia, sino tambi\u00e9n por condiciones de <em>shalom<\/em> donde los vecinos se reconcilien con sus vecinos y todos puedan prosperar.<\/li>\n\n\n\n<li>Hacemos un llamamiento a nuestras comunidades para que busquen justicia para la Rep\u00fablica Democr\u00e1tica del Congo y para que comprometamos a nuestros sistemas pol\u00edticos a hacerlo tambi\u00e9n.<\/li>\n<\/ul>\n\n\n\n<p>Se\u00f1or, en tu misericordia, escucha nuestra oraci\u00f3n.<br\/><br\/>En el nombre de Jes\u00fas, amen.<br\/><\/p>\n\n<div class=\"wp-block-columns is-layout-flex wp-container-core-columns-is-layout-28f84493 wp-block-columns-is-layout-flex\">\n<div class=\"wp-block-column is-layout-flow wp-block-column-is-layout-flow\" style=\"flex-basis:33.33%\">\n<figure class=\"wp-block-image size-full is-resized\"><a href=\"https:\/\/mwc-cmm.org\/es\/concilio-general\/\"><img decoding=\"async\" width=\"480\" height=\"480\" data-src=\"https:\/\/mwc-cmm.org\/wp-content\/uploads\/2025\/01\/Henk-Stenvers-1-Small.png\" alt=\"Henk Stenvers\" class=\"wp-image-108562 lazyload\" style=\"--smush-placeholder-width: 480px; --smush-placeholder-aspect-ratio: 480\/480;width:200px\" data-srcset=\"https:\/\/mwc-cmm.org\/wp-content\/uploads\/2025\/01\/Henk-Stenvers-1-Small.png 480w, https:\/\/mwc-cmm.org\/wp-content\/uploads\/2025\/01\/Henk-Stenvers-1-Small-300x300.png 300w, https:\/\/mwc-cmm.org\/wp-content\/uploads\/2025\/01\/Henk-Stenvers-1-Small-150x150.png 150w, https:\/\/mwc-cmm.org\/wp-content\/uploads\/2025\/01\/Henk-Stenvers-1-Small-400x400.png 400w\" data-sizes=\"(max-width: 480px) 100vw, 480px\" src=\"data:image\/svg+xml;base64,PHN2ZyB3aWR0aD0iMSIgaGVpZ2h0PSIxIiB4bWxucz0iaHR0cDovL3d3dy53My5vcmcvMjAwMC9zdmciPjwvc3ZnPg==\" \/><\/a><\/figure>\n<\/div>\n\n\n\n<div class=\"wp-block-column is-layout-flow wp-block-column-is-layout-flow\" style=\"flex-basis:66.66%\">\n<p><em>Henk Stenvers, <\/em><br\/><em>presidente, <\/em><br\/><em>Congreso Menonita Mundial<\/em><\/p>\n<\/div>\n<\/div>\n\n\n\n<div class=\"wp-block-columns is-layout-flex wp-container-core-columns-is-layout-28f84493 wp-block-columns-is-layout-flex\">\n<div class=\"wp-block-column is-layout-flow wp-block-column-is-layout-flow\" style=\"flex-basis:33.33%\">\n<figure class=\"wp-block-image size-full is-resized\"><img decoding=\"async\" width=\"600\" height=\"600\" data-src=\"https:\/\/mwc-cmm.org\/wp-content\/uploads\/2025\/02\/Siaka-Traore-1.png\" alt=\"headshot of Siaka Traor\u00e9\" class=\"wp-image-109701 lazyload\" style=\"--smush-placeholder-width: 600px; --smush-placeholder-aspect-ratio: 600\/600;width:200px\" data-srcset=\"https:\/\/mwc-cmm.org\/wp-content\/uploads\/2025\/02\/Siaka-Traore-1.png 600w, https:\/\/mwc-cmm.org\/wp-content\/uploads\/2025\/02\/Siaka-Traore-1-300x300.png 300w, https:\/\/mwc-cmm.org\/wp-content\/uploads\/2025\/02\/Siaka-Traore-1-150x150.png 150w, https:\/\/mwc-cmm.org\/wp-content\/uploads\/2025\/02\/Siaka-Traore-1-400x400.png 400w\" data-sizes=\"(max-width: 600px) 100vw, 600px\" src=\"data:image\/svg+xml;base64,PHN2ZyB3aWR0aD0iMSIgaGVpZ2h0PSIxIiB4bWxucz0iaHR0cDovL3d3dy53My5vcmcvMjAwMC9zdmciPjwvc3ZnPg==\" \/><\/figure>\n<\/div>\n\n\n\n<div class=\"wp-block-column is-layout-flow wp-block-column-is-layout-flow\" style=\"flex-basis:66.66%\">\n<p><em>Siaka Traor\u00e9<br>RepresentanteRegional del CMM, \u00c1frica Central\/Occidental<\/em><br><em>Congreso Menonita Mundial<\/em><\/p>\n\n\n\n<p><\/p>\n<\/div>\n<\/div>\n\n\n\n<hr class=\"wp-block-separator has-alpha-channel-opacity\"\/>\n\n\n\n<h2 class=\"wp-block-heading\" id=\"Actualizacion22Febrero\"><strong>Actualizaci\u00f3n<\/strong> 22 Febrero 2025<\/h2>\n\n\n\n<p>Por favor, continuemos orando por el Congo y enviemos palabras de solidaridad a los hermanos y hermanas anabautistas de all\u00e1.&nbsp;<\/p>\n\n\n\n<p>La situaci\u00f3n en la Rep\u00fablica Democr\u00e1tica del Congo sigue empeorando. Los rebeldes del M23, apoyados por Ruanda, han invadido m\u00e1s territorio en el este del pa\u00eds, lo que hace temer que se desate una guerra regional. La ONU calcula que m\u00e1s de 50.000 refugiados han cruzado a pa\u00edses vecinos huyendo de la crisis humanitaria. Hay reportes de graves violaciones de los derechos humanos, incluida la violencia sexual y la masacre de civiles.&nbsp;<\/p>\n\n\n\n<p>Recibimos un informe de un pastor de los Hermanos Menonitas (CEFMC) que huy\u00f3 para proteger su seguridad. Tropas del gobierno de la Rep\u00fablica Democr\u00e1tica del Congo se apropiaron de las instalaciones de la iglesia, y estas luego fueron tomadas por rebeldes del M23 que lo acusaron de partidismo. Su familia ha sido separada y la comunicaci\u00f3n es dif\u00edcil.&nbsp;<\/p>\n\n\n\n<p>Los menonitas le est\u00e1n brindando apoyo en su nueva ubicaci\u00f3n.&nbsp;<\/p>\n\n\n\n<p>Los l\u00edderes de la iglesia miembro del CMM Kanisa la Menonite de Tanzania escriben esta carta de aliento (lea la carta completa en la caja de comentarios solamente en ingl\u00e9s): <\/p>\n\n\n\n<p style=\"padding-right:var(--wp--preset--spacing--50);padding-left:var(--wp--preset--spacing--50)\">\u201c<em>Como miembros del cuerpo de Cristo, reafirmamos nuestro compromiso de acompa\u00f1arlos en oraci\u00f3n, solidaridad y acci\u00f3n. La iglesia est\u00e1 llamada a ser un refugio para los cansados, un amparo para los desplazados y una voz para los que no tienen voz\u201d.<\/em>&nbsp;<\/p>\n\n\n\n<p style=\"padding-right:var(--wp--preset--spacing--50);padding-left:var(--wp--preset--spacing--50)\"><em>\u201cExhortamos a los l\u00edderes, a las naciones y a todas las personas de buena voluntad a que busquen la paz, la reconciliaci\u00f3n y la justicia\u2026<\/em>&nbsp;<\/p>\n\n\n\n<p style=\"padding-right:var(--wp--preset--spacing--50);padding-left:var(--wp--preset--spacing--50)\"><em>\u201cHacemos un llamamiento a la comunidad mundial para que proporcione ayuda humanitaria, protecci\u00f3n y v\u00edas para la paz.<\/em>&nbsp;<\/p>\n\n\n\n<p style=\"padding-right:var(--wp--preset--spacing--50);padding-left:var(--wp--preset--spacing--50)\"><em>\u201c\u2026 Consuelen a los afligidos, protejan a los vulnerables y defiendan la dignidad de todo ser humano. Su fe, su valent\u00eda y su resiliencia dan testimonio del poder del amor de Dios, que ninguna guerra puede destruir\u201d.<\/em>&nbsp;<\/p>\n\n\n\n<p>Los l\u00edderes de la iglesia Meserete Kristos, miembro del CMM, escriben (lea el resto en la caja de comentarios):&nbsp;<\/p>\n\n\n\n<p style=\"padding-right:var(--wp--preset--spacing--50);padding-left:var(--wp--preset--spacing--50)\"><em>\u201cEl amor de Cristo nos impulsa a ser constructores de paz, a extender la gracia y a trabajar por la justicia con humildad y fe. En medio de las pruebas, que puedan encontrar fuerza en sus promesas (Isa\u00edas 40:31).<\/em>&nbsp;<\/p>\n\n\n\n<p style=\"padding-right:var(--wp--preset--spacing--50);padding-left:var(--wp--preset--spacing--50)\">\u201c<em>Sepan que no est\u00e1n solos. Les estamos elevando en oraci\u00f3n, pidiendo al Se\u00f1or que les fortalezca y les sostenga\u201d.<\/em>&nbsp;<\/p>\n\n\n\n<p>Oremos por buenas relaciones de trabajo y caminos despejados a medida que los menonitas a nivel global planifican respuestas interinstitucionales.&nbsp;<\/p>\n\n\n\n<p>Les invitamos \u2013como individuos, congregaciones o iglesias nacionales\u2013 a responder al clamor de nuestros hermanos y hermanas con oraciones y mensajes de solidaridad que ser\u00e1n transmitidos a los l\u00edderes de las iglesias. Hacemos un llamado a tener la valent\u00eda de amar a trav\u00e9s de acciones que aboguen por el fin de la violencia.&nbsp;<\/p>\n\n\n\n<p>Se pueden hacer donaciones al Fondo de Ayuda de la Iglesia Mundial con una designaci\u00f3n para la iglesia en el Congo.&nbsp;<\/p>\n\n\n\n<div class=\"wp-block-buttons is-layout-flex wp-block-buttons-is-layout-flex\">\n<div class=\"wp-block-button\"><a class=\"wp-block-button__link wp-element-button\" href=\"https:\/\/mwc-cmm.org\/es\/fondo-de-ayuda-de-la-iglesia-mundial\/\">Fondo de Ayuda de la Iglesia Mundial<\/a><\/div>\n<\/div>\n\n\n\n<p><\/p>\n","protected":false},"excerpt":{"rendered":"<p>Amados hermanos y hermanas: **Actualizaci\u00f3n 22 Febrero 2025** \u201cAl\u00e9grense con los que est\u00e1n alegres y lloren con los que lloran\u201d.\u2014Romanos 12 :15 Hemos recibido una petici\u00f3n de oraci\u00f3n de nuestros l\u00edderes en la Rep\u00fablica Democr\u00e1tica del Congo. El pastor Jean-Pierre Muya, presidente de la iglesia miembro del CMM, Communaut\u00e9 Mennonite de Congo (CMCo), escribi\u00f3: \u201cEste [&hellip;]<\/p>\n","protected":false},"author":6,"featured_media":109732,"comment_status":"closed","ping_status":"closed","sticky":false,"template":"","format":"standard","meta":{"_acf_changed":false,"footnotes":""},"categories":[296,472],"tags":[483,536,250,754],"network":[1317,1261],"eventcategory":[1512],"class_list":["post-109808","post","type-post","status-publish","format-standard","has-post-thumbnail","hentry","category-oracion-urgente","category-oracion-urgente-es","tag-comision-de-diaconos","tag-oracion","tag-pastoral-letter","tag-rd-congo","network-commissions-es","network-deacons-commission-es","eventcategory-online-prayer-hour-es"],"acf":[],"yoast_head":"<!-- This site is optimized with the Yoast SEO plugin v27.2 - https:\/\/yoast.com\/product\/yoast-seo-wordpress\/ -->\n<title>Carta pastoral para las iglesias anabautistas de la RD Congo - Mennonite World Conference<\/title>\n<meta name=\"robots\" content=\"index, follow, max-snippet:-1, max-image-preview:large, max-video-preview:-1\" \/>\n<link rel=\"canonical\" href=\"https:\/\/mwc-cmm.org\/es\/stories\/carta-pastoral-para-las-iglesias-anabautistas-de-la-rd-congo\/\" \/>\n<meta property=\"og:locale\" content=\"es_ES\" \/>\n<meta property=\"og:type\" content=\"article\" \/>\n<meta property=\"og:title\" content=\"Carta pastoral para las iglesias anabautistas de la RD Congo - Mennonite World Conference\" \/>\n<meta property=\"og:description\" content=\"Amados hermanos y hermanas: **Actualizaci\u00f3n 22 Febrero 2025** \u201cAl\u00e9grense con los que est\u00e1n alegres y lloren con los que lloran\u201d.\u2014Romanos 12 :15 Hemos recibido una petici\u00f3n de oraci\u00f3n de nuestros l\u00edderes en la Rep\u00fablica Democr\u00e1tica del Congo. El pastor Jean-Pierre Muya, presidente de la iglesia miembro del CMM, Communaut\u00e9 Mennonite de Congo (CMCo), escribi\u00f3: \u201cEste [&hellip;]\" \/>\n<meta property=\"og:url\" content=\"https:\/\/mwc-cmm.org\/es\/stories\/carta-pastoral-para-las-iglesias-anabautistas-de-la-rd-congo\/\" \/>\n<meta property=\"og:site_name\" content=\"Mennonite World Conference\" \/>\n<meta property=\"article:publisher\" content=\"https:\/\/www.facebook.com\/MennoniteWorldConference\" \/>\n<meta property=\"article:published_time\" content=\"2025-02-04T22:05:58+00:00\" \/>\n<meta property=\"article:modified_time\" content=\"2025-04-19T18:35:00+00:00\" \/>\n<meta property=\"og:image\" content=\"https:\/\/mwc-cmm.org\/wp-content\/uploads\/2025\/02\/202408SiakaTraore-CEFMC-img_5216.jpg\" \/>\n\t<meta property=\"og:image:width\" content=\"591\" \/>\n\t<meta property=\"og:image:height\" content=\"443\" \/>\n\t<meta property=\"og:image:type\" content=\"image\/jpeg\" \/>\n<meta name=\"author\" content=\"Karla Braun\" \/>\n<script type=\"application\/ld+json\" class=\"yoast-schema-graph\">{\"@context\":\"https:\/\/schema.org\",\"@graph\":[{\"@type\":\"Article\",\"@id\":\"https:\/\/mwc-cmm.org\/es\/stories\/carta-pastoral-para-las-iglesias-anabautistas-de-la-rd-congo\/#article\",\"isPartOf\":{\"@id\":\"https:\/\/mwc-cmm.org\/es\/stories\/carta-pastoral-para-las-iglesias-anabautistas-de-la-rd-congo\/\"},\"author\":{\"name\":\"Karla Braun\",\"@id\":\"https:\/\/mwc-cmm.org\/en\/#\/schema\/person\/9cb7cad70e3a0ac2b145c3441df0dc08\"},\"headline\":\"Carta pastoral para las iglesias anabautistas de la RD Congo\",\"datePublished\":\"2025-02-04T22:05:58+00:00\",\"dateModified\":\"2025-04-19T18:35:00+00:00\",\"mainEntityOfPage\":{\"@id\":\"https:\/\/mwc-cmm.org\/es\/stories\/carta-pastoral-para-las-iglesias-anabautistas-de-la-rd-congo\/\"},\"wordCount\":966,\"publisher\":{\"@id\":\"https:\/\/mwc-cmm.org\/en\/#organization\"},\"image\":{\"@id\":\"https:\/\/mwc-cmm.org\/es\/stories\/carta-pastoral-para-las-iglesias-anabautistas-de-la-rd-congo\/#primaryimage\"},\"thumbnailUrl\":\"https:\/\/mwc-cmm.org\/wp-content\/uploads\/2025\/02\/202408SiakaTraore-CEFMC-img_5216.jpg\",\"keywords\":[\"Comisi\u00f3n de Di\u00e1conos\",\"oraci\u00f3n\",\"pastoral letter\",\"RD Congo\"],\"articleSection\":[\"Oraci\u00f3n urgente\",\"Oraci\u00f3n urgente\"],\"inLanguage\":\"es\"},{\"@type\":\"WebPage\",\"@id\":\"https:\/\/mwc-cmm.org\/es\/stories\/carta-pastoral-para-las-iglesias-anabautistas-de-la-rd-congo\/\",\"url\":\"https:\/\/mwc-cmm.org\/es\/stories\/carta-pastoral-para-las-iglesias-anabautistas-de-la-rd-congo\/\",\"name\":\"Carta pastoral para las iglesias anabautistas de la RD Congo - Mennonite World Conference\",\"isPartOf\":{\"@id\":\"https:\/\/mwc-cmm.org\/en\/#website\"},\"primaryImageOfPage\":{\"@id\":\"https:\/\/mwc-cmm.org\/es\/stories\/carta-pastoral-para-las-iglesias-anabautistas-de-la-rd-congo\/#primaryimage\"},\"image\":{\"@id\":\"https:\/\/mwc-cmm.org\/es\/stories\/carta-pastoral-para-las-iglesias-anabautistas-de-la-rd-congo\/#primaryimage\"},\"thumbnailUrl\":\"https:\/\/mwc-cmm.org\/wp-content\/uploads\/2025\/02\/202408SiakaTraore-CEFMC-img_5216.jpg\",\"datePublished\":\"2025-02-04T22:05:58+00:00\",\"dateModified\":\"2025-04-19T18:35:00+00:00\",\"breadcrumb\":{\"@id\":\"https:\/\/mwc-cmm.org\/es\/stories\/carta-pastoral-para-las-iglesias-anabautistas-de-la-rd-congo\/#breadcrumb\"},\"inLanguage\":\"es\",\"potentialAction\":[{\"@type\":\"ReadAction\",\"target\":[\"https:\/\/mwc-cmm.org\/es\/stories\/carta-pastoral-para-las-iglesias-anabautistas-de-la-rd-congo\/\"]}]},{\"@type\":\"ImageObject\",\"inLanguage\":\"es\",\"@id\":\"https:\/\/mwc-cmm.org\/es\/stories\/carta-pastoral-para-las-iglesias-anabautistas-de-la-rd-congo\/#primaryimage\",\"url\":\"https:\/\/mwc-cmm.org\/wp-content\/uploads\/2025\/02\/202408SiakaTraore-CEFMC-img_5216.jpg\",\"contentUrl\":\"https:\/\/mwc-cmm.org\/wp-content\/uploads\/2025\/02\/202408SiakaTraore-CEFMC-img_5216.jpg\",\"width\":591,\"height\":443},{\"@type\":\"BreadcrumbList\",\"@id\":\"https:\/\/mwc-cmm.org\/es\/stories\/carta-pastoral-para-las-iglesias-anabautistas-de-la-rd-congo\/#breadcrumb\",\"itemListElement\":[{\"@type\":\"ListItem\",\"position\":1,\"name\":\"Home\",\"item\":\"https:\/\/mwc-cmm.org\/es\/\"},{\"@type\":\"ListItem\",\"position\":2,\"name\":\"Carta pastoral para las iglesias anabautistas de la RD Congo\"}]},{\"@type\":\"WebSite\",\"@id\":\"https:\/\/mwc-cmm.org\/en\/#website\",\"url\":\"https:\/\/mwc-cmm.org\/en\/\",\"name\":\"Mennonite World Conference\",\"description\":\"A communion of Anabaptist-related churches\",\"publisher\":{\"@id\":\"https:\/\/mwc-cmm.org\/en\/#organization\"},\"alternateName\":\"MWC\",\"potentialAction\":[{\"@type\":\"SearchAction\",\"target\":{\"@type\":\"EntryPoint\",\"urlTemplate\":\"https:\/\/mwc-cmm.org\/en\/?s={search_term_string}\"},\"query-input\":{\"@type\":\"PropertyValueSpecification\",\"valueRequired\":true,\"valueName\":\"search_term_string\"}}],\"inLanguage\":\"es\"},{\"@type\":\"Organization\",\"@id\":\"https:\/\/mwc-cmm.org\/en\/#organization\",\"name\":\"Mennonite World Conference\",\"alternateName\":\"MWC\",\"url\":\"https:\/\/mwc-cmm.org\/en\/\",\"logo\":{\"@type\":\"ImageObject\",\"inLanguage\":\"es\",\"@id\":\"https:\/\/mwc-cmm.org\/en\/#\/schema\/logo\/image\/\",\"url\":\"https:\/\/mwc-cmm.org\/wp-content\/uploads\/2026\/01\/MWC_Sig_Blue_Horiz_webheader1-logo.svg\",\"contentUrl\":\"https:\/\/mwc-cmm.org\/wp-content\/uploads\/2026\/01\/MWC_Sig_Blue_Horiz_webheader1-logo.svg\",\"width\":786,\"height\":82,\"caption\":\"Mennonite World Conference\"},\"image\":{\"@id\":\"https:\/\/mwc-cmm.org\/en\/#\/schema\/logo\/image\/\"},\"sameAs\":[\"https:\/\/www.facebook.com\/MennoniteWorldConference\",\"https:\/\/www.linkedin.com\/company\/mennonite-world-conference-mwc\/\",\"https:\/\/www.instagram.com\/mwcmm\/\",\"https:\/\/www.youtube.com\/user\/mwccmm\",\"https:\/\/bsky.app\/profile\/mwcmm.bsky.social\"]},{\"@type\":\"Person\",\"@id\":\"https:\/\/mwc-cmm.org\/en\/#\/schema\/person\/9cb7cad70e3a0ac2b145c3441df0dc08\",\"name\":\"Karla Braun\",\"pronouns\":\"she\/her\",\"image\":{\"@type\":\"ImageObject\",\"inLanguage\":\"es\",\"@id\":\"https:\/\/secure.gravatar.com\/avatar\/330c84143dc3a1bf6e7887f828baae23c874bf72d5eedb0461d88c0725087370?s=96&d=mm&r=g\",\"url\":\"https:\/\/secure.gravatar.com\/avatar\/330c84143dc3a1bf6e7887f828baae23c874bf72d5eedb0461d88c0725087370?s=96&d=mm&r=g\",\"contentUrl\":\"https:\/\/secure.gravatar.com\/avatar\/330c84143dc3a1bf6e7887f828baae23c874bf72d5eedb0461d88c0725087370?s=96&d=mm&r=g\",\"caption\":\"Karla Braun\"},\"description\":\"Karla Braun serves as editor and website coordinator for MWC since 2015.\",\"url\":\"https:\/\/mwc-cmm.org\/es\/stories\/author\/karla\/\"}]}<\/script>\n<!-- \/ Yoast SEO plugin. -->","yoast_head_json":{"title":"Carta pastoral para las iglesias anabautistas de la RD Congo - Mennonite World Conference","robots":{"index":"index","follow":"follow","max-snippet":"max-snippet:-1","max-image-preview":"max-image-preview:large","max-video-preview":"max-video-preview:-1"},"canonical":"https:\/\/mwc-cmm.org\/es\/stories\/carta-pastoral-para-las-iglesias-anabautistas-de-la-rd-congo\/","og_locale":"es_ES","og_type":"article","og_title":"Carta pastoral para las iglesias anabautistas de la RD Congo - Mennonite World Conference","og_description":"Amados hermanos y hermanas: **Actualizaci\u00f3n 22 Febrero 2025** \u201cAl\u00e9grense con los que est\u00e1n alegres y lloren con los que lloran\u201d.\u2014Romanos 12 :15 Hemos recibido una petici\u00f3n de oraci\u00f3n de nuestros l\u00edderes en la Rep\u00fablica Democr\u00e1tica del Congo. El pastor Jean-Pierre Muya, presidente de la iglesia miembro del CMM, Communaut\u00e9 Mennonite de Congo (CMCo), escribi\u00f3: \u201cEste [&hellip;]","og_url":"https:\/\/mwc-cmm.org\/es\/stories\/carta-pastoral-para-las-iglesias-anabautistas-de-la-rd-congo\/","og_site_name":"Mennonite World Conference","article_publisher":"https:\/\/www.facebook.com\/MennoniteWorldConference","article_published_time":"2025-02-04T22:05:58+00:00","article_modified_time":"2025-04-19T18:35:00+00:00","og_image":[{"width":591,"height":443,"url":"https:\/\/mwc-cmm.org\/wp-content\/uploads\/2025\/02\/202408SiakaTraore-CEFMC-img_5216.jpg","type":"image\/jpeg"}],"author":"Karla Braun","schema":{"@context":"https:\/\/schema.org","@graph":[{"@type":"Article","@id":"https:\/\/mwc-cmm.org\/es\/stories\/carta-pastoral-para-las-iglesias-anabautistas-de-la-rd-congo\/#article","isPartOf":{"@id":"https:\/\/mwc-cmm.org\/es\/stories\/carta-pastoral-para-las-iglesias-anabautistas-de-la-rd-congo\/"},"author":{"name":"Karla Braun","@id":"https:\/\/mwc-cmm.org\/en\/#\/schema\/person\/9cb7cad70e3a0ac2b145c3441df0dc08"},"headline":"Carta pastoral para las iglesias anabautistas de la RD Congo","datePublished":"2025-02-04T22:05:58+00:00","dateModified":"2025-04-19T18:35:00+00:00","mainEntityOfPage":{"@id":"https:\/\/mwc-cmm.org\/es\/stories\/carta-pastoral-para-las-iglesias-anabautistas-de-la-rd-congo\/"},"wordCount":966,"publisher":{"@id":"https:\/\/mwc-cmm.org\/en\/#organization"},"image":{"@id":"https:\/\/mwc-cmm.org\/es\/stories\/carta-pastoral-para-las-iglesias-anabautistas-de-la-rd-congo\/#primaryimage"},"thumbnailUrl":"https:\/\/mwc-cmm.org\/wp-content\/uploads\/2025\/02\/202408SiakaTraore-CEFMC-img_5216.jpg","keywords":["Comisi\u00f3n de Di\u00e1conos","oraci\u00f3n","pastoral letter","RD Congo"],"articleSection":["Oraci\u00f3n urgente","Oraci\u00f3n urgente"],"inLanguage":"es"},{"@type":"WebPage","@id":"https:\/\/mwc-cmm.org\/es\/stories\/carta-pastoral-para-las-iglesias-anabautistas-de-la-rd-congo\/","url":"https:\/\/mwc-cmm.org\/es\/stories\/carta-pastoral-para-las-iglesias-anabautistas-de-la-rd-congo\/","name":"Carta pastoral para las iglesias anabautistas de la RD Congo - Mennonite World Conference","isPartOf":{"@id":"https:\/\/mwc-cmm.org\/en\/#website"},"primaryImageOfPage":{"@id":"https:\/\/mwc-cmm.org\/es\/stories\/carta-pastoral-para-las-iglesias-anabautistas-de-la-rd-congo\/#primaryimage"},"image":{"@id":"https:\/\/mwc-cmm.org\/es\/stories\/carta-pastoral-para-las-iglesias-anabautistas-de-la-rd-congo\/#primaryimage"},"thumbnailUrl":"https:\/\/mwc-cmm.org\/wp-content\/uploads\/2025\/02\/202408SiakaTraore-CEFMC-img_5216.jpg","datePublished":"2025-02-04T22:05:58+00:00","dateModified":"2025-04-19T18:35:00+00:00","breadcrumb":{"@id":"https:\/\/mwc-cmm.org\/es\/stories\/carta-pastoral-para-las-iglesias-anabautistas-de-la-rd-congo\/#breadcrumb"},"inLanguage":"es","potentialAction":[{"@type":"ReadAction","target":["https:\/\/mwc-cmm.org\/es\/stories\/carta-pastoral-para-las-iglesias-anabautistas-de-la-rd-congo\/"]}]},{"@type":"ImageObject","inLanguage":"es","@id":"https:\/\/mwc-cmm.org\/es\/stories\/carta-pastoral-para-las-iglesias-anabautistas-de-la-rd-congo\/#primaryimage","url":"https:\/\/mwc-cmm.org\/wp-content\/uploads\/2025\/02\/202408SiakaTraore-CEFMC-img_5216.jpg","contentUrl":"https:\/\/mwc-cmm.org\/wp-content\/uploads\/2025\/02\/202408SiakaTraore-CEFMC-img_5216.jpg","width":591,"height":443},{"@type":"BreadcrumbList","@id":"https:\/\/mwc-cmm.org\/es\/stories\/carta-pastoral-para-las-iglesias-anabautistas-de-la-rd-congo\/#breadcrumb","itemListElement":[{"@type":"ListItem","position":1,"name":"Home","item":"https:\/\/mwc-cmm.org\/es\/"},{"@type":"ListItem","position":2,"name":"Carta pastoral para las iglesias anabautistas de la RD Congo"}]},{"@type":"WebSite","@id":"https:\/\/mwc-cmm.org\/en\/#website","url":"https:\/\/mwc-cmm.org\/en\/","name":"Mennonite World Conference","description":"A communion of Anabaptist-related churches","publisher":{"@id":"https:\/\/mwc-cmm.org\/en\/#organization"},"alternateName":"MWC","potentialAction":[{"@type":"SearchAction","target":{"@type":"EntryPoint","urlTemplate":"https:\/\/mwc-cmm.org\/en\/?s={search_term_string}"},"query-input":{"@type":"PropertyValueSpecification","valueRequired":true,"valueName":"search_term_string"}}],"inLanguage":"es"},{"@type":"Organization","@id":"https:\/\/mwc-cmm.org\/en\/#organization","name":"Mennonite World Conference","alternateName":"MWC","url":"https:\/\/mwc-cmm.org\/en\/","logo":{"@type":"ImageObject","inLanguage":"es","@id":"https:\/\/mwc-cmm.org\/en\/#\/schema\/logo\/image\/","url":"https:\/\/mwc-cmm.org\/wp-content\/uploads\/2026\/01\/MWC_Sig_Blue_Horiz_webheader1-logo.svg","contentUrl":"https:\/\/mwc-cmm.org\/wp-content\/uploads\/2026\/01\/MWC_Sig_Blue_Horiz_webheader1-logo.svg","width":786,"height":82,"caption":"Mennonite World Conference"},"image":{"@id":"https:\/\/mwc-cmm.org\/en\/#\/schema\/logo\/image\/"},"sameAs":["https:\/\/www.facebook.com\/MennoniteWorldConference","https:\/\/www.linkedin.com\/company\/mennonite-world-conference-mwc\/","https:\/\/www.instagram.com\/mwcmm\/","https:\/\/www.youtube.com\/user\/mwccmm","https:\/\/bsky.app\/profile\/mwcmm.bsky.social"]},{"@type":"Person","@id":"https:\/\/mwc-cmm.org\/en\/#\/schema\/person\/9cb7cad70e3a0ac2b145c3441df0dc08","name":"Karla Braun","pronouns":"she\/her","image":{"@type":"ImageObject","inLanguage":"es","@id":"https:\/\/secure.gravatar.com\/avatar\/330c84143dc3a1bf6e7887f828baae23c874bf72d5eedb0461d88c0725087370?s=96&d=mm&r=g","url":"https:\/\/secure.gravatar.com\/avatar\/330c84143dc3a1bf6e7887f828baae23c874bf72d5eedb0461d88c0725087370?s=96&d=mm&r=g","contentUrl":"https:\/\/secure.gravatar.com\/avatar\/330c84143dc3a1bf6e7887f828baae23c874bf72d5eedb0461d88c0725087370?s=96&d=mm&r=g","caption":"Karla Braun"},"description":"Karla Braun serves as editor and website coordinator for MWC since 2015.","url":"https:\/\/mwc-cmm.org\/es\/stories\/author\/karla\/"}]}},"_links":{"self":[{"href":"https:\/\/mwc-cmm.org\/es\/wp-json\/wp\/v2\/posts\/109808","targetHints":{"allow":["GET"]}}],"collection":[{"href":"https:\/\/mwc-cmm.org\/es\/wp-json\/wp\/v2\/posts"}],"about":[{"href":"https:\/\/mwc-cmm.org\/es\/wp-json\/wp\/v2\/types\/post"}],"author":[{"embeddable":true,"href":"https:\/\/mwc-cmm.org\/es\/wp-json\/wp\/v2\/users\/6"}],"replies":[{"embeddable":true,"href":"https:\/\/mwc-cmm.org\/es\/wp-json\/wp\/v2\/comments?post=109808"}],"version-history":[{"count":0,"href":"https:\/\/mwc-cmm.org\/es\/wp-json\/wp\/v2\/posts\/109808\/revisions"}],"wp:featuredmedia":[{"embeddable":true,"href":"https:\/\/mwc-cmm.org\/es\/wp-json\/wp\/v2\/media\/109732"}],"wp:attachment":[{"href":"https:\/\/mwc-cmm.org\/es\/wp-json\/wp\/v2\/media?parent=109808"}],"wp:term":[{"taxonomy":"category","embeddable":true,"href":"https:\/\/mwc-cmm.org\/es\/wp-json\/wp\/v2\/categories?post=109808"},{"taxonomy":"post_tag","embeddable":true,"href":"https:\/\/mwc-cmm.org\/es\/wp-json\/wp\/v2\/tags?post=109808"},{"taxonomy":"network","embeddable":true,"href":"https:\/\/mwc-cmm.org\/es\/wp-json\/wp\/v2\/network?post=109808"},{"taxonomy":"eventcategory","embeddable":true,"href":"https:\/\/mwc-cmm.org\/es\/wp-json\/wp\/v2\/eventcategory?post=109808"}],"curies":[{"name":"wp","href":"https:\/\/api.w.org\/{rel}","templated":true}]}}