{"id":108111,"date":"2024-12-20T06:13:00","date_gmt":"2024-12-20T06:13:00","guid":{"rendered":"https:\/\/mwc-cmm.org\/?p=108111"},"modified":"2024-12-23T21:31:20","modified_gmt":"2024-12-23T21:31:20","slug":"sp-ancient-martyrs-inspire-todays-suffering","status":"publish","type":"post","link":"https:\/\/mwc-cmm.org\/es\/stories\/sp-ancient-martyrs-inspire-todays-suffering\/","title":{"rendered":"Los antiguos m\u00e1rtires inspiran a los que sufren hoy"},"content":{"rendered":"\n<p>\u201cSu compromiso de transmitir el mensaje de paz y el evangelio me inspira a vivir una vida de sacrificio por la paz\u201d. Las historias de los primeros m\u00e1rtires anabautistas han moldeado e inspirado a los menonitas de todo el mundo durante 500 a\u00f1os. A\u00fan siguen haci\u00e9ndolo para los pastores que sufren en Myanmar, como el que se cita anteriormente.&nbsp;<\/p>\n\n\n\n<p>Del 25 al 29 de noviembre del 2024, cinco l\u00edderes del CMM, un miembro del personal de MC Canad\u00e1 y 17 pastores de la Iglesia B\u00edblica Misionera Menonita de Myanmar se reunieron en Chiang Mai, Tailandia, para una visita de solidaridad.&nbsp;<\/p>\n\n\n\n<p>La guerra civil que ha durado a\u00f1os en Myanmar ha significado miedo, violencia, desplazamiento y p\u00e9rdida de seres queridos.&nbsp;<\/p>\n\n\n\n<p>\u201cEl prop\u00f3sito de la visita fue aprender c\u00f3mo la iglesia mundial puede apoyar a la iglesia en Myanmar durante este tiempo de sufrimiento y opresi\u00f3n\u201d, explica la secretaria de la <a href=\"https:\/\/mwc-cmm.org\/es\/comisiones\/comision-de-diaconos\/\">Comisi\u00f3n de Di\u00e1conos<\/a>, Tigist Tesfaye.\u00a0<\/p>\n\n\n\n<p>Los visitantes internacionales quer\u00edan conocer la situaci\u00f3n que enfrenta la iglesia en Myanmar. Los desaf\u00edos de vivir bajo una dictadura militar se han intensificado para la iglesia con el reciente aumento del cumplimiento del servicio militar obligatorio.&nbsp;<\/p>\n\n\n\n<p>Los pastores compartieron sobre la carga que supone la posibilidad de ser reclutados o de que sus hijos j\u00f3venes sean obligados, incluso secuestrados, para prestar servicio militar. Narraron como ayunan su \u00fanica comida diaria. Dijeron que a veces las fuerzas gubernamentales y los l\u00edderes religiosos locales (budistas) los miran con sospecha por seguir lo que se percibe como una religi\u00f3n occidental.&nbsp;<\/p>\n\n\n\n<figure class=\"wp-block-image size-large\"><img decoding=\"async\" width=\"1024\" height=\"768\" data-src=\"https:\/\/mwc-cmm.org\/wp-content\/uploads\/2024\/12\/202411AgusMayantoWhatsApp-Image-2024-11-26-at-23.54.47-4-1024x768.jpeg\" alt=\"\" class=\"wp-image-108097 lazyload\" style=\"--smush-placeholder-width: 1024px; --smush-placeholder-aspect-ratio: 1024\/768;aspect-ratio:4\/3;object-fit:cover\" data-srcset=\"https:\/\/mwc-cmm.org\/wp-content\/uploads\/2024\/12\/202411AgusMayantoWhatsApp-Image-2024-11-26-at-23.54.47-4-1024x768.jpeg 1024w, https:\/\/mwc-cmm.org\/wp-content\/uploads\/2024\/12\/202411AgusMayantoWhatsApp-Image-2024-11-26-at-23.54.47-4-300x225.jpeg 300w, https:\/\/mwc-cmm.org\/wp-content\/uploads\/2024\/12\/202411AgusMayantoWhatsApp-Image-2024-11-26-at-23.54.47-4-768x576.jpeg 768w, https:\/\/mwc-cmm.org\/wp-content\/uploads\/2024\/12\/202411AgusMayantoWhatsApp-Image-2024-11-26-at-23.54.47-4.jpeg 1280w\" data-sizes=\"(max-width: 1024px) 100vw, 1024px\" src=\"data:image\/svg+xml;base64,PHN2ZyB3aWR0aD0iMSIgaGVpZ2h0PSIxIiB4bWxucz0iaHR0cDovL3d3dy53My5vcmcvMjAwMC9zdmciPjwvc3ZnPg==\" \/><figcaption class=\"wp-element-caption\">Andrew Suderman, Andr\u00e9s Pacheco Lozano, Agus Mayanto, C\u00e9sar Garc\u00eda, Tigist Tesfaye.<\/figcaption><\/figure>\n\n\n\n<p>La visita tambi\u00e9n fue una respuesta a una invitaci\u00f3n para aprender m\u00e1s sobre el movimiento anabautista. El programa incluy\u00f3 sesiones sobre <em>Lo que juntos<\/em> <em>creemos <\/em>(Convicciones compartidas) dirigidas por C\u00e9sar Garc\u00eda, secretario general del CMM. El secretario y el presidente de la <a href=\"https:\/\/mwc-cmm.org\/es\/comisiones\/comision-de-paz\/\">Comisi\u00f3n de Paz<\/a>, Andrew Suderman, y Andr\u00e9s Pacheco Lozano dirigieron sesiones que exploraban lo que significa ser una iglesia dedicada a los caminos de la paz de Jesucristo.\u00a0<\/p>\n\n\n\n<p>Se realizaron sesiones de ense\u00f1anza y sesiones pastorales con momentos de oraci\u00f3n, tiempo para el debate y el aprendizaje mutuo. Y los pastores de Myanmar compartieron sus experiencias y lo que ten\u00edan en el coraz\u00f3n.&nbsp;&nbsp;<\/p>\n\n\n\n<p>Agus Mayanto, representante regional del CMM para el sudeste asi\u00e1tico, y Norm Dyck de <em>MC Canada Witness <\/em>dirigieron las oraciones al anochecer.&nbsp;<\/p>\n\n\n\n<p>Muchos de los pastores comentaron que las lecciones sobre la historia del anabautismo y el ser una iglesia de paz eran completamente nuevas y abr\u00edan un camino al cambio personal y social.&nbsp;<\/p>\n\n\n\n<p>\u201cMe animaron a ver la vida y la fe a trav\u00e9s de una nueva perspectiva\u201d, afirm\u00f3 un pastor.&nbsp;<\/p>\n\n\n\n<p>\u201cFui inspirado a aprender m\u00e1s sobre la paz, especialmente la paz activa como forma de vivir y responder a los desaf\u00edos\u201d, expres\u00f3 otro.&nbsp;<\/p>\n\n\n\n<p>\u201cEntender la historia del movimiento anabautista fue un punto destacado\u201d, coment\u00f3 otro. \u201cEstoy comprometido a compartir sobre el anabautismo y su historia con otras personas\u201d.&nbsp;<\/p>\n\n\n\n<p>\u201cCuando nos enfrentamos a un conflicto, a menudo nos sentimos limitados a dos opciones: buscar venganza o permanecer en silencio. Sin embargo, el estudio de las Bienaventuranzas me ense\u00f1\u00f3 una tercera v\u00eda: responder con acciones pac\u00edficas\u201d, declar\u00f3 otro pastor. \u201cEsta revelaci\u00f3n fue transformadora para m\u00ed\u201d.&nbsp;<\/p>\n\n\n\n<p>La visita de solidaridad concluy\u00f3 con los pastores de Myanmar destacando las formas particulares en que pueden avanzar y c\u00f3mo responder a su contexto. El grupo identific\u00f3 varias maneras de crecer en el conocimiento y la pr\u00e1ctica de la construcci\u00f3n de la paz como seguidores de Jes\u00fas. Grupos de debate, grupos de trabajo y conferencias, especialmente para los j\u00f3venes, fueron algunas de las sugerencias.&nbsp;<\/p>\n\n\n\n<hr class=\"wp-block-separator has-alpha-channel-opacity\"\/>\n\n\n\n<h2 class=\"wp-block-heading\">\u00bfC\u00f3mo podemos orar por Myanmar?&nbsp;<\/h2>\n\n\n\n<p>Los pastores solicitaron oraci\u00f3n&nbsp;<\/p>\n\n\n\n<ul class=\"wp-block-list\">\n<li>Por valor y habilidad para predicar el evangelio de la paz.\u00a0<\/li>\n\n\n\n<li>Por los pastores para que sean servidores fieles a pesar de la persecuci\u00f3n.\u00a0<\/li>\n\n\n\n<li>Por los soldados que tambi\u00e9n est\u00e1n sufriendo.\u00a0<\/li>\n<\/ul>\n","protected":false},"excerpt":{"rendered":"<p>\u201cSu compromiso de transmitir el mensaje de paz y el evangelio me inspira a vivir una vida de sacrificio por la paz\u201d. Las historias de los primeros m\u00e1rtires anabautistas han moldeado e inspirado a los menonitas de todo el mundo durante 500 a\u00f1os. A\u00fan siguen haci\u00e9ndolo para los pastores que sufren en Myanmar, como el [&hellip;]<\/p>\n","protected":false},"author":8,"featured_media":108094,"comment_status":"closed","ping_status":"closed","sticky":false,"template":"","format":"standard","meta":{"_acf_changed":false,"footnotes":""},"categories":[377,6],"tags":[434,435,426,268,280,417],"network":[],"eventcategory":[],"class_list":["post-108111","post","type-post","status-publish","format-standard","has-post-thumbnail","hentry","category-featured-items","category-sin-categorizar","tag-historia","tag-identidad","tag-identity","tag-peace","tag-theology","tag-theology-es"],"acf":[],"yoast_head":"<!-- This site is optimized with the Yoast SEO plugin v27.2 - https:\/\/yoast.com\/product\/yoast-seo-wordpress\/ -->\n<title>Los antiguos m\u00e1rtires inspiran a los que sufren hoy - Mennonite World Conference<\/title>\n<meta name=\"robots\" content=\"index, follow, max-snippet:-1, max-image-preview:large, max-video-preview:-1\" \/>\n<link rel=\"canonical\" href=\"https:\/\/mwc-cmm.org\/es\/stories\/sp-ancient-martyrs-inspire-todays-suffering\/\" \/>\n<meta property=\"og:locale\" content=\"es_ES\" \/>\n<meta property=\"og:type\" content=\"article\" \/>\n<meta property=\"og:title\" content=\"Los antiguos m\u00e1rtires inspiran a los que sufren hoy - Mennonite World Conference\" \/>\n<meta property=\"og:description\" content=\"\u201cSu compromiso de transmitir el mensaje de paz y el evangelio me inspira a vivir una vida de sacrificio por la paz\u201d. Las historias de los primeros m\u00e1rtires anabautistas han moldeado e inspirado a los menonitas de todo el mundo durante 500 a\u00f1os. A\u00fan siguen haci\u00e9ndolo para los pastores que sufren en Myanmar, como el [&hellip;]\" \/>\n<meta property=\"og:url\" content=\"https:\/\/mwc-cmm.org\/es\/stories\/sp-ancient-martyrs-inspire-todays-suffering\/\" \/>\n<meta property=\"og:site_name\" content=\"Mennonite World Conference\" \/>\n<meta property=\"article:publisher\" content=\"https:\/\/www.facebook.com\/MennoniteWorldConference\" \/>\n<meta property=\"article:published_time\" content=\"2024-12-20T06:13:00+00:00\" \/>\n<meta property=\"article:modified_time\" content=\"2024-12-23T21:31:20+00:00\" \/>\n<meta property=\"og:image\" content=\"https:\/\/mwc-cmm.org\/wp-content\/uploads\/2024\/12\/20241203AndrewSuderman469090489_1121471052967797_8117090131258555723_n.jpg\" \/>\n\t<meta property=\"og:image:width\" content=\"2048\" \/>\n\t<meta property=\"og:image:height\" content=\"1536\" \/>\n\t<meta property=\"og:image:type\" content=\"image\/jpeg\" \/>\n<meta name=\"author\" content=\"Stephanie Setiawan\" \/>\n<script type=\"application\/ld+json\" class=\"yoast-schema-graph\">{\"@context\":\"https:\/\/schema.org\",\"@graph\":[{\"@type\":\"Article\",\"@id\":\"https:\/\/mwc-cmm.org\/es\/stories\/sp-ancient-martyrs-inspire-todays-suffering\/#article\",\"isPartOf\":{\"@id\":\"https:\/\/mwc-cmm.org\/es\/stories\/sp-ancient-martyrs-inspire-todays-suffering\/\"},\"author\":{\"name\":\"Stephanie Setiawan\",\"@id\":\"https:\/\/mwc-cmm.org\/en\/#\/schema\/person\/00b62ed8ea1527254a44f3ace3aee79d\"},\"headline\":\"Los antiguos m\u00e1rtires inspiran a los que sufren hoy\",\"datePublished\":\"2024-12-20T06:13:00+00:00\",\"dateModified\":\"2024-12-23T21:31:20+00:00\",\"mainEntityOfPage\":{\"@id\":\"https:\/\/mwc-cmm.org\/es\/stories\/sp-ancient-martyrs-inspire-todays-suffering\/\"},\"wordCount\":709,\"publisher\":{\"@id\":\"https:\/\/mwc-cmm.org\/en\/#organization\"},\"image\":{\"@id\":\"https:\/\/mwc-cmm.org\/es\/stories\/sp-ancient-martyrs-inspire-todays-suffering\/#primaryimage\"},\"thumbnailUrl\":\"https:\/\/mwc-cmm.org\/wp-content\/uploads\/2024\/12\/20241203AndrewSuderman469090489_1121471052967797_8117090131258555723_n.jpg\",\"keywords\":[\"historia\",\"identidad\",\"identity\",\"peace\",\"theology\",\"theology\"],\"articleSection\":[\"Featured Items\",\"Sin categorizar\"],\"inLanguage\":\"es\"},{\"@type\":\"WebPage\",\"@id\":\"https:\/\/mwc-cmm.org\/es\/stories\/sp-ancient-martyrs-inspire-todays-suffering\/\",\"url\":\"https:\/\/mwc-cmm.org\/es\/stories\/sp-ancient-martyrs-inspire-todays-suffering\/\",\"name\":\"Los antiguos m\u00e1rtires inspiran a los que sufren hoy - Mennonite World Conference\",\"isPartOf\":{\"@id\":\"https:\/\/mwc-cmm.org\/en\/#website\"},\"primaryImageOfPage\":{\"@id\":\"https:\/\/mwc-cmm.org\/es\/stories\/sp-ancient-martyrs-inspire-todays-suffering\/#primaryimage\"},\"image\":{\"@id\":\"https:\/\/mwc-cmm.org\/es\/stories\/sp-ancient-martyrs-inspire-todays-suffering\/#primaryimage\"},\"thumbnailUrl\":\"https:\/\/mwc-cmm.org\/wp-content\/uploads\/2024\/12\/20241203AndrewSuderman469090489_1121471052967797_8117090131258555723_n.jpg\",\"datePublished\":\"2024-12-20T06:13:00+00:00\",\"dateModified\":\"2024-12-23T21:31:20+00:00\",\"breadcrumb\":{\"@id\":\"https:\/\/mwc-cmm.org\/es\/stories\/sp-ancient-martyrs-inspire-todays-suffering\/#breadcrumb\"},\"inLanguage\":\"es\",\"potentialAction\":[{\"@type\":\"ReadAction\",\"target\":[\"https:\/\/mwc-cmm.org\/es\/stories\/sp-ancient-martyrs-inspire-todays-suffering\/\"]}]},{\"@type\":\"ImageObject\",\"inLanguage\":\"es\",\"@id\":\"https:\/\/mwc-cmm.org\/es\/stories\/sp-ancient-martyrs-inspire-todays-suffering\/#primaryimage\",\"url\":\"https:\/\/mwc-cmm.org\/wp-content\/uploads\/2024\/12\/20241203AndrewSuderman469090489_1121471052967797_8117090131258555723_n.jpg\",\"contentUrl\":\"https:\/\/mwc-cmm.org\/wp-content\/uploads\/2024\/12\/20241203AndrewSuderman469090489_1121471052967797_8117090131258555723_n.jpg\",\"width\":2048,\"height\":1536},{\"@type\":\"BreadcrumbList\",\"@id\":\"https:\/\/mwc-cmm.org\/es\/stories\/sp-ancient-martyrs-inspire-todays-suffering\/#breadcrumb\",\"itemListElement\":[{\"@type\":\"ListItem\",\"position\":1,\"name\":\"Home\",\"item\":\"https:\/\/mwc-cmm.org\/es\/\"},{\"@type\":\"ListItem\",\"position\":2,\"name\":\"Los antiguos m\u00e1rtires inspiran a los que sufren hoy\"}]},{\"@type\":\"WebSite\",\"@id\":\"https:\/\/mwc-cmm.org\/en\/#website\",\"url\":\"https:\/\/mwc-cmm.org\/en\/\",\"name\":\"Mennonite World Conference\",\"description\":\"A communion of Anabaptist-related churches\",\"publisher\":{\"@id\":\"https:\/\/mwc-cmm.org\/en\/#organization\"},\"alternateName\":\"MWC\",\"potentialAction\":[{\"@type\":\"SearchAction\",\"target\":{\"@type\":\"EntryPoint\",\"urlTemplate\":\"https:\/\/mwc-cmm.org\/en\/?s={search_term_string}\"},\"query-input\":{\"@type\":\"PropertyValueSpecification\",\"valueRequired\":true,\"valueName\":\"search_term_string\"}}],\"inLanguage\":\"es\"},{\"@type\":\"Organization\",\"@id\":\"https:\/\/mwc-cmm.org\/en\/#organization\",\"name\":\"Mennonite World Conference\",\"alternateName\":\"MWC\",\"url\":\"https:\/\/mwc-cmm.org\/en\/\",\"logo\":{\"@type\":\"ImageObject\",\"inLanguage\":\"es\",\"@id\":\"https:\/\/mwc-cmm.org\/en\/#\/schema\/logo\/image\/\",\"url\":\"https:\/\/mwc-cmm.org\/wp-content\/uploads\/2026\/01\/MWC_Sig_Blue_Horiz_webheader1-logo.svg\",\"contentUrl\":\"https:\/\/mwc-cmm.org\/wp-content\/uploads\/2026\/01\/MWC_Sig_Blue_Horiz_webheader1-logo.svg\",\"width\":786,\"height\":82,\"caption\":\"Mennonite World Conference\"},\"image\":{\"@id\":\"https:\/\/mwc-cmm.org\/en\/#\/schema\/logo\/image\/\"},\"sameAs\":[\"https:\/\/www.facebook.com\/MennoniteWorldConference\",\"https:\/\/www.linkedin.com\/company\/mennonite-world-conference-mwc\/\",\"https:\/\/www.instagram.com\/mwcmm\/\",\"https:\/\/www.youtube.com\/user\/mwccmm\",\"https:\/\/bsky.app\/profile\/mwcmm.bsky.social\"]},{\"@type\":\"Person\",\"@id\":\"https:\/\/mwc-cmm.org\/en\/#\/schema\/person\/00b62ed8ea1527254a44f3ace3aee79d\",\"name\":\"Stephanie Setiawan\",\"image\":{\"@type\":\"ImageObject\",\"inLanguage\":\"es\",\"@id\":\"https:\/\/secure.gravatar.com\/avatar\/71b4b62cf3d0cfb4c8a367a101127ba8adfa1c22417900980ea24f5f4457a76d?s=96&d=mm&r=g\",\"url\":\"https:\/\/secure.gravatar.com\/avatar\/71b4b62cf3d0cfb4c8a367a101127ba8adfa1c22417900980ea24f5f4457a76d?s=96&d=mm&r=g\",\"contentUrl\":\"https:\/\/secure.gravatar.com\/avatar\/71b4b62cf3d0cfb4c8a367a101127ba8adfa1c22417900980ea24f5f4457a76d?s=96&d=mm&r=g\",\"caption\":\"Stephanie Setiawan\"},\"url\":\"https:\/\/mwc-cmm.org\/es\/stories\/author\/stephanie\/\"}]}<\/script>\n<!-- \/ Yoast SEO plugin. -->","yoast_head_json":{"title":"Los antiguos m\u00e1rtires inspiran a los que sufren hoy - Mennonite World Conference","robots":{"index":"index","follow":"follow","max-snippet":"max-snippet:-1","max-image-preview":"max-image-preview:large","max-video-preview":"max-video-preview:-1"},"canonical":"https:\/\/mwc-cmm.org\/es\/stories\/sp-ancient-martyrs-inspire-todays-suffering\/","og_locale":"es_ES","og_type":"article","og_title":"Los antiguos m\u00e1rtires inspiran a los que sufren hoy - Mennonite World Conference","og_description":"\u201cSu compromiso de transmitir el mensaje de paz y el evangelio me inspira a vivir una vida de sacrificio por la paz\u201d. Las historias de los primeros m\u00e1rtires anabautistas han moldeado e inspirado a los menonitas de todo el mundo durante 500 a\u00f1os. A\u00fan siguen haci\u00e9ndolo para los pastores que sufren en Myanmar, como el [&hellip;]","og_url":"https:\/\/mwc-cmm.org\/es\/stories\/sp-ancient-martyrs-inspire-todays-suffering\/","og_site_name":"Mennonite World Conference","article_publisher":"https:\/\/www.facebook.com\/MennoniteWorldConference","article_published_time":"2024-12-20T06:13:00+00:00","article_modified_time":"2024-12-23T21:31:20+00:00","og_image":[{"width":2048,"height":1536,"url":"https:\/\/mwc-cmm.org\/wp-content\/uploads\/2024\/12\/20241203AndrewSuderman469090489_1121471052967797_8117090131258555723_n.jpg","type":"image\/jpeg"}],"author":"Stephanie Setiawan","schema":{"@context":"https:\/\/schema.org","@graph":[{"@type":"Article","@id":"https:\/\/mwc-cmm.org\/es\/stories\/sp-ancient-martyrs-inspire-todays-suffering\/#article","isPartOf":{"@id":"https:\/\/mwc-cmm.org\/es\/stories\/sp-ancient-martyrs-inspire-todays-suffering\/"},"author":{"name":"Stephanie Setiawan","@id":"https:\/\/mwc-cmm.org\/en\/#\/schema\/person\/00b62ed8ea1527254a44f3ace3aee79d"},"headline":"Los antiguos m\u00e1rtires inspiran a los que sufren hoy","datePublished":"2024-12-20T06:13:00+00:00","dateModified":"2024-12-23T21:31:20+00:00","mainEntityOfPage":{"@id":"https:\/\/mwc-cmm.org\/es\/stories\/sp-ancient-martyrs-inspire-todays-suffering\/"},"wordCount":709,"publisher":{"@id":"https:\/\/mwc-cmm.org\/en\/#organization"},"image":{"@id":"https:\/\/mwc-cmm.org\/es\/stories\/sp-ancient-martyrs-inspire-todays-suffering\/#primaryimage"},"thumbnailUrl":"https:\/\/mwc-cmm.org\/wp-content\/uploads\/2024\/12\/20241203AndrewSuderman469090489_1121471052967797_8117090131258555723_n.jpg","keywords":["historia","identidad","identity","peace","theology","theology"],"articleSection":["Featured Items","Sin categorizar"],"inLanguage":"es"},{"@type":"WebPage","@id":"https:\/\/mwc-cmm.org\/es\/stories\/sp-ancient-martyrs-inspire-todays-suffering\/","url":"https:\/\/mwc-cmm.org\/es\/stories\/sp-ancient-martyrs-inspire-todays-suffering\/","name":"Los antiguos m\u00e1rtires inspiran a los que sufren hoy - Mennonite World Conference","isPartOf":{"@id":"https:\/\/mwc-cmm.org\/en\/#website"},"primaryImageOfPage":{"@id":"https:\/\/mwc-cmm.org\/es\/stories\/sp-ancient-martyrs-inspire-todays-suffering\/#primaryimage"},"image":{"@id":"https:\/\/mwc-cmm.org\/es\/stories\/sp-ancient-martyrs-inspire-todays-suffering\/#primaryimage"},"thumbnailUrl":"https:\/\/mwc-cmm.org\/wp-content\/uploads\/2024\/12\/20241203AndrewSuderman469090489_1121471052967797_8117090131258555723_n.jpg","datePublished":"2024-12-20T06:13:00+00:00","dateModified":"2024-12-23T21:31:20+00:00","breadcrumb":{"@id":"https:\/\/mwc-cmm.org\/es\/stories\/sp-ancient-martyrs-inspire-todays-suffering\/#breadcrumb"},"inLanguage":"es","potentialAction":[{"@type":"ReadAction","target":["https:\/\/mwc-cmm.org\/es\/stories\/sp-ancient-martyrs-inspire-todays-suffering\/"]}]},{"@type":"ImageObject","inLanguage":"es","@id":"https:\/\/mwc-cmm.org\/es\/stories\/sp-ancient-martyrs-inspire-todays-suffering\/#primaryimage","url":"https:\/\/mwc-cmm.org\/wp-content\/uploads\/2024\/12\/20241203AndrewSuderman469090489_1121471052967797_8117090131258555723_n.jpg","contentUrl":"https:\/\/mwc-cmm.org\/wp-content\/uploads\/2024\/12\/20241203AndrewSuderman469090489_1121471052967797_8117090131258555723_n.jpg","width":2048,"height":1536},{"@type":"BreadcrumbList","@id":"https:\/\/mwc-cmm.org\/es\/stories\/sp-ancient-martyrs-inspire-todays-suffering\/#breadcrumb","itemListElement":[{"@type":"ListItem","position":1,"name":"Home","item":"https:\/\/mwc-cmm.org\/es\/"},{"@type":"ListItem","position":2,"name":"Los antiguos m\u00e1rtires inspiran a los que sufren hoy"}]},{"@type":"WebSite","@id":"https:\/\/mwc-cmm.org\/en\/#website","url":"https:\/\/mwc-cmm.org\/en\/","name":"Mennonite World Conference","description":"A communion of Anabaptist-related churches","publisher":{"@id":"https:\/\/mwc-cmm.org\/en\/#organization"},"alternateName":"MWC","potentialAction":[{"@type":"SearchAction","target":{"@type":"EntryPoint","urlTemplate":"https:\/\/mwc-cmm.org\/en\/?s={search_term_string}"},"query-input":{"@type":"PropertyValueSpecification","valueRequired":true,"valueName":"search_term_string"}}],"inLanguage":"es"},{"@type":"Organization","@id":"https:\/\/mwc-cmm.org\/en\/#organization","name":"Mennonite World Conference","alternateName":"MWC","url":"https:\/\/mwc-cmm.org\/en\/","logo":{"@type":"ImageObject","inLanguage":"es","@id":"https:\/\/mwc-cmm.org\/en\/#\/schema\/logo\/image\/","url":"https:\/\/mwc-cmm.org\/wp-content\/uploads\/2026\/01\/MWC_Sig_Blue_Horiz_webheader1-logo.svg","contentUrl":"https:\/\/mwc-cmm.org\/wp-content\/uploads\/2026\/01\/MWC_Sig_Blue_Horiz_webheader1-logo.svg","width":786,"height":82,"caption":"Mennonite World Conference"},"image":{"@id":"https:\/\/mwc-cmm.org\/en\/#\/schema\/logo\/image\/"},"sameAs":["https:\/\/www.facebook.com\/MennoniteWorldConference","https:\/\/www.linkedin.com\/company\/mennonite-world-conference-mwc\/","https:\/\/www.instagram.com\/mwcmm\/","https:\/\/www.youtube.com\/user\/mwccmm","https:\/\/bsky.app\/profile\/mwcmm.bsky.social"]},{"@type":"Person","@id":"https:\/\/mwc-cmm.org\/en\/#\/schema\/person\/00b62ed8ea1527254a44f3ace3aee79d","name":"Stephanie Setiawan","image":{"@type":"ImageObject","inLanguage":"es","@id":"https:\/\/secure.gravatar.com\/avatar\/71b4b62cf3d0cfb4c8a367a101127ba8adfa1c22417900980ea24f5f4457a76d?s=96&d=mm&r=g","url":"https:\/\/secure.gravatar.com\/avatar\/71b4b62cf3d0cfb4c8a367a101127ba8adfa1c22417900980ea24f5f4457a76d?s=96&d=mm&r=g","contentUrl":"https:\/\/secure.gravatar.com\/avatar\/71b4b62cf3d0cfb4c8a367a101127ba8adfa1c22417900980ea24f5f4457a76d?s=96&d=mm&r=g","caption":"Stephanie Setiawan"},"url":"https:\/\/mwc-cmm.org\/es\/stories\/author\/stephanie\/"}]}},"_links":{"self":[{"href":"https:\/\/mwc-cmm.org\/es\/wp-json\/wp\/v2\/posts\/108111","targetHints":{"allow":["GET"]}}],"collection":[{"href":"https:\/\/mwc-cmm.org\/es\/wp-json\/wp\/v2\/posts"}],"about":[{"href":"https:\/\/mwc-cmm.org\/es\/wp-json\/wp\/v2\/types\/post"}],"author":[{"embeddable":true,"href":"https:\/\/mwc-cmm.org\/es\/wp-json\/wp\/v2\/users\/8"}],"replies":[{"embeddable":true,"href":"https:\/\/mwc-cmm.org\/es\/wp-json\/wp\/v2\/comments?post=108111"}],"version-history":[{"count":0,"href":"https:\/\/mwc-cmm.org\/es\/wp-json\/wp\/v2\/posts\/108111\/revisions"}],"wp:featuredmedia":[{"embeddable":true,"href":"https:\/\/mwc-cmm.org\/es\/wp-json\/wp\/v2\/media\/108094"}],"wp:attachment":[{"href":"https:\/\/mwc-cmm.org\/es\/wp-json\/wp\/v2\/media?parent=108111"}],"wp:term":[{"taxonomy":"category","embeddable":true,"href":"https:\/\/mwc-cmm.org\/es\/wp-json\/wp\/v2\/categories?post=108111"},{"taxonomy":"post_tag","embeddable":true,"href":"https:\/\/mwc-cmm.org\/es\/wp-json\/wp\/v2\/tags?post=108111"},{"taxonomy":"network","embeddable":true,"href":"https:\/\/mwc-cmm.org\/es\/wp-json\/wp\/v2\/network?post=108111"},{"taxonomy":"eventcategory","embeddable":true,"href":"https:\/\/mwc-cmm.org\/es\/wp-json\/wp\/v2\/eventcategory?post=108111"}],"curies":[{"name":"wp","href":"https:\/\/api.w.org\/{rel}","templated":true}]}}