{"id":8312,"date":"2024-02-27T00:00:00","date_gmt":"2024-02-27T00:00:00","guid":{"rendered":"https:\/\/mwc-cmm.org\/investir-dans-la-jeunesse-ca-vaut-la-peine-2\/"},"modified":"2024-12-09T17:18:39","modified_gmt":"2024-12-09T17:18:39","slug":"investing-young-people-worth-it","status":"publish","type":"post","link":"https:\/\/mwc-cmm.org\/en\/stories\/investing-young-people-worth-it\/","title":{"rendered":"Investir dans la jeunesse, \u00e7a vaut la peine"},"content":{"rendered":"<p><em>Rapha\u00ebl Burkhalter travaille depuis f\u00e9vrier 2023 comme pasteur jeunesse de la Commission de jeunesse mennonite suisse (CJMS). Futur th\u00e9ologien, il aime le bon caf\u00e9 et veut soutenir les jeunes mennonites de Suisse dans leur engagement au sein de leur \u00c9glise.&nbsp;<\/em><\/p>\n<hr>\n<p>\u00ab C\u2019est pour cela que nous nous sommes rencontr\u00e9s ici \u00bb, dit Rapha\u00ebl Burkhalter en souriant et en prenant une gorg\u00e9e de son flat white. Futur th\u00e9ologien, il est jeune, lit beaucoup, aime skier et appr\u00e9cie le bon caf\u00e9.&nbsp;&nbsp;<\/p>\n<p>Il est donc \u00e9vident que pour une interview dans sa ville de r\u00e9sidence temporaire, il invite \u00e0 se rendre dans un endroit o\u00f9 l\u2019on peut certainement en trouver : le TM Caf\u00e9 de Fribourg, o\u00f9 le caf\u00e9 provenant de r\u00e9gions de culture exotiques est torr\u00e9fi\u00e9 par leurs soins, pr\u00e9par\u00e9 et servi dans les r\u00e8gles de l\u2019art.&nbsp;&nbsp;<\/p>\n<p>Rapha\u00ebl a d\u00e9couvert le caf\u00e9 pendant ses \u00e9tudes de th\u00e9ologie au Hillsong College de Sydney. C\u2019est l\u00e0 qu\u2019il a pass\u00e9 les trois derni\u00e8res ann\u00e9es avec son \u00e9pouse Maude, avec laquelle il est mari\u00e9 depuis 2017. D\u00e9but 2023, ils sont revenus en Suisse et depuis f\u00e9vrier, Rapha\u00ebl travaille comme pasteur jeunesse \u00e0 la Commission de la jeunesse mennonite suisse (CJMS). Parall\u00e8lement, il pr\u00e9pare avec Maude un master en th\u00e9ologie \u00e0 l\u2019Universit\u00e9 de Fribourg.&nbsp;<\/p>\n<h4>Un enfant du Jura suisse&nbsp;<\/h4>\n<p>Rapha\u00ebl a grandi avec trois fr\u00e8res dans une ferme du Jura suisse, \u00e0 une quinzaine de minutes en voiture de Moutier. Durant son enfance, sa famille et lui faisaient partie de l\u2019\u00c9glise \u00e9vang\u00e9lique mennonite du Petit-Val. Il aimait aller \u00e0 l\u2019\u00e9cole du dimanche, au cat\u00e9chisme, aux camps d\u2019enfants. La chorale chr\u00e9tienne Chrysalide \u00e9tait \u00e9galement importante pour lui. Il y passait tous ses vendredis soir et y a d\u2019ailleurs rencontr\u00e9 Maude.&nbsp;&nbsp;<\/p>\n<p>Et lorsqu\u2019il est all\u00e9 \u00e0 l\u2019\u00e9cole secondaire \u00e0 Moutier, il a aid\u00e9 \u00e0 fonder un groupe New Generation. New Generation est un mouvement d\u2019\u00e9l\u00e8ves qui partagent l\u2019amour de Dieu \u00e0 travers diff\u00e9rentes actions dans l\u2019\u00e9cole.&nbsp;&nbsp;<\/p>\n<p>L\u2019\u00c9glise et la foi ont donc jou\u00e9 un r\u00f4le central dans son enfance et son adolescence.&nbsp;&nbsp;<\/p>\n<p>Voulait-il d\u00e9j\u00e0 devenir pasteur \u00e0 l\u2019\u00e9poque ? \u00ab Non. Enfant, je voulais d\u2019abord devenir gardien d\u2019animaux \u00bb, dit Rapha\u00ebl. Mais comme il a toujours aim\u00e9 bricoler avec du bois, il est finalement devenu menuisier.&nbsp;<\/p>\n<h4>Mise \u00e0 l\u2019\u00e9preuve&nbsp;<\/h4>\n<p>En tant que menuisier, il s\u2019est rendu en Afrique du Sud en 2016. Dans le cadre de son service civil, il a travaill\u00e9 pour Timion, un projet qui propose une th\u00e9rapie aux enfants handicap\u00e9s et construit des outils pour eux. Son s\u00e9jour a toutefois \u00e9t\u00e9 brusquement interrompu : il a fr\u00f4l\u00e9 la mort dans un accident de voiture et a perdu une bonne amie qui n\u2019a pas surv\u00e9cu \u00e0 l\u2019accident. Un coup dur qui a suscit\u00e9 chez lui de grandes questions et des doutes : pourquoi Dieu permet-il une telle chose ?&nbsp;&nbsp;<\/p>\n<p>Mais sa foi a r\u00e9sist\u00e9 au d\u00e9fi et est devenue d\u2019autant plus forte et importante. Et le d\u00e9sir de faire des \u00e9tudes de th\u00e9ologie est n\u00e9. D\u00e8s qu\u2019il a \u00e9t\u00e9 en mesure de travailler, il est retourn\u00e9 en Afrique du Sud pour terminer son service civil. C\u2019\u00e9tait important pour lui.&nbsp;<\/p>\n<h4>Le choix de la th\u00e9ologie anabaptiste&nbsp;<\/h4>\n<p>Apr\u00e8s son service, il a d\u00e9cid\u00e9, avec Maude, d\u2019\u00e9tudier au Hillsong College. En quoi le temps pass\u00e9 \u00e0 Sydney l\u2019a-t-il marqu\u00e9 ? \u00ab J\u2019ai r\u00e9alis\u00e9 \u00e0 quel point il est important de s\u2019appr\u00e9cier, de se renforcer et de se soutenir mutuellement. \u00bb&nbsp;&nbsp;<\/p>\n<p>L\u2019ouverture d\u2019esprit a \u00e9galement \u00e9t\u00e9 un th\u00e8me r\u00e9current : le cursus comprenait un aper\u00e7u approfondi des diff\u00e9rentes d\u00e9nominations chr\u00e9tiennes. \u00ab Apprendre \u00e0 les conna\u00eetre et \u00e0 appr\u00e9cier leur valeur m\u2019a beaucoup plu \u00bb, dit Rapha\u00ebl. Ce faisant, il a \u00e9galement appris \u00e0 appr\u00e9cier \u00e0 nouveau la valeur de la th\u00e9ologie anabaptiste, qui met l\u2019accent sur la paix et la justice.&nbsp;&nbsp;<\/p>\n<p>C\u2019est l\u2019une des raisons pour lesquelles il poursuit maintenant ses \u00e9tudes en Suisse. \u00ab J\u2019aimerais ainsi contribuer \u00e0 ce que la voix anabaptiste soit entendue dans le dialogue avec les autres d\u00e9nominations \u00bb, dit Rapha\u00ebl.&nbsp;&nbsp;<\/p>\n<p>Pour que tout le monde vous \u00e9coute, il est bon de monter un peu dans l\u2019\u00e9chelle acad\u00e9mique.&nbsp;<\/p>\n<h4>Pasteur jeunesse&nbsp;<\/h4>\n<p>En plus de ses \u00e9tudes, Rapha\u00ebl travaille depuis f\u00e9vrier comme pasteur pour les jeunes au sein de la CJMS. Alors que Maude et lui \u00e9taient encore \u00e0 Sydney, on lui a demand\u00e9 s\u2019il voulait s\u2019engager au sein de la commission jeunesse.&nbsp;&nbsp;<\/p>\n<p>\u00ab \u00c0 l&#8217;\u00e9poque, Maude et moi voulions plut\u00f4t nous engager pour le royaume de Dieu \u00e0 l&#8217;\u00e9tranger apr\u00e8s nos \u00e9tudes \u00bb, raconte Rapha\u00ebl. Il a donc refus\u00e9.&nbsp;&nbsp;<\/p>\n<p>Mais ensuite, ils ont de plus en plus remarqu\u00e9 qu&#8217;ils avaient envie de revenir en Suisse. Parall\u00e8lement, le d\u00e9sir de Rapha\u00ebl de continuer \u00e0 s\u2019occuper de th\u00e9ologie sur le plan professionnel a grandi au cours de ses \u00e9tudes.&nbsp;&nbsp;<\/p>\n<p>Concr\u00e8tement, il pensait s\u2019engager aupr\u00e8s des jeunes dans les \u00c9glises mennonites francophones (\u2026) D\u00e9sormais engag\u00e9 \u00e0 50 % dans l&#8217;organisation de jeunesse des mennonites suisses, le travail lui pla\u00eet bien (\u2026)&nbsp;<\/p>\n<p>Rapha\u00ebl est convaincu qu\u2019il vaut la peine d\u2019investir dans la jeunesse. Car, en fin de compte, ce sont les jeunes d\u2019aujourd\u2019hui qui feront avancer et progresser les \u00c9glises \u00e0 l\u2019avenir. De son point de vue, le travail de la CJMS vise donc aussi \u00e0 contribuer au maintien des mennonites en tant que mouvement d\u2019\u00c9glises. \u00ab Les anabaptistes et leur th\u00e9ologie de la paix sont n\u00e9cessaires pour la paix dans le monde. \u00bb&nbsp;<\/p>\n<p><em>-Simon Rindlisbacher&nbsp;<\/em><\/p>\n<hr>\n<h2>Cet article et le R\u00e9seau mennonite francophone &nbsp;<\/h2>\n<p>Les articles dans le cadre du R\u00e9seau mennonite francophone (RMF) peuvent para\u00eetre dans Christ Seul (France), Le Lien entre nous (AEFMQ &#8211; Qu\u00e9bec, Canada), sur le site de la Conf\u00e9rence Mennonite Suisse (<a href=\"http:\/\/menno.ch\">www.menno.ch<\/a>) et sur celui de la Conf\u00e9rence Mennonite Mondiale <a href=\"http:\/\/mwc-cmm.org\">(www.mwc-cmm.org<\/a>).&nbsp;<\/p>\n<p>Coordination de la publication des articles : Salom\u00e9 Haldemann&nbsp;<\/p>\n","protected":false},"excerpt":{"rendered":"<p>Rapha\u00ebl Burkhalter travaille depuis f\u00e9vrier 2023 comme pasteur jeunesse de la Commission de jeunesse mennonite suisse (CJMS). Futur th\u00e9ologien, il aime le bon caf\u00e9 et veut soutenir les jeunes mennonites de Suisse dans leur engagement au sein de leur \u00c9glise.&nbsp; \u00ab C\u2019est pour cela que nous nous sommes rencontr\u00e9s ici \u00bb, dit Rapha\u00ebl Burkhalter en [&hellip;]<\/p>\n","protected":false},"author":1,"featured_media":97893,"comment_status":"closed","ping_status":"closed","sticky":false,"template":"","format":"standard","meta":{"_acf_changed":false,"footnotes":""},"categories":[1],"tags":[],"network":[160],"eventcategory":[],"class_list":["post-8312","post","type-post","status-publish","format-standard","has-post-thumbnail","hentry","category-uncategorized","network-francophone-network"],"acf":[],"yoast_head":"<!-- This site is optimized with the Yoast SEO plugin v27.2 - https:\/\/yoast.com\/product\/yoast-seo-wordpress\/ -->\n<title>Investir dans la jeunesse, \u00e7a vaut la peine - Mennonite World Conference<\/title>\n<meta name=\"robots\" content=\"index, follow, max-snippet:-1, max-image-preview:large, max-video-preview:-1\" \/>\n<link rel=\"canonical\" href=\"https:\/\/mwc-cmm.org\/en\/stories\/investing-young-people-worth-it\/\" \/>\n<meta property=\"og:locale\" content=\"en_US\" \/>\n<meta property=\"og:type\" content=\"article\" \/>\n<meta property=\"og:title\" content=\"Investir dans la jeunesse, \u00e7a vaut la peine - Mennonite World Conference\" \/>\n<meta property=\"og:description\" content=\"Rapha\u00ebl Burkhalter travaille depuis f\u00e9vrier 2023 comme pasteur jeunesse de la Commission de jeunesse mennonite suisse (CJMS). Futur th\u00e9ologien, il aime le bon caf\u00e9 et veut soutenir les jeunes mennonites de Suisse dans leur engagement au sein de leur \u00c9glise.&nbsp; \u00ab C\u2019est pour cela que nous nous sommes rencontr\u00e9s ici \u00bb, dit Rapha\u00ebl Burkhalter en [&hellip;]\" \/>\n<meta property=\"og:url\" content=\"https:\/\/mwc-cmm.org\/en\/stories\/investing-young-people-worth-it\/\" \/>\n<meta property=\"og:site_name\" content=\"Mennonite World Conference\" \/>\n<meta property=\"article:publisher\" content=\"https:\/\/www.facebook.com\/MennoniteWorldConference\" \/>\n<meta property=\"article:published_time\" content=\"2024-02-27T00:00:00+00:00\" \/>\n<meta property=\"article:modified_time\" content=\"2024-12-09T17:18:39+00:00\" \/>\n<meta property=\"og:image\" content=\"https:\/\/mwc-cmm.org\/wp-content\/uploads\/2024\/11\/rmf-nov-23-dsc07189-scaled.jpg\" \/>\n\t<meta property=\"og:image:width\" content=\"2560\" \/>\n\t<meta property=\"og:image:height\" content=\"1440\" \/>\n\t<meta property=\"og:image:type\" content=\"image\/jpeg\" \/>\n<meta name=\"author\" content=\"mennworldcon\" \/>\n<script type=\"application\/ld+json\" class=\"yoast-schema-graph\">{\"@context\":\"https:\/\/schema.org\",\"@graph\":[{\"@type\":\"Article\",\"@id\":\"https:\/\/mwc-cmm.org\/en\/stories\/investing-young-people-worth-it\/#article\",\"isPartOf\":{\"@id\":\"https:\/\/mwc-cmm.org\/en\/stories\/investing-young-people-worth-it\/\"},\"author\":{\"name\":\"mennworldcon\",\"@id\":\"https:\/\/mwc-cmm.org\/en\/#\/schema\/person\/11f6ae0d7d1868ba20a1cc27f067c836\"},\"headline\":\"Investir dans la jeunesse, \u00e7a vaut la peine\",\"datePublished\":\"2024-02-27T00:00:00+00:00\",\"dateModified\":\"2024-12-09T17:18:39+00:00\",\"mainEntityOfPage\":{\"@id\":\"https:\/\/mwc-cmm.org\/en\/stories\/investing-young-people-worth-it\/\"},\"wordCount\":1075,\"publisher\":{\"@id\":\"https:\/\/mwc-cmm.org\/en\/#organization\"},\"image\":{\"@id\":\"https:\/\/mwc-cmm.org\/en\/stories\/investing-young-people-worth-it\/#primaryimage\"},\"thumbnailUrl\":\"https:\/\/mwc-cmm.org\/wp-content\/uploads\/2024\/11\/rmf-nov-23-dsc07189-scaled.jpg\",\"inLanguage\":\"en-US\"},{\"@type\":\"WebPage\",\"@id\":\"https:\/\/mwc-cmm.org\/en\/stories\/investing-young-people-worth-it\/\",\"url\":\"https:\/\/mwc-cmm.org\/en\/stories\/investing-young-people-worth-it\/\",\"name\":\"Investir dans la jeunesse, \u00e7a vaut la peine - Mennonite World Conference\",\"isPartOf\":{\"@id\":\"https:\/\/mwc-cmm.org\/en\/#website\"},\"primaryImageOfPage\":{\"@id\":\"https:\/\/mwc-cmm.org\/en\/stories\/investing-young-people-worth-it\/#primaryimage\"},\"image\":{\"@id\":\"https:\/\/mwc-cmm.org\/en\/stories\/investing-young-people-worth-it\/#primaryimage\"},\"thumbnailUrl\":\"https:\/\/mwc-cmm.org\/wp-content\/uploads\/2024\/11\/rmf-nov-23-dsc07189-scaled.jpg\",\"datePublished\":\"2024-02-27T00:00:00+00:00\",\"dateModified\":\"2024-12-09T17:18:39+00:00\",\"breadcrumb\":{\"@id\":\"https:\/\/mwc-cmm.org\/en\/stories\/investing-young-people-worth-it\/#breadcrumb\"},\"inLanguage\":\"en-US\",\"potentialAction\":[{\"@type\":\"ReadAction\",\"target\":[\"https:\/\/mwc-cmm.org\/en\/stories\/investing-young-people-worth-it\/\"]}]},{\"@type\":\"ImageObject\",\"inLanguage\":\"en-US\",\"@id\":\"https:\/\/mwc-cmm.org\/en\/stories\/investing-young-people-worth-it\/#primaryimage\",\"url\":\"https:\/\/mwc-cmm.org\/wp-content\/uploads\/2024\/11\/rmf-nov-23-dsc07189-scaled.jpg\",\"contentUrl\":\"https:\/\/mwc-cmm.org\/wp-content\/uploads\/2024\/11\/rmf-nov-23-dsc07189-scaled.jpg\",\"width\":2560,\"height\":1440},{\"@type\":\"BreadcrumbList\",\"@id\":\"https:\/\/mwc-cmm.org\/en\/stories\/investing-young-people-worth-it\/#breadcrumb\",\"itemListElement\":[{\"@type\":\"ListItem\",\"position\":1,\"name\":\"Home\",\"item\":\"https:\/\/mwc-cmm.org\/en\/\"},{\"@type\":\"ListItem\",\"position\":2,\"name\":\"Investir dans la jeunesse, \u00e7a vaut la peine\"}]},{\"@type\":\"WebSite\",\"@id\":\"https:\/\/mwc-cmm.org\/en\/#website\",\"url\":\"https:\/\/mwc-cmm.org\/en\/\",\"name\":\"Mennonite World Conference\",\"description\":\"A communion of Anabaptist-related churches\",\"publisher\":{\"@id\":\"https:\/\/mwc-cmm.org\/en\/#organization\"},\"alternateName\":\"MWC\",\"potentialAction\":[{\"@type\":\"SearchAction\",\"target\":{\"@type\":\"EntryPoint\",\"urlTemplate\":\"https:\/\/mwc-cmm.org\/en\/?s={search_term_string}\"},\"query-input\":{\"@type\":\"PropertyValueSpecification\",\"valueRequired\":true,\"valueName\":\"search_term_string\"}}],\"inLanguage\":\"en-US\"},{\"@type\":\"Organization\",\"@id\":\"https:\/\/mwc-cmm.org\/en\/#organization\",\"name\":\"Mennonite World Conference\",\"alternateName\":\"MWC\",\"url\":\"https:\/\/mwc-cmm.org\/en\/\",\"logo\":{\"@type\":\"ImageObject\",\"inLanguage\":\"en-US\",\"@id\":\"https:\/\/mwc-cmm.org\/en\/#\/schema\/logo\/image\/\",\"url\":\"https:\/\/mwc-cmm.org\/wp-content\/uploads\/2026\/01\/MWC_Sig_Blue_Horiz_webheader1-logo.svg\",\"contentUrl\":\"https:\/\/mwc-cmm.org\/wp-content\/uploads\/2026\/01\/MWC_Sig_Blue_Horiz_webheader1-logo.svg\",\"width\":786,\"height\":82,\"caption\":\"Mennonite World Conference\"},\"image\":{\"@id\":\"https:\/\/mwc-cmm.org\/en\/#\/schema\/logo\/image\/\"},\"sameAs\":[\"https:\/\/www.facebook.com\/MennoniteWorldConference\",\"https:\/\/www.linkedin.com\/company\/mennonite-world-conference-mwc\/\",\"https:\/\/www.instagram.com\/mwcmm\/\",\"https:\/\/www.youtube.com\/user\/mwccmm\",\"https:\/\/bsky.app\/profile\/mwcmm.bsky.social\"]},{\"@type\":\"Person\",\"@id\":\"https:\/\/mwc-cmm.org\/en\/#\/schema\/person\/11f6ae0d7d1868ba20a1cc27f067c836\",\"name\":\"mennworldcon\",\"image\":{\"@type\":\"ImageObject\",\"inLanguage\":\"en-US\",\"@id\":\"https:\/\/secure.gravatar.com\/avatar\/06fdc0dc81c157dfdb82ec42f252178a22307808988d22c043f9eb96f1e0fe80?s=96&d=mm&r=g\",\"url\":\"https:\/\/secure.gravatar.com\/avatar\/06fdc0dc81c157dfdb82ec42f252178a22307808988d22c043f9eb96f1e0fe80?s=96&d=mm&r=g\",\"contentUrl\":\"https:\/\/secure.gravatar.com\/avatar\/06fdc0dc81c157dfdb82ec42f252178a22307808988d22c043f9eb96f1e0fe80?s=96&d=mm&r=g\",\"caption\":\"mennworldcon\"},\"sameAs\":[\"https:\/\/mwc-cmm.org\"],\"url\":\"https:\/\/mwc-cmm.org\/en\/stories\/author\/mennworldcon\/\"}]}<\/script>\n<!-- \/ Yoast SEO plugin. -->","yoast_head_json":{"title":"Investir dans la jeunesse, \u00e7a vaut la peine - Mennonite World Conference","robots":{"index":"index","follow":"follow","max-snippet":"max-snippet:-1","max-image-preview":"max-image-preview:large","max-video-preview":"max-video-preview:-1"},"canonical":"https:\/\/mwc-cmm.org\/en\/stories\/investing-young-people-worth-it\/","og_locale":"en_US","og_type":"article","og_title":"Investir dans la jeunesse, \u00e7a vaut la peine - Mennonite World Conference","og_description":"Rapha\u00ebl Burkhalter travaille depuis f\u00e9vrier 2023 comme pasteur jeunesse de la Commission de jeunesse mennonite suisse (CJMS). Futur th\u00e9ologien, il aime le bon caf\u00e9 et veut soutenir les jeunes mennonites de Suisse dans leur engagement au sein de leur \u00c9glise.&nbsp; \u00ab C\u2019est pour cela que nous nous sommes rencontr\u00e9s ici \u00bb, dit Rapha\u00ebl Burkhalter en [&hellip;]","og_url":"https:\/\/mwc-cmm.org\/en\/stories\/investing-young-people-worth-it\/","og_site_name":"Mennonite World Conference","article_publisher":"https:\/\/www.facebook.com\/MennoniteWorldConference","article_published_time":"2024-02-27T00:00:00+00:00","article_modified_time":"2024-12-09T17:18:39+00:00","og_image":[{"width":2560,"height":1440,"url":"https:\/\/mwc-cmm.org\/wp-content\/uploads\/2024\/11\/rmf-nov-23-dsc07189-scaled.jpg","type":"image\/jpeg"}],"author":"mennworldcon","schema":{"@context":"https:\/\/schema.org","@graph":[{"@type":"Article","@id":"https:\/\/mwc-cmm.org\/en\/stories\/investing-young-people-worth-it\/#article","isPartOf":{"@id":"https:\/\/mwc-cmm.org\/en\/stories\/investing-young-people-worth-it\/"},"author":{"name":"mennworldcon","@id":"https:\/\/mwc-cmm.org\/en\/#\/schema\/person\/11f6ae0d7d1868ba20a1cc27f067c836"},"headline":"Investir dans la jeunesse, \u00e7a vaut la peine","datePublished":"2024-02-27T00:00:00+00:00","dateModified":"2024-12-09T17:18:39+00:00","mainEntityOfPage":{"@id":"https:\/\/mwc-cmm.org\/en\/stories\/investing-young-people-worth-it\/"},"wordCount":1075,"publisher":{"@id":"https:\/\/mwc-cmm.org\/en\/#organization"},"image":{"@id":"https:\/\/mwc-cmm.org\/en\/stories\/investing-young-people-worth-it\/#primaryimage"},"thumbnailUrl":"https:\/\/mwc-cmm.org\/wp-content\/uploads\/2024\/11\/rmf-nov-23-dsc07189-scaled.jpg","inLanguage":"en-US"},{"@type":"WebPage","@id":"https:\/\/mwc-cmm.org\/en\/stories\/investing-young-people-worth-it\/","url":"https:\/\/mwc-cmm.org\/en\/stories\/investing-young-people-worth-it\/","name":"Investir dans la jeunesse, \u00e7a vaut la peine - Mennonite World Conference","isPartOf":{"@id":"https:\/\/mwc-cmm.org\/en\/#website"},"primaryImageOfPage":{"@id":"https:\/\/mwc-cmm.org\/en\/stories\/investing-young-people-worth-it\/#primaryimage"},"image":{"@id":"https:\/\/mwc-cmm.org\/en\/stories\/investing-young-people-worth-it\/#primaryimage"},"thumbnailUrl":"https:\/\/mwc-cmm.org\/wp-content\/uploads\/2024\/11\/rmf-nov-23-dsc07189-scaled.jpg","datePublished":"2024-02-27T00:00:00+00:00","dateModified":"2024-12-09T17:18:39+00:00","breadcrumb":{"@id":"https:\/\/mwc-cmm.org\/en\/stories\/investing-young-people-worth-it\/#breadcrumb"},"inLanguage":"en-US","potentialAction":[{"@type":"ReadAction","target":["https:\/\/mwc-cmm.org\/en\/stories\/investing-young-people-worth-it\/"]}]},{"@type":"ImageObject","inLanguage":"en-US","@id":"https:\/\/mwc-cmm.org\/en\/stories\/investing-young-people-worth-it\/#primaryimage","url":"https:\/\/mwc-cmm.org\/wp-content\/uploads\/2024\/11\/rmf-nov-23-dsc07189-scaled.jpg","contentUrl":"https:\/\/mwc-cmm.org\/wp-content\/uploads\/2024\/11\/rmf-nov-23-dsc07189-scaled.jpg","width":2560,"height":1440},{"@type":"BreadcrumbList","@id":"https:\/\/mwc-cmm.org\/en\/stories\/investing-young-people-worth-it\/#breadcrumb","itemListElement":[{"@type":"ListItem","position":1,"name":"Home","item":"https:\/\/mwc-cmm.org\/en\/"},{"@type":"ListItem","position":2,"name":"Investir dans la jeunesse, \u00e7a vaut la peine"}]},{"@type":"WebSite","@id":"https:\/\/mwc-cmm.org\/en\/#website","url":"https:\/\/mwc-cmm.org\/en\/","name":"Mennonite World Conference","description":"A communion of Anabaptist-related churches","publisher":{"@id":"https:\/\/mwc-cmm.org\/en\/#organization"},"alternateName":"MWC","potentialAction":[{"@type":"SearchAction","target":{"@type":"EntryPoint","urlTemplate":"https:\/\/mwc-cmm.org\/en\/?s={search_term_string}"},"query-input":{"@type":"PropertyValueSpecification","valueRequired":true,"valueName":"search_term_string"}}],"inLanguage":"en-US"},{"@type":"Organization","@id":"https:\/\/mwc-cmm.org\/en\/#organization","name":"Mennonite World Conference","alternateName":"MWC","url":"https:\/\/mwc-cmm.org\/en\/","logo":{"@type":"ImageObject","inLanguage":"en-US","@id":"https:\/\/mwc-cmm.org\/en\/#\/schema\/logo\/image\/","url":"https:\/\/mwc-cmm.org\/wp-content\/uploads\/2026\/01\/MWC_Sig_Blue_Horiz_webheader1-logo.svg","contentUrl":"https:\/\/mwc-cmm.org\/wp-content\/uploads\/2026\/01\/MWC_Sig_Blue_Horiz_webheader1-logo.svg","width":786,"height":82,"caption":"Mennonite World Conference"},"image":{"@id":"https:\/\/mwc-cmm.org\/en\/#\/schema\/logo\/image\/"},"sameAs":["https:\/\/www.facebook.com\/MennoniteWorldConference","https:\/\/www.linkedin.com\/company\/mennonite-world-conference-mwc\/","https:\/\/www.instagram.com\/mwcmm\/","https:\/\/www.youtube.com\/user\/mwccmm","https:\/\/bsky.app\/profile\/mwcmm.bsky.social"]},{"@type":"Person","@id":"https:\/\/mwc-cmm.org\/en\/#\/schema\/person\/11f6ae0d7d1868ba20a1cc27f067c836","name":"mennworldcon","image":{"@type":"ImageObject","inLanguage":"en-US","@id":"https:\/\/secure.gravatar.com\/avatar\/06fdc0dc81c157dfdb82ec42f252178a22307808988d22c043f9eb96f1e0fe80?s=96&d=mm&r=g","url":"https:\/\/secure.gravatar.com\/avatar\/06fdc0dc81c157dfdb82ec42f252178a22307808988d22c043f9eb96f1e0fe80?s=96&d=mm&r=g","contentUrl":"https:\/\/secure.gravatar.com\/avatar\/06fdc0dc81c157dfdb82ec42f252178a22307808988d22c043f9eb96f1e0fe80?s=96&d=mm&r=g","caption":"mennworldcon"},"sameAs":["https:\/\/mwc-cmm.org"],"url":"https:\/\/mwc-cmm.org\/en\/stories\/author\/mennworldcon\/"}]}},"_links":{"self":[{"href":"https:\/\/mwc-cmm.org\/en\/wp-json\/wp\/v2\/posts\/8312","targetHints":{"allow":["GET"]}}],"collection":[{"href":"https:\/\/mwc-cmm.org\/en\/wp-json\/wp\/v2\/posts"}],"about":[{"href":"https:\/\/mwc-cmm.org\/en\/wp-json\/wp\/v2\/types\/post"}],"author":[{"embeddable":true,"href":"https:\/\/mwc-cmm.org\/en\/wp-json\/wp\/v2\/users\/1"}],"replies":[{"embeddable":true,"href":"https:\/\/mwc-cmm.org\/en\/wp-json\/wp\/v2\/comments?post=8312"}],"version-history":[{"count":0,"href":"https:\/\/mwc-cmm.org\/en\/wp-json\/wp\/v2\/posts\/8312\/revisions"}],"wp:featuredmedia":[{"embeddable":true,"href":"https:\/\/mwc-cmm.org\/en\/wp-json\/wp\/v2\/media\/97893"}],"wp:attachment":[{"href":"https:\/\/mwc-cmm.org\/en\/wp-json\/wp\/v2\/media?parent=8312"}],"wp:term":[{"taxonomy":"category","embeddable":true,"href":"https:\/\/mwc-cmm.org\/en\/wp-json\/wp\/v2\/categories?post=8312"},{"taxonomy":"post_tag","embeddable":true,"href":"https:\/\/mwc-cmm.org\/en\/wp-json\/wp\/v2\/tags?post=8312"},{"taxonomy":"network","embeddable":true,"href":"https:\/\/mwc-cmm.org\/en\/wp-json\/wp\/v2\/network?post=8312"},{"taxonomy":"eventcategory","embeddable":true,"href":"https:\/\/mwc-cmm.org\/en\/wp-json\/wp\/v2\/eventcategory?post=8312"}],"curies":[{"name":"wp","href":"https:\/\/api.w.org\/{rel}","templated":true}]}}