{"id":8307,"date":"2020-01-01T00:00:00","date_gmt":"2020-01-01T00:00:00","guid":{"rendered":"https:\/\/mwc-cmm.org\/garder-la-foi-face-a-la-maladie-2\/"},"modified":"2024-12-09T17:18:36","modified_gmt":"2024-12-09T17:18:36","slug":"keeping-faith-face-illness","status":"publish","type":"post","link":"https:\/\/mwc-cmm.org\/en\/stories\/keeping-faith-face-illness\/","title":{"rendered":"Garder la foi face \u00e0 la maladie"},"content":{"rendered":"<p><em>Face \u00e0 la maladie grave, on entend parfois le t\u00e9moignage de personnes ayant v\u00e9cu une gu\u00e9rison. Il est plus rare d\u2019entendre une personne gravement malade parler de son combat contre la maladie et du combat de la foi. Michel Kempf ose d\u00e9crire son cheminement au coeur de la maladie. T\u00e9moignage.<\/em><\/p>\n<p>Quand la maladie grave s\u2019invite dans mon univers bien ordonn\u00e9, quand l\u2019horizon de mes projets d\u2019avenir se r\u00e9duit brusquement, toutes mes certitudes sont \u00e9branl\u00e9es, une foule de questions se bousculent dans mon esprit&#8230;<\/p>\n<p>D\u2019abord, c\u2019est la stupeur et l\u2019incompr\u00e9hension : on a du mal \u00e0 r\u00e9aliser ce qui est en train de se passer ; on s\u2019enferme, on \u00e9coute, on cherche d\u00e9sesp\u00e9r\u00e9ment \u00e0 retrouver ses marques. Puis viennent la r\u00e9volte et un grand sentiment d\u2019injustice : pourquoi Dieu m\u2019impose-t-il cela \u00e0 moi ?<\/p>\n<h4>PEURS<\/h4>\n<p>Mes peurs sont aussi tr\u00e8s pr\u00e9sentes : peur face \u00e0 la duret\u00e9 des traitements \u00e0 venir, peur du silence de ma chambre, peur de flancher dans ma foi face \u00e0 cette mort soudain si proche ; peur aussi du regard des autres, de n\u2019\u00eatre plus consid\u00e9r\u00e9 comme une personne, mais d\u2019\u00eatre r\u00e9duit \u00e0 ma maladie dans l\u2019esprit de l\u2019autre ; peur enfin de ne plus me sentir utile pour ma famille et mon entourage.<\/p>\n<p>Mon cri s\u2019\u00e9l\u00e8ve vers Dieu, plus vrai et plus profond qu\u2019il ne l\u2019a jamais \u00e9t\u00e9 auparavant. En communion avec de nombreuses personnes, je prie pour ma gu\u00e9rison.<\/p>\n<p>Puis vient le temps des r\u00e9ponses.<\/p>\n<h4>LE COURAGE C&nbsp;MME LA MANNE, AUJOUR LE JOUR<\/h4>\n<p>Je d\u00e9couvre que vaincre la maladie, gu\u00e9rir, ce n\u2019est pas uniquement retrouver ma sant\u00e9. Pour avoir la foi, il me faut d\u2019abord gagner sur le terrain de mes pens\u00e9es et de mes sentiments. Il me faut me rappeler que la souffrance, la maladie et la mort sont l\u2019h\u00e9ritage du p\u00e9ch\u00e9 pour tous les hommes. Pourquoi y ferais -je exception ? Je dois aussi me rappeler que le Patron de ma vie tient celle-ci bien en main, malgr\u00e9 les apparences pr\u00e9sentes. Dieu conna\u00eet notre souffrance, car, par la personne de J\u00e9sus-Christ qui a go\u00fbt\u00e9 la souffrance la plus cruelle, il sait par o\u00f9 nous passons (H\u00e9 4.15). Cette \u00e9preuve qui perdure me fait d\u00e9couvrir que Dieu me donnera finalement le courage n\u00e9cessaire au jour le jour, comme une manne dans le d\u00e9sert (Ex 16). Cette \u00e9preuve me permet d\u2019accepter que Dieu est Dieu et que je dois m\u2019incliner devant sa souverainet\u00e9. Pour moi, c\u2019est un r\u00e9el combat de foi de garder confiance, quelle que soit la r\u00e9ponse qu\u2019il donnera, \u00e0 la vie ou \u00e0 la mort. Mais c\u2019est un d\u00e9fi que je veux relever ! On a toujours le choix de la foi. Dieu m\u2019am\u00e8ne \u00e0 comprendre que, si J\u00e9sus a appris l\u2019ob\u00e9issance ultime par ses souffrances (H\u00e9 5.8), moi aussi je dois me plier \u00e0 cette discipline.<\/p>\n<h4>ESPERANCE DE LA RESURRECTION<\/h4>\n<p>Discipline de la pri\u00e8re aussi, o\u00f9 je d\u00e9couvre que l\u2019esp\u00e9rance de la r\u00e9surrection tient une place bien plus importante qu\u2019auparavant dans ma vie. Progressivement, m\u00eame au fond du trou, dans mes douleurs, je fais l\u2019exp\u00e9rience de cette paix que Dieu seul peut donner (Ph 4.7), o\u00f9 mes peurs s\u2019estompent peu \u00e0 peu. Quelle beaut\u00e9 aussi de lire ou d\u2019\u00e9couter, lus par mon \u00e9pouse, les psaumes, t\u00e9moignages des temps de crise du juste !<\/p>\n<p>Dieu m\u2019accorde des sursis. Et la vie doit continuer&#8230;<\/p>\n<h4>POUR QUOI ? POUR QUOI ?<\/h4>\n<p>Face \u00e0 ma peur de la solitude et d\u2019\u00eatre enferm\u00e9 dans ma maladie, malgr\u00e9 ma r\u00e9ticence aux visites et aux appels t\u00e9l\u00e9phoniques \u00e0 cause des fatigues engendr\u00e9es, je fais le choix d\u2019une correspondance intensive par Internet. Pour dire ma souffrance, pour partager mon parcours, j\u2019ai fait d\u2019office le choix d\u2019oser exprimer ce que je vis comme je le vis. Et que de r\u00e9ponses ! M\u00eame si certains m\u2019imposent leurs consolations faciles, leurs solutions pr\u00eates \u00e0 l\u2019emploi, leurs sentiments et leurs convictions, j\u2019ai v\u00e9cu avec beaucoup d\u2019autres, avec le personnel soignant aussi, des moments de relation vraie, empreints de ce respect et de cette \u00e9coute inconditionnels dont j\u2019avais besoin pour survivre.<\/p>\n<p>Dieu m\u2019a appris \u00e0 transformer tous mes \u00ab pourquoi \u00bb (warum ?), en \u00ab pour quoi \u00bb (wozu ?). Tout cela a un sens : l\u2019\u00e9preuve a enrichi ma vie ; elle m\u2019aide dans mon t\u00e9moignage ; elle transforme ma relation avec Dieu et avec les autres.<\/p>\n<h4>CHOIX<\/h4>\n<p>Malgr\u00e9 une deuxi\u00e8me rechute de la leuc\u00e9mie qui me laisse partiellement parapl\u00e9gique depuis quelques mois, Dieu me laisse assez de forces pour me garder combatif, ne pas trop d\u00e9pendre de mon \u00e9pouse et avoir encore quelque chose \u00e0 donner \u00e0 ma communaut\u00e9. C\u2019est un nouveau d\u00e9fi ! Dieu sait que j\u2019aurais trop de mal \u00e0 me d\u00e9pouiller compl\u00e8tement de mon faire pour ne plus qu\u2019\u00eatre. Il sait que mon bonheur s\u2019appuie encore bien trop sur mes activit\u00e9s, et il respecte cela. Je veux le suivre dans la paix et la louange de ce qu\u2019il est rest\u00e9 dans ma vie. M\u00eame au plus profond de la souffrance, comme le pauvre Job, on a toujours le choix de regarder \u00e0 Dieu ou \u00e0 soi-m\u00eame, d\u2019\u00eatre heureux ou malheureux, au lieu de se plaindre. C\u2019est ce choix qui constitue la foi.<\/p>\n<p>\u2014<em>MICHEL KEMPF Eglise de la Ruche, Saint-Louis, ancien<\/em><\/p>\n<h4>PRESENTATION EN BREF<\/h4>\n<p>P\u00e8re de quatre enfants de 22 \u00e0 27 ans, Michel Kempf, entour\u00e9 de son \u00e9pouse Esther, est ancien de l\u2019Eglise de la Ruche \u00e0 Saint-Louis. Depuis No\u00ebl 2013, \u00e0 l\u2019\u00e2ge de 52 ans, il se bat contre une leuc\u00e9mie aigu\u00eb monocytaire (LAM). Les No\u00ebls suivants, il subira encore deux rechutes. Mais la lutte continue&#8230;<\/p>\n","protected":false},"excerpt":{"rendered":"<p>Face \u00e0 la maladie grave, on entend parfois le t\u00e9moignage de personnes ayant v\u00e9cu une gu\u00e9rison. Il est plus rare d\u2019entendre une personne gravement malade parler de son combat contre la maladie et du combat de la foi. Michel Kempf ose d\u00e9crire son cheminement au coeur de la maladie. T\u00e9moignage. Quand la maladie grave s\u2019invite [&hellip;]<\/p>\n","protected":false},"author":1,"featured_media":6234,"comment_status":"closed","ping_status":"closed","sticky":false,"template":"","format":"standard","meta":{"_acf_changed":false,"footnotes":""},"categories":[1],"tags":[],"network":[160],"eventcategory":[],"class_list":["post-8307","post","type-post","status-publish","format-standard","has-post-thumbnail","hentry","category-uncategorized","network-francophone-network"],"acf":[],"yoast_head":"<!-- This site is optimized with the Yoast SEO plugin v27.2 - https:\/\/yoast.com\/product\/yoast-seo-wordpress\/ -->\n<title>Garder la foi face \u00e0 la maladie - Mennonite World Conference<\/title>\n<meta name=\"robots\" content=\"index, follow, max-snippet:-1, max-image-preview:large, max-video-preview:-1\" \/>\n<link rel=\"canonical\" href=\"https:\/\/mwc-cmm.org\/en\/stories\/keeping-faith-face-illness\/\" \/>\n<meta property=\"og:locale\" content=\"en_US\" \/>\n<meta property=\"og:type\" content=\"article\" \/>\n<meta property=\"og:title\" content=\"Garder la foi face \u00e0 la maladie - Mennonite World Conference\" \/>\n<meta property=\"og:description\" content=\"Face \u00e0 la maladie grave, on entend parfois le t\u00e9moignage de personnes ayant v\u00e9cu une gu\u00e9rison. Il est plus rare d\u2019entendre une personne gravement malade parler de son combat contre la maladie et du combat de la foi. Michel Kempf ose d\u00e9crire son cheminement au coeur de la maladie. T\u00e9moignage. Quand la maladie grave s\u2019invite [&hellip;]\" \/>\n<meta property=\"og:url\" content=\"https:\/\/mwc-cmm.org\/en\/stories\/keeping-faith-face-illness\/\" \/>\n<meta property=\"og:site_name\" content=\"Mennonite World Conference\" \/>\n<meta property=\"article:publisher\" content=\"https:\/\/www.facebook.com\/MennoniteWorldConference\" \/>\n<meta property=\"article:published_time\" content=\"2020-01-01T00:00:00+00:00\" \/>\n<meta property=\"article:modified_time\" content=\"2024-12-09T17:18:36+00:00\" \/>\n<meta property=\"og:image\" content=\"https:\/\/mwc-cmm.org\/wp-content\/uploads\/2024\/10\/rmf.jpg\" \/>\n\t<meta property=\"og:image:width\" content=\"2000\" \/>\n\t<meta property=\"og:image:height\" content=\"2000\" \/>\n\t<meta property=\"og:image:type\" content=\"image\/jpeg\" \/>\n<meta name=\"author\" content=\"mennworldcon\" \/>\n<script type=\"application\/ld+json\" class=\"yoast-schema-graph\">{\"@context\":\"https:\/\/schema.org\",\"@graph\":[{\"@type\":\"Article\",\"@id\":\"https:\/\/mwc-cmm.org\/en\/stories\/keeping-faith-face-illness\/#article\",\"isPartOf\":{\"@id\":\"https:\/\/mwc-cmm.org\/en\/stories\/keeping-faith-face-illness\/\"},\"author\":{\"name\":\"mennworldcon\",\"@id\":\"https:\/\/mwc-cmm.org\/en\/#\/schema\/person\/11f6ae0d7d1868ba20a1cc27f067c836\"},\"headline\":\"Garder la foi face \u00e0 la maladie\",\"datePublished\":\"2020-01-01T00:00:00+00:00\",\"dateModified\":\"2024-12-09T17:18:36+00:00\",\"mainEntityOfPage\":{\"@id\":\"https:\/\/mwc-cmm.org\/en\/stories\/keeping-faith-face-illness\/\"},\"wordCount\":994,\"publisher\":{\"@id\":\"https:\/\/mwc-cmm.org\/en\/#organization\"},\"image\":{\"@id\":\"https:\/\/mwc-cmm.org\/en\/stories\/keeping-faith-face-illness\/#primaryimage\"},\"thumbnailUrl\":\"https:\/\/mwc-cmm.org\/wp-content\/uploads\/2024\/10\/rmf.jpg\",\"inLanguage\":\"en-US\"},{\"@type\":\"WebPage\",\"@id\":\"https:\/\/mwc-cmm.org\/en\/stories\/keeping-faith-face-illness\/\",\"url\":\"https:\/\/mwc-cmm.org\/en\/stories\/keeping-faith-face-illness\/\",\"name\":\"Garder la foi face \u00e0 la maladie - Mennonite World Conference\",\"isPartOf\":{\"@id\":\"https:\/\/mwc-cmm.org\/en\/#website\"},\"primaryImageOfPage\":{\"@id\":\"https:\/\/mwc-cmm.org\/en\/stories\/keeping-faith-face-illness\/#primaryimage\"},\"image\":{\"@id\":\"https:\/\/mwc-cmm.org\/en\/stories\/keeping-faith-face-illness\/#primaryimage\"},\"thumbnailUrl\":\"https:\/\/mwc-cmm.org\/wp-content\/uploads\/2024\/10\/rmf.jpg\",\"datePublished\":\"2020-01-01T00:00:00+00:00\",\"dateModified\":\"2024-12-09T17:18:36+00:00\",\"breadcrumb\":{\"@id\":\"https:\/\/mwc-cmm.org\/en\/stories\/keeping-faith-face-illness\/#breadcrumb\"},\"inLanguage\":\"en-US\",\"potentialAction\":[{\"@type\":\"ReadAction\",\"target\":[\"https:\/\/mwc-cmm.org\/en\/stories\/keeping-faith-face-illness\/\"]}]},{\"@type\":\"ImageObject\",\"inLanguage\":\"en-US\",\"@id\":\"https:\/\/mwc-cmm.org\/en\/stories\/keeping-faith-face-illness\/#primaryimage\",\"url\":\"https:\/\/mwc-cmm.org\/wp-content\/uploads\/2024\/10\/rmf.jpg\",\"contentUrl\":\"https:\/\/mwc-cmm.org\/wp-content\/uploads\/2024\/10\/rmf.jpg\",\"width\":2000,\"height\":2000},{\"@type\":\"BreadcrumbList\",\"@id\":\"https:\/\/mwc-cmm.org\/en\/stories\/keeping-faith-face-illness\/#breadcrumb\",\"itemListElement\":[{\"@type\":\"ListItem\",\"position\":1,\"name\":\"Home\",\"item\":\"https:\/\/mwc-cmm.org\/en\/\"},{\"@type\":\"ListItem\",\"position\":2,\"name\":\"Garder la foi face \u00e0 la maladie\"}]},{\"@type\":\"WebSite\",\"@id\":\"https:\/\/mwc-cmm.org\/en\/#website\",\"url\":\"https:\/\/mwc-cmm.org\/en\/\",\"name\":\"Mennonite World Conference\",\"description\":\"A communion of Anabaptist-related churches\",\"publisher\":{\"@id\":\"https:\/\/mwc-cmm.org\/en\/#organization\"},\"alternateName\":\"MWC\",\"potentialAction\":[{\"@type\":\"SearchAction\",\"target\":{\"@type\":\"EntryPoint\",\"urlTemplate\":\"https:\/\/mwc-cmm.org\/en\/?s={search_term_string}\"},\"query-input\":{\"@type\":\"PropertyValueSpecification\",\"valueRequired\":true,\"valueName\":\"search_term_string\"}}],\"inLanguage\":\"en-US\"},{\"@type\":\"Organization\",\"@id\":\"https:\/\/mwc-cmm.org\/en\/#organization\",\"name\":\"Mennonite World Conference\",\"alternateName\":\"MWC\",\"url\":\"https:\/\/mwc-cmm.org\/en\/\",\"logo\":{\"@type\":\"ImageObject\",\"inLanguage\":\"en-US\",\"@id\":\"https:\/\/mwc-cmm.org\/en\/#\/schema\/logo\/image\/\",\"url\":\"https:\/\/mwc-cmm.org\/wp-content\/uploads\/2026\/01\/MWC_Sig_Blue_Horiz_webheader1-logo.svg\",\"contentUrl\":\"https:\/\/mwc-cmm.org\/wp-content\/uploads\/2026\/01\/MWC_Sig_Blue_Horiz_webheader1-logo.svg\",\"width\":786,\"height\":82,\"caption\":\"Mennonite World Conference\"},\"image\":{\"@id\":\"https:\/\/mwc-cmm.org\/en\/#\/schema\/logo\/image\/\"},\"sameAs\":[\"https:\/\/www.facebook.com\/MennoniteWorldConference\",\"https:\/\/www.linkedin.com\/company\/mennonite-world-conference-mwc\/\",\"https:\/\/www.instagram.com\/mwcmm\/\",\"https:\/\/www.youtube.com\/user\/mwccmm\",\"https:\/\/bsky.app\/profile\/mwcmm.bsky.social\"]},{\"@type\":\"Person\",\"@id\":\"https:\/\/mwc-cmm.org\/en\/#\/schema\/person\/11f6ae0d7d1868ba20a1cc27f067c836\",\"name\":\"mennworldcon\",\"image\":{\"@type\":\"ImageObject\",\"inLanguage\":\"en-US\",\"@id\":\"https:\/\/secure.gravatar.com\/avatar\/06fdc0dc81c157dfdb82ec42f252178a22307808988d22c043f9eb96f1e0fe80?s=96&d=mm&r=g\",\"url\":\"https:\/\/secure.gravatar.com\/avatar\/06fdc0dc81c157dfdb82ec42f252178a22307808988d22c043f9eb96f1e0fe80?s=96&d=mm&r=g\",\"contentUrl\":\"https:\/\/secure.gravatar.com\/avatar\/06fdc0dc81c157dfdb82ec42f252178a22307808988d22c043f9eb96f1e0fe80?s=96&d=mm&r=g\",\"caption\":\"mennworldcon\"},\"sameAs\":[\"https:\/\/mwc-cmm.org\"],\"url\":\"https:\/\/mwc-cmm.org\/en\/stories\/author\/mennworldcon\/\"}]}<\/script>\n<!-- \/ Yoast SEO plugin. -->","yoast_head_json":{"title":"Garder la foi face \u00e0 la maladie - Mennonite World Conference","robots":{"index":"index","follow":"follow","max-snippet":"max-snippet:-1","max-image-preview":"max-image-preview:large","max-video-preview":"max-video-preview:-1"},"canonical":"https:\/\/mwc-cmm.org\/en\/stories\/keeping-faith-face-illness\/","og_locale":"en_US","og_type":"article","og_title":"Garder la foi face \u00e0 la maladie - Mennonite World Conference","og_description":"Face \u00e0 la maladie grave, on entend parfois le t\u00e9moignage de personnes ayant v\u00e9cu une gu\u00e9rison. Il est plus rare d\u2019entendre une personne gravement malade parler de son combat contre la maladie et du combat de la foi. Michel Kempf ose d\u00e9crire son cheminement au coeur de la maladie. T\u00e9moignage. Quand la maladie grave s\u2019invite [&hellip;]","og_url":"https:\/\/mwc-cmm.org\/en\/stories\/keeping-faith-face-illness\/","og_site_name":"Mennonite World Conference","article_publisher":"https:\/\/www.facebook.com\/MennoniteWorldConference","article_published_time":"2020-01-01T00:00:00+00:00","article_modified_time":"2024-12-09T17:18:36+00:00","og_image":[{"width":2000,"height":2000,"url":"https:\/\/mwc-cmm.org\/wp-content\/uploads\/2024\/10\/rmf.jpg","type":"image\/jpeg"}],"author":"mennworldcon","schema":{"@context":"https:\/\/schema.org","@graph":[{"@type":"Article","@id":"https:\/\/mwc-cmm.org\/en\/stories\/keeping-faith-face-illness\/#article","isPartOf":{"@id":"https:\/\/mwc-cmm.org\/en\/stories\/keeping-faith-face-illness\/"},"author":{"name":"mennworldcon","@id":"https:\/\/mwc-cmm.org\/en\/#\/schema\/person\/11f6ae0d7d1868ba20a1cc27f067c836"},"headline":"Garder la foi face \u00e0 la maladie","datePublished":"2020-01-01T00:00:00+00:00","dateModified":"2024-12-09T17:18:36+00:00","mainEntityOfPage":{"@id":"https:\/\/mwc-cmm.org\/en\/stories\/keeping-faith-face-illness\/"},"wordCount":994,"publisher":{"@id":"https:\/\/mwc-cmm.org\/en\/#organization"},"image":{"@id":"https:\/\/mwc-cmm.org\/en\/stories\/keeping-faith-face-illness\/#primaryimage"},"thumbnailUrl":"https:\/\/mwc-cmm.org\/wp-content\/uploads\/2024\/10\/rmf.jpg","inLanguage":"en-US"},{"@type":"WebPage","@id":"https:\/\/mwc-cmm.org\/en\/stories\/keeping-faith-face-illness\/","url":"https:\/\/mwc-cmm.org\/en\/stories\/keeping-faith-face-illness\/","name":"Garder la foi face \u00e0 la maladie - Mennonite World Conference","isPartOf":{"@id":"https:\/\/mwc-cmm.org\/en\/#website"},"primaryImageOfPage":{"@id":"https:\/\/mwc-cmm.org\/en\/stories\/keeping-faith-face-illness\/#primaryimage"},"image":{"@id":"https:\/\/mwc-cmm.org\/en\/stories\/keeping-faith-face-illness\/#primaryimage"},"thumbnailUrl":"https:\/\/mwc-cmm.org\/wp-content\/uploads\/2024\/10\/rmf.jpg","datePublished":"2020-01-01T00:00:00+00:00","dateModified":"2024-12-09T17:18:36+00:00","breadcrumb":{"@id":"https:\/\/mwc-cmm.org\/en\/stories\/keeping-faith-face-illness\/#breadcrumb"},"inLanguage":"en-US","potentialAction":[{"@type":"ReadAction","target":["https:\/\/mwc-cmm.org\/en\/stories\/keeping-faith-face-illness\/"]}]},{"@type":"ImageObject","inLanguage":"en-US","@id":"https:\/\/mwc-cmm.org\/en\/stories\/keeping-faith-face-illness\/#primaryimage","url":"https:\/\/mwc-cmm.org\/wp-content\/uploads\/2024\/10\/rmf.jpg","contentUrl":"https:\/\/mwc-cmm.org\/wp-content\/uploads\/2024\/10\/rmf.jpg","width":2000,"height":2000},{"@type":"BreadcrumbList","@id":"https:\/\/mwc-cmm.org\/en\/stories\/keeping-faith-face-illness\/#breadcrumb","itemListElement":[{"@type":"ListItem","position":1,"name":"Home","item":"https:\/\/mwc-cmm.org\/en\/"},{"@type":"ListItem","position":2,"name":"Garder la foi face \u00e0 la maladie"}]},{"@type":"WebSite","@id":"https:\/\/mwc-cmm.org\/en\/#website","url":"https:\/\/mwc-cmm.org\/en\/","name":"Mennonite World Conference","description":"A communion of Anabaptist-related churches","publisher":{"@id":"https:\/\/mwc-cmm.org\/en\/#organization"},"alternateName":"MWC","potentialAction":[{"@type":"SearchAction","target":{"@type":"EntryPoint","urlTemplate":"https:\/\/mwc-cmm.org\/en\/?s={search_term_string}"},"query-input":{"@type":"PropertyValueSpecification","valueRequired":true,"valueName":"search_term_string"}}],"inLanguage":"en-US"},{"@type":"Organization","@id":"https:\/\/mwc-cmm.org\/en\/#organization","name":"Mennonite World Conference","alternateName":"MWC","url":"https:\/\/mwc-cmm.org\/en\/","logo":{"@type":"ImageObject","inLanguage":"en-US","@id":"https:\/\/mwc-cmm.org\/en\/#\/schema\/logo\/image\/","url":"https:\/\/mwc-cmm.org\/wp-content\/uploads\/2026\/01\/MWC_Sig_Blue_Horiz_webheader1-logo.svg","contentUrl":"https:\/\/mwc-cmm.org\/wp-content\/uploads\/2026\/01\/MWC_Sig_Blue_Horiz_webheader1-logo.svg","width":786,"height":82,"caption":"Mennonite World Conference"},"image":{"@id":"https:\/\/mwc-cmm.org\/en\/#\/schema\/logo\/image\/"},"sameAs":["https:\/\/www.facebook.com\/MennoniteWorldConference","https:\/\/www.linkedin.com\/company\/mennonite-world-conference-mwc\/","https:\/\/www.instagram.com\/mwcmm\/","https:\/\/www.youtube.com\/user\/mwccmm","https:\/\/bsky.app\/profile\/mwcmm.bsky.social"]},{"@type":"Person","@id":"https:\/\/mwc-cmm.org\/en\/#\/schema\/person\/11f6ae0d7d1868ba20a1cc27f067c836","name":"mennworldcon","image":{"@type":"ImageObject","inLanguage":"en-US","@id":"https:\/\/secure.gravatar.com\/avatar\/06fdc0dc81c157dfdb82ec42f252178a22307808988d22c043f9eb96f1e0fe80?s=96&d=mm&r=g","url":"https:\/\/secure.gravatar.com\/avatar\/06fdc0dc81c157dfdb82ec42f252178a22307808988d22c043f9eb96f1e0fe80?s=96&d=mm&r=g","contentUrl":"https:\/\/secure.gravatar.com\/avatar\/06fdc0dc81c157dfdb82ec42f252178a22307808988d22c043f9eb96f1e0fe80?s=96&d=mm&r=g","caption":"mennworldcon"},"sameAs":["https:\/\/mwc-cmm.org"],"url":"https:\/\/mwc-cmm.org\/en\/stories\/author\/mennworldcon\/"}]}},"_links":{"self":[{"href":"https:\/\/mwc-cmm.org\/en\/wp-json\/wp\/v2\/posts\/8307","targetHints":{"allow":["GET"]}}],"collection":[{"href":"https:\/\/mwc-cmm.org\/en\/wp-json\/wp\/v2\/posts"}],"about":[{"href":"https:\/\/mwc-cmm.org\/en\/wp-json\/wp\/v2\/types\/post"}],"author":[{"embeddable":true,"href":"https:\/\/mwc-cmm.org\/en\/wp-json\/wp\/v2\/users\/1"}],"replies":[{"embeddable":true,"href":"https:\/\/mwc-cmm.org\/en\/wp-json\/wp\/v2\/comments?post=8307"}],"version-history":[{"count":0,"href":"https:\/\/mwc-cmm.org\/en\/wp-json\/wp\/v2\/posts\/8307\/revisions"}],"wp:featuredmedia":[{"embeddable":true,"href":"https:\/\/mwc-cmm.org\/en\/wp-json\/wp\/v2\/media\/6234"}],"wp:attachment":[{"href":"https:\/\/mwc-cmm.org\/en\/wp-json\/wp\/v2\/media?parent=8307"}],"wp:term":[{"taxonomy":"category","embeddable":true,"href":"https:\/\/mwc-cmm.org\/en\/wp-json\/wp\/v2\/categories?post=8307"},{"taxonomy":"post_tag","embeddable":true,"href":"https:\/\/mwc-cmm.org\/en\/wp-json\/wp\/v2\/tags?post=8307"},{"taxonomy":"network","embeddable":true,"href":"https:\/\/mwc-cmm.org\/en\/wp-json\/wp\/v2\/network?post=8307"},{"taxonomy":"eventcategory","embeddable":true,"href":"https:\/\/mwc-cmm.org\/en\/wp-json\/wp\/v2\/eventcategory?post=8307"}],"curies":[{"name":"wp","href":"https:\/\/api.w.org\/{rel}","templated":true}]}}