{"id":8305,"date":"2020-01-01T00:00:00","date_gmt":"2020-01-01T00:00:00","guid":{"rendered":"https:\/\/mwc-cmm.org\/menno-et-ecolo-compatible-2\/"},"modified":"2024-12-09T17:18:35","modified_gmt":"2024-12-09T17:18:35","slug":"menno-and-eco-friendly","status":"publish","type":"post","link":"https:\/\/mwc-cmm.org\/en\/stories\/menno-and-eco-friendly\/","title":{"rendered":"Menno et \u00e9colo compatible"},"content":{"rendered":"<h3>Qu\u00e9bec et C\u00f4te d\u2019Ivoire<\/h3>\n<p><em>Des chr\u00e9tiens mennonites du Qu\u00e9bec et de C\u00f4te d\u2019Ivoire se rejoignent dans une pr\u00e9occupation commune en faveur de l\u2019environnement.<\/em><\/p>\n<h2>Qu\u00e9bec<\/h2>\n<p>Par St\u00e9phane Rh\u00e9aume, \u00c9glise de Saint-Eustache, Canada, pasteur et par Danielle Lajeunesse, coordonnatrice des minist\u00e8res de l&#8217;Association des \u00c9glises des fr\u00e8res mennonites au Qu\u00e9bec, r\u00e9dactrice du <em>Lien.<\/em><\/p>\n<p>L\u2019\u00c9glise des fr\u00e8res mennonites de Saint-Eustache au Qu\u00e9bec a d\u00e9cid\u00e9 de se joindre au projet \u00ab \u00c9glise verte \u00bb, un programme du Centre canadien d\u2019\u0153cum\u00e9nisme destin\u00e9 aux \u00c9glises, qui promeut trois axes : les actions (efficacit\u00e9 \u00e9nerg\u00e9tique, transport durable, alimentation responsable, \u00e9conomie d\u2019eau, r\u00e9duction des d\u00e9chets et entretien ext\u00e9rieur), la sensibilisation, la spiritualit\u00e9.<\/p>\n<h4>Pourquoi \u00eatre une \u00e9glise verte ?<\/h4>\n<p>Par souci de pertinence et de cr\u00e9dibilit\u00e9 sociale. Il est important, comme \u00c9glise, de se synchroniser avec les pr\u00e9occupations de la soci\u00e9t\u00e9. Pour r\u00e9introduire un \u00e9l\u00e9ment n\u00e9glig\u00e9 de notre confession de foi. Pour favoriser une intendance chr\u00e9tienne globale qui inclut le mandat de Dieu pour la Cr\u00e9ation, don de Dieu \u00e0 l\u2019homme. Pour stimuler la r\u00e9flexion \u00e9cologique au sein des \u00c9glises et encourager celles-ci \u00e0 d\u00e9velopper des pratiques \u00ab vertes \u00bb. Nous ne pouvons pas tout faire, mais participer \u00e0 ce projet est quelque chose de faisable et de r\u00e9aliste pour nous.<\/p>\n<h4>L\u2019environnement, l\u2019\u00e9vangile et l\u2019\u00e9glise<\/h4>\n<p>Notre approche se veut centr\u00e9e sur\u2026<\/p>\n<ul>\n<li>&#8211; Les implications de l\u2019\u00c9vangile. L\u2019\u00c9vangile est un message de r\u00e9conciliation avec Dieu par J\u00e9sus-Christ. En prenant soin de la Cr\u00e9ation de Dieu, nous ne faisons que souligner l\u2019une des implications du message de l\u2019\u00c9vangile. Comparons-le \u00e0 une belle marguerite. Si la r\u00e9conciliation en constitue le c\u0153ur, ses implications sociales, \u00e9thiques et \u00e9cologiques en constituent les p\u00e9tales.<\/li>\n<li>La particularit\u00e9 chr\u00e9tienne. Nous d\u00e9sirons porter un regard chr\u00e9tien sur l\u2019environnement tout comme sur les probl\u00e8mes sociaux, la pauvret\u00e9, la politique, etc.<\/li>\n<li>Une vision globale d\u2019une vie de disciple. \u00c0tre un disciple de J\u00e9sus-Christ, ce n\u2019est pas juste faire son culte personnel, aller \u00e0 l\u2019\u00e9glise et servir la communaut\u00e9 chr\u00e9tienne, c\u2019est aussi vivre la Seigneurie de J\u00e9sus-Christ sur tous les domaines de notre vie. Marcher sur les traces de J\u00e9sus-Christ nous interpelle dans nos choix de vie, y compris nos choix \u00e9cologiques.<\/li>\n<\/ul>\n<h4>En pratique<\/h4>\n<p>Un plan d\u2019action a \u00e9t\u00e9 mis en place afin de constamment maintenir \u00ab vivante \u00bb cette dimension de la foi. Par exemple, nous marquons le dimanche du Jour de la Terre, nous prions occasionnellement pour la Cr\u00e9ation, nos programmes d\u2019\u00e9t\u00e9 pour les jeunes soulignent la beaut\u00e9 de la nature, nous soutenons des initiatives environnementales, nous utilisons des bacs de recyclage ainsi que de la vaisselle durable, nous achetons du caf\u00e9 \u00e9quitable, nous avons pr\u00eat\u00e9 une partie de notre terrain vacant pour permettre la r\u00e9alisation d\u2019un jardin communautaire\u2026<\/p>\n<p>\u00ab Les cieux racontent la gloire de Dieu, et l\u2019\u00e9tendue manifeste l\u2019\u0153uvre de ses mains. \u00bb (Ps 19.3).<\/p>\n<h2>C\u00f4te d&#8217;Ivoire<img decoding=\"async\" alt=\"\" height=\"200\" data-src=\"https:\/\/mwc-cmm.org\/wp-content\/uploads\/2024\/10\/screenshot_2023-03-09_at_20.14.33.png\" style=\"--smush-placeholder-width: 246px; --smush-placeholder-aspect-ratio: 246\/200;float:right\" width=\"246\" src=\"data:image\/svg+xml;base64,PHN2ZyB3aWR0aD0iMSIgaGVpZ2h0PSIxIiB4bWxucz0iaHR0cDovL3d3dy53My5vcmcvMjAwMC9zdmciPjwvc3ZnPg==\" class=\"lazyload\"><\/h2>\n<p>Par Martine Aud\u00e9oud, professeur de sciences sociales, Facult\u00e9 de Th\u00e9ologie \u00c9vang\u00e9lique de l\u2019Alliance Chr\u00e9tienne Abidjan, C\u00f4te d\u2019Ivoire et par Bagaman Kassi, physicien et environnementaliste, Soci\u00e9t\u00e9 nationale d\u2019\u00e9lectricit\u00e9 de C\u00f4te d\u2019Ivoire.<\/p>\n<p>L\u2019\u00e9cologie est un th\u00e8me qui est de plus en plus trait\u00e9 et discut\u00e9 dans nos pays africains, et aux plus hauts niveaux. Pour les communaut\u00e9s mennonites africaines, le th\u00e8me n\u2019est pas nouveau. Enracin\u00e9es dans une tradition qui respecte la terre et la nature en comprenant le mandat que le Cr\u00e9ateur a donn\u00e9 \u00e0 l\u2019humanit\u00e9 dans le premier chapitre de la Gen\u00e8se, ces communaut\u00e9s ont contribu\u00e9 \u00e0 maintenir ce mandat par diverses actions sur le terrain depuis des d\u00e9cennies : des puits creus\u00e9s et maintenus pour offrir une eau saine aux populations congolaises, des projets d\u2019agriculture au Sud-Soudan tenant compte des contraintes climatiques locales, etc. Des projets et initiatives innombrables t\u00e9moignent de l\u2019engagement mennonite \u00e0 g\u00e9rer la terre africaine dans une perspective divine. L\u2019une des initiatives les plus r\u00e9centes est la formation d\u2019agriculteurs au Centre Songha\u00ef \u00e0 Porto-Novo (B\u00e9nin), une ferme \u00e0 z\u00e9ro \u00e9mission qui forme des agriculteurs \u00e0 des techniques de l\u2019agriculture biologique, c\u2019est\u00e0-dire l\u2019agriculture durable1 . Une fois form\u00e9s, ces agriculteurs pourront d\u00e9velopper ces approches pour cr\u00e9er de nouveaux centres agricoles en g\u00e9rant leur environnement dans une perspective durable.<\/p>\n<h4>\u00c9cologie et d\u00e9veloppement dans une perspective africaine<\/h4>\n<p>\u00c9cologie et d\u00e9veloppement semblent antinomiques, mais l\u2019un ne peut exister sans l\u2019autre. La survie g\u00e9n\u00e9rationnelle a toujours motiv\u00e9 la transformation du milieu : produire pour se nourrir, se v\u00eatir ou se loger modifie notre environnement. L\u2019\u00e9tat du milieu apr\u00e8s usage demeure la question qui hante nos soci\u00e9t\u00e9s. Autrefois, l\u2019Africain permettait la r\u00e9g\u00e9n\u00e9ration p\u00e9riodique de la terre ; on parlait alors de jach\u00e8res. De nos jours, les cultures de contre-saison, les OGM, accompagn\u00e9s de fertilisants chimiques, emp\u00eachent le \u00ab repos \u00bb de la terre. D\u00e9velopper certes, mais pour quelle \u00e9cologie ? La communaut\u00e9 internationale (y compris les pays africains) a adopt\u00e9 des conventions internationales visant une \u00e9cologie durable pour \u00ab satisfaire aux besoins actuels des humains, pr\u00e9server l\u2019avenir et le bien-\u00eatre des g\u00e9n\u00e9rations futures, et respecter les capacit\u00e9s du milieu \u00e9cologique. \u00bb2 Cr\u00e9\u00e9e depuis plus de 65 ans, l\u2019organisation mennonite Dix Mille Villages confirme l\u2019\u00e0-propos de cette vision : les principes de gestion \u00e9conomique (satisfaction des besoins), environnementale (reconnaissance des limites impos\u00e9es par les milieux humain et naturel) et \u00e9thique coexistent \u00e0 travers l\u2019\u00e9quit\u00e9.3 Les mennonites africains ne sont-ils pas ainsi \u00e0 l\u2019avant-garde du mouvement \u00e9cologiste mondial ?<\/p>\n<h4>Notes<\/h4>\n<ol>\n<li>Les \u00c9glises mennonites de la R\u00e9publique d\u00e9mocratique du Congo et du Burkina Faso ont envoy\u00e9 chacune un \u00e9tudiant dans ce centre avec l\u2019aide des diff\u00e9rentes missions partenaires.<\/li>\n<li>Andr\u00e9 Beauchamp, <em>\u00c9thique de l\u2019environnement<\/em>, Montr\u00e9al, \u00c9ditions Paulines, 1993, p. 96<\/li>\n<li>Le principe d\u2019\u00e9quit\u00e9 se pr\u00e9sente comme un principe de r\u00e9conciliation et d\u2019int\u00e9gration entre les g\u00e9n\u00e9rations actuelle et future.<\/li>\n<\/ol>\n<h4>Cet article et le R\u00e9seau mennonite francophone&#8230;<\/h4>\n<p><em>Cet article s\u2019inscrit dans le cadre des efforts du R\u00e9seau mennonite francophone pour favoriser les relations entre les \u00e9glises de Suisse, de France, de la R\u00e9publique d\u00e9mocratique du Congo, du Burkina Faso, de l\u2019Angola et du Qu\u00e9bec.<\/em><\/p>\n","protected":false},"excerpt":{"rendered":"<p>Qu\u00e9bec et C\u00f4te d\u2019Ivoire Des chr\u00e9tiens mennonites du Qu\u00e9bec et de C\u00f4te d\u2019Ivoire se rejoignent dans une pr\u00e9occupation commune en faveur de l\u2019environnement. Qu\u00e9bec Par St\u00e9phane Rh\u00e9aume, \u00c9glise de Saint-Eustache, Canada, pasteur et par Danielle Lajeunesse, coordonnatrice des minist\u00e8res de l&#8217;Association des \u00c9glises des fr\u00e8res mennonites au Qu\u00e9bec, r\u00e9dactrice du Lien. L\u2019\u00c9glise des fr\u00e8res mennonites [&hellip;]<\/p>\n","protected":false},"author":1,"featured_media":11277,"comment_status":"closed","ping_status":"closed","sticky":false,"template":"","format":"standard","meta":{"_acf_changed":false,"footnotes":""},"categories":[1],"tags":[],"network":[160],"eventcategory":[],"class_list":["post-8305","post","type-post","status-publish","format-standard","has-post-thumbnail","hentry","category-uncategorized","network-francophone-network"],"acf":[],"yoast_head":"<!-- This site is optimized with the Yoast SEO plugin v27.2 - https:\/\/yoast.com\/product\/yoast-seo-wordpress\/ -->\n<title>Menno et \u00e9colo compatible - Mennonite World Conference<\/title>\n<meta name=\"robots\" content=\"index, follow, max-snippet:-1, max-image-preview:large, max-video-preview:-1\" \/>\n<link rel=\"canonical\" href=\"https:\/\/mwc-cmm.org\/en\/stories\/menno-and-eco-friendly\/\" \/>\n<meta property=\"og:locale\" content=\"en_US\" \/>\n<meta property=\"og:type\" content=\"article\" \/>\n<meta property=\"og:title\" content=\"Menno et \u00e9colo compatible - Mennonite World Conference\" \/>\n<meta property=\"og:description\" content=\"Qu\u00e9bec et C\u00f4te d\u2019Ivoire Des chr\u00e9tiens mennonites du Qu\u00e9bec et de C\u00f4te d\u2019Ivoire se rejoignent dans une pr\u00e9occupation commune en faveur de l\u2019environnement. Qu\u00e9bec Par St\u00e9phane Rh\u00e9aume, \u00c9glise de Saint-Eustache, Canada, pasteur et par Danielle Lajeunesse, coordonnatrice des minist\u00e8res de l&#8217;Association des \u00c9glises des fr\u00e8res mennonites au Qu\u00e9bec, r\u00e9dactrice du Lien. L\u2019\u00c9glise des fr\u00e8res mennonites [&hellip;]\" \/>\n<meta property=\"og:url\" content=\"https:\/\/mwc-cmm.org\/en\/stories\/menno-and-eco-friendly\/\" \/>\n<meta property=\"og:site_name\" content=\"Mennonite World Conference\" \/>\n<meta property=\"article:publisher\" content=\"https:\/\/www.facebook.com\/MennoniteWorldConference\" \/>\n<meta property=\"article:published_time\" content=\"2020-01-01T00:00:00+00:00\" \/>\n<meta property=\"article:modified_time\" content=\"2024-12-09T17:18:35+00:00\" \/>\n<meta property=\"og:image\" content=\"https:\/\/mwc-cmm.org\/wp-content\/uploads\/2024\/10\/screenshot_2023-03-09_at_20.14.33.png\" \/>\n\t<meta property=\"og:image:width\" content=\"1086\" \/>\n\t<meta property=\"og:image:height\" content=\"884\" \/>\n\t<meta property=\"og:image:type\" content=\"image\/png\" \/>\n<meta name=\"author\" content=\"mennworldcon\" \/>\n<script type=\"application\/ld+json\" class=\"yoast-schema-graph\">{\"@context\":\"https:\/\/schema.org\",\"@graph\":[{\"@type\":\"Article\",\"@id\":\"https:\/\/mwc-cmm.org\/en\/stories\/menno-and-eco-friendly\/#article\",\"isPartOf\":{\"@id\":\"https:\/\/mwc-cmm.org\/en\/stories\/menno-and-eco-friendly\/\"},\"author\":{\"name\":\"mennworldcon\",\"@id\":\"https:\/\/mwc-cmm.org\/en\/#\/schema\/person\/11f6ae0d7d1868ba20a1cc27f067c836\"},\"headline\":\"Menno et \u00e9colo compatible\",\"datePublished\":\"2020-01-01T00:00:00+00:00\",\"dateModified\":\"2024-12-09T17:18:35+00:00\",\"mainEntityOfPage\":{\"@id\":\"https:\/\/mwc-cmm.org\/en\/stories\/menno-and-eco-friendly\/\"},\"wordCount\":1100,\"publisher\":{\"@id\":\"https:\/\/mwc-cmm.org\/en\/#organization\"},\"image\":{\"@id\":\"https:\/\/mwc-cmm.org\/en\/stories\/menno-and-eco-friendly\/#primaryimage\"},\"thumbnailUrl\":\"https:\/\/mwc-cmm.org\/wp-content\/uploads\/2024\/10\/screenshot_2023-03-09_at_20.14.33.png\",\"inLanguage\":\"en-US\"},{\"@type\":\"WebPage\",\"@id\":\"https:\/\/mwc-cmm.org\/en\/stories\/menno-and-eco-friendly\/\",\"url\":\"https:\/\/mwc-cmm.org\/en\/stories\/menno-and-eco-friendly\/\",\"name\":\"Menno et \u00e9colo compatible - Mennonite World Conference\",\"isPartOf\":{\"@id\":\"https:\/\/mwc-cmm.org\/en\/#website\"},\"primaryImageOfPage\":{\"@id\":\"https:\/\/mwc-cmm.org\/en\/stories\/menno-and-eco-friendly\/#primaryimage\"},\"image\":{\"@id\":\"https:\/\/mwc-cmm.org\/en\/stories\/menno-and-eco-friendly\/#primaryimage\"},\"thumbnailUrl\":\"https:\/\/mwc-cmm.org\/wp-content\/uploads\/2024\/10\/screenshot_2023-03-09_at_20.14.33.png\",\"datePublished\":\"2020-01-01T00:00:00+00:00\",\"dateModified\":\"2024-12-09T17:18:35+00:00\",\"breadcrumb\":{\"@id\":\"https:\/\/mwc-cmm.org\/en\/stories\/menno-and-eco-friendly\/#breadcrumb\"},\"inLanguage\":\"en-US\",\"potentialAction\":[{\"@type\":\"ReadAction\",\"target\":[\"https:\/\/mwc-cmm.org\/en\/stories\/menno-and-eco-friendly\/\"]}]},{\"@type\":\"ImageObject\",\"inLanguage\":\"en-US\",\"@id\":\"https:\/\/mwc-cmm.org\/en\/stories\/menno-and-eco-friendly\/#primaryimage\",\"url\":\"https:\/\/mwc-cmm.org\/wp-content\/uploads\/2024\/10\/screenshot_2023-03-09_at_20.14.33.png\",\"contentUrl\":\"https:\/\/mwc-cmm.org\/wp-content\/uploads\/2024\/10\/screenshot_2023-03-09_at_20.14.33.png\",\"width\":1086,\"height\":884},{\"@type\":\"BreadcrumbList\",\"@id\":\"https:\/\/mwc-cmm.org\/en\/stories\/menno-and-eco-friendly\/#breadcrumb\",\"itemListElement\":[{\"@type\":\"ListItem\",\"position\":1,\"name\":\"Home\",\"item\":\"https:\/\/mwc-cmm.org\/en\/\"},{\"@type\":\"ListItem\",\"position\":2,\"name\":\"Menno et \u00e9colo compatible\"}]},{\"@type\":\"WebSite\",\"@id\":\"https:\/\/mwc-cmm.org\/en\/#website\",\"url\":\"https:\/\/mwc-cmm.org\/en\/\",\"name\":\"Mennonite World Conference\",\"description\":\"A communion of Anabaptist-related churches\",\"publisher\":{\"@id\":\"https:\/\/mwc-cmm.org\/en\/#organization\"},\"alternateName\":\"MWC\",\"potentialAction\":[{\"@type\":\"SearchAction\",\"target\":{\"@type\":\"EntryPoint\",\"urlTemplate\":\"https:\/\/mwc-cmm.org\/en\/?s={search_term_string}\"},\"query-input\":{\"@type\":\"PropertyValueSpecification\",\"valueRequired\":true,\"valueName\":\"search_term_string\"}}],\"inLanguage\":\"en-US\"},{\"@type\":\"Organization\",\"@id\":\"https:\/\/mwc-cmm.org\/en\/#organization\",\"name\":\"Mennonite World Conference\",\"alternateName\":\"MWC\",\"url\":\"https:\/\/mwc-cmm.org\/en\/\",\"logo\":{\"@type\":\"ImageObject\",\"inLanguage\":\"en-US\",\"@id\":\"https:\/\/mwc-cmm.org\/en\/#\/schema\/logo\/image\/\",\"url\":\"https:\/\/mwc-cmm.org\/wp-content\/uploads\/2026\/01\/MWC_Sig_Blue_Horiz_webheader1-logo.svg\",\"contentUrl\":\"https:\/\/mwc-cmm.org\/wp-content\/uploads\/2026\/01\/MWC_Sig_Blue_Horiz_webheader1-logo.svg\",\"width\":786,\"height\":82,\"caption\":\"Mennonite World Conference\"},\"image\":{\"@id\":\"https:\/\/mwc-cmm.org\/en\/#\/schema\/logo\/image\/\"},\"sameAs\":[\"https:\/\/www.facebook.com\/MennoniteWorldConference\",\"https:\/\/www.linkedin.com\/company\/mennonite-world-conference-mwc\/\",\"https:\/\/www.instagram.com\/mwcmm\/\",\"https:\/\/www.youtube.com\/user\/mwccmm\",\"https:\/\/bsky.app\/profile\/mwcmm.bsky.social\"]},{\"@type\":\"Person\",\"@id\":\"https:\/\/mwc-cmm.org\/en\/#\/schema\/person\/11f6ae0d7d1868ba20a1cc27f067c836\",\"name\":\"mennworldcon\",\"image\":{\"@type\":\"ImageObject\",\"inLanguage\":\"en-US\",\"@id\":\"https:\/\/secure.gravatar.com\/avatar\/06fdc0dc81c157dfdb82ec42f252178a22307808988d22c043f9eb96f1e0fe80?s=96&d=mm&r=g\",\"url\":\"https:\/\/secure.gravatar.com\/avatar\/06fdc0dc81c157dfdb82ec42f252178a22307808988d22c043f9eb96f1e0fe80?s=96&d=mm&r=g\",\"contentUrl\":\"https:\/\/secure.gravatar.com\/avatar\/06fdc0dc81c157dfdb82ec42f252178a22307808988d22c043f9eb96f1e0fe80?s=96&d=mm&r=g\",\"caption\":\"mennworldcon\"},\"sameAs\":[\"https:\/\/mwc-cmm.org\"],\"url\":\"https:\/\/mwc-cmm.org\/en\/stories\/author\/mennworldcon\/\"}]}<\/script>\n<!-- \/ Yoast SEO plugin. -->","yoast_head_json":{"title":"Menno et \u00e9colo compatible - Mennonite World Conference","robots":{"index":"index","follow":"follow","max-snippet":"max-snippet:-1","max-image-preview":"max-image-preview:large","max-video-preview":"max-video-preview:-1"},"canonical":"https:\/\/mwc-cmm.org\/en\/stories\/menno-and-eco-friendly\/","og_locale":"en_US","og_type":"article","og_title":"Menno et \u00e9colo compatible - Mennonite World Conference","og_description":"Qu\u00e9bec et C\u00f4te d\u2019Ivoire Des chr\u00e9tiens mennonites du Qu\u00e9bec et de C\u00f4te d\u2019Ivoire se rejoignent dans une pr\u00e9occupation commune en faveur de l\u2019environnement. Qu\u00e9bec Par St\u00e9phane Rh\u00e9aume, \u00c9glise de Saint-Eustache, Canada, pasteur et par Danielle Lajeunesse, coordonnatrice des minist\u00e8res de l&#8217;Association des \u00c9glises des fr\u00e8res mennonites au Qu\u00e9bec, r\u00e9dactrice du Lien. L\u2019\u00c9glise des fr\u00e8res mennonites [&hellip;]","og_url":"https:\/\/mwc-cmm.org\/en\/stories\/menno-and-eco-friendly\/","og_site_name":"Mennonite World Conference","article_publisher":"https:\/\/www.facebook.com\/MennoniteWorldConference","article_published_time":"2020-01-01T00:00:00+00:00","article_modified_time":"2024-12-09T17:18:35+00:00","og_image":[{"width":1086,"height":884,"url":"https:\/\/mwc-cmm.org\/wp-content\/uploads\/2024\/10\/screenshot_2023-03-09_at_20.14.33.png","type":"image\/png"}],"author":"mennworldcon","schema":{"@context":"https:\/\/schema.org","@graph":[{"@type":"Article","@id":"https:\/\/mwc-cmm.org\/en\/stories\/menno-and-eco-friendly\/#article","isPartOf":{"@id":"https:\/\/mwc-cmm.org\/en\/stories\/menno-and-eco-friendly\/"},"author":{"name":"mennworldcon","@id":"https:\/\/mwc-cmm.org\/en\/#\/schema\/person\/11f6ae0d7d1868ba20a1cc27f067c836"},"headline":"Menno et \u00e9colo compatible","datePublished":"2020-01-01T00:00:00+00:00","dateModified":"2024-12-09T17:18:35+00:00","mainEntityOfPage":{"@id":"https:\/\/mwc-cmm.org\/en\/stories\/menno-and-eco-friendly\/"},"wordCount":1100,"publisher":{"@id":"https:\/\/mwc-cmm.org\/en\/#organization"},"image":{"@id":"https:\/\/mwc-cmm.org\/en\/stories\/menno-and-eco-friendly\/#primaryimage"},"thumbnailUrl":"https:\/\/mwc-cmm.org\/wp-content\/uploads\/2024\/10\/screenshot_2023-03-09_at_20.14.33.png","inLanguage":"en-US"},{"@type":"WebPage","@id":"https:\/\/mwc-cmm.org\/en\/stories\/menno-and-eco-friendly\/","url":"https:\/\/mwc-cmm.org\/en\/stories\/menno-and-eco-friendly\/","name":"Menno et \u00e9colo compatible - Mennonite World Conference","isPartOf":{"@id":"https:\/\/mwc-cmm.org\/en\/#website"},"primaryImageOfPage":{"@id":"https:\/\/mwc-cmm.org\/en\/stories\/menno-and-eco-friendly\/#primaryimage"},"image":{"@id":"https:\/\/mwc-cmm.org\/en\/stories\/menno-and-eco-friendly\/#primaryimage"},"thumbnailUrl":"https:\/\/mwc-cmm.org\/wp-content\/uploads\/2024\/10\/screenshot_2023-03-09_at_20.14.33.png","datePublished":"2020-01-01T00:00:00+00:00","dateModified":"2024-12-09T17:18:35+00:00","breadcrumb":{"@id":"https:\/\/mwc-cmm.org\/en\/stories\/menno-and-eco-friendly\/#breadcrumb"},"inLanguage":"en-US","potentialAction":[{"@type":"ReadAction","target":["https:\/\/mwc-cmm.org\/en\/stories\/menno-and-eco-friendly\/"]}]},{"@type":"ImageObject","inLanguage":"en-US","@id":"https:\/\/mwc-cmm.org\/en\/stories\/menno-and-eco-friendly\/#primaryimage","url":"https:\/\/mwc-cmm.org\/wp-content\/uploads\/2024\/10\/screenshot_2023-03-09_at_20.14.33.png","contentUrl":"https:\/\/mwc-cmm.org\/wp-content\/uploads\/2024\/10\/screenshot_2023-03-09_at_20.14.33.png","width":1086,"height":884},{"@type":"BreadcrumbList","@id":"https:\/\/mwc-cmm.org\/en\/stories\/menno-and-eco-friendly\/#breadcrumb","itemListElement":[{"@type":"ListItem","position":1,"name":"Home","item":"https:\/\/mwc-cmm.org\/en\/"},{"@type":"ListItem","position":2,"name":"Menno et \u00e9colo compatible"}]},{"@type":"WebSite","@id":"https:\/\/mwc-cmm.org\/en\/#website","url":"https:\/\/mwc-cmm.org\/en\/","name":"Mennonite World Conference","description":"A communion of Anabaptist-related churches","publisher":{"@id":"https:\/\/mwc-cmm.org\/en\/#organization"},"alternateName":"MWC","potentialAction":[{"@type":"SearchAction","target":{"@type":"EntryPoint","urlTemplate":"https:\/\/mwc-cmm.org\/en\/?s={search_term_string}"},"query-input":{"@type":"PropertyValueSpecification","valueRequired":true,"valueName":"search_term_string"}}],"inLanguage":"en-US"},{"@type":"Organization","@id":"https:\/\/mwc-cmm.org\/en\/#organization","name":"Mennonite World Conference","alternateName":"MWC","url":"https:\/\/mwc-cmm.org\/en\/","logo":{"@type":"ImageObject","inLanguage":"en-US","@id":"https:\/\/mwc-cmm.org\/en\/#\/schema\/logo\/image\/","url":"https:\/\/mwc-cmm.org\/wp-content\/uploads\/2026\/01\/MWC_Sig_Blue_Horiz_webheader1-logo.svg","contentUrl":"https:\/\/mwc-cmm.org\/wp-content\/uploads\/2026\/01\/MWC_Sig_Blue_Horiz_webheader1-logo.svg","width":786,"height":82,"caption":"Mennonite World Conference"},"image":{"@id":"https:\/\/mwc-cmm.org\/en\/#\/schema\/logo\/image\/"},"sameAs":["https:\/\/www.facebook.com\/MennoniteWorldConference","https:\/\/www.linkedin.com\/company\/mennonite-world-conference-mwc\/","https:\/\/www.instagram.com\/mwcmm\/","https:\/\/www.youtube.com\/user\/mwccmm","https:\/\/bsky.app\/profile\/mwcmm.bsky.social"]},{"@type":"Person","@id":"https:\/\/mwc-cmm.org\/en\/#\/schema\/person\/11f6ae0d7d1868ba20a1cc27f067c836","name":"mennworldcon","image":{"@type":"ImageObject","inLanguage":"en-US","@id":"https:\/\/secure.gravatar.com\/avatar\/06fdc0dc81c157dfdb82ec42f252178a22307808988d22c043f9eb96f1e0fe80?s=96&d=mm&r=g","url":"https:\/\/secure.gravatar.com\/avatar\/06fdc0dc81c157dfdb82ec42f252178a22307808988d22c043f9eb96f1e0fe80?s=96&d=mm&r=g","contentUrl":"https:\/\/secure.gravatar.com\/avatar\/06fdc0dc81c157dfdb82ec42f252178a22307808988d22c043f9eb96f1e0fe80?s=96&d=mm&r=g","caption":"mennworldcon"},"sameAs":["https:\/\/mwc-cmm.org"],"url":"https:\/\/mwc-cmm.org\/en\/stories\/author\/mennworldcon\/"}]}},"_links":{"self":[{"href":"https:\/\/mwc-cmm.org\/en\/wp-json\/wp\/v2\/posts\/8305","targetHints":{"allow":["GET"]}}],"collection":[{"href":"https:\/\/mwc-cmm.org\/en\/wp-json\/wp\/v2\/posts"}],"about":[{"href":"https:\/\/mwc-cmm.org\/en\/wp-json\/wp\/v2\/types\/post"}],"author":[{"embeddable":true,"href":"https:\/\/mwc-cmm.org\/en\/wp-json\/wp\/v2\/users\/1"}],"replies":[{"embeddable":true,"href":"https:\/\/mwc-cmm.org\/en\/wp-json\/wp\/v2\/comments?post=8305"}],"version-history":[{"count":0,"href":"https:\/\/mwc-cmm.org\/en\/wp-json\/wp\/v2\/posts\/8305\/revisions"}],"wp:featuredmedia":[{"embeddable":true,"href":"https:\/\/mwc-cmm.org\/en\/wp-json\/wp\/v2\/media\/11277"}],"wp:attachment":[{"href":"https:\/\/mwc-cmm.org\/en\/wp-json\/wp\/v2\/media?parent=8305"}],"wp:term":[{"taxonomy":"category","embeddable":true,"href":"https:\/\/mwc-cmm.org\/en\/wp-json\/wp\/v2\/categories?post=8305"},{"taxonomy":"post_tag","embeddable":true,"href":"https:\/\/mwc-cmm.org\/en\/wp-json\/wp\/v2\/tags?post=8305"},{"taxonomy":"network","embeddable":true,"href":"https:\/\/mwc-cmm.org\/en\/wp-json\/wp\/v2\/network?post=8305"},{"taxonomy":"eventcategory","embeddable":true,"href":"https:\/\/mwc-cmm.org\/en\/wp-json\/wp\/v2\/eventcategory?post=8305"}],"curies":[{"name":"wp","href":"https:\/\/api.w.org\/{rel}","templated":true}]}}