{"id":6784,"date":"2019-01-16T00:00:00","date_gmt":"2019-01-16T00:00:00","guid":{"rendered":"https:\/\/mwc-cmm.org\/oracion-antifonal\/"},"modified":"2024-12-10T18:33:43","modified_gmt":"2024-12-10T18:33:43","slug":"oracion-antifonal","status":"publish","type":"post","link":"https:\/\/mwc-cmm.org\/en\/stories\/oracion-antifonal\/","title":{"rendered":"Oraci\u00f3n antifonal"},"content":{"rendered":"<p><em>Text: Lukas 4:18-21 (Neue Z\u00fcrcher)<\/em><\/p>\n<p>L: Der Geist des Herrn ruht auf mir, weil ermich gesalbt hat, Armen Gute Nachricht zu verk\u00fcndigen.<\/p>\n<p><strong>Alle: Vergib uns, Herr, wenn unsere Taten nicht dem entsprachen, was Gute Nachricht f\u00fcr die Verletzlichsten ist.<\/strong><\/p>\n<p>L: Er hat mich gesandt, Gefangenen Freiheit<\/p>\n<p><strong>Alle: Vergib uns, Herr, wenn wir uns nicht um die in Not, die am Rande und die im Exil gek\u00fcmmert haben, weil es uns an Liebe mangelte und an Hingabe an dein Wort.<\/strong><\/p>\n<p>L: und Blinden das Augenlicht zu verk\u00fcndigen.<\/p>\n<p><strong>Alle: Vergib uns, Herr, wenn unsere Taten nicht von der Liebe angeregt waren.<\/strong><\/p>\n<p>L: Geknechtete in die Freiheit zu entlassen<\/p>\n<p><strong>Alle: Vergib uns Herr, wenn wir nicht auf der Seite deiner Gerechtigkeit und Wahrheit standen f\u00fcr die im Weggewiesenen und Ausgesto\u00dfenen.<\/strong><\/p>\n<p>L: zu verk\u00fcnden ein Gnadenjahr des Herrn<\/p>\n<p><strong>Alle: Hilf uns, Herr, dein Wort in Tat umzusetzen, die Gute Nachricht denen zu bringen, die in einem fremden Land leiden.<\/strong><\/p>\n<p>L: Und er tat das Buch zu, gab es dem Diener zur\u00fcck und setze sich. Und aller Augen in der Synagoge waren auf ihn gerichtet.<\/p>\n<p><strong>Alle: Herr, wir verpflichten uns, sicherzustellen, dass die Predigt deines Wortes in unserem t\u00e4glichen Leben Wirklichkeit wird, durch das Zeugnis unserer Taten zugunsten derer, die Vertrieben wurden durch Gewalt und soziale Ungerechtigkeit.<\/strong><\/p>\n<p>L: Da begann er, zu ihnen zu sprechen: Heute ist dieses Schriftwort erf\u00fcllt \u2013 ihr habt es geh\u00f6rt.<\/p>\n<p><strong>Alle: Herr, wir verpflichten uns, deine Gute Nachricht denen zu bringen, die Schmerz und Verlust durch Vertreibung erleiden. Halleluja, dein ist die Herrlichkeit und die Ehre f\u00fcr immer und ewig! Amen.<\/strong><\/p>\n<p><em>\u2014 <\/em><em>Luz Amanda Valencia, Pastor der Ibagu\u00e9 Mennoniten-Gemeinde in Kolumbien<\/em><\/p>\n","protected":false},"excerpt":{"rendered":"<p>Text: Lukas 4:18-21 (Neue Z\u00fcrcher) L: Der Geist des Herrn ruht auf mir, weil ermich gesalbt hat, Armen Gute Nachricht zu verk\u00fcndigen. Alle: Vergib uns, Herr, wenn unsere Taten nicht dem entsprachen, was Gute Nachricht f\u00fcr die Verletzlichsten ist. L: Er hat mich gesandt, Gefangenen Freiheit Alle: Vergib uns, Herr, wenn wir uns nicht um [&hellip;]<\/p>\n","protected":false},"author":1,"featured_media":90053,"comment_status":"closed","ping_status":"closed","sticky":false,"template":"","format":"standard","meta":{"_acf_changed":false,"footnotes":""},"categories":[1],"tags":[],"network":[],"eventcategory":[],"class_list":["post-6784","post","type-post","status-publish","format-standard","has-post-thumbnail","hentry","category-uncategorized"],"acf":[],"yoast_head":"<!-- This site is optimized with the Yoast SEO plugin v27.5 - https:\/\/yoast.com\/product\/yoast-seo-wordpress\/ -->\n<title>Oraci\u00f3n antifonal - Mennonite World Conference<\/title>\n<meta name=\"robots\" content=\"index, follow, max-snippet:-1, max-image-preview:large, max-video-preview:-1\" \/>\n<link rel=\"canonical\" href=\"https:\/\/mwc-cmm.org\/en\/stories\/oracion-antifonal\/\" \/>\n<meta property=\"og:locale\" content=\"en_US\" \/>\n<meta property=\"og:type\" content=\"article\" \/>\n<meta property=\"og:title\" content=\"Oraci\u00f3n antifonal - Mennonite World Conference\" \/>\n<meta property=\"og:description\" content=\"Text: Lukas 4:18-21 (Neue Z\u00fcrcher) L: Der Geist des Herrn ruht auf mir, weil ermich gesalbt hat, Armen Gute Nachricht zu verk\u00fcndigen. Alle: Vergib uns, Herr, wenn unsere Taten nicht dem entsprachen, was Gute Nachricht f\u00fcr die Verletzlichsten ist. L: Er hat mich gesandt, Gefangenen Freiheit Alle: Vergib uns, Herr, wenn wir uns nicht um [&hellip;]\" \/>\n<meta property=\"og:url\" content=\"https:\/\/mwc-cmm.org\/en\/stories\/oracion-antifonal\/\" \/>\n<meta property=\"og:site_name\" content=\"Mennonite World Conference\" \/>\n<meta property=\"article:publisher\" content=\"https:\/\/www.facebook.com\/MennoniteWorldConference\" \/>\n<meta property=\"article:published_time\" content=\"2019-01-16T00:00:00+00:00\" \/>\n<meta property=\"article:modified_time\" content=\"2024-12-10T18:33:43+00:00\" \/>\n<meta property=\"og:image\" content=\"https:\/\/mwc-cmm.org\/wp-content\/uploads\/2024\/11\/30955522958_1e6b9a316b_o.jpg\" \/>\n\t<meta property=\"og:image:width\" content=\"1200\" \/>\n\t<meta property=\"og:image:height\" content=\"800\" \/>\n\t<meta property=\"og:image:type\" content=\"image\/jpeg\" \/>\n<meta name=\"author\" content=\"mennworldcon\" \/>\n<script type=\"application\/ld+json\" class=\"yoast-schema-graph\">{\"@context\":\"https:\\\/\\\/schema.org\",\"@graph\":[{\"@type\":\"Article\",\"@id\":\"https:\\\/\\\/mwc-cmm.org\\\/en\\\/stories\\\/oracion-antifonal\\\/#article\",\"isPartOf\":{\"@id\":\"https:\\\/\\\/mwc-cmm.org\\\/en\\\/stories\\\/oracion-antifonal\\\/\"},\"author\":{\"name\":\"mennworldcon\",\"@id\":\"https:\\\/\\\/mwc-cmm.org\\\/en\\\/#\\\/schema\\\/person\\\/11f6ae0d7d1868ba20a1cc27f067c836\"},\"headline\":\"Oraci\u00f3n antifonal\",\"datePublished\":\"2019-01-16T00:00:00+00:00\",\"dateModified\":\"2024-12-10T18:33:43+00:00\",\"mainEntityOfPage\":{\"@id\":\"https:\\\/\\\/mwc-cmm.org\\\/en\\\/stories\\\/oracion-antifonal\\\/\"},\"wordCount\":285,\"publisher\":{\"@id\":\"https:\\\/\\\/mwc-cmm.org\\\/en\\\/#organization\"},\"image\":{\"@id\":\"https:\\\/\\\/mwc-cmm.org\\\/en\\\/stories\\\/oracion-antifonal\\\/#primaryimage\"},\"thumbnailUrl\":\"https:\\\/\\\/mwc-cmm.org\\\/wp-content\\\/uploads\\\/2024\\\/11\\\/30955522958_1e6b9a316b_o.jpg\",\"inLanguage\":\"en-US\"},{\"@type\":\"WebPage\",\"@id\":\"https:\\\/\\\/mwc-cmm.org\\\/en\\\/stories\\\/oracion-antifonal\\\/\",\"url\":\"https:\\\/\\\/mwc-cmm.org\\\/en\\\/stories\\\/oracion-antifonal\\\/\",\"name\":\"Oraci\u00f3n antifonal - Mennonite World Conference\",\"isPartOf\":{\"@id\":\"https:\\\/\\\/mwc-cmm.org\\\/en\\\/#website\"},\"primaryImageOfPage\":{\"@id\":\"https:\\\/\\\/mwc-cmm.org\\\/en\\\/stories\\\/oracion-antifonal\\\/#primaryimage\"},\"image\":{\"@id\":\"https:\\\/\\\/mwc-cmm.org\\\/en\\\/stories\\\/oracion-antifonal\\\/#primaryimage\"},\"thumbnailUrl\":\"https:\\\/\\\/mwc-cmm.org\\\/wp-content\\\/uploads\\\/2024\\\/11\\\/30955522958_1e6b9a316b_o.jpg\",\"datePublished\":\"2019-01-16T00:00:00+00:00\",\"dateModified\":\"2024-12-10T18:33:43+00:00\",\"breadcrumb\":{\"@id\":\"https:\\\/\\\/mwc-cmm.org\\\/en\\\/stories\\\/oracion-antifonal\\\/#breadcrumb\"},\"inLanguage\":\"en-US\",\"potentialAction\":[{\"@type\":\"ReadAction\",\"target\":[\"https:\\\/\\\/mwc-cmm.org\\\/en\\\/stories\\\/oracion-antifonal\\\/\"]}]},{\"@type\":\"ImageObject\",\"inLanguage\":\"en-US\",\"@id\":\"https:\\\/\\\/mwc-cmm.org\\\/en\\\/stories\\\/oracion-antifonal\\\/#primaryimage\",\"url\":\"https:\\\/\\\/mwc-cmm.org\\\/wp-content\\\/uploads\\\/2024\\\/11\\\/30955522958_1e6b9a316b_o.jpg\",\"contentUrl\":\"https:\\\/\\\/mwc-cmm.org\\\/wp-content\\\/uploads\\\/2024\\\/11\\\/30955522958_1e6b9a316b_o.jpg\",\"width\":1200,\"height\":800},{\"@type\":\"BreadcrumbList\",\"@id\":\"https:\\\/\\\/mwc-cmm.org\\\/en\\\/stories\\\/oracion-antifonal\\\/#breadcrumb\",\"itemListElement\":[{\"@type\":\"ListItem\",\"position\":1,\"name\":\"Home\",\"item\":\"https:\\\/\\\/mwc-cmm.org\\\/en\\\/\"},{\"@type\":\"ListItem\",\"position\":2,\"name\":\"Oraci\u00f3n antifonal\"}]},{\"@type\":\"WebSite\",\"@id\":\"https:\\\/\\\/mwc-cmm.org\\\/en\\\/#website\",\"url\":\"https:\\\/\\\/mwc-cmm.org\\\/en\\\/\",\"name\":\"Mennonite World Conference\",\"description\":\"A communion of Anabaptist-related churches\",\"publisher\":{\"@id\":\"https:\\\/\\\/mwc-cmm.org\\\/en\\\/#organization\"},\"alternateName\":\"MWC\",\"potentialAction\":[{\"@type\":\"SearchAction\",\"target\":{\"@type\":\"EntryPoint\",\"urlTemplate\":\"https:\\\/\\\/mwc-cmm.org\\\/en\\\/?s={search_term_string}\"},\"query-input\":{\"@type\":\"PropertyValueSpecification\",\"valueRequired\":true,\"valueName\":\"search_term_string\"}}],\"inLanguage\":\"en-US\"},{\"@type\":\"Organization\",\"@id\":\"https:\\\/\\\/mwc-cmm.org\\\/en\\\/#organization\",\"name\":\"Mennonite World Conference\",\"alternateName\":\"MWC\",\"url\":\"https:\\\/\\\/mwc-cmm.org\\\/en\\\/\",\"logo\":{\"@type\":\"ImageObject\",\"inLanguage\":\"en-US\",\"@id\":\"https:\\\/\\\/mwc-cmm.org\\\/en\\\/#\\\/schema\\\/logo\\\/image\\\/\",\"url\":\"https:\\\/\\\/mwc-cmm.org\\\/wp-content\\\/uploads\\\/2026\\\/01\\\/MWC_Sig_Blue_Horiz_webheader1-logo.svg\",\"contentUrl\":\"https:\\\/\\\/mwc-cmm.org\\\/wp-content\\\/uploads\\\/2026\\\/01\\\/MWC_Sig_Blue_Horiz_webheader1-logo.svg\",\"width\":786,\"height\":82,\"caption\":\"Mennonite World Conference\"},\"image\":{\"@id\":\"https:\\\/\\\/mwc-cmm.org\\\/en\\\/#\\\/schema\\\/logo\\\/image\\\/\"},\"sameAs\":[\"https:\\\/\\\/www.facebook.com\\\/MennoniteWorldConference\",\"https:\\\/\\\/www.linkedin.com\\\/company\\\/mennonite-world-conference-mwc\\\/\",\"https:\\\/\\\/www.instagram.com\\\/mwcmm\\\/\",\"https:\\\/\\\/www.youtube.com\\\/user\\\/mwccmm\",\"https:\\\/\\\/bsky.app\\\/profile\\\/mwcmm.bsky.social\"]},{\"@type\":\"Person\",\"@id\":\"https:\\\/\\\/mwc-cmm.org\\\/en\\\/#\\\/schema\\\/person\\\/11f6ae0d7d1868ba20a1cc27f067c836\",\"name\":\"mennworldcon\",\"image\":{\"@type\":\"ImageObject\",\"inLanguage\":\"en-US\",\"@id\":\"https:\\\/\\\/secure.gravatar.com\\\/avatar\\\/06fdc0dc81c157dfdb82ec42f252178a22307808988d22c043f9eb96f1e0fe80?s=96&d=mm&r=g\",\"url\":\"https:\\\/\\\/secure.gravatar.com\\\/avatar\\\/06fdc0dc81c157dfdb82ec42f252178a22307808988d22c043f9eb96f1e0fe80?s=96&d=mm&r=g\",\"contentUrl\":\"https:\\\/\\\/secure.gravatar.com\\\/avatar\\\/06fdc0dc81c157dfdb82ec42f252178a22307808988d22c043f9eb96f1e0fe80?s=96&d=mm&r=g\",\"caption\":\"mennworldcon\"},\"sameAs\":[\"https:\\\/\\\/mwc-cmm.org\"],\"url\":\"https:\\\/\\\/mwc-cmm.org\\\/en\\\/stories\\\/author\\\/mennworldcon\\\/\"}]}<\/script>\n<!-- \/ Yoast SEO plugin. -->","yoast_head_json":{"title":"Oraci\u00f3n antifonal - Mennonite World Conference","robots":{"index":"index","follow":"follow","max-snippet":"max-snippet:-1","max-image-preview":"max-image-preview:large","max-video-preview":"max-video-preview:-1"},"canonical":"https:\/\/mwc-cmm.org\/en\/stories\/oracion-antifonal\/","og_locale":"en_US","og_type":"article","og_title":"Oraci\u00f3n antifonal - Mennonite World Conference","og_description":"Text: Lukas 4:18-21 (Neue Z\u00fcrcher) L: Der Geist des Herrn ruht auf mir, weil ermich gesalbt hat, Armen Gute Nachricht zu verk\u00fcndigen. Alle: Vergib uns, Herr, wenn unsere Taten nicht dem entsprachen, was Gute Nachricht f\u00fcr die Verletzlichsten ist. L: Er hat mich gesandt, Gefangenen Freiheit Alle: Vergib uns, Herr, wenn wir uns nicht um [&hellip;]","og_url":"https:\/\/mwc-cmm.org\/en\/stories\/oracion-antifonal\/","og_site_name":"Mennonite World Conference","article_publisher":"https:\/\/www.facebook.com\/MennoniteWorldConference","article_published_time":"2019-01-16T00:00:00+00:00","article_modified_time":"2024-12-10T18:33:43+00:00","og_image":[{"width":1200,"height":800,"url":"https:\/\/mwc-cmm.org\/wp-content\/uploads\/2024\/11\/30955522958_1e6b9a316b_o.jpg","type":"image\/jpeg"}],"author":"mennworldcon","schema":{"@context":"https:\/\/schema.org","@graph":[{"@type":"Article","@id":"https:\/\/mwc-cmm.org\/en\/stories\/oracion-antifonal\/#article","isPartOf":{"@id":"https:\/\/mwc-cmm.org\/en\/stories\/oracion-antifonal\/"},"author":{"name":"mennworldcon","@id":"https:\/\/mwc-cmm.org\/en\/#\/schema\/person\/11f6ae0d7d1868ba20a1cc27f067c836"},"headline":"Oraci\u00f3n antifonal","datePublished":"2019-01-16T00:00:00+00:00","dateModified":"2024-12-10T18:33:43+00:00","mainEntityOfPage":{"@id":"https:\/\/mwc-cmm.org\/en\/stories\/oracion-antifonal\/"},"wordCount":285,"publisher":{"@id":"https:\/\/mwc-cmm.org\/en\/#organization"},"image":{"@id":"https:\/\/mwc-cmm.org\/en\/stories\/oracion-antifonal\/#primaryimage"},"thumbnailUrl":"https:\/\/mwc-cmm.org\/wp-content\/uploads\/2024\/11\/30955522958_1e6b9a316b_o.jpg","inLanguage":"en-US"},{"@type":"WebPage","@id":"https:\/\/mwc-cmm.org\/en\/stories\/oracion-antifonal\/","url":"https:\/\/mwc-cmm.org\/en\/stories\/oracion-antifonal\/","name":"Oraci\u00f3n antifonal - Mennonite World Conference","isPartOf":{"@id":"https:\/\/mwc-cmm.org\/en\/#website"},"primaryImageOfPage":{"@id":"https:\/\/mwc-cmm.org\/en\/stories\/oracion-antifonal\/#primaryimage"},"image":{"@id":"https:\/\/mwc-cmm.org\/en\/stories\/oracion-antifonal\/#primaryimage"},"thumbnailUrl":"https:\/\/mwc-cmm.org\/wp-content\/uploads\/2024\/11\/30955522958_1e6b9a316b_o.jpg","datePublished":"2019-01-16T00:00:00+00:00","dateModified":"2024-12-10T18:33:43+00:00","breadcrumb":{"@id":"https:\/\/mwc-cmm.org\/en\/stories\/oracion-antifonal\/#breadcrumb"},"inLanguage":"en-US","potentialAction":[{"@type":"ReadAction","target":["https:\/\/mwc-cmm.org\/en\/stories\/oracion-antifonal\/"]}]},{"@type":"ImageObject","inLanguage":"en-US","@id":"https:\/\/mwc-cmm.org\/en\/stories\/oracion-antifonal\/#primaryimage","url":"https:\/\/mwc-cmm.org\/wp-content\/uploads\/2024\/11\/30955522958_1e6b9a316b_o.jpg","contentUrl":"https:\/\/mwc-cmm.org\/wp-content\/uploads\/2024\/11\/30955522958_1e6b9a316b_o.jpg","width":1200,"height":800},{"@type":"BreadcrumbList","@id":"https:\/\/mwc-cmm.org\/en\/stories\/oracion-antifonal\/#breadcrumb","itemListElement":[{"@type":"ListItem","position":1,"name":"Home","item":"https:\/\/mwc-cmm.org\/en\/"},{"@type":"ListItem","position":2,"name":"Oraci\u00f3n antifonal"}]},{"@type":"WebSite","@id":"https:\/\/mwc-cmm.org\/en\/#website","url":"https:\/\/mwc-cmm.org\/en\/","name":"Mennonite World Conference","description":"A communion of Anabaptist-related churches","publisher":{"@id":"https:\/\/mwc-cmm.org\/en\/#organization"},"alternateName":"MWC","potentialAction":[{"@type":"SearchAction","target":{"@type":"EntryPoint","urlTemplate":"https:\/\/mwc-cmm.org\/en\/?s={search_term_string}"},"query-input":{"@type":"PropertyValueSpecification","valueRequired":true,"valueName":"search_term_string"}}],"inLanguage":"en-US"},{"@type":"Organization","@id":"https:\/\/mwc-cmm.org\/en\/#organization","name":"Mennonite World Conference","alternateName":"MWC","url":"https:\/\/mwc-cmm.org\/en\/","logo":{"@type":"ImageObject","inLanguage":"en-US","@id":"https:\/\/mwc-cmm.org\/en\/#\/schema\/logo\/image\/","url":"https:\/\/mwc-cmm.org\/wp-content\/uploads\/2026\/01\/MWC_Sig_Blue_Horiz_webheader1-logo.svg","contentUrl":"https:\/\/mwc-cmm.org\/wp-content\/uploads\/2026\/01\/MWC_Sig_Blue_Horiz_webheader1-logo.svg","width":786,"height":82,"caption":"Mennonite World Conference"},"image":{"@id":"https:\/\/mwc-cmm.org\/en\/#\/schema\/logo\/image\/"},"sameAs":["https:\/\/www.facebook.com\/MennoniteWorldConference","https:\/\/www.linkedin.com\/company\/mennonite-world-conference-mwc\/","https:\/\/www.instagram.com\/mwcmm\/","https:\/\/www.youtube.com\/user\/mwccmm","https:\/\/bsky.app\/profile\/mwcmm.bsky.social"]},{"@type":"Person","@id":"https:\/\/mwc-cmm.org\/en\/#\/schema\/person\/11f6ae0d7d1868ba20a1cc27f067c836","name":"mennworldcon","image":{"@type":"ImageObject","inLanguage":"en-US","@id":"https:\/\/secure.gravatar.com\/avatar\/06fdc0dc81c157dfdb82ec42f252178a22307808988d22c043f9eb96f1e0fe80?s=96&d=mm&r=g","url":"https:\/\/secure.gravatar.com\/avatar\/06fdc0dc81c157dfdb82ec42f252178a22307808988d22c043f9eb96f1e0fe80?s=96&d=mm&r=g","contentUrl":"https:\/\/secure.gravatar.com\/avatar\/06fdc0dc81c157dfdb82ec42f252178a22307808988d22c043f9eb96f1e0fe80?s=96&d=mm&r=g","caption":"mennworldcon"},"sameAs":["https:\/\/mwc-cmm.org"],"url":"https:\/\/mwc-cmm.org\/en\/stories\/author\/mennworldcon\/"}]}},"_links":{"self":[{"href":"https:\/\/mwc-cmm.org\/en\/wp-json\/wp\/v2\/posts\/6784","targetHints":{"allow":["GET"]}}],"collection":[{"href":"https:\/\/mwc-cmm.org\/en\/wp-json\/wp\/v2\/posts"}],"about":[{"href":"https:\/\/mwc-cmm.org\/en\/wp-json\/wp\/v2\/types\/post"}],"author":[{"embeddable":true,"href":"https:\/\/mwc-cmm.org\/en\/wp-json\/wp\/v2\/users\/1"}],"replies":[{"embeddable":true,"href":"https:\/\/mwc-cmm.org\/en\/wp-json\/wp\/v2\/comments?post=6784"}],"version-history":[{"count":0,"href":"https:\/\/mwc-cmm.org\/en\/wp-json\/wp\/v2\/posts\/6784\/revisions"}],"wp:featuredmedia":[{"embeddable":true,"href":"https:\/\/mwc-cmm.org\/en\/wp-json\/wp\/v2\/media\/90053"}],"wp:attachment":[{"href":"https:\/\/mwc-cmm.org\/en\/wp-json\/wp\/v2\/media?parent=6784"}],"wp:term":[{"taxonomy":"category","embeddable":true,"href":"https:\/\/mwc-cmm.org\/en\/wp-json\/wp\/v2\/categories?post=6784"},{"taxonomy":"post_tag","embeddable":true,"href":"https:\/\/mwc-cmm.org\/en\/wp-json\/wp\/v2\/tags?post=6784"},{"taxonomy":"network","embeddable":true,"href":"https:\/\/mwc-cmm.org\/en\/wp-json\/wp\/v2\/network?post=6784"},{"taxonomy":"eventcategory","embeddable":true,"href":"https:\/\/mwc-cmm.org\/en\/wp-json\/wp\/v2\/eventcategory?post=6784"}],"curies":[{"name":"wp","href":"https:\/\/api.w.org\/{rel}","templated":true}]}}