{"id":6753,"date":"2018-10-17T00:00:00","date_gmt":"2018-10-17T00:00:00","guid":{"rendered":"https:\/\/mwc-cmm.org\/i-need-to-go-to-school-mennonite-relief-in-drc\/"},"modified":"2024-12-10T18:40:33","modified_gmt":"2024-12-10T18:40:33","slug":"i-need-go-school-mennonite-relief-drc","status":"publish","type":"post","link":"https:\/\/mwc-cmm.org\/en\/stories\/i-need-go-school-mennonite-relief-drc\/","title":{"rendered":"\u201cI need to go to school\u201d: Mennonite relief in DRC"},"content":{"rendered":"<p>Ten-yea-old Kanku Ngalamulume fled from his home in the village of Senge after armed groups beheaded his mother and father and his siblings too.<\/p>\n<p>He was among 1.4 million people in the Kasai region of the Democratic Republic of the Congo who have been forced from their homes as violence among local militias and the Congolese military erupted in August 2016.<\/p>\n<p>Through tears, Kanku told MCC\u2019s representative Mulanda Juma that after his family\u2019s death, he ran with other villagers into the bush. They traveled on foot for five hours to reach the city of Tshikapa, where Mama Agn\u00e8s, another displaced person, has been taking care of him.<\/p>\n<p>In February, when he spoke with Juma, Kanku said he felt hopeless.<\/p>\n<p>\u201cWe eat only once a day in the evening. I have no hope, for any reason.\u201d<\/p>\n<p>This was before three local Anabaptist churches distributed food with the support of Mennonite Central Committee (MCC) and other Anabaptist groups (see list at the end of the story). From April to June, churches distributed flour, beans, oil and salt to 830 households and hygiene supplies to 1,000 women and girls.<\/p>\n<p>The local churches include MWC members Communaut\u00e9 des Eglises de Fr\u00e8res Mennonites au Congo (CEFMC; Mennonite Brethren Church of Congo) working in Kikwit; Communaut\u00e9 Evang\u00e9lique Mennonite (CEM; Evangelical Mennonite Church) in Kabwela; and Communaut\u00e9 Mennonite au Congo (CMCo; Mennonite Church of Congo) in Tshikapa.<\/p>\n<p>In July, Kanku and Kapinga Ntumba, a 12-year-old girl who fled Kamonya village in April 2017, told MCC program manager Matthieu Abwe Luhangela that they were happy to receive the food distribution, but that more would be needed for the months ahead.<\/p>\n<p>Kapinga also is an orphan who is trying to find her way after armed men killed her father and mother.<\/p>\n<p>\u201cI am taken care of by a lady whose name is Mary. We are living in a church down there in Tshikapa. I was at school before I left. I need to go to school,\u201d Kaping told Juma in February.<\/p>\n<p>The churches are responding to the need for education by paying school fees for more than 500 students. When school starts in September, the children also will have uniforms to wear and school supplies to use.<\/p>\n<p>They will have more food too because the churches are supplying 1,180 households in Kabwela, Kikwit and Tshikapa with a five-month supply of food in August. The food, which is funded with $528,000 from MCC\u2019s account at the Canadian Foodgrains Bank, will cover a gap in food consumption while households with access to land can prepare fields, plant and harvest crops.<\/p>\n<p>Today, the number of displaced people from the Kasai region has decreased to about 900,000 people, but the conflict there has caused severe food insecurity in the area, affecting as many as 3.2 million people. According to UNICEF, as many as 400,000 children are at risk of dying from malnutrition.<\/p>\n<p>The churches are working with MCC to develop plans for livelihood recovery initiatives to support families who are able to return home and for those who remain displaced. In addition, planning for peacebuilding and trauma healing is underway.<\/p>\n<p>&#8220;Glory and honor to God for having, by his Holy Spirit, placed in you this sentiment of love which is an expression of active fellowship. My thanks and all of my gratitude go to our partners, who deliberately chose to feel the misfortune of the Congolese by bringing food aid,&#8221; says Jean Felix Cimbalanga Wa Mpoyi, president of CEM. &#8220;Your prayers always have a very positive impact in the life of our churches.&#8221;<\/p>\n<p>Anabaptist organizations supporting these food and education distributions include Africa Inter-Mennonite Mission; Caisse de Secours (French Mennonite development arm); International Community of Mennonite Brethren (ICOMB); MB Mission; Mennonite Church Canada Witness; Mennonite Mission Network; Mennonite World Conference; and Konferenz der Mennoniten der Schweiz\/Conf\u00e9rence Mennonite Suisse (Swiss Mennonite Conference).<\/p>\n<p><em>\u2014MWC release with files from MCC<\/em><\/p>\n<p><a href=\"http:\/\/www.mcc.org\/congo-relief\">Click here<\/a> to support the ongoing response in Kasai&nbsp;<\/p>\n","protected":false},"excerpt":{"rendered":"<p>Ten-yea-old Kanku Ngalamulume fled from his home in the village of Senge after armed groups beheaded his mother and father and his siblings too. He was among 1.4 million people in the Kasai region of the Democratic Republic of the Congo who have been forced from their homes as violence among local militias and the [&hellip;]<\/p>\n","protected":false},"author":1,"featured_media":89647,"comment_status":"closed","ping_status":"closed","sticky":false,"template":"","format":"standard","meta":{"_acf_changed":false,"footnotes":""},"categories":[1],"tags":[],"network":[],"eventcategory":[],"class_list":["post-6753","post","type-post","status-publish","format-standard","has-post-thumbnail","hentry","category-uncategorized"],"acf":[],"yoast_head":"<!-- This site is optimized with the Yoast SEO plugin v27.2 - https:\/\/yoast.com\/product\/yoast-seo-wordpress\/ -->\n<title>\u201cI need to go to school\u201d: Mennonite relief in DRC - Mennonite World Conference<\/title>\n<meta name=\"robots\" content=\"index, follow, max-snippet:-1, max-image-preview:large, max-video-preview:-1\" \/>\n<link rel=\"canonical\" href=\"https:\/\/mwc-cmm.org\/en\/stories\/i-need-go-school-mennonite-relief-drc\/\" \/>\n<meta property=\"og:locale\" content=\"en_US\" \/>\n<meta property=\"og:type\" content=\"article\" \/>\n<meta property=\"og:title\" content=\"\u201cI need to go to school\u201d: Mennonite relief in DRC - Mennonite World Conference\" \/>\n<meta property=\"og:description\" content=\"Ten-yea-old Kanku Ngalamulume fled from his home in the village of Senge after armed groups beheaded his mother and father and his siblings too. He was among 1.4 million people in the Kasai region of the Democratic Republic of the Congo who have been forced from their homes as violence among local militias and the [&hellip;]\" \/>\n<meta property=\"og:url\" content=\"https:\/\/mwc-cmm.org\/en\/stories\/i-need-go-school-mennonite-relief-drc\/\" \/>\n<meta property=\"og:site_name\" content=\"Mennonite World Conference\" \/>\n<meta property=\"article:publisher\" content=\"https:\/\/www.facebook.com\/MennoniteWorldConference\" \/>\n<meta property=\"article:published_time\" content=\"2018-10-17T00:00:00+00:00\" \/>\n<meta property=\"article:modified_time\" content=\"2024-12-10T18:40:33+00:00\" \/>\n<meta property=\"og:image\" content=\"https:\/\/mwc-cmm.org\/wp-content\/uploads\/2024\/11\/mcc-drc-children.jpg\" \/>\n\t<meta property=\"og:image:width\" content=\"2000\" \/>\n\t<meta property=\"og:image:height\" content=\"1500\" \/>\n\t<meta property=\"og:image:type\" content=\"image\/jpeg\" \/>\n<meta name=\"author\" content=\"mennworldcon\" \/>\n<script type=\"application\/ld+json\" class=\"yoast-schema-graph\">{\"@context\":\"https:\/\/schema.org\",\"@graph\":[{\"@type\":\"Article\",\"@id\":\"https:\/\/mwc-cmm.org\/en\/stories\/i-need-go-school-mennonite-relief-drc\/#article\",\"isPartOf\":{\"@id\":\"https:\/\/mwc-cmm.org\/en\/stories\/i-need-go-school-mennonite-relief-drc\/\"},\"author\":{\"name\":\"mennworldcon\",\"@id\":\"https:\/\/mwc-cmm.org\/en\/#\/schema\/person\/11f6ae0d7d1868ba20a1cc27f067c836\"},\"headline\":\"\u201cI need to go to school\u201d: Mennonite relief in DRC\",\"datePublished\":\"2018-10-17T00:00:00+00:00\",\"dateModified\":\"2024-12-10T18:40:33+00:00\",\"mainEntityOfPage\":{\"@id\":\"https:\/\/mwc-cmm.org\/en\/stories\/i-need-go-school-mennonite-relief-drc\/\"},\"wordCount\":661,\"publisher\":{\"@id\":\"https:\/\/mwc-cmm.org\/en\/#organization\"},\"image\":{\"@id\":\"https:\/\/mwc-cmm.org\/en\/stories\/i-need-go-school-mennonite-relief-drc\/#primaryimage\"},\"thumbnailUrl\":\"https:\/\/mwc-cmm.org\/wp-content\/uploads\/2024\/11\/mcc-drc-children.jpg\",\"inLanguage\":\"en-US\"},{\"@type\":\"WebPage\",\"@id\":\"https:\/\/mwc-cmm.org\/en\/stories\/i-need-go-school-mennonite-relief-drc\/\",\"url\":\"https:\/\/mwc-cmm.org\/en\/stories\/i-need-go-school-mennonite-relief-drc\/\",\"name\":\"\u201cI need to go to school\u201d: Mennonite relief in DRC - Mennonite World Conference\",\"isPartOf\":{\"@id\":\"https:\/\/mwc-cmm.org\/en\/#website\"},\"primaryImageOfPage\":{\"@id\":\"https:\/\/mwc-cmm.org\/en\/stories\/i-need-go-school-mennonite-relief-drc\/#primaryimage\"},\"image\":{\"@id\":\"https:\/\/mwc-cmm.org\/en\/stories\/i-need-go-school-mennonite-relief-drc\/#primaryimage\"},\"thumbnailUrl\":\"https:\/\/mwc-cmm.org\/wp-content\/uploads\/2024\/11\/mcc-drc-children.jpg\",\"datePublished\":\"2018-10-17T00:00:00+00:00\",\"dateModified\":\"2024-12-10T18:40:33+00:00\",\"breadcrumb\":{\"@id\":\"https:\/\/mwc-cmm.org\/en\/stories\/i-need-go-school-mennonite-relief-drc\/#breadcrumb\"},\"inLanguage\":\"en-US\",\"potentialAction\":[{\"@type\":\"ReadAction\",\"target\":[\"https:\/\/mwc-cmm.org\/en\/stories\/i-need-go-school-mennonite-relief-drc\/\"]}]},{\"@type\":\"ImageObject\",\"inLanguage\":\"en-US\",\"@id\":\"https:\/\/mwc-cmm.org\/en\/stories\/i-need-go-school-mennonite-relief-drc\/#primaryimage\",\"url\":\"https:\/\/mwc-cmm.org\/wp-content\/uploads\/2024\/11\/mcc-drc-children.jpg\",\"contentUrl\":\"https:\/\/mwc-cmm.org\/wp-content\/uploads\/2024\/11\/mcc-drc-children.jpg\",\"width\":2000,\"height\":1500},{\"@type\":\"BreadcrumbList\",\"@id\":\"https:\/\/mwc-cmm.org\/en\/stories\/i-need-go-school-mennonite-relief-drc\/#breadcrumb\",\"itemListElement\":[{\"@type\":\"ListItem\",\"position\":1,\"name\":\"Home\",\"item\":\"https:\/\/mwc-cmm.org\/en\/\"},{\"@type\":\"ListItem\",\"position\":2,\"name\":\"\u201cI need to go to school\u201d: Mennonite relief in DRC\"}]},{\"@type\":\"WebSite\",\"@id\":\"https:\/\/mwc-cmm.org\/en\/#website\",\"url\":\"https:\/\/mwc-cmm.org\/en\/\",\"name\":\"Mennonite World Conference\",\"description\":\"A communion of Anabaptist-related churches\",\"publisher\":{\"@id\":\"https:\/\/mwc-cmm.org\/en\/#organization\"},\"alternateName\":\"MWC\",\"potentialAction\":[{\"@type\":\"SearchAction\",\"target\":{\"@type\":\"EntryPoint\",\"urlTemplate\":\"https:\/\/mwc-cmm.org\/en\/?s={search_term_string}\"},\"query-input\":{\"@type\":\"PropertyValueSpecification\",\"valueRequired\":true,\"valueName\":\"search_term_string\"}}],\"inLanguage\":\"en-US\"},{\"@type\":\"Organization\",\"@id\":\"https:\/\/mwc-cmm.org\/en\/#organization\",\"name\":\"Mennonite World Conference\",\"alternateName\":\"MWC\",\"url\":\"https:\/\/mwc-cmm.org\/en\/\",\"logo\":{\"@type\":\"ImageObject\",\"inLanguage\":\"en-US\",\"@id\":\"https:\/\/mwc-cmm.org\/en\/#\/schema\/logo\/image\/\",\"url\":\"https:\/\/mwc-cmm.org\/wp-content\/uploads\/2026\/01\/MWC_Sig_Blue_Horiz_webheader1-logo.svg\",\"contentUrl\":\"https:\/\/mwc-cmm.org\/wp-content\/uploads\/2026\/01\/MWC_Sig_Blue_Horiz_webheader1-logo.svg\",\"width\":786,\"height\":82,\"caption\":\"Mennonite World Conference\"},\"image\":{\"@id\":\"https:\/\/mwc-cmm.org\/en\/#\/schema\/logo\/image\/\"},\"sameAs\":[\"https:\/\/www.facebook.com\/MennoniteWorldConference\",\"https:\/\/www.linkedin.com\/company\/mennonite-world-conference-mwc\/\",\"https:\/\/www.instagram.com\/mwcmm\/\",\"https:\/\/www.youtube.com\/user\/mwccmm\",\"https:\/\/bsky.app\/profile\/mwcmm.bsky.social\"]},{\"@type\":\"Person\",\"@id\":\"https:\/\/mwc-cmm.org\/en\/#\/schema\/person\/11f6ae0d7d1868ba20a1cc27f067c836\",\"name\":\"mennworldcon\",\"image\":{\"@type\":\"ImageObject\",\"inLanguage\":\"en-US\",\"@id\":\"https:\/\/secure.gravatar.com\/avatar\/06fdc0dc81c157dfdb82ec42f252178a22307808988d22c043f9eb96f1e0fe80?s=96&d=mm&r=g\",\"url\":\"https:\/\/secure.gravatar.com\/avatar\/06fdc0dc81c157dfdb82ec42f252178a22307808988d22c043f9eb96f1e0fe80?s=96&d=mm&r=g\",\"contentUrl\":\"https:\/\/secure.gravatar.com\/avatar\/06fdc0dc81c157dfdb82ec42f252178a22307808988d22c043f9eb96f1e0fe80?s=96&d=mm&r=g\",\"caption\":\"mennworldcon\"},\"sameAs\":[\"https:\/\/mwc-cmm.org\"],\"url\":\"https:\/\/mwc-cmm.org\/en\/stories\/author\/mennworldcon\/\"}]}<\/script>\n<!-- \/ Yoast SEO plugin. -->","yoast_head_json":{"title":"\u201cI need to go to school\u201d: Mennonite relief in DRC - Mennonite World Conference","robots":{"index":"index","follow":"follow","max-snippet":"max-snippet:-1","max-image-preview":"max-image-preview:large","max-video-preview":"max-video-preview:-1"},"canonical":"https:\/\/mwc-cmm.org\/en\/stories\/i-need-go-school-mennonite-relief-drc\/","og_locale":"en_US","og_type":"article","og_title":"\u201cI need to go to school\u201d: Mennonite relief in DRC - Mennonite World Conference","og_description":"Ten-yea-old Kanku Ngalamulume fled from his home in the village of Senge after armed groups beheaded his mother and father and his siblings too. He was among 1.4 million people in the Kasai region of the Democratic Republic of the Congo who have been forced from their homes as violence among local militias and the [&hellip;]","og_url":"https:\/\/mwc-cmm.org\/en\/stories\/i-need-go-school-mennonite-relief-drc\/","og_site_name":"Mennonite World Conference","article_publisher":"https:\/\/www.facebook.com\/MennoniteWorldConference","article_published_time":"2018-10-17T00:00:00+00:00","article_modified_time":"2024-12-10T18:40:33+00:00","og_image":[{"width":2000,"height":1500,"url":"https:\/\/mwc-cmm.org\/wp-content\/uploads\/2024\/11\/mcc-drc-children.jpg","type":"image\/jpeg"}],"author":"mennworldcon","schema":{"@context":"https:\/\/schema.org","@graph":[{"@type":"Article","@id":"https:\/\/mwc-cmm.org\/en\/stories\/i-need-go-school-mennonite-relief-drc\/#article","isPartOf":{"@id":"https:\/\/mwc-cmm.org\/en\/stories\/i-need-go-school-mennonite-relief-drc\/"},"author":{"name":"mennworldcon","@id":"https:\/\/mwc-cmm.org\/en\/#\/schema\/person\/11f6ae0d7d1868ba20a1cc27f067c836"},"headline":"\u201cI need to go to school\u201d: Mennonite relief in DRC","datePublished":"2018-10-17T00:00:00+00:00","dateModified":"2024-12-10T18:40:33+00:00","mainEntityOfPage":{"@id":"https:\/\/mwc-cmm.org\/en\/stories\/i-need-go-school-mennonite-relief-drc\/"},"wordCount":661,"publisher":{"@id":"https:\/\/mwc-cmm.org\/en\/#organization"},"image":{"@id":"https:\/\/mwc-cmm.org\/en\/stories\/i-need-go-school-mennonite-relief-drc\/#primaryimage"},"thumbnailUrl":"https:\/\/mwc-cmm.org\/wp-content\/uploads\/2024\/11\/mcc-drc-children.jpg","inLanguage":"en-US"},{"@type":"WebPage","@id":"https:\/\/mwc-cmm.org\/en\/stories\/i-need-go-school-mennonite-relief-drc\/","url":"https:\/\/mwc-cmm.org\/en\/stories\/i-need-go-school-mennonite-relief-drc\/","name":"\u201cI need to go to school\u201d: Mennonite relief in DRC - Mennonite World Conference","isPartOf":{"@id":"https:\/\/mwc-cmm.org\/en\/#website"},"primaryImageOfPage":{"@id":"https:\/\/mwc-cmm.org\/en\/stories\/i-need-go-school-mennonite-relief-drc\/#primaryimage"},"image":{"@id":"https:\/\/mwc-cmm.org\/en\/stories\/i-need-go-school-mennonite-relief-drc\/#primaryimage"},"thumbnailUrl":"https:\/\/mwc-cmm.org\/wp-content\/uploads\/2024\/11\/mcc-drc-children.jpg","datePublished":"2018-10-17T00:00:00+00:00","dateModified":"2024-12-10T18:40:33+00:00","breadcrumb":{"@id":"https:\/\/mwc-cmm.org\/en\/stories\/i-need-go-school-mennonite-relief-drc\/#breadcrumb"},"inLanguage":"en-US","potentialAction":[{"@type":"ReadAction","target":["https:\/\/mwc-cmm.org\/en\/stories\/i-need-go-school-mennonite-relief-drc\/"]}]},{"@type":"ImageObject","inLanguage":"en-US","@id":"https:\/\/mwc-cmm.org\/en\/stories\/i-need-go-school-mennonite-relief-drc\/#primaryimage","url":"https:\/\/mwc-cmm.org\/wp-content\/uploads\/2024\/11\/mcc-drc-children.jpg","contentUrl":"https:\/\/mwc-cmm.org\/wp-content\/uploads\/2024\/11\/mcc-drc-children.jpg","width":2000,"height":1500},{"@type":"BreadcrumbList","@id":"https:\/\/mwc-cmm.org\/en\/stories\/i-need-go-school-mennonite-relief-drc\/#breadcrumb","itemListElement":[{"@type":"ListItem","position":1,"name":"Home","item":"https:\/\/mwc-cmm.org\/en\/"},{"@type":"ListItem","position":2,"name":"\u201cI need to go to school\u201d: Mennonite relief in DRC"}]},{"@type":"WebSite","@id":"https:\/\/mwc-cmm.org\/en\/#website","url":"https:\/\/mwc-cmm.org\/en\/","name":"Mennonite World Conference","description":"A communion of Anabaptist-related churches","publisher":{"@id":"https:\/\/mwc-cmm.org\/en\/#organization"},"alternateName":"MWC","potentialAction":[{"@type":"SearchAction","target":{"@type":"EntryPoint","urlTemplate":"https:\/\/mwc-cmm.org\/en\/?s={search_term_string}"},"query-input":{"@type":"PropertyValueSpecification","valueRequired":true,"valueName":"search_term_string"}}],"inLanguage":"en-US"},{"@type":"Organization","@id":"https:\/\/mwc-cmm.org\/en\/#organization","name":"Mennonite World Conference","alternateName":"MWC","url":"https:\/\/mwc-cmm.org\/en\/","logo":{"@type":"ImageObject","inLanguage":"en-US","@id":"https:\/\/mwc-cmm.org\/en\/#\/schema\/logo\/image\/","url":"https:\/\/mwc-cmm.org\/wp-content\/uploads\/2026\/01\/MWC_Sig_Blue_Horiz_webheader1-logo.svg","contentUrl":"https:\/\/mwc-cmm.org\/wp-content\/uploads\/2026\/01\/MWC_Sig_Blue_Horiz_webheader1-logo.svg","width":786,"height":82,"caption":"Mennonite World Conference"},"image":{"@id":"https:\/\/mwc-cmm.org\/en\/#\/schema\/logo\/image\/"},"sameAs":["https:\/\/www.facebook.com\/MennoniteWorldConference","https:\/\/www.linkedin.com\/company\/mennonite-world-conference-mwc\/","https:\/\/www.instagram.com\/mwcmm\/","https:\/\/www.youtube.com\/user\/mwccmm","https:\/\/bsky.app\/profile\/mwcmm.bsky.social"]},{"@type":"Person","@id":"https:\/\/mwc-cmm.org\/en\/#\/schema\/person\/11f6ae0d7d1868ba20a1cc27f067c836","name":"mennworldcon","image":{"@type":"ImageObject","inLanguage":"en-US","@id":"https:\/\/secure.gravatar.com\/avatar\/06fdc0dc81c157dfdb82ec42f252178a22307808988d22c043f9eb96f1e0fe80?s=96&d=mm&r=g","url":"https:\/\/secure.gravatar.com\/avatar\/06fdc0dc81c157dfdb82ec42f252178a22307808988d22c043f9eb96f1e0fe80?s=96&d=mm&r=g","contentUrl":"https:\/\/secure.gravatar.com\/avatar\/06fdc0dc81c157dfdb82ec42f252178a22307808988d22c043f9eb96f1e0fe80?s=96&d=mm&r=g","caption":"mennworldcon"},"sameAs":["https:\/\/mwc-cmm.org"],"url":"https:\/\/mwc-cmm.org\/en\/stories\/author\/mennworldcon\/"}]}},"_links":{"self":[{"href":"https:\/\/mwc-cmm.org\/en\/wp-json\/wp\/v2\/posts\/6753","targetHints":{"allow":["GET"]}}],"collection":[{"href":"https:\/\/mwc-cmm.org\/en\/wp-json\/wp\/v2\/posts"}],"about":[{"href":"https:\/\/mwc-cmm.org\/en\/wp-json\/wp\/v2\/types\/post"}],"author":[{"embeddable":true,"href":"https:\/\/mwc-cmm.org\/en\/wp-json\/wp\/v2\/users\/1"}],"replies":[{"embeddable":true,"href":"https:\/\/mwc-cmm.org\/en\/wp-json\/wp\/v2\/comments?post=6753"}],"version-history":[{"count":0,"href":"https:\/\/mwc-cmm.org\/en\/wp-json\/wp\/v2\/posts\/6753\/revisions"}],"wp:featuredmedia":[{"embeddable":true,"href":"https:\/\/mwc-cmm.org\/en\/wp-json\/wp\/v2\/media\/89647"}],"wp:attachment":[{"href":"https:\/\/mwc-cmm.org\/en\/wp-json\/wp\/v2\/media?parent=6753"}],"wp:term":[{"taxonomy":"category","embeddable":true,"href":"https:\/\/mwc-cmm.org\/en\/wp-json\/wp\/v2\/categories?post=6753"},{"taxonomy":"post_tag","embeddable":true,"href":"https:\/\/mwc-cmm.org\/en\/wp-json\/wp\/v2\/tags?post=6753"},{"taxonomy":"network","embeddable":true,"href":"https:\/\/mwc-cmm.org\/en\/wp-json\/wp\/v2\/network?post=6753"},{"taxonomy":"eventcategory","embeddable":true,"href":"https:\/\/mwc-cmm.org\/en\/wp-json\/wp\/v2\/eventcategory?post=6753"}],"curies":[{"name":"wp","href":"https:\/\/api.w.org\/{rel}","templated":true}]}}