{"id":6671,"date":"2017-10-24T00:00:00","date_gmt":"2017-10-24T00:00:00","guid":{"rendered":"https:\/\/mwc-cmm.org\/anabaptists-respond-to-violence-and-displacement-in-dr-congo\/"},"modified":"2025-02-28T18:40:12","modified_gmt":"2025-02-28T18:40:12","slug":"anabaptists-respond-violence-and-displacement-dr-congo","status":"publish","type":"post","link":"https:\/\/mwc-cmm.org\/en\/stories\/anabaptists-respond-violence-and-displacement-dr-congo\/","title":{"rendered":"Anabaptists respond to violence and displacement in DR Congo"},"content":{"rendered":"\n<p>Akron, Pennsylvania, USA \u2013 A collaborative Anabaptist response will soon reach some of the 1.4 million people displaced by armed conflict in the Kasai region of the Democratic Republic of the Congo (DR Congo) with food, household items and shelter supplies.<\/p>\n\n\n\n<p>The response, shaped and implemented by Congolese Mennonite and Mennonite Brethren church-based relief committees and coordinated by Mennonite Central Committee (MCC), is supported by Mennonite World Conference (MWC) and other Anabaptist church organizations.<\/p>\n\n\n\n<p>The crisis began a year ago when a local militia group called Kamuina Nsapu and national security forces clashed over a political appointment. The armed conflict has escalated, and both militia and security forces have targeted civilians with forced conscription, mutilation, rape and mass killings.<\/p>\n\n\n\n<p>\u201cIt\u2019s been hell on earth for a lot of our people, not only Mennonite people, but many peace-loving people in the same area that have gotten caught up in this maelstrom,\u201d said Rod Hollinger-Janzen of Africa Inter-Mennonite Mission (AIMM).<\/p>\n\n\n\n<p>Among the people displaced in DR Congo are at least 8,000 Mennonites. \u201cThere is no place where this conflict has gone where there are no Mennonite churches,\u201d said Rod Hollinger-Janzen.<\/p>\n\n\n\n<p>Church leaders report that 36 Mennonites have been killed among the UN-estimated 3,300 deaths since October last year. Church buildings and church schools have been damaged or destroyed.<\/p>\n\n\n\n<p>National and local Mennonite leaders in DR Congo \u2013 from MWC member churches \u2013 are key to the response, which will initially focus around the cities of Tshikapa in Kasai Province and Kikwit in Kwilu Province, where many people have fled. The leaders represent Communaut\u00e9 Mennonite au Congo (CMCo; Mennonite Church of Congo) and Communaut\u00e9 des \u00c9glises de Fr\u00e8res Mennonites au Congo (CEFMC; Mennonite Brethren Church of Congo).<\/p>\n\n\n\n<p>\u201cMWC is playing in important role today: that of bringing the members of our Mennonite family together to promote unity and fellowship and to support one member who is suffering (the Congolese Mennonites,) using its arm embodied by the various partners, united in action so that they are more efficient,\u201d says a Congolese church leader (name withheld for security reasons). \u201cThrough this action, Mennonites will be able to share the Mennonite values that are almost unheard of in the Congo. I think that our churches will enlarge their tent.\u201d<\/p>\n\n\n\n<p>A Congolese assessment team visited the Kasai region in July and found a severe lack of food and increasing malnutrition. Families had to leave their fields and animals when they fled the violence, and food that is available for purchase is very expensive.<\/p>\n\n\n\n<p>\u201cMany people are going hungry or eating once a day,\u201d said Mulanda Jimmy Juma, MCC representative in DR Congo.<\/p>\n\n\n\n<p>In addition, families lack basic supplies such as bedding, kitchen tools and cans for carrying water, the assessment team reported.<\/p>\n\n\n\n<p>\u201cMWC supports the Mennonite national churches CMCo, CEFMC and Communaut\u00e9 Evang\u00e9lique Mennonite, and those in Angola who are also helping Congolese refugees,\u201d says Deacon Commission secretary Henk Stenvers. \u201cMWC links our struggling members to the global church with calls for prayer, financial support and by sharing information about the situation.\u201d<\/p>\n\n\n\n<p>Seven Anabaptist organizations are working together to raise funds and awareness of the crisis, which has been largely ignored by Western media. They are International Community of Mennonite Brethren, MB Mission, Mennonite Church Canada Witness, and Mennonite Mission Network, in addition to MWC, AIMM and MCC.<\/p>\n\n\n\n<p>Contributions to the emergency response in DR Congo may be made online at <a href=\"http:\/\/mcc.org\/congo-relief\">mcc.org\/congo-relief<\/a>.<\/p>\n\n\n\n<p><em>\u2013<\/em> <em>an MCC release with files from MWC.<\/em><\/p>\n\n\n\n<h3 class=\"wp-block-heading\"><strong>Communicate community<\/strong><\/h3>\n\n\n\n<p>As you pray for brothers and sisters suffering violence and displacement in the Democratic Republic of Congo, Mennonite World Conference invites your messages of encouragement and solidarity to share with our churches there.<\/p>\n\n\n\n<p>Take a picture with your congregation and a sign labelled \u201cPrions pour la RDC\u201d (Pray for the DRC). Please email messages and photographs to <a href=\"mailto:photos@mwc-cmm.org\">photos@mwc-cmm.org<\/a> and post on social media (Facebook, Twitter, Instagram) with the hashtag #mwcmm.<\/p>\n\n\n\n<div class=\"wp-block-buttons is-layout-flex wp-block-buttons-is-layout-flex\">\n<div class=\"wp-block-button\"><a class=\"wp-block-button__link wp-element-button\" href=\"mailto:photos@mwc-cmm.org\">Send photos<\/a><\/div>\n<\/div>\n","protected":false},"excerpt":{"rendered":"<p>Akron, Pennsylvania, USA \u2013 A collaborative Anabaptist response will soon reach some of the 1.4 million people displaced by armed conflict in the Kasai region of the Democratic Republic of the Congo (DR Congo) with food, household items and shelter supplies. The response, shaped and implemented by Congolese Mennonite and Mennonite Brethren church-based relief committees [&hellip;]<\/p>\n","protected":false},"author":1,"featured_media":92079,"comment_status":"closed","ping_status":"closed","sticky":false,"template":"","format":"standard","meta":{"_acf_changed":false,"footnotes":""},"categories":[1],"tags":[211,464,479],"network":[360,144],"eventcategory":[],"class_list":["post-6671","post","type-post","status-publish","format-standard","has-post-thumbnail","hentry","category-uncategorized","tag-deacons-commission","tag-dr-congo","tag-inter-anabaptist-response","network-commissions","network-deacons-commission"],"acf":[],"yoast_head":"<!-- This site is optimized with the Yoast SEO plugin v27.2 - https:\/\/yoast.com\/product\/yoast-seo-wordpress\/ -->\n<title>Anabaptists respond to violence and displacement in DR Congo - Mennonite World Conference<\/title>\n<meta name=\"robots\" content=\"index, follow, max-snippet:-1, max-image-preview:large, max-video-preview:-1\" \/>\n<link rel=\"canonical\" href=\"https:\/\/mwc-cmm.org\/en\/stories\/anabaptists-respond-violence-and-displacement-dr-congo\/\" \/>\n<meta property=\"og:locale\" content=\"en_US\" \/>\n<meta property=\"og:type\" content=\"article\" \/>\n<meta property=\"og:title\" content=\"Anabaptists respond to violence and displacement in DR Congo - Mennonite World Conference\" \/>\n<meta property=\"og:description\" content=\"Akron, Pennsylvania, USA \u2013 A collaborative Anabaptist response will soon reach some of the 1.4 million people displaced by armed conflict in the Kasai region of the Democratic Republic of the Congo (DR Congo) with food, household items and shelter supplies. The response, shaped and implemented by Congolese Mennonite and Mennonite Brethren church-based relief committees [&hellip;]\" \/>\n<meta property=\"og:url\" content=\"https:\/\/mwc-cmm.org\/en\/stories\/anabaptists-respond-violence-and-displacement-dr-congo\/\" \/>\n<meta property=\"og:site_name\" content=\"Mennonite World Conference\" \/>\n<meta property=\"article:publisher\" content=\"https:\/\/www.facebook.com\/MennoniteWorldConference\" \/>\n<meta property=\"article:published_time\" content=\"2017-10-24T00:00:00+00:00\" \/>\n<meta property=\"article:modified_time\" content=\"2025-02-28T18:40:12+00:00\" \/>\n<meta property=\"og:image\" content=\"https:\/\/mwc-cmm.org\/wp-content\/uploads\/2024\/11\/mcc_photo-rdc-joseph-nkongolo.jpg\" \/>\n\t<meta property=\"og:image:width\" content=\"850\" \/>\n\t<meta property=\"og:image:height\" content=\"638\" \/>\n\t<meta property=\"og:image:type\" content=\"image\/jpeg\" \/>\n<meta name=\"author\" content=\"mennworldcon\" \/>\n<script type=\"application\/ld+json\" class=\"yoast-schema-graph\">{\"@context\":\"https:\/\/schema.org\",\"@graph\":[{\"@type\":\"Article\",\"@id\":\"https:\/\/mwc-cmm.org\/en\/stories\/anabaptists-respond-violence-and-displacement-dr-congo\/#article\",\"isPartOf\":{\"@id\":\"https:\/\/mwc-cmm.org\/en\/stories\/anabaptists-respond-violence-and-displacement-dr-congo\/\"},\"author\":{\"name\":\"mennworldcon\",\"@id\":\"https:\/\/mwc-cmm.org\/en\/#\/schema\/person\/11f6ae0d7d1868ba20a1cc27f067c836\"},\"headline\":\"Anabaptists respond to violence and displacement in DR Congo\",\"datePublished\":\"2017-10-24T00:00:00+00:00\",\"dateModified\":\"2025-02-28T18:40:12+00:00\",\"mainEntityOfPage\":{\"@id\":\"https:\/\/mwc-cmm.org\/en\/stories\/anabaptists-respond-violence-and-displacement-dr-congo\/\"},\"wordCount\":655,\"publisher\":{\"@id\":\"https:\/\/mwc-cmm.org\/en\/#organization\"},\"image\":{\"@id\":\"https:\/\/mwc-cmm.org\/en\/stories\/anabaptists-respond-violence-and-displacement-dr-congo\/#primaryimage\"},\"thumbnailUrl\":\"https:\/\/mwc-cmm.org\/wp-content\/uploads\/2024\/11\/mcc_photo-rdc-joseph-nkongolo.jpg\",\"keywords\":[\"Deacons Commission\",\"DR Congo\",\"inter-Anabaptist response\"],\"inLanguage\":\"en-US\"},{\"@type\":\"WebPage\",\"@id\":\"https:\/\/mwc-cmm.org\/en\/stories\/anabaptists-respond-violence-and-displacement-dr-congo\/\",\"url\":\"https:\/\/mwc-cmm.org\/en\/stories\/anabaptists-respond-violence-and-displacement-dr-congo\/\",\"name\":\"Anabaptists respond to violence and displacement in DR Congo - Mennonite World Conference\",\"isPartOf\":{\"@id\":\"https:\/\/mwc-cmm.org\/en\/#website\"},\"primaryImageOfPage\":{\"@id\":\"https:\/\/mwc-cmm.org\/en\/stories\/anabaptists-respond-violence-and-displacement-dr-congo\/#primaryimage\"},\"image\":{\"@id\":\"https:\/\/mwc-cmm.org\/en\/stories\/anabaptists-respond-violence-and-displacement-dr-congo\/#primaryimage\"},\"thumbnailUrl\":\"https:\/\/mwc-cmm.org\/wp-content\/uploads\/2024\/11\/mcc_photo-rdc-joseph-nkongolo.jpg\",\"datePublished\":\"2017-10-24T00:00:00+00:00\",\"dateModified\":\"2025-02-28T18:40:12+00:00\",\"breadcrumb\":{\"@id\":\"https:\/\/mwc-cmm.org\/en\/stories\/anabaptists-respond-violence-and-displacement-dr-congo\/#breadcrumb\"},\"inLanguage\":\"en-US\",\"potentialAction\":[{\"@type\":\"ReadAction\",\"target\":[\"https:\/\/mwc-cmm.org\/en\/stories\/anabaptists-respond-violence-and-displacement-dr-congo\/\"]}]},{\"@type\":\"ImageObject\",\"inLanguage\":\"en-US\",\"@id\":\"https:\/\/mwc-cmm.org\/en\/stories\/anabaptists-respond-violence-and-displacement-dr-congo\/#primaryimage\",\"url\":\"https:\/\/mwc-cmm.org\/wp-content\/uploads\/2024\/11\/mcc_photo-rdc-joseph-nkongolo.jpg\",\"contentUrl\":\"https:\/\/mwc-cmm.org\/wp-content\/uploads\/2024\/11\/mcc_photo-rdc-joseph-nkongolo.jpg\",\"width\":850,\"height\":638,\"caption\":\"\u76f8\u7247\uff1a\u525b\u679c\u5171\u548c\u679c\u5361\u8cfd\u7701Tshikapa\u9644\u8fd1\u7684Kele\u6751\u5c45\u6c11\u56de\u7b54\u52d8\u67e5\u5718\u968a\u7684\u8a62\u554f \u76f8\u7247\u63d0\u4f9b\uff1aJoseph Nkongolo\"},{\"@type\":\"BreadcrumbList\",\"@id\":\"https:\/\/mwc-cmm.org\/en\/stories\/anabaptists-respond-violence-and-displacement-dr-congo\/#breadcrumb\",\"itemListElement\":[{\"@type\":\"ListItem\",\"position\":1,\"name\":\"Home\",\"item\":\"https:\/\/mwc-cmm.org\/en\/\"},{\"@type\":\"ListItem\",\"position\":2,\"name\":\"Anabaptists respond to violence and displacement in DR Congo\"}]},{\"@type\":\"WebSite\",\"@id\":\"https:\/\/mwc-cmm.org\/en\/#website\",\"url\":\"https:\/\/mwc-cmm.org\/en\/\",\"name\":\"Mennonite World Conference\",\"description\":\"A communion of Anabaptist-related churches\",\"publisher\":{\"@id\":\"https:\/\/mwc-cmm.org\/en\/#organization\"},\"alternateName\":\"MWC\",\"potentialAction\":[{\"@type\":\"SearchAction\",\"target\":{\"@type\":\"EntryPoint\",\"urlTemplate\":\"https:\/\/mwc-cmm.org\/en\/?s={search_term_string}\"},\"query-input\":{\"@type\":\"PropertyValueSpecification\",\"valueRequired\":true,\"valueName\":\"search_term_string\"}}],\"inLanguage\":\"en-US\"},{\"@type\":\"Organization\",\"@id\":\"https:\/\/mwc-cmm.org\/en\/#organization\",\"name\":\"Mennonite World Conference\",\"alternateName\":\"MWC\",\"url\":\"https:\/\/mwc-cmm.org\/en\/\",\"logo\":{\"@type\":\"ImageObject\",\"inLanguage\":\"en-US\",\"@id\":\"https:\/\/mwc-cmm.org\/en\/#\/schema\/logo\/image\/\",\"url\":\"https:\/\/mwc-cmm.org\/wp-content\/uploads\/2026\/01\/MWC_Sig_Blue_Horiz_webheader1-logo.svg\",\"contentUrl\":\"https:\/\/mwc-cmm.org\/wp-content\/uploads\/2026\/01\/MWC_Sig_Blue_Horiz_webheader1-logo.svg\",\"width\":786,\"height\":82,\"caption\":\"Mennonite World Conference\"},\"image\":{\"@id\":\"https:\/\/mwc-cmm.org\/en\/#\/schema\/logo\/image\/\"},\"sameAs\":[\"https:\/\/www.facebook.com\/MennoniteWorldConference\",\"https:\/\/www.linkedin.com\/company\/mennonite-world-conference-mwc\/\",\"https:\/\/www.instagram.com\/mwcmm\/\",\"https:\/\/www.youtube.com\/user\/mwccmm\",\"https:\/\/bsky.app\/profile\/mwcmm.bsky.social\"]},{\"@type\":\"Person\",\"@id\":\"https:\/\/mwc-cmm.org\/en\/#\/schema\/person\/11f6ae0d7d1868ba20a1cc27f067c836\",\"name\":\"mennworldcon\",\"image\":{\"@type\":\"ImageObject\",\"inLanguage\":\"en-US\",\"@id\":\"https:\/\/secure.gravatar.com\/avatar\/06fdc0dc81c157dfdb82ec42f252178a22307808988d22c043f9eb96f1e0fe80?s=96&d=mm&r=g\",\"url\":\"https:\/\/secure.gravatar.com\/avatar\/06fdc0dc81c157dfdb82ec42f252178a22307808988d22c043f9eb96f1e0fe80?s=96&d=mm&r=g\",\"contentUrl\":\"https:\/\/secure.gravatar.com\/avatar\/06fdc0dc81c157dfdb82ec42f252178a22307808988d22c043f9eb96f1e0fe80?s=96&d=mm&r=g\",\"caption\":\"mennworldcon\"},\"sameAs\":[\"https:\/\/mwc-cmm.org\"],\"url\":\"https:\/\/mwc-cmm.org\/en\/stories\/author\/mennworldcon\/\"}]}<\/script>\n<!-- \/ Yoast SEO plugin. -->","yoast_head_json":{"title":"Anabaptists respond to violence and displacement in DR Congo - Mennonite World Conference","robots":{"index":"index","follow":"follow","max-snippet":"max-snippet:-1","max-image-preview":"max-image-preview:large","max-video-preview":"max-video-preview:-1"},"canonical":"https:\/\/mwc-cmm.org\/en\/stories\/anabaptists-respond-violence-and-displacement-dr-congo\/","og_locale":"en_US","og_type":"article","og_title":"Anabaptists respond to violence and displacement in DR Congo - Mennonite World Conference","og_description":"Akron, Pennsylvania, USA \u2013 A collaborative Anabaptist response will soon reach some of the 1.4 million people displaced by armed conflict in the Kasai region of the Democratic Republic of the Congo (DR Congo) with food, household items and shelter supplies. The response, shaped and implemented by Congolese Mennonite and Mennonite Brethren church-based relief committees [&hellip;]","og_url":"https:\/\/mwc-cmm.org\/en\/stories\/anabaptists-respond-violence-and-displacement-dr-congo\/","og_site_name":"Mennonite World Conference","article_publisher":"https:\/\/www.facebook.com\/MennoniteWorldConference","article_published_time":"2017-10-24T00:00:00+00:00","article_modified_time":"2025-02-28T18:40:12+00:00","og_image":[{"width":850,"height":638,"url":"https:\/\/mwc-cmm.org\/wp-content\/uploads\/2024\/11\/mcc_photo-rdc-joseph-nkongolo.jpg","type":"image\/jpeg"}],"author":"mennworldcon","schema":{"@context":"https:\/\/schema.org","@graph":[{"@type":"Article","@id":"https:\/\/mwc-cmm.org\/en\/stories\/anabaptists-respond-violence-and-displacement-dr-congo\/#article","isPartOf":{"@id":"https:\/\/mwc-cmm.org\/en\/stories\/anabaptists-respond-violence-and-displacement-dr-congo\/"},"author":{"name":"mennworldcon","@id":"https:\/\/mwc-cmm.org\/en\/#\/schema\/person\/11f6ae0d7d1868ba20a1cc27f067c836"},"headline":"Anabaptists respond to violence and displacement in DR Congo","datePublished":"2017-10-24T00:00:00+00:00","dateModified":"2025-02-28T18:40:12+00:00","mainEntityOfPage":{"@id":"https:\/\/mwc-cmm.org\/en\/stories\/anabaptists-respond-violence-and-displacement-dr-congo\/"},"wordCount":655,"publisher":{"@id":"https:\/\/mwc-cmm.org\/en\/#organization"},"image":{"@id":"https:\/\/mwc-cmm.org\/en\/stories\/anabaptists-respond-violence-and-displacement-dr-congo\/#primaryimage"},"thumbnailUrl":"https:\/\/mwc-cmm.org\/wp-content\/uploads\/2024\/11\/mcc_photo-rdc-joseph-nkongolo.jpg","keywords":["Deacons Commission","DR Congo","inter-Anabaptist response"],"inLanguage":"en-US"},{"@type":"WebPage","@id":"https:\/\/mwc-cmm.org\/en\/stories\/anabaptists-respond-violence-and-displacement-dr-congo\/","url":"https:\/\/mwc-cmm.org\/en\/stories\/anabaptists-respond-violence-and-displacement-dr-congo\/","name":"Anabaptists respond to violence and displacement in DR Congo - Mennonite World Conference","isPartOf":{"@id":"https:\/\/mwc-cmm.org\/en\/#website"},"primaryImageOfPage":{"@id":"https:\/\/mwc-cmm.org\/en\/stories\/anabaptists-respond-violence-and-displacement-dr-congo\/#primaryimage"},"image":{"@id":"https:\/\/mwc-cmm.org\/en\/stories\/anabaptists-respond-violence-and-displacement-dr-congo\/#primaryimage"},"thumbnailUrl":"https:\/\/mwc-cmm.org\/wp-content\/uploads\/2024\/11\/mcc_photo-rdc-joseph-nkongolo.jpg","datePublished":"2017-10-24T00:00:00+00:00","dateModified":"2025-02-28T18:40:12+00:00","breadcrumb":{"@id":"https:\/\/mwc-cmm.org\/en\/stories\/anabaptists-respond-violence-and-displacement-dr-congo\/#breadcrumb"},"inLanguage":"en-US","potentialAction":[{"@type":"ReadAction","target":["https:\/\/mwc-cmm.org\/en\/stories\/anabaptists-respond-violence-and-displacement-dr-congo\/"]}]},{"@type":"ImageObject","inLanguage":"en-US","@id":"https:\/\/mwc-cmm.org\/en\/stories\/anabaptists-respond-violence-and-displacement-dr-congo\/#primaryimage","url":"https:\/\/mwc-cmm.org\/wp-content\/uploads\/2024\/11\/mcc_photo-rdc-joseph-nkongolo.jpg","contentUrl":"https:\/\/mwc-cmm.org\/wp-content\/uploads\/2024\/11\/mcc_photo-rdc-joseph-nkongolo.jpg","width":850,"height":638,"caption":"\u76f8\u7247\uff1a\u525b\u679c\u5171\u548c\u679c\u5361\u8cfd\u7701Tshikapa\u9644\u8fd1\u7684Kele\u6751\u5c45\u6c11\u56de\u7b54\u52d8\u67e5\u5718\u968a\u7684\u8a62\u554f \u76f8\u7247\u63d0\u4f9b\uff1aJoseph Nkongolo"},{"@type":"BreadcrumbList","@id":"https:\/\/mwc-cmm.org\/en\/stories\/anabaptists-respond-violence-and-displacement-dr-congo\/#breadcrumb","itemListElement":[{"@type":"ListItem","position":1,"name":"Home","item":"https:\/\/mwc-cmm.org\/en\/"},{"@type":"ListItem","position":2,"name":"Anabaptists respond to violence and displacement in DR Congo"}]},{"@type":"WebSite","@id":"https:\/\/mwc-cmm.org\/en\/#website","url":"https:\/\/mwc-cmm.org\/en\/","name":"Mennonite World Conference","description":"A communion of Anabaptist-related churches","publisher":{"@id":"https:\/\/mwc-cmm.org\/en\/#organization"},"alternateName":"MWC","potentialAction":[{"@type":"SearchAction","target":{"@type":"EntryPoint","urlTemplate":"https:\/\/mwc-cmm.org\/en\/?s={search_term_string}"},"query-input":{"@type":"PropertyValueSpecification","valueRequired":true,"valueName":"search_term_string"}}],"inLanguage":"en-US"},{"@type":"Organization","@id":"https:\/\/mwc-cmm.org\/en\/#organization","name":"Mennonite World Conference","alternateName":"MWC","url":"https:\/\/mwc-cmm.org\/en\/","logo":{"@type":"ImageObject","inLanguage":"en-US","@id":"https:\/\/mwc-cmm.org\/en\/#\/schema\/logo\/image\/","url":"https:\/\/mwc-cmm.org\/wp-content\/uploads\/2026\/01\/MWC_Sig_Blue_Horiz_webheader1-logo.svg","contentUrl":"https:\/\/mwc-cmm.org\/wp-content\/uploads\/2026\/01\/MWC_Sig_Blue_Horiz_webheader1-logo.svg","width":786,"height":82,"caption":"Mennonite World Conference"},"image":{"@id":"https:\/\/mwc-cmm.org\/en\/#\/schema\/logo\/image\/"},"sameAs":["https:\/\/www.facebook.com\/MennoniteWorldConference","https:\/\/www.linkedin.com\/company\/mennonite-world-conference-mwc\/","https:\/\/www.instagram.com\/mwcmm\/","https:\/\/www.youtube.com\/user\/mwccmm","https:\/\/bsky.app\/profile\/mwcmm.bsky.social"]},{"@type":"Person","@id":"https:\/\/mwc-cmm.org\/en\/#\/schema\/person\/11f6ae0d7d1868ba20a1cc27f067c836","name":"mennworldcon","image":{"@type":"ImageObject","inLanguage":"en-US","@id":"https:\/\/secure.gravatar.com\/avatar\/06fdc0dc81c157dfdb82ec42f252178a22307808988d22c043f9eb96f1e0fe80?s=96&d=mm&r=g","url":"https:\/\/secure.gravatar.com\/avatar\/06fdc0dc81c157dfdb82ec42f252178a22307808988d22c043f9eb96f1e0fe80?s=96&d=mm&r=g","contentUrl":"https:\/\/secure.gravatar.com\/avatar\/06fdc0dc81c157dfdb82ec42f252178a22307808988d22c043f9eb96f1e0fe80?s=96&d=mm&r=g","caption":"mennworldcon"},"sameAs":["https:\/\/mwc-cmm.org"],"url":"https:\/\/mwc-cmm.org\/en\/stories\/author\/mennworldcon\/"}]}},"_links":{"self":[{"href":"https:\/\/mwc-cmm.org\/en\/wp-json\/wp\/v2\/posts\/6671","targetHints":{"allow":["GET"]}}],"collection":[{"href":"https:\/\/mwc-cmm.org\/en\/wp-json\/wp\/v2\/posts"}],"about":[{"href":"https:\/\/mwc-cmm.org\/en\/wp-json\/wp\/v2\/types\/post"}],"author":[{"embeddable":true,"href":"https:\/\/mwc-cmm.org\/en\/wp-json\/wp\/v2\/users\/1"}],"replies":[{"embeddable":true,"href":"https:\/\/mwc-cmm.org\/en\/wp-json\/wp\/v2\/comments?post=6671"}],"version-history":[{"count":0,"href":"https:\/\/mwc-cmm.org\/en\/wp-json\/wp\/v2\/posts\/6671\/revisions"}],"wp:featuredmedia":[{"embeddable":true,"href":"https:\/\/mwc-cmm.org\/en\/wp-json\/wp\/v2\/media\/92079"}],"wp:attachment":[{"href":"https:\/\/mwc-cmm.org\/en\/wp-json\/wp\/v2\/media?parent=6671"}],"wp:term":[{"taxonomy":"category","embeddable":true,"href":"https:\/\/mwc-cmm.org\/en\/wp-json\/wp\/v2\/categories?post=6671"},{"taxonomy":"post_tag","embeddable":true,"href":"https:\/\/mwc-cmm.org\/en\/wp-json\/wp\/v2\/tags?post=6671"},{"taxonomy":"network","embeddable":true,"href":"https:\/\/mwc-cmm.org\/en\/wp-json\/wp\/v2\/network?post=6671"},{"taxonomy":"eventcategory","embeddable":true,"href":"https:\/\/mwc-cmm.org\/en\/wp-json\/wp\/v2\/eventcategory?post=6671"}],"curies":[{"name":"wp","href":"https:\/\/api.w.org\/{rel}","templated":true}]}}