{"id":6656,"date":"2017-07-13T00:00:00","date_gmt":"2017-07-13T00:00:00","guid":{"rendered":"https:\/\/mwc-cmm.org\/churches-and-psychiatry-its-complicated\/"},"modified":"2024-12-10T18:39:57","modified_gmt":"2024-12-10T18:39:57","slug":"churches-and-psychiatry-its-complicated","status":"publish","type":"post","link":"https:\/\/mwc-cmm.org\/en\/stories\/churches-and-psychiatry-its-complicated\/","title":{"rendered":"Churches and psychiatry: \u201cit&#8217;s complicated\u201d"},"content":{"rendered":"<p><strong>How should the church think about mental health ?<\/strong><\/p>\n<p>Our mental state is connected to body and spirit, and, like them, can be in a state of unhealthiness. In this perspectives section, leaders and health practitioners from Anabaptist-related congregations around the world address how their church has a role in caring for the mental health of their congregants.<\/p>\n<p><strong>Churches and psychiatry: \u201cit\u2019s complicated\u201d<\/strong><\/p>\n<p>One of the things that surprises me the most in my work in psychiatry is the high number of people of faith hospitalized under our services. More precisely, the number of Christians.<\/p>\n<p>\u201cOf course, the patients speak about their beliefs and hopes more than in the other specialities.\u201d But if one uses an objective marker, such as the presence of a Bible at the patient\u2019s bedside, the impression seems to be confirmed: psychiatric services are overrun with Christians. Word has it that even Mennonites have been hospitalized.<\/p>\n<p><strong>Fear of loss of control<\/strong><\/p>\n<p>It is difficult to accept that a Christian would suffer from a psychiatric illness. We understand that people suffer from Alzheimers or that mental confusion can follow an illness because we have an explanation for these events. On the other hand, psychiatric troubles are not explicable from a direct cause. This frightens us because it suggests we are not immune. If the reason is unknown, why couldn\u2019t it happen to me? And who knows what I might say in a moment of delirium? Even the most nonviolent Anabaptist could become threatening if he or she were subjected to a feeling of intense persecution. We feel overwhelmed and we look for answers.<\/p>\n<p>Therefore, we ask: \u201cDon\u2019t you think that the mentally ill are often\/sometimes\/usually possessed?\u201d It is difficult to accept that psychiatric diseases are often a consequence of the Fall. The person must have done something bad to have lost control of his or her thoughts, words and actions. We try to reassure ourselves by assigning responsibility for the illness to the one who is suffering.<\/p>\n<p>According to a 2013 study by the l\u2019Association Fran\u00e7aise F\u00e9d\u00e9rative des Etudiants en Psychiatrie (French federal association of psychiatry students), the number of believers interning in psychiatry is significantly smaller than in other specialties. And yet, our patients speak of their faith more than in other service areas of the hospital.<\/p>\n<p>Our patients pray. Our patients go to mass.<\/p>\n<p>And the doctors ask: are these vulnerable people not at risk of being drawn into abusive cults? Do we need to protect them, and, if so, how? Where is the line between faith and mystical delirium?<\/p>\n<p><strong>Faith amid illness<\/strong><\/p>\n<p>When a person enters the psychiatric hospital where I work, he or she will quickly notice the chapel. It\u2019s not a simple room converted into a chapel, but a real church that holds religious services and staffed by chaplains. Recently, a psychoanalyst said to the interns that priests excel in diagnosing mystical deliriums precisely because faith experiences offer another perspective.<\/p>\n<p>Do churches have a role to play for people who are mentally ill? Well, why shouldn\u2019t they? All churches are already home to people with schizophrenia, bipolar disorders, chronic depression, etc. I daresay that if a church welcomes more than a hundred people and none of your members has mental health challenges, the church either doesn\u2019t know its members very well or should question its hospitality.<\/p>\n<p>The church is involved whether it knows it or not. An estimated .8% of the population suffers from schizophrenia; that\u2019s around 600,000 people in France. Do the math: how many people with schizophrenia should be in your church? How many are actually? This is not to cast blame on churches for not accommodating these people. In the majority of cases, the progress of the disease results in withdrawal from social contact and resistance to other\u2019s overtures.<\/p>\n<p><strong>What a challenge for our churches!<\/strong><\/p>\n<p>And then there is anxiety, a common denominator among mental health disorders. The church offers a reassuring framework that can contribute to anchoring people in reality: the regularity and liturgy of worship, re-encountering resource people each week, participating in a family that does not give up.<\/p>\n<p>As a psychiatrist in a secular country, my work consists of helping people to feel better, to be able to communicate with others, to be present in the world and to lead \u201ca normal life.\u201d<\/p>\n<p>The work of the church regarding people who struggle with mental health is to be a place of safe and healthy relationships, where each one finds a place to belong, where the members are ready to welcome and walk alongside. Our role is to view those who are mentally ill as people who are created, loved, and capable of receive grace through faith in Christ. Don\u2019t underestimate the impact of expressing compassionate concern for others devoid of fear. Effectively integrating people with mental health challenges into the church is both possible and extraordinary. I am convinced this exactly the kind of people among whom we would have found Christ when he was on earth. And so, church: to work!<\/p>\n<p><em>\u2014Alexina Yoder, originally from \u00e9glise de Delle in Belfort-Montb\u00e9liard, is a member of l\u2019\u00e9glise mennonite de Strasbourg, France, and a psychiatry intern.<\/em><\/p>\n<p><em>This article first appeared in&nbsp;<a href=\"http:\/\/www.mwc-cmm.org\/article\/courier\">Courier\/Correo\/Courrier&nbsp;<\/a><\/em><a href=\"http:\/\/www.mwc-cmm.org\/article\/courier\">April 2017<\/a><\/p>\n","protected":false},"excerpt":{"rendered":"<p>How should the church think about mental health ? Our mental state is connected to body and spirit, and, like them, can be in a state of unhealthiness. In this perspectives section, leaders and health practitioners from Anabaptist-related congregations around the world address how their church has a role in caring for the mental health [&hellip;]<\/p>\n","protected":false},"author":1,"featured_media":88751,"comment_status":"closed","ping_status":"closed","sticky":false,"template":"","format":"standard","meta":{"_acf_changed":false,"footnotes":""},"categories":[1],"tags":[],"network":[],"eventcategory":[],"class_list":["post-6656","post","type-post","status-publish","format-standard","has-post-thumbnail","hentry","category-uncategorized"],"acf":[],"yoast_head":"<!-- This site is optimized with the Yoast SEO plugin v27.2 - https:\/\/yoast.com\/product\/yoast-seo-wordpress\/ -->\n<title>Churches and psychiatry: \u201cit&#039;s complicated\u201d - Mennonite World Conference<\/title>\n<meta name=\"robots\" content=\"index, follow, max-snippet:-1, max-image-preview:large, max-video-preview:-1\" \/>\n<link rel=\"canonical\" href=\"https:\/\/mwc-cmm.org\/en\/stories\/churches-and-psychiatry-its-complicated\/\" \/>\n<meta property=\"og:locale\" content=\"en_US\" \/>\n<meta property=\"og:type\" content=\"article\" \/>\n<meta property=\"og:title\" content=\"Churches and psychiatry: \u201cit&#039;s complicated\u201d - Mennonite World Conference\" \/>\n<meta property=\"og:description\" content=\"How should the church think about mental health ? Our mental state is connected to body and spirit, and, like them, can be in a state of unhealthiness. In this perspectives section, leaders and health practitioners from Anabaptist-related congregations around the world address how their church has a role in caring for the mental health [&hellip;]\" \/>\n<meta property=\"og:url\" content=\"https:\/\/mwc-cmm.org\/en\/stories\/churches-and-psychiatry-its-complicated\/\" \/>\n<meta property=\"og:site_name\" content=\"Mennonite World Conference\" \/>\n<meta property=\"article:publisher\" content=\"https:\/\/www.facebook.com\/MennoniteWorldConference\" \/>\n<meta property=\"article:published_time\" content=\"2017-07-13T00:00:00+00:00\" \/>\n<meta property=\"article:modified_time\" content=\"2024-12-10T18:39:57+00:00\" \/>\n<meta property=\"og:image\" content=\"https:\/\/mwc-cmm.org\/wp-content\/uploads\/2024\/11\/alexinayoder-p_20170106_195217_bf_1-rgb.jpg\" \/>\n\t<meta property=\"og:image:width\" content=\"632\" \/>\n\t<meta property=\"og:image:height\" content=\"800\" \/>\n\t<meta property=\"og:image:type\" content=\"image\/jpeg\" \/>\n<meta name=\"author\" content=\"mennworldcon\" \/>\n<script type=\"application\/ld+json\" class=\"yoast-schema-graph\">{\"@context\":\"https:\/\/schema.org\",\"@graph\":[{\"@type\":\"Article\",\"@id\":\"https:\/\/mwc-cmm.org\/en\/stories\/churches-and-psychiatry-its-complicated\/#article\",\"isPartOf\":{\"@id\":\"https:\/\/mwc-cmm.org\/en\/stories\/churches-and-psychiatry-its-complicated\/\"},\"author\":{\"name\":\"mennworldcon\",\"@id\":\"https:\/\/mwc-cmm.org\/en\/#\/schema\/person\/11f6ae0d7d1868ba20a1cc27f067c836\"},\"headline\":\"Churches and psychiatry: \u201cit&#8217;s complicated\u201d\",\"datePublished\":\"2017-07-13T00:00:00+00:00\",\"dateModified\":\"2024-12-10T18:39:57+00:00\",\"mainEntityOfPage\":{\"@id\":\"https:\/\/mwc-cmm.org\/en\/stories\/churches-and-psychiatry-its-complicated\/\"},\"wordCount\":889,\"publisher\":{\"@id\":\"https:\/\/mwc-cmm.org\/en\/#organization\"},\"image\":{\"@id\":\"https:\/\/mwc-cmm.org\/en\/stories\/churches-and-psychiatry-its-complicated\/#primaryimage\"},\"thumbnailUrl\":\"https:\/\/mwc-cmm.org\/wp-content\/uploads\/2024\/11\/alexinayoder-p_20170106_195217_bf_1-rgb.jpg\",\"inLanguage\":\"en-US\"},{\"@type\":\"WebPage\",\"@id\":\"https:\/\/mwc-cmm.org\/en\/stories\/churches-and-psychiatry-its-complicated\/\",\"url\":\"https:\/\/mwc-cmm.org\/en\/stories\/churches-and-psychiatry-its-complicated\/\",\"name\":\"Churches and psychiatry: \u201cit's complicated\u201d - Mennonite World Conference\",\"isPartOf\":{\"@id\":\"https:\/\/mwc-cmm.org\/en\/#website\"},\"primaryImageOfPage\":{\"@id\":\"https:\/\/mwc-cmm.org\/en\/stories\/churches-and-psychiatry-its-complicated\/#primaryimage\"},\"image\":{\"@id\":\"https:\/\/mwc-cmm.org\/en\/stories\/churches-and-psychiatry-its-complicated\/#primaryimage\"},\"thumbnailUrl\":\"https:\/\/mwc-cmm.org\/wp-content\/uploads\/2024\/11\/alexinayoder-p_20170106_195217_bf_1-rgb.jpg\",\"datePublished\":\"2017-07-13T00:00:00+00:00\",\"dateModified\":\"2024-12-10T18:39:57+00:00\",\"breadcrumb\":{\"@id\":\"https:\/\/mwc-cmm.org\/en\/stories\/churches-and-psychiatry-its-complicated\/#breadcrumb\"},\"inLanguage\":\"en-US\",\"potentialAction\":[{\"@type\":\"ReadAction\",\"target\":[\"https:\/\/mwc-cmm.org\/en\/stories\/churches-and-psychiatry-its-complicated\/\"]}]},{\"@type\":\"ImageObject\",\"inLanguage\":\"en-US\",\"@id\":\"https:\/\/mwc-cmm.org\/en\/stories\/churches-and-psychiatry-its-complicated\/#primaryimage\",\"url\":\"https:\/\/mwc-cmm.org\/wp-content\/uploads\/2024\/11\/alexinayoder-p_20170106_195217_bf_1-rgb.jpg\",\"contentUrl\":\"https:\/\/mwc-cmm.org\/wp-content\/uploads\/2024\/11\/alexinayoder-p_20170106_195217_bf_1-rgb.jpg\",\"width\":632,\"height\":800},{\"@type\":\"BreadcrumbList\",\"@id\":\"https:\/\/mwc-cmm.org\/en\/stories\/churches-and-psychiatry-its-complicated\/#breadcrumb\",\"itemListElement\":[{\"@type\":\"ListItem\",\"position\":1,\"name\":\"Home\",\"item\":\"https:\/\/mwc-cmm.org\/en\/\"},{\"@type\":\"ListItem\",\"position\":2,\"name\":\"Churches and psychiatry: \u201cit&#8217;s complicated\u201d\"}]},{\"@type\":\"WebSite\",\"@id\":\"https:\/\/mwc-cmm.org\/en\/#website\",\"url\":\"https:\/\/mwc-cmm.org\/en\/\",\"name\":\"Mennonite World Conference\",\"description\":\"A communion of Anabaptist-related churches\",\"publisher\":{\"@id\":\"https:\/\/mwc-cmm.org\/en\/#organization\"},\"alternateName\":\"MWC\",\"potentialAction\":[{\"@type\":\"SearchAction\",\"target\":{\"@type\":\"EntryPoint\",\"urlTemplate\":\"https:\/\/mwc-cmm.org\/en\/?s={search_term_string}\"},\"query-input\":{\"@type\":\"PropertyValueSpecification\",\"valueRequired\":true,\"valueName\":\"search_term_string\"}}],\"inLanguage\":\"en-US\"},{\"@type\":\"Organization\",\"@id\":\"https:\/\/mwc-cmm.org\/en\/#organization\",\"name\":\"Mennonite World Conference\",\"alternateName\":\"MWC\",\"url\":\"https:\/\/mwc-cmm.org\/en\/\",\"logo\":{\"@type\":\"ImageObject\",\"inLanguage\":\"en-US\",\"@id\":\"https:\/\/mwc-cmm.org\/en\/#\/schema\/logo\/image\/\",\"url\":\"https:\/\/mwc-cmm.org\/wp-content\/uploads\/2026\/01\/MWC_Sig_Blue_Horiz_webheader1-logo.svg\",\"contentUrl\":\"https:\/\/mwc-cmm.org\/wp-content\/uploads\/2026\/01\/MWC_Sig_Blue_Horiz_webheader1-logo.svg\",\"width\":786,\"height\":82,\"caption\":\"Mennonite World Conference\"},\"image\":{\"@id\":\"https:\/\/mwc-cmm.org\/en\/#\/schema\/logo\/image\/\"},\"sameAs\":[\"https:\/\/www.facebook.com\/MennoniteWorldConference\",\"https:\/\/www.linkedin.com\/company\/mennonite-world-conference-mwc\/\",\"https:\/\/www.instagram.com\/mwcmm\/\",\"https:\/\/www.youtube.com\/user\/mwccmm\",\"https:\/\/bsky.app\/profile\/mwcmm.bsky.social\"]},{\"@type\":\"Person\",\"@id\":\"https:\/\/mwc-cmm.org\/en\/#\/schema\/person\/11f6ae0d7d1868ba20a1cc27f067c836\",\"name\":\"mennworldcon\",\"image\":{\"@type\":\"ImageObject\",\"inLanguage\":\"en-US\",\"@id\":\"https:\/\/secure.gravatar.com\/avatar\/06fdc0dc81c157dfdb82ec42f252178a22307808988d22c043f9eb96f1e0fe80?s=96&d=mm&r=g\",\"url\":\"https:\/\/secure.gravatar.com\/avatar\/06fdc0dc81c157dfdb82ec42f252178a22307808988d22c043f9eb96f1e0fe80?s=96&d=mm&r=g\",\"contentUrl\":\"https:\/\/secure.gravatar.com\/avatar\/06fdc0dc81c157dfdb82ec42f252178a22307808988d22c043f9eb96f1e0fe80?s=96&d=mm&r=g\",\"caption\":\"mennworldcon\"},\"sameAs\":[\"https:\/\/mwc-cmm.org\"],\"url\":\"https:\/\/mwc-cmm.org\/en\/stories\/author\/mennworldcon\/\"}]}<\/script>\n<!-- \/ Yoast SEO plugin. -->","yoast_head_json":{"title":"Churches and psychiatry: \u201cit's complicated\u201d - Mennonite World Conference","robots":{"index":"index","follow":"follow","max-snippet":"max-snippet:-1","max-image-preview":"max-image-preview:large","max-video-preview":"max-video-preview:-1"},"canonical":"https:\/\/mwc-cmm.org\/en\/stories\/churches-and-psychiatry-its-complicated\/","og_locale":"en_US","og_type":"article","og_title":"Churches and psychiatry: \u201cit's complicated\u201d - Mennonite World Conference","og_description":"How should the church think about mental health ? Our mental state is connected to body and spirit, and, like them, can be in a state of unhealthiness. In this perspectives section, leaders and health practitioners from Anabaptist-related congregations around the world address how their church has a role in caring for the mental health [&hellip;]","og_url":"https:\/\/mwc-cmm.org\/en\/stories\/churches-and-psychiatry-its-complicated\/","og_site_name":"Mennonite World Conference","article_publisher":"https:\/\/www.facebook.com\/MennoniteWorldConference","article_published_time":"2017-07-13T00:00:00+00:00","article_modified_time":"2024-12-10T18:39:57+00:00","og_image":[{"width":632,"height":800,"url":"https:\/\/mwc-cmm.org\/wp-content\/uploads\/2024\/11\/alexinayoder-p_20170106_195217_bf_1-rgb.jpg","type":"image\/jpeg"}],"author":"mennworldcon","schema":{"@context":"https:\/\/schema.org","@graph":[{"@type":"Article","@id":"https:\/\/mwc-cmm.org\/en\/stories\/churches-and-psychiatry-its-complicated\/#article","isPartOf":{"@id":"https:\/\/mwc-cmm.org\/en\/stories\/churches-and-psychiatry-its-complicated\/"},"author":{"name":"mennworldcon","@id":"https:\/\/mwc-cmm.org\/en\/#\/schema\/person\/11f6ae0d7d1868ba20a1cc27f067c836"},"headline":"Churches and psychiatry: \u201cit&#8217;s complicated\u201d","datePublished":"2017-07-13T00:00:00+00:00","dateModified":"2024-12-10T18:39:57+00:00","mainEntityOfPage":{"@id":"https:\/\/mwc-cmm.org\/en\/stories\/churches-and-psychiatry-its-complicated\/"},"wordCount":889,"publisher":{"@id":"https:\/\/mwc-cmm.org\/en\/#organization"},"image":{"@id":"https:\/\/mwc-cmm.org\/en\/stories\/churches-and-psychiatry-its-complicated\/#primaryimage"},"thumbnailUrl":"https:\/\/mwc-cmm.org\/wp-content\/uploads\/2024\/11\/alexinayoder-p_20170106_195217_bf_1-rgb.jpg","inLanguage":"en-US"},{"@type":"WebPage","@id":"https:\/\/mwc-cmm.org\/en\/stories\/churches-and-psychiatry-its-complicated\/","url":"https:\/\/mwc-cmm.org\/en\/stories\/churches-and-psychiatry-its-complicated\/","name":"Churches and psychiatry: \u201cit's complicated\u201d - Mennonite World Conference","isPartOf":{"@id":"https:\/\/mwc-cmm.org\/en\/#website"},"primaryImageOfPage":{"@id":"https:\/\/mwc-cmm.org\/en\/stories\/churches-and-psychiatry-its-complicated\/#primaryimage"},"image":{"@id":"https:\/\/mwc-cmm.org\/en\/stories\/churches-and-psychiatry-its-complicated\/#primaryimage"},"thumbnailUrl":"https:\/\/mwc-cmm.org\/wp-content\/uploads\/2024\/11\/alexinayoder-p_20170106_195217_bf_1-rgb.jpg","datePublished":"2017-07-13T00:00:00+00:00","dateModified":"2024-12-10T18:39:57+00:00","breadcrumb":{"@id":"https:\/\/mwc-cmm.org\/en\/stories\/churches-and-psychiatry-its-complicated\/#breadcrumb"},"inLanguage":"en-US","potentialAction":[{"@type":"ReadAction","target":["https:\/\/mwc-cmm.org\/en\/stories\/churches-and-psychiatry-its-complicated\/"]}]},{"@type":"ImageObject","inLanguage":"en-US","@id":"https:\/\/mwc-cmm.org\/en\/stories\/churches-and-psychiatry-its-complicated\/#primaryimage","url":"https:\/\/mwc-cmm.org\/wp-content\/uploads\/2024\/11\/alexinayoder-p_20170106_195217_bf_1-rgb.jpg","contentUrl":"https:\/\/mwc-cmm.org\/wp-content\/uploads\/2024\/11\/alexinayoder-p_20170106_195217_bf_1-rgb.jpg","width":632,"height":800},{"@type":"BreadcrumbList","@id":"https:\/\/mwc-cmm.org\/en\/stories\/churches-and-psychiatry-its-complicated\/#breadcrumb","itemListElement":[{"@type":"ListItem","position":1,"name":"Home","item":"https:\/\/mwc-cmm.org\/en\/"},{"@type":"ListItem","position":2,"name":"Churches and psychiatry: \u201cit&#8217;s complicated\u201d"}]},{"@type":"WebSite","@id":"https:\/\/mwc-cmm.org\/en\/#website","url":"https:\/\/mwc-cmm.org\/en\/","name":"Mennonite World Conference","description":"A communion of Anabaptist-related churches","publisher":{"@id":"https:\/\/mwc-cmm.org\/en\/#organization"},"alternateName":"MWC","potentialAction":[{"@type":"SearchAction","target":{"@type":"EntryPoint","urlTemplate":"https:\/\/mwc-cmm.org\/en\/?s={search_term_string}"},"query-input":{"@type":"PropertyValueSpecification","valueRequired":true,"valueName":"search_term_string"}}],"inLanguage":"en-US"},{"@type":"Organization","@id":"https:\/\/mwc-cmm.org\/en\/#organization","name":"Mennonite World Conference","alternateName":"MWC","url":"https:\/\/mwc-cmm.org\/en\/","logo":{"@type":"ImageObject","inLanguage":"en-US","@id":"https:\/\/mwc-cmm.org\/en\/#\/schema\/logo\/image\/","url":"https:\/\/mwc-cmm.org\/wp-content\/uploads\/2026\/01\/MWC_Sig_Blue_Horiz_webheader1-logo.svg","contentUrl":"https:\/\/mwc-cmm.org\/wp-content\/uploads\/2026\/01\/MWC_Sig_Blue_Horiz_webheader1-logo.svg","width":786,"height":82,"caption":"Mennonite World Conference"},"image":{"@id":"https:\/\/mwc-cmm.org\/en\/#\/schema\/logo\/image\/"},"sameAs":["https:\/\/www.facebook.com\/MennoniteWorldConference","https:\/\/www.linkedin.com\/company\/mennonite-world-conference-mwc\/","https:\/\/www.instagram.com\/mwcmm\/","https:\/\/www.youtube.com\/user\/mwccmm","https:\/\/bsky.app\/profile\/mwcmm.bsky.social"]},{"@type":"Person","@id":"https:\/\/mwc-cmm.org\/en\/#\/schema\/person\/11f6ae0d7d1868ba20a1cc27f067c836","name":"mennworldcon","image":{"@type":"ImageObject","inLanguage":"en-US","@id":"https:\/\/secure.gravatar.com\/avatar\/06fdc0dc81c157dfdb82ec42f252178a22307808988d22c043f9eb96f1e0fe80?s=96&d=mm&r=g","url":"https:\/\/secure.gravatar.com\/avatar\/06fdc0dc81c157dfdb82ec42f252178a22307808988d22c043f9eb96f1e0fe80?s=96&d=mm&r=g","contentUrl":"https:\/\/secure.gravatar.com\/avatar\/06fdc0dc81c157dfdb82ec42f252178a22307808988d22c043f9eb96f1e0fe80?s=96&d=mm&r=g","caption":"mennworldcon"},"sameAs":["https:\/\/mwc-cmm.org"],"url":"https:\/\/mwc-cmm.org\/en\/stories\/author\/mennworldcon\/"}]}},"_links":{"self":[{"href":"https:\/\/mwc-cmm.org\/en\/wp-json\/wp\/v2\/posts\/6656","targetHints":{"allow":["GET"]}}],"collection":[{"href":"https:\/\/mwc-cmm.org\/en\/wp-json\/wp\/v2\/posts"}],"about":[{"href":"https:\/\/mwc-cmm.org\/en\/wp-json\/wp\/v2\/types\/post"}],"author":[{"embeddable":true,"href":"https:\/\/mwc-cmm.org\/en\/wp-json\/wp\/v2\/users\/1"}],"replies":[{"embeddable":true,"href":"https:\/\/mwc-cmm.org\/en\/wp-json\/wp\/v2\/comments?post=6656"}],"version-history":[{"count":0,"href":"https:\/\/mwc-cmm.org\/en\/wp-json\/wp\/v2\/posts\/6656\/revisions"}],"wp:featuredmedia":[{"embeddable":true,"href":"https:\/\/mwc-cmm.org\/en\/wp-json\/wp\/v2\/media\/88751"}],"wp:attachment":[{"href":"https:\/\/mwc-cmm.org\/en\/wp-json\/wp\/v2\/media?parent=6656"}],"wp:term":[{"taxonomy":"category","embeddable":true,"href":"https:\/\/mwc-cmm.org\/en\/wp-json\/wp\/v2\/categories?post=6656"},{"taxonomy":"post_tag","embeddable":true,"href":"https:\/\/mwc-cmm.org\/en\/wp-json\/wp\/v2\/tags?post=6656"},{"taxonomy":"network","embeddable":true,"href":"https:\/\/mwc-cmm.org\/en\/wp-json\/wp\/v2\/network?post=6656"},{"taxonomy":"eventcategory","embeddable":true,"href":"https:\/\/mwc-cmm.org\/en\/wp-json\/wp\/v2\/eventcategory?post=6656"}],"curies":[{"name":"wp","href":"https:\/\/api.w.org\/{rel}","templated":true}]}}