{"id":6608,"date":"2016-12-13T00:00:00","date_gmt":"2016-12-13T00:00:00","guid":{"rendered":"https:\/\/mwc-cmm.org\/praying-for-europe\/"},"modified":"2024-12-10T18:39:42","modified_gmt":"2024-12-10T18:39:42","slug":"praying-europe","status":"publish","type":"post","link":"https:\/\/mwc-cmm.org\/en\/stories\/praying-europe\/","title":{"rendered":"Praying for Europe"},"content":{"rendered":"<div>Leaders of Mennonite national churches in Europe held their annual meeting 28\u201330 October 2016, in Vienna, Austria. Mennonite World Conference was represented by Chief Events Officer Liesa Unger, Europe Regional Representative Henk Stenvers, YABs committee member Jantine Huisman, and Executive Committee members Rainer Burkart and Jean Paul Peterschmidt.<\/div>\n<div>&nbsp;<\/div>\n<div><strong>Pray for the needs of the participating churches (listed below)<\/strong>:<\/div>\n<div>&nbsp;<\/div>\n<div><strong>Mennonitische Freikirche \u00d6sterreich (Austria)<\/strong>:<\/div>\n<ul>\n<li>\n<div>Strengthen our Mennonite identity.<\/div>\n<\/li>\n<li>\n<div>Mennonite leaders and Mennonite youth leaders for part-time work with German skills.<\/div>\n<\/li>\n<\/ul>\n<div><strong>Association des \u00e9glises \u00e9vang\u00e9liques mennonites de France (France)<\/strong>:<\/div>\n<ul>\n<li>Unity of the church in the midst of changes in our conference.<\/li>\n<\/ul>\n<div><strong>Arbeitsgemeinschaft Mennonitischer Br\u00fcdergemeinden in Deutschland (AMBD &#8211; Germany)<\/strong>:<\/div>\n<ul>\n<li>\n<div>Strengthening of small churches.<\/div>\n<\/li>\n<li>\n<div>Holistic ministry to refugees.<\/div>\n<\/li>\n<li>\n<div>Incorporation of new converts from Muslim background.<\/div>\n<\/li>\n<li>\n<div>Making disciples.<\/div>\n<\/li>\n<\/ul>\n<div><strong>Arbeitsgemeinschaft Mennonitischer Gemeinden in Deutschland (AMG \u2013 Germany)<\/strong>:<\/div>\n<ul>\n<\/ul>\n<ul>\n<\/ul>\n<ul>\n<li>Small congregations especially are full of fear for their future. This fear is creating demotivation.<\/li>\n<\/ul>\n<div><strong>Verband der Evangelischen Freikirchen Mennonitischer Br\u00fcdergemeinden in Bayern (Germany)<\/strong>:<\/div>\n<ul>\n<li>\n<div>Strengthen the churches.<\/div>\n<\/li>\n<li>\n<div>Pray that we are not satisfied with the status quo but want to grow.<\/div>\n<\/li>\n<\/ul>\n<div><strong>Laisv?j? krik\u2248\u00b0?ioni? ba\u2248\u00e6ny?ia (Free Christian Church Lithuania)<\/strong>:<\/div>\n<ul>\n<li>\n<div>Strengthen discipleship, develop new leaders to be more involved with inner and outside mission work.<\/div>\n<\/li>\n<li>\n<div>We are very open to receive missionaries to work in Lithuania.<\/div>\n<\/li>\n<\/ul>\n<p><strong>Algemene Doopsgezinde Societeit (the Netherlands)<\/strong>:<\/p>\n<ul>\n<li>To encourage and to inspire us being a Christian every moment of the day, in every place we are.<\/li>\n<\/ul>\n<p><strong>Associa\u00e7\u00e3o Irm\u00e3os Menonitas de Portugal (Portugal)<\/strong>:<\/p>\n<ul>\n<li>There is a dramatic financial crisis in our conference that might affect the future of the same.<\/li>\n<\/ul>\n<p><strong>Anabautistas, Menonitas y Hermanos en Cristo \u2013 Espa\u00f1a (Spain)<\/strong>:<\/p>\n<ul>\n<li>Growth in number of churches and membership.<\/li>\n<\/ul>\n<div><strong>Konferenz der Mennoniten der Schweiz (Altt\u00e4ufer)&nbsp;= Conf\u00e9rence Mennonite Suisse (Anabaptiste) (Switzerland)<\/strong>:<\/div>\n<ul>\n<li>\n<div>Thanks for growing solidarity among the churches, especially in refugee-work\/help in Switzerland and abroad.<\/div>\n<\/li>\n<li>\n<div>Finding a youth coordinator for French part of Switzerland conference.<\/div>\n<\/li>\n<li>\n<div>Unity in diversity: working toward a common understanding of mission.<\/div>\n<\/li>\n<li>\n<div>Convergences: a new church is about to be born in Geneva, a joint effort of Swiss Mennonite conference and the church of St. Genis, France.<\/div>\n<\/li>\n<\/ul>\n<div>&nbsp;<\/div>\n<p><img decoding=\"async\" alt=\"\" data-src=\"https:\/\/mwc-cmm.org\/wp-content\/uploads\/2024\/10\/dsc_0036.jpg\" style=\"--smush-image-width: 1500px; --smush-image-aspect-ratio: 1500\/1000;width:350px; height:233px\" width=\"1500\" class=\"smush-dimensions lazyload\" src=\"data:image\/svg+xml;base64,PHN2ZyB3aWR0aD0iMSIgaGVpZ2h0PSIxIiB4bWxucz0iaHR0cDovL3d3dy53My5vcmcvMjAwMC9zdmciPjwvc3ZnPg==\"><\/p>\n","protected":false},"excerpt":{"rendered":"<p>Leaders of Mennonite national churches in Europe held their annual meeting 28\u201330 October 2016, in Vienna, Austria. Mennonite World Conference was represented by Chief Events Officer Liesa Unger, Europe Regional Representative Henk Stenvers, YABs committee member Jantine Huisman, and Executive Committee members Rainer Burkart and Jean Paul Peterschmidt. &nbsp; Pray for the needs of the [&hellip;]<\/p>\n","protected":false},"author":1,"featured_media":10789,"comment_status":"closed","ping_status":"closed","sticky":false,"template":"","format":"standard","meta":{"_acf_changed":false,"footnotes":""},"categories":[1],"tags":[],"network":[],"eventcategory":[],"class_list":["post-6608","post","type-post","status-publish","format-standard","has-post-thumbnail","hentry","category-uncategorized"],"acf":[],"yoast_head":"<!-- This site is optimized with the Yoast SEO plugin v27.5 - https:\/\/yoast.com\/product\/yoast-seo-wordpress\/ -->\n<title>Praying for Europe - Mennonite World Conference<\/title>\n<meta name=\"robots\" content=\"index, follow, max-snippet:-1, max-image-preview:large, max-video-preview:-1\" \/>\n<link rel=\"canonical\" href=\"https:\/\/mwc-cmm.org\/en\/stories\/praying-europe\/\" \/>\n<meta property=\"og:locale\" content=\"en_US\" \/>\n<meta property=\"og:type\" content=\"article\" \/>\n<meta property=\"og:title\" content=\"Praying for Europe - Mennonite World Conference\" \/>\n<meta property=\"og:description\" content=\"Leaders of Mennonite national churches in Europe held their annual meeting 28\u201330 October 2016, in Vienna, Austria. Mennonite World Conference was represented by Chief Events Officer Liesa Unger, Europe Regional Representative Henk Stenvers, YABs committee member Jantine Huisman, and Executive Committee members Rainer Burkart and Jean Paul Peterschmidt. &nbsp; Pray for the needs of the [&hellip;]\" \/>\n<meta property=\"og:url\" content=\"https:\/\/mwc-cmm.org\/en\/stories\/praying-europe\/\" \/>\n<meta property=\"og:site_name\" content=\"Mennonite World Conference\" \/>\n<meta property=\"article:publisher\" content=\"https:\/\/www.facebook.com\/MennoniteWorldConference\" \/>\n<meta property=\"article:published_time\" content=\"2016-12-13T00:00:00+00:00\" \/>\n<meta property=\"article:modified_time\" content=\"2024-12-10T18:39:42+00:00\" \/>\n<meta property=\"og:image\" content=\"https:\/\/mwc-cmm.org\/wp-content\/uploads\/2024\/10\/dsc_0036.jpg\" \/>\n\t<meta property=\"og:image:width\" content=\"1500\" \/>\n\t<meta property=\"og:image:height\" content=\"1000\" \/>\n\t<meta property=\"og:image:type\" content=\"image\/jpeg\" \/>\n<meta name=\"author\" content=\"mennworldcon\" \/>\n<script type=\"application\/ld+json\" class=\"yoast-schema-graph\">{\"@context\":\"https:\\\/\\\/schema.org\",\"@graph\":[{\"@type\":\"Article\",\"@id\":\"https:\\\/\\\/mwc-cmm.org\\\/en\\\/stories\\\/praying-europe\\\/#article\",\"isPartOf\":{\"@id\":\"https:\\\/\\\/mwc-cmm.org\\\/en\\\/stories\\\/praying-europe\\\/\"},\"author\":{\"name\":\"mennworldcon\",\"@id\":\"https:\\\/\\\/mwc-cmm.org\\\/en\\\/#\\\/schema\\\/person\\\/11f6ae0d7d1868ba20a1cc27f067c836\"},\"headline\":\"Praying for Europe\",\"datePublished\":\"2016-12-13T00:00:00+00:00\",\"dateModified\":\"2024-12-10T18:39:42+00:00\",\"mainEntityOfPage\":{\"@id\":\"https:\\\/\\\/mwc-cmm.org\\\/en\\\/stories\\\/praying-europe\\\/\"},\"wordCount\":354,\"publisher\":{\"@id\":\"https:\\\/\\\/mwc-cmm.org\\\/en\\\/#organization\"},\"image\":{\"@id\":\"https:\\\/\\\/mwc-cmm.org\\\/en\\\/stories\\\/praying-europe\\\/#primaryimage\"},\"thumbnailUrl\":\"https:\\\/\\\/mwc-cmm.org\\\/wp-content\\\/uploads\\\/2024\\\/10\\\/dsc_0036.jpg\",\"inLanguage\":\"en-US\"},{\"@type\":\"WebPage\",\"@id\":\"https:\\\/\\\/mwc-cmm.org\\\/en\\\/stories\\\/praying-europe\\\/\",\"url\":\"https:\\\/\\\/mwc-cmm.org\\\/en\\\/stories\\\/praying-europe\\\/\",\"name\":\"Praying for Europe - Mennonite World Conference\",\"isPartOf\":{\"@id\":\"https:\\\/\\\/mwc-cmm.org\\\/en\\\/#website\"},\"primaryImageOfPage\":{\"@id\":\"https:\\\/\\\/mwc-cmm.org\\\/en\\\/stories\\\/praying-europe\\\/#primaryimage\"},\"image\":{\"@id\":\"https:\\\/\\\/mwc-cmm.org\\\/en\\\/stories\\\/praying-europe\\\/#primaryimage\"},\"thumbnailUrl\":\"https:\\\/\\\/mwc-cmm.org\\\/wp-content\\\/uploads\\\/2024\\\/10\\\/dsc_0036.jpg\",\"datePublished\":\"2016-12-13T00:00:00+00:00\",\"dateModified\":\"2024-12-10T18:39:42+00:00\",\"breadcrumb\":{\"@id\":\"https:\\\/\\\/mwc-cmm.org\\\/en\\\/stories\\\/praying-europe\\\/#breadcrumb\"},\"inLanguage\":\"en-US\",\"potentialAction\":[{\"@type\":\"ReadAction\",\"target\":[\"https:\\\/\\\/mwc-cmm.org\\\/en\\\/stories\\\/praying-europe\\\/\"]}]},{\"@type\":\"ImageObject\",\"inLanguage\":\"en-US\",\"@id\":\"https:\\\/\\\/mwc-cmm.org\\\/en\\\/stories\\\/praying-europe\\\/#primaryimage\",\"url\":\"https:\\\/\\\/mwc-cmm.org\\\/wp-content\\\/uploads\\\/2024\\\/10\\\/dsc_0036.jpg\",\"contentUrl\":\"https:\\\/\\\/mwc-cmm.org\\\/wp-content\\\/uploads\\\/2024\\\/10\\\/dsc_0036.jpg\",\"width\":1500,\"height\":1000},{\"@type\":\"BreadcrumbList\",\"@id\":\"https:\\\/\\\/mwc-cmm.org\\\/en\\\/stories\\\/praying-europe\\\/#breadcrumb\",\"itemListElement\":[{\"@type\":\"ListItem\",\"position\":1,\"name\":\"Home\",\"item\":\"https:\\\/\\\/mwc-cmm.org\\\/en\\\/\"},{\"@type\":\"ListItem\",\"position\":2,\"name\":\"Praying for Europe\"}]},{\"@type\":\"WebSite\",\"@id\":\"https:\\\/\\\/mwc-cmm.org\\\/en\\\/#website\",\"url\":\"https:\\\/\\\/mwc-cmm.org\\\/en\\\/\",\"name\":\"Mennonite World Conference\",\"description\":\"A communion of Anabaptist-related churches\",\"publisher\":{\"@id\":\"https:\\\/\\\/mwc-cmm.org\\\/en\\\/#organization\"},\"alternateName\":\"MWC\",\"potentialAction\":[{\"@type\":\"SearchAction\",\"target\":{\"@type\":\"EntryPoint\",\"urlTemplate\":\"https:\\\/\\\/mwc-cmm.org\\\/en\\\/?s={search_term_string}\"},\"query-input\":{\"@type\":\"PropertyValueSpecification\",\"valueRequired\":true,\"valueName\":\"search_term_string\"}}],\"inLanguage\":\"en-US\"},{\"@type\":\"Organization\",\"@id\":\"https:\\\/\\\/mwc-cmm.org\\\/en\\\/#organization\",\"name\":\"Mennonite World Conference\",\"alternateName\":\"MWC\",\"url\":\"https:\\\/\\\/mwc-cmm.org\\\/en\\\/\",\"logo\":{\"@type\":\"ImageObject\",\"inLanguage\":\"en-US\",\"@id\":\"https:\\\/\\\/mwc-cmm.org\\\/en\\\/#\\\/schema\\\/logo\\\/image\\\/\",\"url\":\"https:\\\/\\\/mwc-cmm.org\\\/wp-content\\\/uploads\\\/2026\\\/01\\\/MWC_Sig_Blue_Horiz_webheader1-logo.svg\",\"contentUrl\":\"https:\\\/\\\/mwc-cmm.org\\\/wp-content\\\/uploads\\\/2026\\\/01\\\/MWC_Sig_Blue_Horiz_webheader1-logo.svg\",\"width\":786,\"height\":82,\"caption\":\"Mennonite World Conference\"},\"image\":{\"@id\":\"https:\\\/\\\/mwc-cmm.org\\\/en\\\/#\\\/schema\\\/logo\\\/image\\\/\"},\"sameAs\":[\"https:\\\/\\\/www.facebook.com\\\/MennoniteWorldConference\",\"https:\\\/\\\/www.linkedin.com\\\/company\\\/mennonite-world-conference-mwc\\\/\",\"https:\\\/\\\/www.instagram.com\\\/mwcmm\\\/\",\"https:\\\/\\\/www.youtube.com\\\/user\\\/mwccmm\",\"https:\\\/\\\/bsky.app\\\/profile\\\/mwcmm.bsky.social\"]},{\"@type\":\"Person\",\"@id\":\"https:\\\/\\\/mwc-cmm.org\\\/en\\\/#\\\/schema\\\/person\\\/11f6ae0d7d1868ba20a1cc27f067c836\",\"name\":\"mennworldcon\",\"image\":{\"@type\":\"ImageObject\",\"inLanguage\":\"en-US\",\"@id\":\"https:\\\/\\\/secure.gravatar.com\\\/avatar\\\/06fdc0dc81c157dfdb82ec42f252178a22307808988d22c043f9eb96f1e0fe80?s=96&d=mm&r=g\",\"url\":\"https:\\\/\\\/secure.gravatar.com\\\/avatar\\\/06fdc0dc81c157dfdb82ec42f252178a22307808988d22c043f9eb96f1e0fe80?s=96&d=mm&r=g\",\"contentUrl\":\"https:\\\/\\\/secure.gravatar.com\\\/avatar\\\/06fdc0dc81c157dfdb82ec42f252178a22307808988d22c043f9eb96f1e0fe80?s=96&d=mm&r=g\",\"caption\":\"mennworldcon\"},\"sameAs\":[\"https:\\\/\\\/mwc-cmm.org\"],\"url\":\"https:\\\/\\\/mwc-cmm.org\\\/en\\\/stories\\\/author\\\/mennworldcon\\\/\"}]}<\/script>\n<!-- \/ Yoast SEO plugin. -->","yoast_head_json":{"title":"Praying for Europe - Mennonite World Conference","robots":{"index":"index","follow":"follow","max-snippet":"max-snippet:-1","max-image-preview":"max-image-preview:large","max-video-preview":"max-video-preview:-1"},"canonical":"https:\/\/mwc-cmm.org\/en\/stories\/praying-europe\/","og_locale":"en_US","og_type":"article","og_title":"Praying for Europe - Mennonite World Conference","og_description":"Leaders of Mennonite national churches in Europe held their annual meeting 28\u201330 October 2016, in Vienna, Austria. Mennonite World Conference was represented by Chief Events Officer Liesa Unger, Europe Regional Representative Henk Stenvers, YABs committee member Jantine Huisman, and Executive Committee members Rainer Burkart and Jean Paul Peterschmidt. &nbsp; Pray for the needs of the [&hellip;]","og_url":"https:\/\/mwc-cmm.org\/en\/stories\/praying-europe\/","og_site_name":"Mennonite World Conference","article_publisher":"https:\/\/www.facebook.com\/MennoniteWorldConference","article_published_time":"2016-12-13T00:00:00+00:00","article_modified_time":"2024-12-10T18:39:42+00:00","og_image":[{"width":1500,"height":1000,"url":"https:\/\/mwc-cmm.org\/wp-content\/uploads\/2024\/10\/dsc_0036.jpg","type":"image\/jpeg"}],"author":"mennworldcon","schema":{"@context":"https:\/\/schema.org","@graph":[{"@type":"Article","@id":"https:\/\/mwc-cmm.org\/en\/stories\/praying-europe\/#article","isPartOf":{"@id":"https:\/\/mwc-cmm.org\/en\/stories\/praying-europe\/"},"author":{"name":"mennworldcon","@id":"https:\/\/mwc-cmm.org\/en\/#\/schema\/person\/11f6ae0d7d1868ba20a1cc27f067c836"},"headline":"Praying for Europe","datePublished":"2016-12-13T00:00:00+00:00","dateModified":"2024-12-10T18:39:42+00:00","mainEntityOfPage":{"@id":"https:\/\/mwc-cmm.org\/en\/stories\/praying-europe\/"},"wordCount":354,"publisher":{"@id":"https:\/\/mwc-cmm.org\/en\/#organization"},"image":{"@id":"https:\/\/mwc-cmm.org\/en\/stories\/praying-europe\/#primaryimage"},"thumbnailUrl":"https:\/\/mwc-cmm.org\/wp-content\/uploads\/2024\/10\/dsc_0036.jpg","inLanguage":"en-US"},{"@type":"WebPage","@id":"https:\/\/mwc-cmm.org\/en\/stories\/praying-europe\/","url":"https:\/\/mwc-cmm.org\/en\/stories\/praying-europe\/","name":"Praying for Europe - Mennonite World Conference","isPartOf":{"@id":"https:\/\/mwc-cmm.org\/en\/#website"},"primaryImageOfPage":{"@id":"https:\/\/mwc-cmm.org\/en\/stories\/praying-europe\/#primaryimage"},"image":{"@id":"https:\/\/mwc-cmm.org\/en\/stories\/praying-europe\/#primaryimage"},"thumbnailUrl":"https:\/\/mwc-cmm.org\/wp-content\/uploads\/2024\/10\/dsc_0036.jpg","datePublished":"2016-12-13T00:00:00+00:00","dateModified":"2024-12-10T18:39:42+00:00","breadcrumb":{"@id":"https:\/\/mwc-cmm.org\/en\/stories\/praying-europe\/#breadcrumb"},"inLanguage":"en-US","potentialAction":[{"@type":"ReadAction","target":["https:\/\/mwc-cmm.org\/en\/stories\/praying-europe\/"]}]},{"@type":"ImageObject","inLanguage":"en-US","@id":"https:\/\/mwc-cmm.org\/en\/stories\/praying-europe\/#primaryimage","url":"https:\/\/mwc-cmm.org\/wp-content\/uploads\/2024\/10\/dsc_0036.jpg","contentUrl":"https:\/\/mwc-cmm.org\/wp-content\/uploads\/2024\/10\/dsc_0036.jpg","width":1500,"height":1000},{"@type":"BreadcrumbList","@id":"https:\/\/mwc-cmm.org\/en\/stories\/praying-europe\/#breadcrumb","itemListElement":[{"@type":"ListItem","position":1,"name":"Home","item":"https:\/\/mwc-cmm.org\/en\/"},{"@type":"ListItem","position":2,"name":"Praying for Europe"}]},{"@type":"WebSite","@id":"https:\/\/mwc-cmm.org\/en\/#website","url":"https:\/\/mwc-cmm.org\/en\/","name":"Mennonite World Conference","description":"A communion of Anabaptist-related churches","publisher":{"@id":"https:\/\/mwc-cmm.org\/en\/#organization"},"alternateName":"MWC","potentialAction":[{"@type":"SearchAction","target":{"@type":"EntryPoint","urlTemplate":"https:\/\/mwc-cmm.org\/en\/?s={search_term_string}"},"query-input":{"@type":"PropertyValueSpecification","valueRequired":true,"valueName":"search_term_string"}}],"inLanguage":"en-US"},{"@type":"Organization","@id":"https:\/\/mwc-cmm.org\/en\/#organization","name":"Mennonite World Conference","alternateName":"MWC","url":"https:\/\/mwc-cmm.org\/en\/","logo":{"@type":"ImageObject","inLanguage":"en-US","@id":"https:\/\/mwc-cmm.org\/en\/#\/schema\/logo\/image\/","url":"https:\/\/mwc-cmm.org\/wp-content\/uploads\/2026\/01\/MWC_Sig_Blue_Horiz_webheader1-logo.svg","contentUrl":"https:\/\/mwc-cmm.org\/wp-content\/uploads\/2026\/01\/MWC_Sig_Blue_Horiz_webheader1-logo.svg","width":786,"height":82,"caption":"Mennonite World Conference"},"image":{"@id":"https:\/\/mwc-cmm.org\/en\/#\/schema\/logo\/image\/"},"sameAs":["https:\/\/www.facebook.com\/MennoniteWorldConference","https:\/\/www.linkedin.com\/company\/mennonite-world-conference-mwc\/","https:\/\/www.instagram.com\/mwcmm\/","https:\/\/www.youtube.com\/user\/mwccmm","https:\/\/bsky.app\/profile\/mwcmm.bsky.social"]},{"@type":"Person","@id":"https:\/\/mwc-cmm.org\/en\/#\/schema\/person\/11f6ae0d7d1868ba20a1cc27f067c836","name":"mennworldcon","image":{"@type":"ImageObject","inLanguage":"en-US","@id":"https:\/\/secure.gravatar.com\/avatar\/06fdc0dc81c157dfdb82ec42f252178a22307808988d22c043f9eb96f1e0fe80?s=96&d=mm&r=g","url":"https:\/\/secure.gravatar.com\/avatar\/06fdc0dc81c157dfdb82ec42f252178a22307808988d22c043f9eb96f1e0fe80?s=96&d=mm&r=g","contentUrl":"https:\/\/secure.gravatar.com\/avatar\/06fdc0dc81c157dfdb82ec42f252178a22307808988d22c043f9eb96f1e0fe80?s=96&d=mm&r=g","caption":"mennworldcon"},"sameAs":["https:\/\/mwc-cmm.org"],"url":"https:\/\/mwc-cmm.org\/en\/stories\/author\/mennworldcon\/"}]}},"_links":{"self":[{"href":"https:\/\/mwc-cmm.org\/en\/wp-json\/wp\/v2\/posts\/6608","targetHints":{"allow":["GET"]}}],"collection":[{"href":"https:\/\/mwc-cmm.org\/en\/wp-json\/wp\/v2\/posts"}],"about":[{"href":"https:\/\/mwc-cmm.org\/en\/wp-json\/wp\/v2\/types\/post"}],"author":[{"embeddable":true,"href":"https:\/\/mwc-cmm.org\/en\/wp-json\/wp\/v2\/users\/1"}],"replies":[{"embeddable":true,"href":"https:\/\/mwc-cmm.org\/en\/wp-json\/wp\/v2\/comments?post=6608"}],"version-history":[{"count":0,"href":"https:\/\/mwc-cmm.org\/en\/wp-json\/wp\/v2\/posts\/6608\/revisions"}],"wp:featuredmedia":[{"embeddable":true,"href":"https:\/\/mwc-cmm.org\/en\/wp-json\/wp\/v2\/media\/10789"}],"wp:attachment":[{"href":"https:\/\/mwc-cmm.org\/en\/wp-json\/wp\/v2\/media?parent=6608"}],"wp:term":[{"taxonomy":"category","embeddable":true,"href":"https:\/\/mwc-cmm.org\/en\/wp-json\/wp\/v2\/categories?post=6608"},{"taxonomy":"post_tag","embeddable":true,"href":"https:\/\/mwc-cmm.org\/en\/wp-json\/wp\/v2\/tags?post=6608"},{"taxonomy":"network","embeddable":true,"href":"https:\/\/mwc-cmm.org\/en\/wp-json\/wp\/v2\/network?post=6608"},{"taxonomy":"eventcategory","embeddable":true,"href":"https:\/\/mwc-cmm.org\/en\/wp-json\/wp\/v2\/eventcategory?post=6608"}],"curies":[{"name":"wp","href":"https:\/\/api.w.org\/{rel}","templated":true}]}}