{"id":6595,"date":"2016-09-29T00:00:00","date_gmt":"2016-09-29T00:00:00","guid":{"rendered":"https:\/\/mwc-cmm.org\/celebration-and-welcome-world-fellowship-sunday-and-mwc-team-changes\/"},"modified":"2025-10-16T16:31:35","modified_gmt":"2025-10-16T16:31:35","slug":"celebration-and-welcome-world-fellowship-sunday-and-mwc-team-changes","status":"publish","type":"post","link":"https:\/\/mwc-cmm.org\/en\/stories\/celebration-and-welcome-world-fellowship-sunday-and-mwc-team-changes\/","title":{"rendered":"Celebration and welcome: World Fellowship Sunday and MWC team changes"},"content":{"rendered":"<p>Bogot\u00e1, Colombia \u2013 \u201cHow will the church respond to the different needs we hear and see around us?\u201d The European Mennonite churches asked this question, especially relating to the refugee crisis, as they prepared the worship materials for Mennonite World Conference\u2019s World Fellowship Sunday (WFS), 22 January 2017.<\/p>\n<p>\u201cMy Cry is Heard\u201d is the theme of 2017\u2019s package, redesigned with a more engaging format. It contains prayers for the Mennonite World Conference (MWC) family and liturgies for worship, song suggestions, notes for sermon preparation, stories of European Mennonite churches\u2019 radical welcome to refugees, and recipes.<\/p>\n<p>\u201cWorld Fellowship Sunday is our opportunity to remind our people that we belong to each other as sisters and brothers in God\u2019s household,\u201d says MWC general secretary C\u00e9sar Garc\u00eda. \u201cEach local congregation belongs to a global community of faith that transcends language, nationality and culture. We are here to support each other, to uphold those who are suffering and being persecuted and to learn from each other.\u201d<\/p>\n<p>The Sunday closest to 21 January is designated WFS to remember the first Anabaptist baptism in 1525; however, congregations are encouraged to celebrate the global Anabaptist family on a date that suits their schedule.&nbsp;<span><a href=\"http:\/\/www.mwc-cmm.org\/article\/world-fellowship-sunday?language=en\">Click here<\/a><\/span><span> to see the World Fellowship Sunday 2017 Worship Resource.<\/span><\/p>\n<p>MWC fosters relationships within the Anabaptist family year round through its communications department and the regional representatives who are part-time volunteers responsible for developing and supporting relationships with MWC member, associate-member and potential-member churches, local congregations and MWC-related agencies and partners.<\/p>\n<p>In September 2016, Pablo Stucky joined the team as regional representative for the Andean Region of Latin America (Colombia, Ecuador, Peru, Venezuela). Stucky lives in Bogot\u00e1, Colombia, where he serves as director of CEAS (Coordinaci\u00f3n Eclesial para la Acci\u00f3n Psicosocial), a ministry of the Mennonite, Mennonite Brethren and Brethren in Christ churches of Colombia. CEAS resources local congregations to minister emotional, social and spiritual support to victims of armed conflict and other expressions of violence in Colombia, and fosters opportunities for transformation and reconciliation among churches and perpetrators.<\/p>\n<p>Coordinator Arli Klassen is grateful for the work of the 10 regional representatives, and hopes to gain representation for the Caribbean and Southeast Asia regions.<\/p>\n<p>Danielle Gonzales became web communications coordinator for MWC, working in Bogot\u00e1, Colombia, as a participant in Mennonite Central Committee\u2019s Service and Learning Together program (SALT). Born to binational parents, her mother from Mexico and her father from the USA, Gonzales grew up living between two distinct cultures in Los Angeles, California. She studied theology and focused on human rights and women\u2019s issues. Her passion for justice has given her the opportunity to work with migrants from Mexico and Central America at the USA-Mexico border and in her own city. Through SALT, she is following her dreams of living in South America to acquire Spanish language and broaden her understanding of human rights in the Latin American context.<\/p>\n<p><img decoding=\"async\" alt=\"\" data-src=\"https:\/\/mwc-cmm.org\/wp-content\/uploads\/2024\/10\/ps-dg_1.png\" style=\"--smush-image-width: 1555px; --smush-image-aspect-ratio: 1555\/924;width:250px; height:149px\" width=\"1555\" class=\"smush-dimensions lazyload\" src=\"data:image\/svg+xml;base64,PHN2ZyB3aWR0aD0iMSIgaGVpZ2h0PSIxIiB4bWxucz0iaHR0cDovL3d3dy53My5vcmcvMjAwMC9zdmciPjwvc3ZnPg==\"><\/p>\n<p>&nbsp;Pablo Stucky and Danielle Gonzales<\/p>\n<p><em>\u2014Mennonite World Conference release<\/em><\/p>\n","protected":false},"excerpt":{"rendered":"<p>Bogot\u00e1, Colombia \u2013 \u201cHow will the church respond to the different needs we hear and see around us?\u201d The European Mennonite churches asked this question, especially relating to the refugee crisis, as they prepared the worship materials for Mennonite World Conference\u2019s World Fellowship Sunday (WFS), 22 January 2017. \u201cMy Cry is Heard\u201d is the theme [&hellip;]<\/p>\n","protected":false},"author":1,"featured_media":10784,"comment_status":"closed","ping_status":"closed","sticky":false,"template":"","format":"standard","meta":{"_acf_changed":false,"footnotes":""},"categories":[1],"tags":[277],"network":[],"eventcategory":[300],"class_list":["post-6595","post","type-post","status-publish","format-standard","has-post-thumbnail","hentry","category-uncategorized","tag-regional-representatives","eventcategory-anabaptist-world-fellowship-sunday"],"acf":[],"yoast_head":"<!-- This site is optimized with the Yoast SEO plugin v27.2 - https:\/\/yoast.com\/product\/yoast-seo-wordpress\/ -->\n<title>Celebration and welcome: World Fellowship Sunday and MWC team changes - Mennonite World Conference<\/title>\n<meta name=\"robots\" content=\"index, follow, max-snippet:-1, max-image-preview:large, max-video-preview:-1\" \/>\n<link rel=\"canonical\" href=\"https:\/\/mwc-cmm.org\/en\/stories\/celebration-and-welcome-world-fellowship-sunday-and-mwc-team-changes\/\" \/>\n<meta property=\"og:locale\" content=\"en_US\" \/>\n<meta property=\"og:type\" content=\"article\" \/>\n<meta property=\"og:title\" content=\"Celebration and welcome: World Fellowship Sunday and MWC team changes - Mennonite World Conference\" \/>\n<meta property=\"og:description\" content=\"Bogot\u00e1, Colombia \u2013 \u201cHow will the church respond to the different needs we hear and see around us?\u201d The European Mennonite churches asked this question, especially relating to the refugee crisis, as they prepared the worship materials for Mennonite World Conference\u2019s World Fellowship Sunday (WFS), 22 January 2017. \u201cMy Cry is Heard\u201d is the theme [&hellip;]\" \/>\n<meta property=\"og:url\" content=\"https:\/\/mwc-cmm.org\/en\/stories\/celebration-and-welcome-world-fellowship-sunday-and-mwc-team-changes\/\" \/>\n<meta property=\"og:site_name\" content=\"Mennonite World Conference\" \/>\n<meta property=\"article:publisher\" content=\"https:\/\/www.facebook.com\/MennoniteWorldConference\" \/>\n<meta property=\"article:published_time\" content=\"2016-09-29T00:00:00+00:00\" \/>\n<meta property=\"article:modified_time\" content=\"2025-10-16T16:31:35+00:00\" \/>\n<meta property=\"og:image\" content=\"https:\/\/mwc-cmm.org\/wp-content\/uploads\/2024\/10\/ps-dg_1.png\" \/>\n\t<meta property=\"og:image:width\" content=\"1555\" \/>\n\t<meta property=\"og:image:height\" content=\"924\" \/>\n\t<meta property=\"og:image:type\" content=\"image\/png\" \/>\n<meta name=\"author\" content=\"mennworldcon\" \/>\n<script type=\"application\/ld+json\" class=\"yoast-schema-graph\">{\"@context\":\"https:\/\/schema.org\",\"@graph\":[{\"@type\":\"Article\",\"@id\":\"https:\/\/mwc-cmm.org\/en\/stories\/celebration-and-welcome-world-fellowship-sunday-and-mwc-team-changes\/#article\",\"isPartOf\":{\"@id\":\"https:\/\/mwc-cmm.org\/en\/stories\/celebration-and-welcome-world-fellowship-sunday-and-mwc-team-changes\/\"},\"author\":{\"name\":\"mennworldcon\",\"@id\":\"https:\/\/mwc-cmm.org\/en\/#\/schema\/person\/11f6ae0d7d1868ba20a1cc27f067c836\"},\"headline\":\"Celebration and welcome: World Fellowship Sunday and MWC team changes\",\"datePublished\":\"2016-09-29T00:00:00+00:00\",\"dateModified\":\"2025-10-16T16:31:35+00:00\",\"mainEntityOfPage\":{\"@id\":\"https:\/\/mwc-cmm.org\/en\/stories\/celebration-and-welcome-world-fellowship-sunday-and-mwc-team-changes\/\"},\"wordCount\":499,\"publisher\":{\"@id\":\"https:\/\/mwc-cmm.org\/en\/#organization\"},\"image\":{\"@id\":\"https:\/\/mwc-cmm.org\/en\/stories\/celebration-and-welcome-world-fellowship-sunday-and-mwc-team-changes\/#primaryimage\"},\"thumbnailUrl\":\"https:\/\/mwc-cmm.org\/wp-content\/uploads\/2024\/10\/ps-dg_1.png\",\"keywords\":[\"regional representatives\"],\"inLanguage\":\"en-US\"},{\"@type\":\"WebPage\",\"@id\":\"https:\/\/mwc-cmm.org\/en\/stories\/celebration-and-welcome-world-fellowship-sunday-and-mwc-team-changes\/\",\"url\":\"https:\/\/mwc-cmm.org\/en\/stories\/celebration-and-welcome-world-fellowship-sunday-and-mwc-team-changes\/\",\"name\":\"Celebration and welcome: World Fellowship Sunday and MWC team changes - Mennonite World Conference\",\"isPartOf\":{\"@id\":\"https:\/\/mwc-cmm.org\/en\/#website\"},\"primaryImageOfPage\":{\"@id\":\"https:\/\/mwc-cmm.org\/en\/stories\/celebration-and-welcome-world-fellowship-sunday-and-mwc-team-changes\/#primaryimage\"},\"image\":{\"@id\":\"https:\/\/mwc-cmm.org\/en\/stories\/celebration-and-welcome-world-fellowship-sunday-and-mwc-team-changes\/#primaryimage\"},\"thumbnailUrl\":\"https:\/\/mwc-cmm.org\/wp-content\/uploads\/2024\/10\/ps-dg_1.png\",\"datePublished\":\"2016-09-29T00:00:00+00:00\",\"dateModified\":\"2025-10-16T16:31:35+00:00\",\"breadcrumb\":{\"@id\":\"https:\/\/mwc-cmm.org\/en\/stories\/celebration-and-welcome-world-fellowship-sunday-and-mwc-team-changes\/#breadcrumb\"},\"inLanguage\":\"en-US\",\"potentialAction\":[{\"@type\":\"ReadAction\",\"target\":[\"https:\/\/mwc-cmm.org\/en\/stories\/celebration-and-welcome-world-fellowship-sunday-and-mwc-team-changes\/\"]}]},{\"@type\":\"ImageObject\",\"inLanguage\":\"en-US\",\"@id\":\"https:\/\/mwc-cmm.org\/en\/stories\/celebration-and-welcome-world-fellowship-sunday-and-mwc-team-changes\/#primaryimage\",\"url\":\"https:\/\/mwc-cmm.org\/wp-content\/uploads\/2024\/10\/ps-dg_1.png\",\"contentUrl\":\"https:\/\/mwc-cmm.org\/wp-content\/uploads\/2024\/10\/ps-dg_1.png\",\"width\":1555,\"height\":924},{\"@type\":\"BreadcrumbList\",\"@id\":\"https:\/\/mwc-cmm.org\/en\/stories\/celebration-and-welcome-world-fellowship-sunday-and-mwc-team-changes\/#breadcrumb\",\"itemListElement\":[{\"@type\":\"ListItem\",\"position\":1,\"name\":\"Home\",\"item\":\"https:\/\/mwc-cmm.org\/en\/\"},{\"@type\":\"ListItem\",\"position\":2,\"name\":\"Celebration and welcome: World Fellowship Sunday and MWC team changes\"}]},{\"@type\":\"WebSite\",\"@id\":\"https:\/\/mwc-cmm.org\/en\/#website\",\"url\":\"https:\/\/mwc-cmm.org\/en\/\",\"name\":\"Mennonite World Conference\",\"description\":\"A communion of Anabaptist-related churches\",\"publisher\":{\"@id\":\"https:\/\/mwc-cmm.org\/en\/#organization\"},\"alternateName\":\"MWC\",\"potentialAction\":[{\"@type\":\"SearchAction\",\"target\":{\"@type\":\"EntryPoint\",\"urlTemplate\":\"https:\/\/mwc-cmm.org\/en\/?s={search_term_string}\"},\"query-input\":{\"@type\":\"PropertyValueSpecification\",\"valueRequired\":true,\"valueName\":\"search_term_string\"}}],\"inLanguage\":\"en-US\"},{\"@type\":\"Organization\",\"@id\":\"https:\/\/mwc-cmm.org\/en\/#organization\",\"name\":\"Mennonite World Conference\",\"alternateName\":\"MWC\",\"url\":\"https:\/\/mwc-cmm.org\/en\/\",\"logo\":{\"@type\":\"ImageObject\",\"inLanguage\":\"en-US\",\"@id\":\"https:\/\/mwc-cmm.org\/en\/#\/schema\/logo\/image\/\",\"url\":\"https:\/\/mwc-cmm.org\/wp-content\/uploads\/2026\/01\/MWC_Sig_Blue_Horiz_webheader1-logo.svg\",\"contentUrl\":\"https:\/\/mwc-cmm.org\/wp-content\/uploads\/2026\/01\/MWC_Sig_Blue_Horiz_webheader1-logo.svg\",\"width\":786,\"height\":82,\"caption\":\"Mennonite World Conference\"},\"image\":{\"@id\":\"https:\/\/mwc-cmm.org\/en\/#\/schema\/logo\/image\/\"},\"sameAs\":[\"https:\/\/www.facebook.com\/MennoniteWorldConference\",\"https:\/\/www.linkedin.com\/company\/mennonite-world-conference-mwc\/\",\"https:\/\/www.instagram.com\/mwcmm\/\",\"https:\/\/www.youtube.com\/user\/mwccmm\",\"https:\/\/bsky.app\/profile\/mwcmm.bsky.social\"]},{\"@type\":\"Person\",\"@id\":\"https:\/\/mwc-cmm.org\/en\/#\/schema\/person\/11f6ae0d7d1868ba20a1cc27f067c836\",\"name\":\"mennworldcon\",\"image\":{\"@type\":\"ImageObject\",\"inLanguage\":\"en-US\",\"@id\":\"https:\/\/secure.gravatar.com\/avatar\/06fdc0dc81c157dfdb82ec42f252178a22307808988d22c043f9eb96f1e0fe80?s=96&d=mm&r=g\",\"url\":\"https:\/\/secure.gravatar.com\/avatar\/06fdc0dc81c157dfdb82ec42f252178a22307808988d22c043f9eb96f1e0fe80?s=96&d=mm&r=g\",\"contentUrl\":\"https:\/\/secure.gravatar.com\/avatar\/06fdc0dc81c157dfdb82ec42f252178a22307808988d22c043f9eb96f1e0fe80?s=96&d=mm&r=g\",\"caption\":\"mennworldcon\"},\"sameAs\":[\"https:\/\/mwc-cmm.org\"],\"url\":\"https:\/\/mwc-cmm.org\/en\/stories\/author\/mennworldcon\/\"}]}<\/script>\n<!-- \/ Yoast SEO plugin. -->","yoast_head_json":{"title":"Celebration and welcome: World Fellowship Sunday and MWC team changes - Mennonite World Conference","robots":{"index":"index","follow":"follow","max-snippet":"max-snippet:-1","max-image-preview":"max-image-preview:large","max-video-preview":"max-video-preview:-1"},"canonical":"https:\/\/mwc-cmm.org\/en\/stories\/celebration-and-welcome-world-fellowship-sunday-and-mwc-team-changes\/","og_locale":"en_US","og_type":"article","og_title":"Celebration and welcome: World Fellowship Sunday and MWC team changes - Mennonite World Conference","og_description":"Bogot\u00e1, Colombia \u2013 \u201cHow will the church respond to the different needs we hear and see around us?\u201d The European Mennonite churches asked this question, especially relating to the refugee crisis, as they prepared the worship materials for Mennonite World Conference\u2019s World Fellowship Sunday (WFS), 22 January 2017. \u201cMy Cry is Heard\u201d is the theme [&hellip;]","og_url":"https:\/\/mwc-cmm.org\/en\/stories\/celebration-and-welcome-world-fellowship-sunday-and-mwc-team-changes\/","og_site_name":"Mennonite World Conference","article_publisher":"https:\/\/www.facebook.com\/MennoniteWorldConference","article_published_time":"2016-09-29T00:00:00+00:00","article_modified_time":"2025-10-16T16:31:35+00:00","og_image":[{"width":1555,"height":924,"url":"https:\/\/mwc-cmm.org\/wp-content\/uploads\/2024\/10\/ps-dg_1.png","type":"image\/png"}],"author":"mennworldcon","schema":{"@context":"https:\/\/schema.org","@graph":[{"@type":"Article","@id":"https:\/\/mwc-cmm.org\/en\/stories\/celebration-and-welcome-world-fellowship-sunday-and-mwc-team-changes\/#article","isPartOf":{"@id":"https:\/\/mwc-cmm.org\/en\/stories\/celebration-and-welcome-world-fellowship-sunday-and-mwc-team-changes\/"},"author":{"name":"mennworldcon","@id":"https:\/\/mwc-cmm.org\/en\/#\/schema\/person\/11f6ae0d7d1868ba20a1cc27f067c836"},"headline":"Celebration and welcome: World Fellowship Sunday and MWC team changes","datePublished":"2016-09-29T00:00:00+00:00","dateModified":"2025-10-16T16:31:35+00:00","mainEntityOfPage":{"@id":"https:\/\/mwc-cmm.org\/en\/stories\/celebration-and-welcome-world-fellowship-sunday-and-mwc-team-changes\/"},"wordCount":499,"publisher":{"@id":"https:\/\/mwc-cmm.org\/en\/#organization"},"image":{"@id":"https:\/\/mwc-cmm.org\/en\/stories\/celebration-and-welcome-world-fellowship-sunday-and-mwc-team-changes\/#primaryimage"},"thumbnailUrl":"https:\/\/mwc-cmm.org\/wp-content\/uploads\/2024\/10\/ps-dg_1.png","keywords":["regional representatives"],"inLanguage":"en-US"},{"@type":"WebPage","@id":"https:\/\/mwc-cmm.org\/en\/stories\/celebration-and-welcome-world-fellowship-sunday-and-mwc-team-changes\/","url":"https:\/\/mwc-cmm.org\/en\/stories\/celebration-and-welcome-world-fellowship-sunday-and-mwc-team-changes\/","name":"Celebration and welcome: World Fellowship Sunday and MWC team changes - Mennonite World Conference","isPartOf":{"@id":"https:\/\/mwc-cmm.org\/en\/#website"},"primaryImageOfPage":{"@id":"https:\/\/mwc-cmm.org\/en\/stories\/celebration-and-welcome-world-fellowship-sunday-and-mwc-team-changes\/#primaryimage"},"image":{"@id":"https:\/\/mwc-cmm.org\/en\/stories\/celebration-and-welcome-world-fellowship-sunday-and-mwc-team-changes\/#primaryimage"},"thumbnailUrl":"https:\/\/mwc-cmm.org\/wp-content\/uploads\/2024\/10\/ps-dg_1.png","datePublished":"2016-09-29T00:00:00+00:00","dateModified":"2025-10-16T16:31:35+00:00","breadcrumb":{"@id":"https:\/\/mwc-cmm.org\/en\/stories\/celebration-and-welcome-world-fellowship-sunday-and-mwc-team-changes\/#breadcrumb"},"inLanguage":"en-US","potentialAction":[{"@type":"ReadAction","target":["https:\/\/mwc-cmm.org\/en\/stories\/celebration-and-welcome-world-fellowship-sunday-and-mwc-team-changes\/"]}]},{"@type":"ImageObject","inLanguage":"en-US","@id":"https:\/\/mwc-cmm.org\/en\/stories\/celebration-and-welcome-world-fellowship-sunday-and-mwc-team-changes\/#primaryimage","url":"https:\/\/mwc-cmm.org\/wp-content\/uploads\/2024\/10\/ps-dg_1.png","contentUrl":"https:\/\/mwc-cmm.org\/wp-content\/uploads\/2024\/10\/ps-dg_1.png","width":1555,"height":924},{"@type":"BreadcrumbList","@id":"https:\/\/mwc-cmm.org\/en\/stories\/celebration-and-welcome-world-fellowship-sunday-and-mwc-team-changes\/#breadcrumb","itemListElement":[{"@type":"ListItem","position":1,"name":"Home","item":"https:\/\/mwc-cmm.org\/en\/"},{"@type":"ListItem","position":2,"name":"Celebration and welcome: World Fellowship Sunday and MWC team changes"}]},{"@type":"WebSite","@id":"https:\/\/mwc-cmm.org\/en\/#website","url":"https:\/\/mwc-cmm.org\/en\/","name":"Mennonite World Conference","description":"A communion of Anabaptist-related churches","publisher":{"@id":"https:\/\/mwc-cmm.org\/en\/#organization"},"alternateName":"MWC","potentialAction":[{"@type":"SearchAction","target":{"@type":"EntryPoint","urlTemplate":"https:\/\/mwc-cmm.org\/en\/?s={search_term_string}"},"query-input":{"@type":"PropertyValueSpecification","valueRequired":true,"valueName":"search_term_string"}}],"inLanguage":"en-US"},{"@type":"Organization","@id":"https:\/\/mwc-cmm.org\/en\/#organization","name":"Mennonite World Conference","alternateName":"MWC","url":"https:\/\/mwc-cmm.org\/en\/","logo":{"@type":"ImageObject","inLanguage":"en-US","@id":"https:\/\/mwc-cmm.org\/en\/#\/schema\/logo\/image\/","url":"https:\/\/mwc-cmm.org\/wp-content\/uploads\/2026\/01\/MWC_Sig_Blue_Horiz_webheader1-logo.svg","contentUrl":"https:\/\/mwc-cmm.org\/wp-content\/uploads\/2026\/01\/MWC_Sig_Blue_Horiz_webheader1-logo.svg","width":786,"height":82,"caption":"Mennonite World Conference"},"image":{"@id":"https:\/\/mwc-cmm.org\/en\/#\/schema\/logo\/image\/"},"sameAs":["https:\/\/www.facebook.com\/MennoniteWorldConference","https:\/\/www.linkedin.com\/company\/mennonite-world-conference-mwc\/","https:\/\/www.instagram.com\/mwcmm\/","https:\/\/www.youtube.com\/user\/mwccmm","https:\/\/bsky.app\/profile\/mwcmm.bsky.social"]},{"@type":"Person","@id":"https:\/\/mwc-cmm.org\/en\/#\/schema\/person\/11f6ae0d7d1868ba20a1cc27f067c836","name":"mennworldcon","image":{"@type":"ImageObject","inLanguage":"en-US","@id":"https:\/\/secure.gravatar.com\/avatar\/06fdc0dc81c157dfdb82ec42f252178a22307808988d22c043f9eb96f1e0fe80?s=96&d=mm&r=g","url":"https:\/\/secure.gravatar.com\/avatar\/06fdc0dc81c157dfdb82ec42f252178a22307808988d22c043f9eb96f1e0fe80?s=96&d=mm&r=g","contentUrl":"https:\/\/secure.gravatar.com\/avatar\/06fdc0dc81c157dfdb82ec42f252178a22307808988d22c043f9eb96f1e0fe80?s=96&d=mm&r=g","caption":"mennworldcon"},"sameAs":["https:\/\/mwc-cmm.org"],"url":"https:\/\/mwc-cmm.org\/en\/stories\/author\/mennworldcon\/"}]}},"_links":{"self":[{"href":"https:\/\/mwc-cmm.org\/en\/wp-json\/wp\/v2\/posts\/6595","targetHints":{"allow":["GET"]}}],"collection":[{"href":"https:\/\/mwc-cmm.org\/en\/wp-json\/wp\/v2\/posts"}],"about":[{"href":"https:\/\/mwc-cmm.org\/en\/wp-json\/wp\/v2\/types\/post"}],"author":[{"embeddable":true,"href":"https:\/\/mwc-cmm.org\/en\/wp-json\/wp\/v2\/users\/1"}],"replies":[{"embeddable":true,"href":"https:\/\/mwc-cmm.org\/en\/wp-json\/wp\/v2\/comments?post=6595"}],"version-history":[{"count":0,"href":"https:\/\/mwc-cmm.org\/en\/wp-json\/wp\/v2\/posts\/6595\/revisions"}],"wp:featuredmedia":[{"embeddable":true,"href":"https:\/\/mwc-cmm.org\/en\/wp-json\/wp\/v2\/media\/10784"}],"wp:attachment":[{"href":"https:\/\/mwc-cmm.org\/en\/wp-json\/wp\/v2\/media?parent=6595"}],"wp:term":[{"taxonomy":"category","embeddable":true,"href":"https:\/\/mwc-cmm.org\/en\/wp-json\/wp\/v2\/categories?post=6595"},{"taxonomy":"post_tag","embeddable":true,"href":"https:\/\/mwc-cmm.org\/en\/wp-json\/wp\/v2\/tags?post=6595"},{"taxonomy":"network","embeddable":true,"href":"https:\/\/mwc-cmm.org\/en\/wp-json\/wp\/v2\/network?post=6595"},{"taxonomy":"eventcategory","embeddable":true,"href":"https:\/\/mwc-cmm.org\/en\/wp-json\/wp\/v2\/eventcategory?post=6595"}],"curies":[{"name":"wp","href":"https:\/\/api.w.org\/{rel}","templated":true}]}}