{"id":98997,"date":"2016-04-13T00:00:00","date_gmt":"2016-04-13T00:00:00","guid":{"rendered":"https:\/\/mwc-cmm.org\/stories\/dekade-der-erneuerung-zur-erinnerung-an-den-beginn-der-tauferbewegung-vor-500-jahren\/"},"modified":"2024-12-09T19:41:54","modified_gmt":"2024-12-09T19:41:54","slug":"dekade-der-erneuerung-zur-erinnerung-an-den-beginn-der-tauferbewegung-vor-500-jahren","status":"publish","type":"post","link":"https:\/\/mwc-cmm.org\/de\/stories\/dekade-der-erneuerung-zur-erinnerung-an-den-beginn-der-tauferbewegung-vor-500-jahren\/","title":{"rendered":"Dekade der Erneuerung zur Erinnerung  an den Beginn der T\u00e4uferbewegung vor 500 Jahren"},"content":{"rendered":"\n<figure class=\"wp-block-image alignright size-full\"><img decoding=\"async\" width=\"390\" height=\"290\" data-src=\"https:\/\/mwc-cmm.org\/wp-content\/uploads\/2016\/04\/image.png\" alt=\"Alfred Neufeld, Faith and Life Commission chair. Photo: LIFE TV (Indonesia)\" class=\"wp-image-100107 lazyload\" data-srcset=\"https:\/\/mwc-cmm.org\/wp-content\/uploads\/2016\/04\/image.png 390w, https:\/\/mwc-cmm.org\/wp-content\/uploads\/2016\/04\/image-300x223.png 300w\" data-sizes=\"(max-width: 390px) 100vw, 390px\" src=\"data:image\/svg+xml;base64,PHN2ZyB3aWR0aD0iMSIgaGVpZ2h0PSIxIiB4bWxucz0iaHR0cDovL3d3dy53My5vcmcvMjAwMC9zdmciPjwvc3ZnPg==\" style=\"--smush-placeholder-width: 390px; --smush-placeholder-aspect-ratio: 390\/290;\" \/><figcaption class=\"wp-element-caption\"><em>Alfred Neufeld, Faith and Life Commission chair. Photo: LIFE TV (Indonesia)<\/em><\/figcaption><\/figure>\n\n\n\n<p><strong><a href=\"http:\/\/www.mwc-cmm.org\/renewal2027\">Renewal 2027<\/a><\/strong><\/p>\n\n\n\n<p><strong><a href=\"http:\/\/1-dot-mwk2017-143216.appspot.com\/main\">Anmeldung<\/a><\/strong><\/p>\n\n\n\n<p>Bogot\u00e1, Kolumbien \u2013 Vom 12. bis zum 19. Februar 2017 kommen t\u00e4uferisch-mennonitische Christen aus aller Welt \u2013 das Exekutivkomitee der Mennonitischen Weltkonferenz (MWK) \u2013 in Augsburg (Deutschland) zur Er\u00f6ffnungsveranstaltung von \u201eRenewal 2027\u201c zusammen. Damit wird \u201eRenewal 2027\u201c gestartet, ein auf zehn Jahre angelegtes weltweites Gedenken. H\u00f6hepunkt ist das Jahr 2027, das an die Anf\u00e4nge der T\u00e4uferbewegung vor 500 Jahren erinnert. F\u00fcr den 12. Februar 2017 hat die MWK zusammen mit europ\u00e4ischen Vertretern eine eint\u00e4gige \u00f6ffentliche Veranstaltung mit dem Titel \u201eVer\u00e4ndert durch Das Wort \u2013 Die Bibel lesen aus t\u00e4uferischen Perspektiven\u201c geplant.<\/p>\n\n\n\n<p>500 Jahre, nachdem Martin Luther mit seinem ber\u00fchmten Aufruf sola scriptura die Reformation angesto\u00dfen hat, wird die Veranstaltung sich auf die Suche danach machen, wie T\u00e4ufer und Mennoniten in der ganzen Welt sich in der Vergangenheit mit der Bibel besch\u00e4ftigt haben \u2026 und wie die Bibel ihre Bedeutung bis heute behalten hat.<\/p>\n\n\n\n<p>\u201eNach 500 Jahren\u201c, so Alfred Neufeld, der Vorsitzende der Kommission f\u00fcr Glauben und Leben, \u201eist es Zeit, sich einige herausfordernde Fragen zu stellen: Haben wir noch etwas gemeinsam mit unseren t\u00e4uferischen Gr\u00fcnderm\u00fcttern und -v\u00e4tern? Sollten und k\u00f6nnen wir noch etwas gemeinsam haben?\u201c<\/p>\n\n\n\n<p>Neufeld hat den Vorsitz im Planungskomitee der Versammlung in Augsburg. Dem Planungskomitee geh\u00f6ren zudem Henk Stenvers, Rainer Burkart, Jantine Huisman, Arli Klassen, Liesa Unger und John D. Roth an.<\/p>\n\n\n\n<p>Die Veranstaltung am 12.2.2017 dauert von 9.30-16.30. Das Programm umfasst einen Gottesdienst, gemeinsames Singen und verschiedene Bibelauslegungen aus der weltweiten Geschwisterschaft. Auch die \u00f6kumenischen Partner kommen zu Wort. Alle Teilnehmenden haben die M\u00f6glichkeit, sich an der Auslegung der Bibel zu beteiligen.<\/p>\n\n\n\n<p><em>Weitere Informationen \u00fcber die Vortragenden, den Zeitplan sowie die Online-Anmeldung wird es im Laufe des Jahres geben. Vorausgeschickt sei bereits: Der Platz in Augsburg wird begrenzt sein!<\/em><\/p>\n\n\n\n<p><em>\u2013 Nachricht der Mennonitischen Weltkonferenz<\/em><\/p>\n\n\n\n<p><strong><a href=\"http:\/\/www.mwc-cmm.org\/renewal2027\">Renewal 2027<\/a><\/strong><\/p>\n\n\n\n<p><strong><a href=\"http:\/\/1-dot-mwk2017-143216.appspot.com\/main\">Anmeldung<\/a><\/strong><\/p>\n","protected":false},"excerpt":{"rendered":"<p>Renewal 2027 Anmeldung Bogot\u00e1, Kolumbien \u2013 Vom 12. bis zum 19. Februar 2017 kommen t\u00e4uferisch-mennonitische Christen aus aller Welt \u2013 das Exekutivkomitee der Mennonitischen Weltkonferenz (MWK) \u2013 in Augsburg (Deutschland) zur Er\u00f6ffnungsveranstaltung von \u201eRenewal 2027\u201c zusammen. Damit wird \u201eRenewal 2027\u201c gestartet, ein auf zehn Jahre angelegtes weltweites Gedenken. H\u00f6hepunkt ist das Jahr 2027, das an [&hellip;]<\/p>\n","protected":false},"author":1,"featured_media":0,"comment_status":"closed","ping_status":"closed","sticky":false,"template":"","format":"standard","meta":{"_acf_changed":false,"footnotes":""},"categories":[133],"tags":[],"network":[],"eventcategory":[1486],"class_list":["post-98997","post","type-post","status-publish","format-standard","hentry","category-unkategorisiert","eventcategory-renewal-2028-de"],"acf":[],"yoast_head":"<!-- This site is optimized with the Yoast SEO plugin v27.2 - https:\/\/yoast.com\/product\/yoast-seo-wordpress\/ -->\n<title>Dekade der Erneuerung zur Erinnerung an den Beginn der T\u00e4uferbewegung vor 500 Jahren - Mennonite World Conference<\/title>\n<meta name=\"robots\" content=\"index, follow, max-snippet:-1, max-image-preview:large, max-video-preview:-1\" \/>\n<link rel=\"canonical\" href=\"https:\/\/mwc-cmm.org\/de\/stories\/dekade-der-erneuerung-zur-erinnerung-an-den-beginn-der-tauferbewegung-vor-500-jahren\/\" \/>\n<meta property=\"og:locale\" content=\"de_DE\" \/>\n<meta property=\"og:type\" content=\"article\" \/>\n<meta property=\"og:title\" content=\"Dekade der Erneuerung zur Erinnerung an den Beginn der T\u00e4uferbewegung vor 500 Jahren - Mennonite World Conference\" \/>\n<meta property=\"og:description\" content=\"Renewal 2027 Anmeldung Bogot\u00e1, Kolumbien \u2013 Vom 12. bis zum 19. Februar 2017 kommen t\u00e4uferisch-mennonitische Christen aus aller Welt \u2013 das Exekutivkomitee der Mennonitischen Weltkonferenz (MWK) \u2013 in Augsburg (Deutschland) zur Er\u00f6ffnungsveranstaltung von \u201eRenewal 2027\u201c zusammen. Damit wird \u201eRenewal 2027\u201c gestartet, ein auf zehn Jahre angelegtes weltweites Gedenken. H\u00f6hepunkt ist das Jahr 2027, das an [&hellip;]\" \/>\n<meta property=\"og:url\" content=\"https:\/\/mwc-cmm.org\/de\/stories\/dekade-der-erneuerung-zur-erinnerung-an-den-beginn-der-tauferbewegung-vor-500-jahren\/\" \/>\n<meta property=\"og:site_name\" content=\"Mennonite World Conference\" \/>\n<meta property=\"article:publisher\" content=\"https:\/\/www.facebook.com\/MennoniteWorldConference\" \/>\n<meta property=\"article:published_time\" content=\"2016-04-13T00:00:00+00:00\" \/>\n<meta property=\"article:modified_time\" content=\"2024-12-09T19:41:54+00:00\" \/>\n<meta property=\"og:image\" content=\"https:\/\/mwc-cmm.org\/wp-content\/uploads\/2016\/04\/image.png\" \/>\n\t<meta property=\"og:image:width\" content=\"390\" \/>\n\t<meta property=\"og:image:height\" content=\"290\" \/>\n\t<meta property=\"og:image:type\" content=\"image\/png\" \/>\n<meta name=\"author\" content=\"mennworldcon\" \/>\n<script type=\"application\/ld+json\" class=\"yoast-schema-graph\">{\"@context\":\"https:\/\/schema.org\",\"@graph\":[{\"@type\":\"Article\",\"@id\":\"https:\/\/mwc-cmm.org\/de\/stories\/dekade-der-erneuerung-zur-erinnerung-an-den-beginn-der-tauferbewegung-vor-500-jahren\/#article\",\"isPartOf\":{\"@id\":\"https:\/\/mwc-cmm.org\/de\/stories\/dekade-der-erneuerung-zur-erinnerung-an-den-beginn-der-tauferbewegung-vor-500-jahren\/\"},\"author\":{\"name\":\"mennworldcon\",\"@id\":\"https:\/\/mwc-cmm.org\/en\/#\/schema\/person\/11f6ae0d7d1868ba20a1cc27f067c836\"},\"headline\":\"Dekade der Erneuerung zur Erinnerung an den Beginn der T\u00e4uferbewegung vor 500 Jahren\",\"datePublished\":\"2016-04-13T00:00:00+00:00\",\"dateModified\":\"2024-12-09T19:41:54+00:00\",\"mainEntityOfPage\":{\"@id\":\"https:\/\/mwc-cmm.org\/de\/stories\/dekade-der-erneuerung-zur-erinnerung-an-den-beginn-der-tauferbewegung-vor-500-jahren\/\"},\"wordCount\":319,\"publisher\":{\"@id\":\"https:\/\/mwc-cmm.org\/en\/#organization\"},\"image\":{\"@id\":\"https:\/\/mwc-cmm.org\/de\/stories\/dekade-der-erneuerung-zur-erinnerung-an-den-beginn-der-tauferbewegung-vor-500-jahren\/#primaryimage\"},\"thumbnailUrl\":\"https:\/\/mwc-cmm.org\/wp-content\/uploads\/2016\/04\/image.png\",\"articleSection\":[\"Unkategorisiert\"],\"inLanguage\":\"de\"},{\"@type\":\"WebPage\",\"@id\":\"https:\/\/mwc-cmm.org\/de\/stories\/dekade-der-erneuerung-zur-erinnerung-an-den-beginn-der-tauferbewegung-vor-500-jahren\/\",\"url\":\"https:\/\/mwc-cmm.org\/de\/stories\/dekade-der-erneuerung-zur-erinnerung-an-den-beginn-der-tauferbewegung-vor-500-jahren\/\",\"name\":\"Dekade der Erneuerung zur Erinnerung an den Beginn der T\u00e4uferbewegung vor 500 Jahren - Mennonite World Conference\",\"isPartOf\":{\"@id\":\"https:\/\/mwc-cmm.org\/en\/#website\"},\"primaryImageOfPage\":{\"@id\":\"https:\/\/mwc-cmm.org\/de\/stories\/dekade-der-erneuerung-zur-erinnerung-an-den-beginn-der-tauferbewegung-vor-500-jahren\/#primaryimage\"},\"image\":{\"@id\":\"https:\/\/mwc-cmm.org\/de\/stories\/dekade-der-erneuerung-zur-erinnerung-an-den-beginn-der-tauferbewegung-vor-500-jahren\/#primaryimage\"},\"thumbnailUrl\":\"https:\/\/mwc-cmm.org\/wp-content\/uploads\/2016\/04\/image.png\",\"datePublished\":\"2016-04-13T00:00:00+00:00\",\"dateModified\":\"2024-12-09T19:41:54+00:00\",\"breadcrumb\":{\"@id\":\"https:\/\/mwc-cmm.org\/de\/stories\/dekade-der-erneuerung-zur-erinnerung-an-den-beginn-der-tauferbewegung-vor-500-jahren\/#breadcrumb\"},\"inLanguage\":\"de\",\"potentialAction\":[{\"@type\":\"ReadAction\",\"target\":[\"https:\/\/mwc-cmm.org\/de\/stories\/dekade-der-erneuerung-zur-erinnerung-an-den-beginn-der-tauferbewegung-vor-500-jahren\/\"]}]},{\"@type\":\"ImageObject\",\"inLanguage\":\"de\",\"@id\":\"https:\/\/mwc-cmm.org\/de\/stories\/dekade-der-erneuerung-zur-erinnerung-an-den-beginn-der-tauferbewegung-vor-500-jahren\/#primaryimage\",\"url\":\"https:\/\/mwc-cmm.org\/wp-content\/uploads\/2016\/04\/image.png\",\"contentUrl\":\"https:\/\/mwc-cmm.org\/wp-content\/uploads\/2016\/04\/image.png\"},{\"@type\":\"BreadcrumbList\",\"@id\":\"https:\/\/mwc-cmm.org\/de\/stories\/dekade-der-erneuerung-zur-erinnerung-an-den-beginn-der-tauferbewegung-vor-500-jahren\/#breadcrumb\",\"itemListElement\":[{\"@type\":\"ListItem\",\"position\":1,\"name\":\"Home\",\"item\":\"https:\/\/mwc-cmm.org\/de\/homepage\/\"},{\"@type\":\"ListItem\",\"position\":2,\"name\":\"Dekade der Erneuerung zur Erinnerung an den Beginn der T\u00e4uferbewegung vor 500 Jahren\"}]},{\"@type\":\"WebSite\",\"@id\":\"https:\/\/mwc-cmm.org\/en\/#website\",\"url\":\"https:\/\/mwc-cmm.org\/en\/\",\"name\":\"Mennonite World Conference\",\"description\":\"A communion of Anabaptist-related churches\",\"publisher\":{\"@id\":\"https:\/\/mwc-cmm.org\/en\/#organization\"},\"alternateName\":\"MWC\",\"potentialAction\":[{\"@type\":\"SearchAction\",\"target\":{\"@type\":\"EntryPoint\",\"urlTemplate\":\"https:\/\/mwc-cmm.org\/en\/?s={search_term_string}\"},\"query-input\":{\"@type\":\"PropertyValueSpecification\",\"valueRequired\":true,\"valueName\":\"search_term_string\"}}],\"inLanguage\":\"de\"},{\"@type\":\"Organization\",\"@id\":\"https:\/\/mwc-cmm.org\/en\/#organization\",\"name\":\"Mennonite World Conference\",\"alternateName\":\"MWC\",\"url\":\"https:\/\/mwc-cmm.org\/en\/\",\"logo\":{\"@type\":\"ImageObject\",\"inLanguage\":\"de\",\"@id\":\"https:\/\/mwc-cmm.org\/en\/#\/schema\/logo\/image\/\",\"url\":\"https:\/\/mwc-cmm.org\/wp-content\/uploads\/2026\/01\/MWC_Sig_Blue_Horiz_webheader1-logo.svg\",\"contentUrl\":\"https:\/\/mwc-cmm.org\/wp-content\/uploads\/2026\/01\/MWC_Sig_Blue_Horiz_webheader1-logo.svg\",\"width\":786,\"height\":82,\"caption\":\"Mennonite World Conference\"},\"image\":{\"@id\":\"https:\/\/mwc-cmm.org\/en\/#\/schema\/logo\/image\/\"},\"sameAs\":[\"https:\/\/www.facebook.com\/MennoniteWorldConference\",\"https:\/\/www.linkedin.com\/company\/mennonite-world-conference-mwc\/\",\"https:\/\/www.instagram.com\/mwcmm\/\",\"https:\/\/www.youtube.com\/user\/mwccmm\",\"https:\/\/bsky.app\/profile\/mwcmm.bsky.social\"]},{\"@type\":\"Person\",\"@id\":\"https:\/\/mwc-cmm.org\/en\/#\/schema\/person\/11f6ae0d7d1868ba20a1cc27f067c836\",\"name\":\"mennworldcon\",\"image\":{\"@type\":\"ImageObject\",\"inLanguage\":\"de\",\"@id\":\"https:\/\/secure.gravatar.com\/avatar\/06fdc0dc81c157dfdb82ec42f252178a22307808988d22c043f9eb96f1e0fe80?s=96&d=mm&r=g\",\"url\":\"https:\/\/secure.gravatar.com\/avatar\/06fdc0dc81c157dfdb82ec42f252178a22307808988d22c043f9eb96f1e0fe80?s=96&d=mm&r=g\",\"contentUrl\":\"https:\/\/secure.gravatar.com\/avatar\/06fdc0dc81c157dfdb82ec42f252178a22307808988d22c043f9eb96f1e0fe80?s=96&d=mm&r=g\",\"caption\":\"mennworldcon\"},\"sameAs\":[\"https:\/\/mwc-cmm.org\"],\"url\":\"https:\/\/mwc-cmm.org\/de\/stories\/author\/mennworldcon\/\"}]}<\/script>\n<!-- \/ Yoast SEO plugin. -->","yoast_head_json":{"title":"Dekade der Erneuerung zur Erinnerung an den Beginn der T\u00e4uferbewegung vor 500 Jahren - Mennonite World Conference","robots":{"index":"index","follow":"follow","max-snippet":"max-snippet:-1","max-image-preview":"max-image-preview:large","max-video-preview":"max-video-preview:-1"},"canonical":"https:\/\/mwc-cmm.org\/de\/stories\/dekade-der-erneuerung-zur-erinnerung-an-den-beginn-der-tauferbewegung-vor-500-jahren\/","og_locale":"de_DE","og_type":"article","og_title":"Dekade der Erneuerung zur Erinnerung an den Beginn der T\u00e4uferbewegung vor 500 Jahren - Mennonite World Conference","og_description":"Renewal 2027 Anmeldung Bogot\u00e1, Kolumbien \u2013 Vom 12. bis zum 19. Februar 2017 kommen t\u00e4uferisch-mennonitische Christen aus aller Welt \u2013 das Exekutivkomitee der Mennonitischen Weltkonferenz (MWK) \u2013 in Augsburg (Deutschland) zur Er\u00f6ffnungsveranstaltung von \u201eRenewal 2027\u201c zusammen. Damit wird \u201eRenewal 2027\u201c gestartet, ein auf zehn Jahre angelegtes weltweites Gedenken. H\u00f6hepunkt ist das Jahr 2027, das an [&hellip;]","og_url":"https:\/\/mwc-cmm.org\/de\/stories\/dekade-der-erneuerung-zur-erinnerung-an-den-beginn-der-tauferbewegung-vor-500-jahren\/","og_site_name":"Mennonite World Conference","article_publisher":"https:\/\/www.facebook.com\/MennoniteWorldConference","article_published_time":"2016-04-13T00:00:00+00:00","article_modified_time":"2024-12-09T19:41:54+00:00","og_image":[{"width":390,"height":290,"url":"https:\/\/mwc-cmm.org\/wp-content\/uploads\/2016\/04\/image.png","type":"image\/png"}],"author":"mennworldcon","schema":{"@context":"https:\/\/schema.org","@graph":[{"@type":"Article","@id":"https:\/\/mwc-cmm.org\/de\/stories\/dekade-der-erneuerung-zur-erinnerung-an-den-beginn-der-tauferbewegung-vor-500-jahren\/#article","isPartOf":{"@id":"https:\/\/mwc-cmm.org\/de\/stories\/dekade-der-erneuerung-zur-erinnerung-an-den-beginn-der-tauferbewegung-vor-500-jahren\/"},"author":{"name":"mennworldcon","@id":"https:\/\/mwc-cmm.org\/en\/#\/schema\/person\/11f6ae0d7d1868ba20a1cc27f067c836"},"headline":"Dekade der Erneuerung zur Erinnerung an den Beginn der T\u00e4uferbewegung vor 500 Jahren","datePublished":"2016-04-13T00:00:00+00:00","dateModified":"2024-12-09T19:41:54+00:00","mainEntityOfPage":{"@id":"https:\/\/mwc-cmm.org\/de\/stories\/dekade-der-erneuerung-zur-erinnerung-an-den-beginn-der-tauferbewegung-vor-500-jahren\/"},"wordCount":319,"publisher":{"@id":"https:\/\/mwc-cmm.org\/en\/#organization"},"image":{"@id":"https:\/\/mwc-cmm.org\/de\/stories\/dekade-der-erneuerung-zur-erinnerung-an-den-beginn-der-tauferbewegung-vor-500-jahren\/#primaryimage"},"thumbnailUrl":"https:\/\/mwc-cmm.org\/wp-content\/uploads\/2016\/04\/image.png","articleSection":["Unkategorisiert"],"inLanguage":"de"},{"@type":"WebPage","@id":"https:\/\/mwc-cmm.org\/de\/stories\/dekade-der-erneuerung-zur-erinnerung-an-den-beginn-der-tauferbewegung-vor-500-jahren\/","url":"https:\/\/mwc-cmm.org\/de\/stories\/dekade-der-erneuerung-zur-erinnerung-an-den-beginn-der-tauferbewegung-vor-500-jahren\/","name":"Dekade der Erneuerung zur Erinnerung an den Beginn der T\u00e4uferbewegung vor 500 Jahren - Mennonite World Conference","isPartOf":{"@id":"https:\/\/mwc-cmm.org\/en\/#website"},"primaryImageOfPage":{"@id":"https:\/\/mwc-cmm.org\/de\/stories\/dekade-der-erneuerung-zur-erinnerung-an-den-beginn-der-tauferbewegung-vor-500-jahren\/#primaryimage"},"image":{"@id":"https:\/\/mwc-cmm.org\/de\/stories\/dekade-der-erneuerung-zur-erinnerung-an-den-beginn-der-tauferbewegung-vor-500-jahren\/#primaryimage"},"thumbnailUrl":"https:\/\/mwc-cmm.org\/wp-content\/uploads\/2016\/04\/image.png","datePublished":"2016-04-13T00:00:00+00:00","dateModified":"2024-12-09T19:41:54+00:00","breadcrumb":{"@id":"https:\/\/mwc-cmm.org\/de\/stories\/dekade-der-erneuerung-zur-erinnerung-an-den-beginn-der-tauferbewegung-vor-500-jahren\/#breadcrumb"},"inLanguage":"de","potentialAction":[{"@type":"ReadAction","target":["https:\/\/mwc-cmm.org\/de\/stories\/dekade-der-erneuerung-zur-erinnerung-an-den-beginn-der-tauferbewegung-vor-500-jahren\/"]}]},{"@type":"ImageObject","inLanguage":"de","@id":"https:\/\/mwc-cmm.org\/de\/stories\/dekade-der-erneuerung-zur-erinnerung-an-den-beginn-der-tauferbewegung-vor-500-jahren\/#primaryimage","url":"https:\/\/mwc-cmm.org\/wp-content\/uploads\/2016\/04\/image.png","contentUrl":"https:\/\/mwc-cmm.org\/wp-content\/uploads\/2016\/04\/image.png"},{"@type":"BreadcrumbList","@id":"https:\/\/mwc-cmm.org\/de\/stories\/dekade-der-erneuerung-zur-erinnerung-an-den-beginn-der-tauferbewegung-vor-500-jahren\/#breadcrumb","itemListElement":[{"@type":"ListItem","position":1,"name":"Home","item":"https:\/\/mwc-cmm.org\/de\/homepage\/"},{"@type":"ListItem","position":2,"name":"Dekade der Erneuerung zur Erinnerung an den Beginn der T\u00e4uferbewegung vor 500 Jahren"}]},{"@type":"WebSite","@id":"https:\/\/mwc-cmm.org\/en\/#website","url":"https:\/\/mwc-cmm.org\/en\/","name":"Mennonite World Conference","description":"A communion of Anabaptist-related churches","publisher":{"@id":"https:\/\/mwc-cmm.org\/en\/#organization"},"alternateName":"MWC","potentialAction":[{"@type":"SearchAction","target":{"@type":"EntryPoint","urlTemplate":"https:\/\/mwc-cmm.org\/en\/?s={search_term_string}"},"query-input":{"@type":"PropertyValueSpecification","valueRequired":true,"valueName":"search_term_string"}}],"inLanguage":"de"},{"@type":"Organization","@id":"https:\/\/mwc-cmm.org\/en\/#organization","name":"Mennonite World Conference","alternateName":"MWC","url":"https:\/\/mwc-cmm.org\/en\/","logo":{"@type":"ImageObject","inLanguage":"de","@id":"https:\/\/mwc-cmm.org\/en\/#\/schema\/logo\/image\/","url":"https:\/\/mwc-cmm.org\/wp-content\/uploads\/2026\/01\/MWC_Sig_Blue_Horiz_webheader1-logo.svg","contentUrl":"https:\/\/mwc-cmm.org\/wp-content\/uploads\/2026\/01\/MWC_Sig_Blue_Horiz_webheader1-logo.svg","width":786,"height":82,"caption":"Mennonite World Conference"},"image":{"@id":"https:\/\/mwc-cmm.org\/en\/#\/schema\/logo\/image\/"},"sameAs":["https:\/\/www.facebook.com\/MennoniteWorldConference","https:\/\/www.linkedin.com\/company\/mennonite-world-conference-mwc\/","https:\/\/www.instagram.com\/mwcmm\/","https:\/\/www.youtube.com\/user\/mwccmm","https:\/\/bsky.app\/profile\/mwcmm.bsky.social"]},{"@type":"Person","@id":"https:\/\/mwc-cmm.org\/en\/#\/schema\/person\/11f6ae0d7d1868ba20a1cc27f067c836","name":"mennworldcon","image":{"@type":"ImageObject","inLanguage":"de","@id":"https:\/\/secure.gravatar.com\/avatar\/06fdc0dc81c157dfdb82ec42f252178a22307808988d22c043f9eb96f1e0fe80?s=96&d=mm&r=g","url":"https:\/\/secure.gravatar.com\/avatar\/06fdc0dc81c157dfdb82ec42f252178a22307808988d22c043f9eb96f1e0fe80?s=96&d=mm&r=g","contentUrl":"https:\/\/secure.gravatar.com\/avatar\/06fdc0dc81c157dfdb82ec42f252178a22307808988d22c043f9eb96f1e0fe80?s=96&d=mm&r=g","caption":"mennworldcon"},"sameAs":["https:\/\/mwc-cmm.org"],"url":"https:\/\/mwc-cmm.org\/de\/stories\/author\/mennworldcon\/"}]}},"_links":{"self":[{"href":"https:\/\/mwc-cmm.org\/de\/wp-json\/wp\/v2\/posts\/98997","targetHints":{"allow":["GET"]}}],"collection":[{"href":"https:\/\/mwc-cmm.org\/de\/wp-json\/wp\/v2\/posts"}],"about":[{"href":"https:\/\/mwc-cmm.org\/de\/wp-json\/wp\/v2\/types\/post"}],"author":[{"embeddable":true,"href":"https:\/\/mwc-cmm.org\/de\/wp-json\/wp\/v2\/users\/1"}],"replies":[{"embeddable":true,"href":"https:\/\/mwc-cmm.org\/de\/wp-json\/wp\/v2\/comments?post=98997"}],"version-history":[{"count":0,"href":"https:\/\/mwc-cmm.org\/de\/wp-json\/wp\/v2\/posts\/98997\/revisions"}],"wp:attachment":[{"href":"https:\/\/mwc-cmm.org\/de\/wp-json\/wp\/v2\/media?parent=98997"}],"wp:term":[{"taxonomy":"category","embeddable":true,"href":"https:\/\/mwc-cmm.org\/de\/wp-json\/wp\/v2\/categories?post=98997"},{"taxonomy":"post_tag","embeddable":true,"href":"https:\/\/mwc-cmm.org\/de\/wp-json\/wp\/v2\/tags?post=98997"},{"taxonomy":"network","embeddable":true,"href":"https:\/\/mwc-cmm.org\/de\/wp-json\/wp\/v2\/network?post=98997"},{"taxonomy":"eventcategory","embeddable":true,"href":"https:\/\/mwc-cmm.org\/de\/wp-json\/wp\/v2\/eventcategory?post=98997"}],"curies":[{"name":"wp","href":"https:\/\/api.w.org\/{rel}","templated":true}]}}