{"id":126635,"date":"2026-03-19T21:04:17","date_gmt":"2026-03-19T21:04:17","guid":{"rendered":"https:\/\/mwc-cmm.org\/stories\/mwk-vollversammlung-2028-soll-in-tansania-stattfinden\/"},"modified":"2026-04-01T15:54:47","modified_gmt":"2026-04-01T15:54:47","slug":"mwk-vollversammlung-2028-soll-in-tansania-stattfinden","status":"publish","type":"post","link":"https:\/\/mwc-cmm.org\/de\/stories\/mwk-vollversammlung-2028-soll-in-tansania-stattfinden\/","title":{"rendered":"MWK-Vollversammlung 2028 soll in Tansania stattfinden"},"content":{"rendered":"\n<p class=\"has-text-align-center has-small-font-size\"><em>Left to right, General Secretary John&nbsp;M. Sean of KMKT and General Secretary Emmanuel Hagai, General Secretary of&nbsp;KMT.<\/em><br><em>Photo: Liesa Unger<\/em><\/p>\n\n\n\n<p>Das Exekutivkomitee der Mennonitischen Weltkonferenz hat die Einladung der Mitgliedskirchen aus Tansania angenommen, die 18. Vollversammlung im Jahr 2028 auszurichten. Das f\u00fcnft\u00e4gige Treffen von T\u00e4uferinnen und T\u00e4ufern aus aller Welt soll in den ersten beiden Juniwochen stattfinden. Das Thema wird derzeit noch festgelegt.<\/p>\n\n\n\n<p>\u201eGemeinsam den Leib Christi aufzubauen und die weltweite Gemeinschaft zu st\u00e4rken \u2013 das ist unsere Vision f\u00fcr die Ausrichtung der weltweiten t\u00e4uferischen Kirche\u201c, sagt Bischof Nelson Kisare von der Kanisa la Mennonite Tanzania.<\/p>\n\n\n\n<p>In Tansania gibt es mehr als 46.000 Mennonitinnen und Mennoniten in zwei Mitgliedskirchen der MWK: der Kanisa la Mennonite Tanzania (KMT) und der Kanisa La Mennonite La Kiinjili Tanzania.<\/p>\n\n\n\n<p>\u201eWir erwarten etwa 1.500 bis 2.000 Teilnehmende von au\u00dferhalb Afrikas sowie 500 bis 1.000 aus anderen L\u00e4ndern des Kontinents\u201c, sagt Liesa Unger, Leiterin f\u00fcr internationale Veranstaltungen. \u201eAu\u00dferdem rechnen die tansanischen Kirchen mit mehr als 2.500 einheimischen Teilnehmenden f\u00fcr die gesamte Vollversammlung und mit weiteren 200 Personen f\u00fcr den abschlie\u00dfenden gro\u00dfen Gottesdienst am Samstag.\u201c<\/p>\n\n\n\n<p>Die KMT ist die \u00e4lteste nationale mennonitische Kirche in Ostafrika und wurde in den 1930er Jahren gegr\u00fcndet. In den Jahrzehnten danach erlebte Tansania mehrere Erweckungsbewegungen. Evangelisten aus mennonitischen Kirchen in Tansania brachten das Evangelium auch nach Kenia und legten damit den Grundstein f\u00fcr die mennonitische Kirche dort.<\/p>\n\n\n\n<p>1971 wurde der Name der nationalen Kirche vom Englischen ins Suaheli ge\u00e4ndert \u2013 ein Zeichen f\u00fcr die gewachsene afrikanische Eigenst\u00e4ndigkeit in der Leitung der Kirche.<\/p>\n\n\n\n<p>Die KMKT entstand 1988 aus der KMT heraus und wurde 2005 staatlich als Kirche anerkannt. Ihr Schwerpunkt liegt auf der Weitergabe des Evangeliums, der Begleitung junger Menschen in der Nachfolge Jesu und dem Dienst an der Gesellschaft, etwa durch freiwillige Blutspenden und Hilfe f\u00fcr arme Menschen.<\/p>\n\n\n\n<p>Die Mennoniten in Tansania tragen zudem mit einer Reihe von Schulen vom Primarbereich bis zur weiterf\u00fchrenden Bildung sowie mit mehreren Krankenh\u00e4usern und Gesundheitszentren zum gesellschaftlichen Leben bei.<\/p>\n\n\n\n<p>\u201eUnsere Afrika-Vertretung unterst\u00fctzt diese Einladung an unsere weltweite t\u00e4uferische Familie, nach Tansania zu kommen\u201c, sagt Samson Omondi, Afrika-Vertreter im Exekutivkomitee der MWK.<\/p>\n\n\n\n<figure class=\"wp-block-image size-large\"><img decoding=\"async\" width=\"1024\" height=\"768\" data-src=\"https:\/\/mwc-cmm.org\/wp-content\/uploads\/2026\/03\/IMG_4242-1024x768.jpg\" alt=\"African women's choir stand at the front of the church\" class=\"wp-image-125341 lazyload\" data-srcset=\"https:\/\/mwc-cmm.org\/wp-content\/uploads\/2026\/03\/IMG_4242-1024x768.jpg 1024w, https:\/\/mwc-cmm.org\/wp-content\/uploads\/2026\/03\/IMG_4242-300x225.jpg 300w, https:\/\/mwc-cmm.org\/wp-content\/uploads\/2026\/03\/IMG_4242-768x576.jpg 768w, https:\/\/mwc-cmm.org\/wp-content\/uploads\/2026\/03\/IMG_4242-1536x1152.jpg 1536w, https:\/\/mwc-cmm.org\/wp-content\/uploads\/2026\/03\/IMG_4242.jpg 1920w\" data-sizes=\"(max-width: 1024px) 100vw, 1024px\" src=\"data:image\/svg+xml;base64,PHN2ZyB3aWR0aD0iMSIgaGVpZ2h0PSIxIiB4bWxucz0iaHR0cDovL3d3dy53My5vcmcvMjAwMC9zdmciPjwvc3ZnPg==\" style=\"--smush-placeholder-width: 1024px; --smush-placeholder-aspect-ratio: 1024\/768;\" \/><figcaption class=\"wp-element-caption\"><p class=\"has-text-align-center has-small-font-size\"><em><em>Ch\u00f6re geh\u00f6ren in den KMT-Gemeinden selbstverst\u00e4ndlich zu den Sonntagsgottesdiensten, wie hier in Arusha.<\/em><br>Foto:\u00a0<em>Liesa Unge<\/em>r<\/em><\/p><p class=\"has-text-align-center has-small-font-size\"><\/p><\/figcaption><\/figure>\n\n\n\n<p>\u201eWir hoffen, zus\u00e4tzlich zur zentralen Vollversammlung auch Angebote der ,Verstreuten Konferenz\u2018 nicht nur in Tansania, sondern auch in anderen Teilen Ostafrikas durchf\u00fchren zu k\u00f6nnen\u201c, sagt Nelson Mart\u00ednez, Koordinator f\u00fcr Logistik. Damit sind Reisen vor und nach der eigentlichen Vollversammlung gemeint, bei denen kleinere Gruppen die Region kennenlernen und gemeinsam mit \u00f6rtlichen Gemeinden Gottesdienst feiern k\u00f6nnen.<\/p>\n\n\n\n<p>Der neue Veranstaltungsort musste mit nur zweij\u00e4hrigem Vorlauf gefunden werden, nachdem die urspr\u00fcnglich vorgesehene Gastgeberkirche in \u00c4thiopien ihre Einladung zur\u00fcckgezogen hatte.<\/p>\n\n\n\n<p>\u201eSeit Jahren ist es unser Traum, die 18. Vollversammlung in Afrika durchzuf\u00fchren. Damit endet unsere \u201eRenewal\u201c-Dekade, und zugleich werden 500 Jahre T\u00e4ufertum auf dem Kontinent gefeiert, auf dem die t\u00e4uferische Bewegung derzeit am schnellsten w\u00e4chst\u201c, sagt C\u00e9sar Garc\u00eda, Generalsekret\u00e4r der MWK. \u201eWir freuen uns auf diese Gelegenheit, Beziehungen zu vertiefen und unsere Geschwister in Tansania noch besser kennenzulernen.\u201c<\/p>\n\n\n\n<p>\u201eTrotz einiger absehbarer Herausforderungen glauben wir, dass eine Vollversammlung in Arusha eine besondere und positive Erfahrung sein wird. Dass sie an einem vergleichsweise kleinen Ort stattfindet, wird uns helfen, enger zusammenzur\u00fccken. Das Engagement der Kirchen wird Freude und viele helfende H\u00e4nde in die Vollversammlung einbringen\u201c, sagt Liesa Unger.<\/p>\n\n\n\n<hr class=\"wp-block-separator has-alpha-channel-opacity\"\/>\n\n\n\n<figure class=\"wp-block-embed is-type-wp-embed is-provider-mennonite-world-conference wp-block-embed-mennonite-world-conference\"><div class=\"wp-block-embed__wrapper\">\n<blockquote class=\"wp-embedded-content\" data-secret=\"BzvRaAZNjl\"><a href=\"https:\/\/mwc-cmm.org\/en\/stories\/assembly-18-postponed\/\">Assembly 18 postponed<\/a><\/blockquote><iframe class=\"wp-embedded-content lazyload\" sandbox=\"allow-scripts\" security=\"restricted\" style=\"position: absolute; visibility: hidden;\" title=\"&#8222;Assembly 18 postponed&#8220; &#8212; Mennonite World Conference\" data-src=\"https:\/\/mwc-cmm.org\/en\/stories\/assembly-18-postponed\/embed\/#?secret=xVX3wPsbBP#?secret=BzvRaAZNjl\" data-secret=\"BzvRaAZNjl\" width=\"500\" height=\"282\" frameborder=\"0\" marginwidth=\"0\" marginheight=\"0\" scrolling=\"no\" src=\"data:image\/svg+xml;base64,PHN2ZyB3aWR0aD0iMSIgaGVpZ2h0PSIxIiB4bWxucz0iaHR0cDovL3d3dy53My5vcmcvMjAwMC9zdmciPjwvc3ZnPg==\" data-load-mode=\"1\"><\/iframe>\n<\/div><\/figure>\n\n\n\n<figure class=\"wp-block-embed is-type-wp-embed is-provider-mennonite-world-conference wp-block-embed-mennonite-world-conference\"><div class=\"wp-block-embed__wrapper\">\n<blockquote class=\"wp-embedded-content\" data-secret=\"d2Yk9FLW2Z\"><a href=\"https:\/\/mwc-cmm.org\/en\/assembly\/previous-assemblies\/\">Previous Assemblies<\/a><\/blockquote><iframe class=\"wp-embedded-content lazyload\" sandbox=\"allow-scripts\" security=\"restricted\" style=\"position: absolute; visibility: hidden;\" title=\"&#8222;Previous Assemblies&#8220; &#8212; Mennonite World Conference\" data-src=\"https:\/\/mwc-cmm.org\/en\/assembly\/previous-assemblies\/embed\/#?secret=9QIBOH7FaY#?secret=d2Yk9FLW2Z\" data-secret=\"d2Yk9FLW2Z\" width=\"500\" height=\"282\" frameborder=\"0\" marginwidth=\"0\" marginheight=\"0\" scrolling=\"no\" src=\"data:image\/svg+xml;base64,PHN2ZyB3aWR0aD0iMSIgaGVpZ2h0PSIxIiB4bWxucz0iaHR0cDovL3d3dy53My5vcmcvMjAwMC9zdmciPjwvc3ZnPg==\" data-load-mode=\"1\"><\/iframe>\n<\/div><\/figure>\n\n\n\n<div class=\"wp-block-buttons is-layout-flex wp-block-buttons-is-layout-flex\">\n<div class=\"wp-block-button\"><a class=\"wp-block-button__link wp-element-button\" href=\"https:\/\/mwc-cmm.org\/de\/stories\/tag\/tansania\/\">Read more about Tanzania<\/a><\/div>\n<\/div>\n\n\n\n<hr class=\"wp-block-separator has-alpha-channel-opacity\"\/>\n\n\n<div class=\"taxonomy-post_tag wp-block-post-terms\"><a href=\"https:\/\/mwc-cmm.org\/de\/stories\/tag\/afrika\/\" rel=\"tag\">Afrika<\/a><span class=\"wp-block-post-terms__separator\">, <\/span><a href=\"https:\/\/mwc-cmm.org\/de\/stories\/tag\/tansania\/\" rel=\"tag\">Tansania<\/a><span class=\"wp-block-post-terms__separator\">, <\/span><a href=\"https:\/\/mwc-cmm.org\/de\/stories\/tag\/vollversammlung\/\" rel=\"tag\">Vollversammlung<\/a><\/div>","protected":false},"excerpt":{"rendered":"<p>The Executive Committee of Mennonite World Conference accepted the invitation from the member churches of Tanzania to host\u00a0the global\u00a0Assembly 18 in 2028.\u00a0The five-day\u00a0gathering of Anabaptists from around the world will take place in the first two weeks of June. The theme is being\u00a0finalized.\u00a0\u00a0<\/p>\n","protected":false},"author":8,"featured_media":125329,"comment_status":"closed","ping_status":"closed","sticky":false,"template":"","format":"standard","meta":{"_acf_changed":false,"footnotes":""},"categories":[133],"tags":[2452,2453,2451],"network":[1316],"eventcategory":[1495],"class_list":["post-126635","post","type-post","status-publish","format-standard","has-post-thumbnail","hentry","category-unkategorisiert","tag-afrika","tag-tansania","tag-vollversammlung","network-general-council-de","eventcategory-assembly-de"],"acf":[],"yoast_head":"<!-- This site is optimized with the Yoast SEO plugin v27.2 - https:\/\/yoast.com\/product\/yoast-seo-wordpress\/ -->\n<title>MWK-Vollversammlung 2028 soll in Tansania stattfinden - Mennonite World Conference<\/title>\n<meta name=\"description\" content=\"MWC Assembly stays in Eastern Africa: Tanzanian Mennonites invite global Anabaptists to Assembly in Arusha.\u00a0\" \/>\n<meta name=\"robots\" content=\"index, follow, max-snippet:-1, max-image-preview:large, max-video-preview:-1\" \/>\n<link rel=\"canonical\" href=\"https:\/\/mwc-cmm.org\/en\/stories\/tanzanian-mennonites-invite-arusha\/\" \/>\n<meta property=\"og:locale\" content=\"de_DE\" \/>\n<meta property=\"og:type\" content=\"article\" \/>\n<meta property=\"og:title\" content=\"MWK-Vollversammlung 2028 soll in Tansania stattfinden - Mennonite World Conference\" \/>\n<meta property=\"og:description\" content=\"MWC Assembly stays in Eastern Africa: Tanzanian Mennonites invite global Anabaptists to Assembly in Arusha.\u00a0\" \/>\n<meta property=\"og:url\" content=\"https:\/\/mwc-cmm.org\/en\/stories\/tanzanian-mennonites-invite-arusha\/\" \/>\n<meta property=\"og:site_name\" content=\"Mennonite World Conference\" \/>\n<meta property=\"article:publisher\" content=\"https:\/\/www.facebook.com\/MennoniteWorldConference\" \/>\n<meta property=\"article:published_time\" content=\"2026-03-19T21:04:17+00:00\" \/>\n<meta property=\"article:modified_time\" content=\"2026-04-01T15:54:47+00:00\" \/>\n<meta property=\"og:image\" content=\"https:\/\/mwc-cmm.org\/wp-content\/uploads\/2026\/03\/202602LiesaUnger.jpg\" \/>\n\t<meta property=\"og:image:width\" content=\"1366\" \/>\n\t<meta property=\"og:image:height\" content=\"768\" \/>\n\t<meta property=\"og:image:type\" content=\"image\/jpeg\" \/>\n<meta name=\"author\" content=\"Stephanie Setiawan\" \/>\n<script type=\"application\/ld+json\" class=\"yoast-schema-graph\">{\"@context\":\"https:\/\/schema.org\",\"@graph\":[{\"@type\":\"Article\",\"@id\":\"https:\/\/mwc-cmm.org\/en\/stories\/tanzanian-mennonites-invite-arusha\/#article\",\"isPartOf\":{\"@id\":\"https:\/\/mwc-cmm.org\/en\/stories\/tanzanian-mennonites-invite-arusha\/\"},\"author\":{\"name\":\"Stephanie Setiawan\",\"@id\":\"https:\/\/mwc-cmm.org\/en\/#\/schema\/person\/00b62ed8ea1527254a44f3ace3aee79d\"},\"headline\":\"MWK-Vollversammlung 2028 soll in Tansania stattfinden\",\"datePublished\":\"2026-03-19T21:04:17+00:00\",\"dateModified\":\"2026-04-01T15:54:47+00:00\",\"mainEntityOfPage\":{\"@id\":\"https:\/\/mwc-cmm.org\/en\/stories\/tanzanian-mennonites-invite-arusha\/\"},\"wordCount\":600,\"publisher\":{\"@id\":\"https:\/\/mwc-cmm.org\/en\/#organization\"},\"image\":{\"@id\":\"https:\/\/mwc-cmm.org\/en\/stories\/tanzanian-mennonites-invite-arusha\/#primaryimage\"},\"thumbnailUrl\":\"https:\/\/mwc-cmm.org\/wp-content\/uploads\/2026\/03\/202602LiesaUnger.jpg\",\"keywords\":[\"Afrika\",\"Tansania\",\"Vollversammlung\"],\"articleSection\":[\"Unkategorisiert\"],\"inLanguage\":\"de\"},{\"@type\":\"WebPage\",\"@id\":\"https:\/\/mwc-cmm.org\/en\/stories\/tanzanian-mennonites-invite-arusha\/\",\"url\":\"https:\/\/mwc-cmm.org\/en\/stories\/tanzanian-mennonites-invite-arusha\/\",\"name\":\"MWK-Vollversammlung 2028 soll in Tansania stattfinden - Mennonite World Conference\",\"isPartOf\":{\"@id\":\"https:\/\/mwc-cmm.org\/en\/#website\"},\"primaryImageOfPage\":{\"@id\":\"https:\/\/mwc-cmm.org\/en\/stories\/tanzanian-mennonites-invite-arusha\/#primaryimage\"},\"image\":{\"@id\":\"https:\/\/mwc-cmm.org\/en\/stories\/tanzanian-mennonites-invite-arusha\/#primaryimage\"},\"thumbnailUrl\":\"https:\/\/mwc-cmm.org\/wp-content\/uploads\/2026\/03\/202602LiesaUnger.jpg\",\"datePublished\":\"2026-03-19T21:04:17+00:00\",\"dateModified\":\"2026-04-01T15:54:47+00:00\",\"description\":\"MWC Assembly stays in Eastern Africa: Tanzanian Mennonites invite global Anabaptists to Assembly in Arusha.\u00a0\",\"breadcrumb\":{\"@id\":\"https:\/\/mwc-cmm.org\/en\/stories\/tanzanian-mennonites-invite-arusha\/#breadcrumb\"},\"inLanguage\":\"de\",\"potentialAction\":[{\"@type\":\"ReadAction\",\"target\":[\"https:\/\/mwc-cmm.org\/en\/stories\/tanzanian-mennonites-invite-arusha\/\"]}]},{\"@type\":\"ImageObject\",\"inLanguage\":\"de\",\"@id\":\"https:\/\/mwc-cmm.org\/en\/stories\/tanzanian-mennonites-invite-arusha\/#primaryimage\",\"url\":\"https:\/\/mwc-cmm.org\/wp-content\/uploads\/2026\/03\/202602LiesaUnger.jpg\",\"contentUrl\":\"https:\/\/mwc-cmm.org\/wp-content\/uploads\/2026\/03\/202602LiesaUnger.jpg\",\"width\":1366,\"height\":768},{\"@type\":\"BreadcrumbList\",\"@id\":\"https:\/\/mwc-cmm.org\/en\/stories\/tanzanian-mennonites-invite-arusha\/#breadcrumb\",\"itemListElement\":[{\"@type\":\"ListItem\",\"position\":1,\"name\":\"Home\",\"item\":\"https:\/\/mwc-cmm.org\/de\/homepage\/\"},{\"@type\":\"ListItem\",\"position\":2,\"name\":\"MWK-Vollversammlung 2028 soll in Tansania stattfinden\"}]},{\"@type\":\"WebSite\",\"@id\":\"https:\/\/mwc-cmm.org\/en\/#website\",\"url\":\"https:\/\/mwc-cmm.org\/en\/\",\"name\":\"Mennonite World Conference\",\"description\":\"A communion of Anabaptist-related churches\",\"publisher\":{\"@id\":\"https:\/\/mwc-cmm.org\/en\/#organization\"},\"alternateName\":\"MWC\",\"potentialAction\":[{\"@type\":\"SearchAction\",\"target\":{\"@type\":\"EntryPoint\",\"urlTemplate\":\"https:\/\/mwc-cmm.org\/en\/?s={search_term_string}\"},\"query-input\":{\"@type\":\"PropertyValueSpecification\",\"valueRequired\":true,\"valueName\":\"search_term_string\"}}],\"inLanguage\":\"de\"},{\"@type\":\"Organization\",\"@id\":\"https:\/\/mwc-cmm.org\/en\/#organization\",\"name\":\"Mennonite World Conference\",\"alternateName\":\"MWC\",\"url\":\"https:\/\/mwc-cmm.org\/en\/\",\"logo\":{\"@type\":\"ImageObject\",\"inLanguage\":\"de\",\"@id\":\"https:\/\/mwc-cmm.org\/en\/#\/schema\/logo\/image\/\",\"url\":\"https:\/\/mwc-cmm.org\/wp-content\/uploads\/2026\/01\/MWC_Sig_Blue_Horiz_webheader1-logo.svg\",\"contentUrl\":\"https:\/\/mwc-cmm.org\/wp-content\/uploads\/2026\/01\/MWC_Sig_Blue_Horiz_webheader1-logo.svg\",\"width\":786,\"height\":82,\"caption\":\"Mennonite World Conference\"},\"image\":{\"@id\":\"https:\/\/mwc-cmm.org\/en\/#\/schema\/logo\/image\/\"},\"sameAs\":[\"https:\/\/www.facebook.com\/MennoniteWorldConference\",\"https:\/\/www.linkedin.com\/company\/mennonite-world-conference-mwc\/\",\"https:\/\/www.instagram.com\/mwcmm\/\",\"https:\/\/www.youtube.com\/user\/mwccmm\",\"https:\/\/bsky.app\/profile\/mwcmm.bsky.social\"]},{\"@type\":\"Person\",\"@id\":\"https:\/\/mwc-cmm.org\/en\/#\/schema\/person\/00b62ed8ea1527254a44f3ace3aee79d\",\"name\":\"Stephanie Setiawan\",\"image\":{\"@type\":\"ImageObject\",\"inLanguage\":\"de\",\"@id\":\"https:\/\/secure.gravatar.com\/avatar\/71b4b62cf3d0cfb4c8a367a101127ba8adfa1c22417900980ea24f5f4457a76d?s=96&d=mm&r=g\",\"url\":\"https:\/\/secure.gravatar.com\/avatar\/71b4b62cf3d0cfb4c8a367a101127ba8adfa1c22417900980ea24f5f4457a76d?s=96&d=mm&r=g\",\"contentUrl\":\"https:\/\/secure.gravatar.com\/avatar\/71b4b62cf3d0cfb4c8a367a101127ba8adfa1c22417900980ea24f5f4457a76d?s=96&d=mm&r=g\",\"caption\":\"Stephanie Setiawan\"},\"url\":\"https:\/\/mwc-cmm.org\/de\/stories\/author\/stephanie\/\"}]}<\/script>\n<!-- \/ Yoast SEO plugin. -->","yoast_head_json":{"title":"MWK-Vollversammlung 2028 soll in Tansania stattfinden - Mennonite World Conference","description":"MWC Assembly stays in Eastern Africa: Tanzanian Mennonites invite global Anabaptists to Assembly in Arusha.\u00a0","robots":{"index":"index","follow":"follow","max-snippet":"max-snippet:-1","max-image-preview":"max-image-preview:large","max-video-preview":"max-video-preview:-1"},"canonical":"https:\/\/mwc-cmm.org\/en\/stories\/tanzanian-mennonites-invite-arusha\/","og_locale":"de_DE","og_type":"article","og_title":"MWK-Vollversammlung 2028 soll in Tansania stattfinden - Mennonite World Conference","og_description":"MWC Assembly stays in Eastern Africa: Tanzanian Mennonites invite global Anabaptists to Assembly in Arusha.\u00a0","og_url":"https:\/\/mwc-cmm.org\/en\/stories\/tanzanian-mennonites-invite-arusha\/","og_site_name":"Mennonite World Conference","article_publisher":"https:\/\/www.facebook.com\/MennoniteWorldConference","article_published_time":"2026-03-19T21:04:17+00:00","article_modified_time":"2026-04-01T15:54:47+00:00","og_image":[{"width":1366,"height":768,"url":"https:\/\/mwc-cmm.org\/wp-content\/uploads\/2026\/03\/202602LiesaUnger.jpg","type":"image\/jpeg"}],"author":"Stephanie Setiawan","schema":{"@context":"https:\/\/schema.org","@graph":[{"@type":"Article","@id":"https:\/\/mwc-cmm.org\/en\/stories\/tanzanian-mennonites-invite-arusha\/#article","isPartOf":{"@id":"https:\/\/mwc-cmm.org\/en\/stories\/tanzanian-mennonites-invite-arusha\/"},"author":{"name":"Stephanie Setiawan","@id":"https:\/\/mwc-cmm.org\/en\/#\/schema\/person\/00b62ed8ea1527254a44f3ace3aee79d"},"headline":"MWK-Vollversammlung 2028 soll in Tansania stattfinden","datePublished":"2026-03-19T21:04:17+00:00","dateModified":"2026-04-01T15:54:47+00:00","mainEntityOfPage":{"@id":"https:\/\/mwc-cmm.org\/en\/stories\/tanzanian-mennonites-invite-arusha\/"},"wordCount":600,"publisher":{"@id":"https:\/\/mwc-cmm.org\/en\/#organization"},"image":{"@id":"https:\/\/mwc-cmm.org\/en\/stories\/tanzanian-mennonites-invite-arusha\/#primaryimage"},"thumbnailUrl":"https:\/\/mwc-cmm.org\/wp-content\/uploads\/2026\/03\/202602LiesaUnger.jpg","keywords":["Afrika","Tansania","Vollversammlung"],"articleSection":["Unkategorisiert"],"inLanguage":"de"},{"@type":"WebPage","@id":"https:\/\/mwc-cmm.org\/en\/stories\/tanzanian-mennonites-invite-arusha\/","url":"https:\/\/mwc-cmm.org\/en\/stories\/tanzanian-mennonites-invite-arusha\/","name":"MWK-Vollversammlung 2028 soll in Tansania stattfinden - Mennonite World Conference","isPartOf":{"@id":"https:\/\/mwc-cmm.org\/en\/#website"},"primaryImageOfPage":{"@id":"https:\/\/mwc-cmm.org\/en\/stories\/tanzanian-mennonites-invite-arusha\/#primaryimage"},"image":{"@id":"https:\/\/mwc-cmm.org\/en\/stories\/tanzanian-mennonites-invite-arusha\/#primaryimage"},"thumbnailUrl":"https:\/\/mwc-cmm.org\/wp-content\/uploads\/2026\/03\/202602LiesaUnger.jpg","datePublished":"2026-03-19T21:04:17+00:00","dateModified":"2026-04-01T15:54:47+00:00","description":"MWC Assembly stays in Eastern Africa: Tanzanian Mennonites invite global Anabaptists to Assembly in Arusha.\u00a0","breadcrumb":{"@id":"https:\/\/mwc-cmm.org\/en\/stories\/tanzanian-mennonites-invite-arusha\/#breadcrumb"},"inLanguage":"de","potentialAction":[{"@type":"ReadAction","target":["https:\/\/mwc-cmm.org\/en\/stories\/tanzanian-mennonites-invite-arusha\/"]}]},{"@type":"ImageObject","inLanguage":"de","@id":"https:\/\/mwc-cmm.org\/en\/stories\/tanzanian-mennonites-invite-arusha\/#primaryimage","url":"https:\/\/mwc-cmm.org\/wp-content\/uploads\/2026\/03\/202602LiesaUnger.jpg","contentUrl":"https:\/\/mwc-cmm.org\/wp-content\/uploads\/2026\/03\/202602LiesaUnger.jpg","width":1366,"height":768},{"@type":"BreadcrumbList","@id":"https:\/\/mwc-cmm.org\/en\/stories\/tanzanian-mennonites-invite-arusha\/#breadcrumb","itemListElement":[{"@type":"ListItem","position":1,"name":"Home","item":"https:\/\/mwc-cmm.org\/de\/homepage\/"},{"@type":"ListItem","position":2,"name":"MWK-Vollversammlung 2028 soll in Tansania stattfinden"}]},{"@type":"WebSite","@id":"https:\/\/mwc-cmm.org\/en\/#website","url":"https:\/\/mwc-cmm.org\/en\/","name":"Mennonite World Conference","description":"A communion of Anabaptist-related churches","publisher":{"@id":"https:\/\/mwc-cmm.org\/en\/#organization"},"alternateName":"MWC","potentialAction":[{"@type":"SearchAction","target":{"@type":"EntryPoint","urlTemplate":"https:\/\/mwc-cmm.org\/en\/?s={search_term_string}"},"query-input":{"@type":"PropertyValueSpecification","valueRequired":true,"valueName":"search_term_string"}}],"inLanguage":"de"},{"@type":"Organization","@id":"https:\/\/mwc-cmm.org\/en\/#organization","name":"Mennonite World Conference","alternateName":"MWC","url":"https:\/\/mwc-cmm.org\/en\/","logo":{"@type":"ImageObject","inLanguage":"de","@id":"https:\/\/mwc-cmm.org\/en\/#\/schema\/logo\/image\/","url":"https:\/\/mwc-cmm.org\/wp-content\/uploads\/2026\/01\/MWC_Sig_Blue_Horiz_webheader1-logo.svg","contentUrl":"https:\/\/mwc-cmm.org\/wp-content\/uploads\/2026\/01\/MWC_Sig_Blue_Horiz_webheader1-logo.svg","width":786,"height":82,"caption":"Mennonite World Conference"},"image":{"@id":"https:\/\/mwc-cmm.org\/en\/#\/schema\/logo\/image\/"},"sameAs":["https:\/\/www.facebook.com\/MennoniteWorldConference","https:\/\/www.linkedin.com\/company\/mennonite-world-conference-mwc\/","https:\/\/www.instagram.com\/mwcmm\/","https:\/\/www.youtube.com\/user\/mwccmm","https:\/\/bsky.app\/profile\/mwcmm.bsky.social"]},{"@type":"Person","@id":"https:\/\/mwc-cmm.org\/en\/#\/schema\/person\/00b62ed8ea1527254a44f3ace3aee79d","name":"Stephanie Setiawan","image":{"@type":"ImageObject","inLanguage":"de","@id":"https:\/\/secure.gravatar.com\/avatar\/71b4b62cf3d0cfb4c8a367a101127ba8adfa1c22417900980ea24f5f4457a76d?s=96&d=mm&r=g","url":"https:\/\/secure.gravatar.com\/avatar\/71b4b62cf3d0cfb4c8a367a101127ba8adfa1c22417900980ea24f5f4457a76d?s=96&d=mm&r=g","contentUrl":"https:\/\/secure.gravatar.com\/avatar\/71b4b62cf3d0cfb4c8a367a101127ba8adfa1c22417900980ea24f5f4457a76d?s=96&d=mm&r=g","caption":"Stephanie Setiawan"},"url":"https:\/\/mwc-cmm.org\/de\/stories\/author\/stephanie\/"}]}},"_links":{"self":[{"href":"https:\/\/mwc-cmm.org\/de\/wp-json\/wp\/v2\/posts\/126635","targetHints":{"allow":["GET"]}}],"collection":[{"href":"https:\/\/mwc-cmm.org\/de\/wp-json\/wp\/v2\/posts"}],"about":[{"href":"https:\/\/mwc-cmm.org\/de\/wp-json\/wp\/v2\/types\/post"}],"author":[{"embeddable":true,"href":"https:\/\/mwc-cmm.org\/de\/wp-json\/wp\/v2\/users\/8"}],"replies":[{"embeddable":true,"href":"https:\/\/mwc-cmm.org\/de\/wp-json\/wp\/v2\/comments?post=126635"}],"version-history":[{"count":0,"href":"https:\/\/mwc-cmm.org\/de\/wp-json\/wp\/v2\/posts\/126635\/revisions"}],"wp:featuredmedia":[{"embeddable":true,"href":"https:\/\/mwc-cmm.org\/de\/wp-json\/wp\/v2\/media\/125329"}],"wp:attachment":[{"href":"https:\/\/mwc-cmm.org\/de\/wp-json\/wp\/v2\/media?parent=126635"}],"wp:term":[{"taxonomy":"category","embeddable":true,"href":"https:\/\/mwc-cmm.org\/de\/wp-json\/wp\/v2\/categories?post=126635"},{"taxonomy":"post_tag","embeddable":true,"href":"https:\/\/mwc-cmm.org\/de\/wp-json\/wp\/v2\/tags?post=126635"},{"taxonomy":"network","embeddable":true,"href":"https:\/\/mwc-cmm.org\/de\/wp-json\/wp\/v2\/network?post=126635"},{"taxonomy":"eventcategory","embeddable":true,"href":"https:\/\/mwc-cmm.org\/de\/wp-json\/wp\/v2\/eventcategory?post=126635"}],"curies":[{"name":"wp","href":"https:\/\/api.w.org\/{rel}","templated":true}]}}