{"id":108534,"date":"2024-12-05T00:58:42","date_gmt":"2024-12-05T00:58:42","guid":{"rendered":"https:\/\/mwc-cmm.org\/stories\/gedenken-an-500-jahre-taeufertum\/"},"modified":"2025-01-14T10:29:05","modified_gmt":"2025-01-14T10:29:05","slug":"gedenken-an-500-jahre-taeufertum","status":"publish","type":"post","link":"https:\/\/mwc-cmm.org\/de\/stories\/gedenken-an-500-jahre-taeufertum\/","title":{"rendered":"Gedenken an 500 Jahre T\u00e4ufertum"},"content":{"rendered":"\n<h2 class=\"wp-block-heading is-style-eyebrow is-style-green-eyebrow\">Mennonitischer Weltgemeinschaftssonntag 2025<\/h2>\n\n<h3 class=\"wp-block-heading\"><p class=\"p1\"><strong>Teil A: Ursprung des T\u00e4ufertums im Jahr 1525<\/strong><\/p><\/h3>\n\n<h3 class=\"wp-block-heading\"><p class=\"p1\"><strong>Teil B: Ursprung der T\u00e4ufer\/Mennoniten in Ihrem eigenen Land<\/strong><\/p><\/h3>\n\n<h3 class=\"wp-block-heading\"><p class=\"p1\"><strong>Teil C: Gemeinsame Erkl\u00e4rung von WCRC und MWK \u2013 Bekenntnis, Dank und Verpflichtung<\/strong><\/p><\/h3>\n\n<h3 class=\"wp-block-heading\"><p class=\"p1\"><strong>Teil D: Wechselgebet der Dankbarkeit \u2013 Basierend auf Psalm 136<\/strong><\/p><\/h3>\n\n<p>Dieses Material wird bereitgestellt, um den Kontext des T\u00e4ufertums vor 500 Jahren \u2013 damals und&#13;\nheute \u2013 zu vermitteln. Bitte verwenden Sie so viel von diesem Inhalt, wie er fu\u0308r Ihre eigene&#13;\nGemeinschaft relevant ist. Achten Sie darauf, die Geschichte des T\u00e4ufertums in Ihrem eigenen Land&#13;\nhinzuzufu\u0308gen und zu erkl\u00e4ren, wie Ihre Kirche heute entstanden ist.<\/p>\n\n<h3 class=\"wp-block-heading\">Teil A: Ursprung des T\u00e4ufertums im Jahr 1525<\/h3>\n\n<p>Die t\u00e4uferische Bewegung begann im fru\u0308hen 16. Jahrhundert als Teil einer Erneuerungsbewegung innerhalb der katholischen Kirche in Europa. Einige ihrer Inspirationen stammen aus der katholischen Tradition, etwa aus der Disziplin und Gemeinschaft des Klosterlebens, der Aufmerksamkeit fu\u0308r den Heiligen Geist in der Mystik oder der Betonung des Lebens nach Jesu Vorbild, wie in Nachfolge Christi von Thomas \u00e0 Kempis. Auch der Einfluss von Martin Luther und der fru\u0308hen Reformation war bedeutend, insbesondere Luthers Betonung der Autorit\u00e4t der Schrift und der Freiheit des christlichen Gewissens. Die Bewegung entwickelte sich in einer Zeit sozialer und wirtschaftlicher Unruhen, die im Bauernkrieg von 1524-1525 eskalierten.<\/p>\n\n<p>Die T\u00e4ufer selbst h\u00e4tten jedoch gesagt, dass sie einfach treue Nachfolger der Lehren Jesu und des Beispiels der fru\u0308hen Kirche zu sein versuchten.<\/p>\n\n<p>Ein Moment im Jahr 1525 dient als symbolischer Beginn der T\u00e4uferbewegung: Eine kleine Gruppe von christlichen Reformern versammelte sich zu einem geheimen Gottesdienst in Zu\u0308rich, Schweiz. Die Gruppe war frustriert u\u0308ber die Z\u00f6gerlichkeit ihres Fu\u0308hrers, Ulrich Zwingli, die \u00c4nderungen an den katholischen Ritualen umzusetzen, die sie in der Schrift als erforderlich erachteten. In ihrer Lesart der Schrift setzte die wahre christliche Taufe ein bewusstes Bekenntnis zur Nachfolge Jesu voraus \u2013 etwas, das ein S\u00e4ugling nicht leisten konnte. So beschloss am 21. Januar 1525 eine kleine Gruppe in Zu\u0308rich einander als Erwachsene zu taufen.<\/p>\n\n<p>Obwohl es einige Zeit dauern wu\u0308rde, bis die volle Bedeutung der Taufe klar wurde, verstanden die fru\u0308hen T\u00e4ufer diesen Akt als Symbol fu\u0308r die Gegenwart des Heiligen Geistes in der Gabe der Gnade Gottes, ein Bekenntnis zu einem Leben in t\u00e4glicher Nachfolge und die Mitgliedschaft in einer neuen Gemeinschaft des Volkes Gottes.<\/p>\n\n<h4 class=\"wp-block-heading\">Gegnerische Bezeichnung und Identit\u00e4t<\/h4>\n\n<p><p class=\"p1\"><i>Die Mitglieder der Bewegung bezeichneten <\/i><i>sich selbst allgemein als \u201eBru\u0308der\u201c oder sp\u00e4ter <\/i><i>mit dem beschreibenderen Begriff <\/i><i>\u201eTaufgesinnten\u201c. Ihre Gegner nannten sie <\/i><i>\u201eAnabaptisten\u201c (= Wiedert\u00e4ufer), teilweise weil <\/i><i>\u201eWiedertaufe\u201c im Heiligen R\u00f6mischen Reich <\/i><i>ein Verbrechen war, das mit dem Tod bestraft <\/i><i>wurde.<\/i><\/p><\/p>\n\n<p>Zun\u00e4chst wehrte sich die Gruppe gegen den Begriff \u201eAnabaptist\u201c, da sie in ihren Augen nicht \u201ewieder taufte\u201c, sondern vielmehr zum ersten Mal korrekt taufte. Doch im Laufe der Zeit setzte sich der Name&#13;\ndurch. Heute ist \u201eAnabaptist\u201c ein anerkannter englischer&#13;\nBegriff fu\u0308r alle Reformierten Gruppen, die die&#13;\nGlaubenstaufe (statt der S\u00e4uglingstaufe)&#13;\npraktizierten, sowie fu\u0308r die Denominationen, die von&#13;\nihnen abstammen, wie die Amischen, Mennoniten&#13;\nund Hutterer.<\/p>\n\n<h4 class=\"wp-block-heading\">Herausforderungen und Identit\u00e4tsfindung<\/h4>\n\n<p>Im Laufe der Zeit entstand jedoch eine koh\u00e4rente Bewegung. Ihre Identit\u00e4t wurde zumindest teilweise durch die Notwendigkeit geformt, auf mehrere grundlegenden Herausforderungen zu reagieren.<\/p>\n\n<p>Erstens, als Reaktion auf H\u00e4resievorwu\u0308rfe von religi\u00f6sen und politischen Autorit\u00e4ten in der ersten H\u00e4lfte des 16. Jahrhunderts, waren die T\u00e4ufer schnell dabei, sich selbst als treue, bibelgl\u00e4ubige Christen zu definieren.<\/p>\n\n<p>Zweitens zwangen militante Stimmen innerhalb ihrer Reihen, die bereit waren, soziale und religi\u00f6se Ver\u00e4nderungen mit Gewalt durchzusetzen, die T\u00e4ufer dazu, ihre Identit\u00e4t als friedliche, gesetzestreue, gewaltfreie Christen zu kl\u00e4ren, deren einzige Waffe die Liebe war.<\/p>\n\n<p>Und schlie\u00dflich, angesichts spiritueller Abweichler, die eine innere religi\u00f6se Erfahrung bevorzugten, die theologische Auseinandersetzungen vermeidet und von den Beh\u00f6rden unentdeckt bleibt, sahen sich die T\u00e4ufer gezwungen, die \u00f6ffentliche und sichtbare Natur der Kirche zu verteidigen.<\/p>\n\n<h4 class=\"wp-block-heading\">Drei Str\u00f6mungen entstehen<\/h4>\n\n<p>Trotz der theologischen und praktischen Vielfalt, die in der ersten Generation der T\u00e4uferbewegung offensichtlich war, hatten sich bis in die 1540er Jahre drei koh\u00e4rente Gruppen gebildet: die Schweizer Bru\u0308der in den deutschsprachigen Gebieten, die Hutterer in M\u00e4hren und die Mennoniten in den Niederlanden und Norddeutschland, die um die Fu\u0308hrung von Menno Simons organisiert waren. Obwohl diese Gruppen in wichtigen Punkten voneinander abwichen, erkannten sie einander dennoch als Mitglieder derselben religi\u00f6sen Tradition, sodass ihre inneren Auseinandersetzungen oft die Form eines&#13;\nFamilienstreits annahmen.<\/p>\n\n<p><p class=\"p1\"><i>\u2014 Auszug aus Stories: How <\/i><i>Mennonites Came to Be von John D. <\/i><i>Roth, Herald Press, 2006. Adaptierte <\/i><i>Version, mit Genehmigung <\/i><i>verwendet.\u00a0<\/i><\/p><\/p>\n\n<p>Im Laufe der n\u00e4chsten 500 Jahre verbreitete sich das T\u00e4ufertum in viele verschiedene L\u00e4nder weltweit, jedes mit seiner eigenen Entstehungsgeschichte. Vor 100 Jahren wurde die Mennonitische Weltkonferenz gegru\u0308ndet, um die vielen Kirchen aus den verschiedenen Str\u00f6mungen des T\u00e4ufertums fu\u0308r Gemeinschaft, Gottesdienst, Zeugnis und Dienst zusammenzubringen.<\/p>\n\n<p><p class=\"p1\"><i>Mehr Lektu\u0308re: <\/i><strong>Anabaptist World<\/strong>: 2. M\u00e4rz 2015, \u201cThe Birth of Anabaptism\u201d<\/p><\/p>\n\n<figure class=\"wp-block-embed is-type-wp-embed is-provider-anabaptist-world wp-block-embed-anabaptist-world\"><div class=\"wp-block-embed__wrapper\">https:\/\/anabaptistworld.org\/the-birth-of-anabaptism\/<\/div><\/figure>\n\n<hr class=\"wp-block-separator has-alpha-channel-opacity\"\/>\n\n<h3 class=\"wp-block-heading\">Teil B: Ursprung der T\u00e4ufer\/Mennoniten in Ihrem eigenen Land<\/h3>\n\n<p>Bitte besprechen Sie die Geschichte Ihrer eigenen Gemeinde sowie die Entwicklung der t\u00e4uferischen\/mennonitischen Kirchen in Ihrem eigenen Land.<\/p>\n\n<p><p class=\"p1\">Hilfreiche Zusammenfassungen finden Sie in der <strong>Global Anabaptist Mennonite Encyclopedia Online (GAMEO)<\/strong>. Suchen Sie nach dem Namen eines Landes, um mehr u\u0308ber t\u00e4uferische Bewegungen in dieser Region zu erfahren. <span class=\"s1\">www.gameo.org<\/span><\/p><\/p>\n\n<div class=\"wp-block-buttons is-layout-flex wp-block-buttons-is-layout-flex\">\n<div class=\"wp-block-button\"><a class=\"wp-block-button__link wp-element-button\" href=\"https:\/\/gameo.org\/index.php?title=Welcome_to_GAMEO\">GAMEO<\/a><\/div>\n<\/div>\n\n<p>Das Anabaptist Wiki bietet ebenfalls Artikel u\u0308ber T\u00e4ufer in vielen L\u00e4ndern.<\/p>\n\n<div class=\"wp-block-buttons is-layout-flex wp-block-buttons-is-layout-flex\">\n<div class=\"wp-block-button\"><a class=\"wp-block-button__link wp-element-button\" href=\"https:\/\/anabaptistwiki.org\/mediawiki\/index.php?title=Global_Anabaptist_Wiki\">Anabaptist Wiki<\/a><\/div>\n<\/div>\n\n<hr class=\"wp-block-separator has-alpha-channel-opacity\"\/>\n\n<h3 class=\"wp-block-heading\">Teil C: Gemeinsame Erkl\u00e4rung von WCRC und MWK \u2013 Bekenntnis, Dank und Verpflichtung<\/h3>\n\n<p>Eine gemeinsame Erkl\u00e4rung zu Bekenntnis, Dankbarkeit und Verpflichtung<\/p>\n\n<p>Die Mennonitische Weltkonferenz (MWK) hat mehrere Personen ernannt, um an einem fortlaufenden \u00f6kumenischen Dialog mit der Weltgemeinschaft der Reformierten Kirchen (WCRC) teilzunehmen. Innerhalb der WCRC sind auch Staatskirchen vertreten, die im 16. Jahrhundert die fru\u0308hen T\u00e4ufer in Europa verfolgten.<\/p>\n\n<p>Zusammen hat diese Gruppe von Theologen aus der WCRC und der MWK eine gemeinsame Erkl\u00e4rung erarbeitet, die am 29. Mai 2025 in Zu\u0308rich, Schweiz, \u00f6ffentlich vorgetragen werden soll.<\/p>\n\n<p><p class=\"p1\">Der Titel der Erkl\u00e4rung lautet: <strong>\u201eUnsere Familie zur <\/strong><strong>Ganzheit wiederherstellen: Auf der Suche nach <\/strong><strong>einem gemeinsamen Zeugnis.\u201c<\/strong> Die Erkl\u00e4rung enth\u00e4lt Abschnitte u\u0308ber Dank und das Feiern unseres gemeinsamen Bekenntnisses zu Jesus als Herrn, u\u0308ber Bekenntnis und Klage sowie einen abschlie\u00dfenden Aufruf Gottes zur Einheit und zum Frieden. Die Erkl\u00e4rung ist auf der Website der MWC zu finden:<\/p><\/p>\n\n<figure class=\"wp-block-embed is-type-wp-embed is-provider-mennonite-world-conference wp-block-embed-mennonite-world-conference\"><div class=\"wp-block-embed__wrapper\">\r\n<blockquote class=\"wp-embedded-content\" data-secret=\"6gbZojzH4I\"><a href=\"https:\/\/mwc-cmm.org\/en\/resources\/restoring-our-family-wholeness-seeking-common-witness\/\">Restoring Our Family to Wholeness: Seeking a Common Witness<\/a><\/blockquote><iframe class=\"wp-embedded-content lazyload\" sandbox=\"allow-scripts\" security=\"restricted\" style=\"position: absolute; visibility: hidden;\" title=\"&#8220;Restoring Our Family to Wholeness: Seeking a Common Witness&#8221; &#8212; Mennonite World Conference\" data-src=\"https:\/\/mwc-cmm.org\/en\/resources\/restoring-our-family-wholeness-seeking-common-witness\/embed\/#?secret=Og4ce1laXt#?secret=6gbZojzH4I\" data-secret=\"6gbZojzH4I\" width=\"500\" height=\"282\" frameborder=\"0\" marginwidth=\"0\" marginheight=\"0\" scrolling=\"no\" src=\"data:image\/svg+xml;base64,PHN2ZyB3aWR0aD0iMSIgaGVpZ2h0PSIxIiB4bWxucz0iaHR0cDovL3d3dy53My5vcmcvMjAwMC9zdmciPjwvc3ZnPg==\" data-load-mode=\"1\"><\/iframe>\r\n<\/div><\/figure>\r\n\n<p>Fu\u0308r die Zusammenarbeit mit der WCRC legt die MWC ku\u0308nftig den Schwerpunkt nicht darauf, die historischen theologischen Differenzen, die uns getrennt haben, zu \u201el\u00f6sen\u201c, sondern vielmehr auf die Orte weltweit, an denen Mennoniten- und Reformierte Kirchen in ihrem Zeugnis zusammenarbeiten.<\/p>\n\n<hr class=\"wp-block-separator has-alpha-channel-opacity\"\/>\n\n<h3 class=\"wp-block-heading\">Teil D: Wechselgebet der Dankbarkeit<\/h3>\n\n<p><em>Basierend auf Psalm 136<\/em><\/p>\n\n<p>Es ist Gottes Treue und die Botschaft der Erl\u00f6sung durch Jesus Christus, die wir feiern, wie sie u\u0308ber 500 Jahre hinweg von Generation zu Generation weitergegeben wurde und uns heute erreicht.<\/p>\n\n<p style=\"padding-right:var(--wp--preset--spacing--30);padding-left:var(--wp--preset--spacing--30)\"><p class=\"p1\">Danket dem HERRN, denn er ist gut,&#13;\n<strong>Denn seine treue Liebe w\u00e4hrt ewig.<\/strong><\/p><\/p>\n\n<p style=\"padding-right:var(--wp--preset--spacing--30);padding-left:var(--wp--preset--spacing--30)\"><p class=\"p1\">Danket dem Gott der G\u00f6tter,&#13;\n<strong>Denn seine treue Liebe w\u00e4hrt ewig.<\/strong><\/p><\/p>\n\n<p style=\"padding-right:var(--wp--preset--spacing--30);padding-left:var(--wp--preset--spacing--30)\"><p class=\"p1\">Danket dem Herrn der Herren,&#13;\n<strong>Denn seine treue Liebe w\u00e4hrt ewig.<\/strong><\/p><\/p>\n\n<p style=\"padding-right:var(--wp--preset--spacing--30);padding-left:var(--wp--preset--spacing--30)\"><p class=\"p1\">Der, der mit seinem Verstand die Himmel und die Erde erschuf,&#13;\nDer die Kirche als Christi Leib hier auf Erden baute,&#13;\nDer die Kirche durch alle Zeiten erneuert,&#13;\nDanket dem HERRN, denn er ist gut,&#13;\n<strong>Denn seine treue Liebe w\u00e4hrt ewig.<\/strong><\/p><\/p>\n\n<p style=\"padding-right:var(--wp--preset--spacing--30);padding-left:var(--wp--preset--spacing--30)\"><p class=\"p1\">Der vor 500 Jahren durch das Zeugnis des Heiligen Geistes&#13;\ndie radikalen Reformatoren mit einer erneuerten&#13;\nVision fu\u0308r die Nachfolge Jesu inspirierte, Der ein vertieftes Verst\u00e4ndnis von Gottes Ruf in unser Leben brachte, Verwurzelt in Jesus, der Bibel,&#13;\ngemeinschaftlichem Urteilsverm\u00f6gen, Ju\u0308ngerschaft und Feindesliebe. Danket dem HERRN, denn er ist gut,&#13;\n<strong>Denn seine treue Liebe w\u00e4hrt ewig.<\/strong><\/p><\/p>\n\n<p style=\"padding-right:var(--wp--preset--spacing--30);padding-left:var(--wp--preset--spacing--30)\"><p class=\"p1\">Der, der durch den Geist Zeugen berief, um die gute Nachricht in der ganzen Welt zu verbreiten, Der neue Gemeinden inspirierte, Gottes Liebe fu\u0308r alle Kulturen und L\u00e4nder zu bezeugen, Danket dem HERRN, denn er ist gut, <strong>Denn seine treue Liebe w\u00e4hrt ewig.<\/strong><\/p><\/p>\n\n<p style=\"padding-right:var(--wp--preset--spacing--30);padding-left:var(--wp--preset--spacing--30)\"><p class=\"p1\">Der, der Herr u\u0308ber unsere eigene [Name der Kirche] in [Name des Landes] ist,&#13;\nDer unsere eigene Gemeinde n\u00e4hrt und st\u00e4rkt, um Gottes Ruf in unserem Leben zu leben, gegru\u0308ndet in Jesus, der Bibel, gemeinschaftlicher Unterscheidungsverm\u00f6gen, Ju\u0308ngerschaft und Feindesliebe.&#13;\nDanket dem HERRN, denn er ist gut,&#13;\n<strong>Denn seine treue Liebe w\u00e4hrt ewig.<\/strong><\/p><\/p>\n\n<p style=\"padding-right:var(--wp--preset--spacing--30);padding-left:var(--wp--preset--spacing--30)\"><p class=\"p1\">Der, der durch die weltweite Glaubensfamilie wirkt, die wir Mennonitische Weltkonferenz nennen, Der eine Kirche wachsen l\u00e4sst, die Grenzen von Rasse, Ethnizit\u00e4t und Sprache u\u0308berwindet, Der uns als Gemeinschaft (Koinonia) zusammenruft, um Jesus nachzufolgen, Einheit zu leben und Frieden zu schaffen.&#13;\nDanket dem HERRN, denn er ist gut,&#13;\n<strong>Denn seine treue Liebe w\u00e4hrt ewig.<\/strong><\/p><\/p>\n\n<p style=\"padding-right:var(--wp--preset--spacing--30);padding-left:var(--wp--preset--spacing--30)\"><p class=\"p1\">Danket dem HERRN, denn er ist gut,&#13;\nDanket dem Gott der G\u00f6tter,&#13;\nDanket dem Herrn der Herren,&#13;\n<strong>Denn seine treue Liebe w\u00e4hrt ewig.<\/strong><\/p><\/p>\n\n<p>&#8212;-\u00a0<\/p>\n\n<p><p class=\"p1\">*Der Refrain <strong>\u201eDenn seine treue Liebe w\u00e4hrt ewig\u201c k\u00f6nnte im <\/strong><strong>gesamten Wechselgebet durch \u201eDenn Gottes Liebe h\u00f6rt <\/strong><strong>niemals auf\u201c<\/strong> ersetzt werden.<\/p><\/p>\n","protected":false},"excerpt":{"rendered":"<p>Mennonitischer Weltgemeinschaftssonntag 2025 Teil A: Ursprung des T\u00e4ufertums im Jahr 1525 Teil B: Ursprung der T\u00e4ufer\/Mennoniten in Ihrem eigenen Land Teil C: Gemeinsame Erkl\u00e4rung von WCRC und MWK \u2013 Bekenntnis, Dank und Verpflichtung Teil D: Wechselgebet der Dankbarkeit \u2013 Basierend auf Psalm 136 Dieses Material wird bereitgestellt, um den Kontext des T\u00e4ufertums vor 500 Jahren [&hellip;]<\/p>\n","protected":false},"author":6,"featured_media":0,"comment_status":"closed","ping_status":"closed","sticky":false,"template":"","format":"standard","meta":{"_acf_changed":false,"footnotes":""},"categories":[133],"tags":[555,454,450,453,451,452],"network":[],"eventcategory":[1511,1501],"class_list":["post-108534","post","type-post","status-publish","format-standard","hentry","category-unkategorisiert","tag-500-de","tag-awfs-de","tag-history-de","tag-identity-de","tag-theology-de","tag-unity-de","eventcategory-500-the-courage-to-love-de","eventcategory-anabaptist-world-fellowship-sunday-de"],"acf":[],"yoast_head":"<!-- This site is optimized with the Yoast SEO plugin v27.2 - https:\/\/yoast.com\/product\/yoast-seo-wordpress\/ -->\n<title>Gedenken an 500 Jahre T\u00e4ufertum - Mennonite World Conference<\/title>\n<meta name=\"robots\" content=\"index, follow, max-snippet:-1, max-image-preview:large, max-video-preview:-1\" \/>\n<link rel=\"canonical\" href=\"https:\/\/mwc-cmm.org\/de\/stories\/gedenken-an-500-jahre-taeufertum\/\" \/>\n<meta property=\"og:locale\" content=\"de_DE\" \/>\n<meta property=\"og:type\" content=\"article\" \/>\n<meta property=\"og:title\" content=\"Gedenken an 500 Jahre T\u00e4ufertum - Mennonite World Conference\" \/>\n<meta property=\"og:description\" content=\"Mennonitischer Weltgemeinschaftssonntag 2025 Teil A: Ursprung des T\u00e4ufertums im Jahr 1525 Teil B: Ursprung der T\u00e4ufer\/Mennoniten in Ihrem eigenen Land Teil C: Gemeinsame Erkl\u00e4rung von WCRC und MWK \u2013 Bekenntnis, Dank und Verpflichtung Teil D: Wechselgebet der Dankbarkeit \u2013 Basierend auf Psalm 136 Dieses Material wird bereitgestellt, um den Kontext des T\u00e4ufertums vor 500 Jahren [&hellip;]\" \/>\n<meta property=\"og:url\" content=\"https:\/\/mwc-cmm.org\/de\/stories\/gedenken-an-500-jahre-taeufertum\/\" \/>\n<meta property=\"og:site_name\" content=\"Mennonite World Conference\" \/>\n<meta property=\"article:publisher\" content=\"https:\/\/www.facebook.com\/MennoniteWorldConference\" \/>\n<meta property=\"article:published_time\" content=\"2024-12-05T00:58:42+00:00\" \/>\n<meta property=\"article:modified_time\" content=\"2025-01-14T10:29:05+00:00\" \/>\n<meta name=\"author\" content=\"Karla Braun\" \/>\n<script type=\"application\/ld+json\" class=\"yoast-schema-graph\">{\"@context\":\"https:\/\/schema.org\",\"@graph\":[{\"@type\":\"Article\",\"@id\":\"https:\/\/mwc-cmm.org\/de\/stories\/gedenken-an-500-jahre-taeufertum\/#article\",\"isPartOf\":{\"@id\":\"https:\/\/mwc-cmm.org\/de\/stories\/gedenken-an-500-jahre-taeufertum\/\"},\"author\":{\"name\":\"Karla Braun\",\"@id\":\"https:\/\/mwc-cmm.org\/en\/#\/schema\/person\/9cb7cad70e3a0ac2b145c3441df0dc08\"},\"headline\":\"Gedenken an 500 Jahre T\u00e4ufertum\",\"datePublished\":\"2024-12-05T00:58:42+00:00\",\"dateModified\":\"2025-01-14T10:29:05+00:00\",\"mainEntityOfPage\":{\"@id\":\"https:\/\/mwc-cmm.org\/de\/stories\/gedenken-an-500-jahre-taeufertum\/\"},\"wordCount\":1513,\"publisher\":{\"@id\":\"https:\/\/mwc-cmm.org\/en\/#organization\"},\"keywords\":[\"500\",\"AWFS\",\"history\",\"identity\",\"theology\",\"unity\"],\"articleSection\":[\"Unkategorisiert\"],\"inLanguage\":\"de\"},{\"@type\":\"WebPage\",\"@id\":\"https:\/\/mwc-cmm.org\/de\/stories\/gedenken-an-500-jahre-taeufertum\/\",\"url\":\"https:\/\/mwc-cmm.org\/de\/stories\/gedenken-an-500-jahre-taeufertum\/\",\"name\":\"Gedenken an 500 Jahre T\u00e4ufertum - Mennonite World Conference\",\"isPartOf\":{\"@id\":\"https:\/\/mwc-cmm.org\/en\/#website\"},\"datePublished\":\"2024-12-05T00:58:42+00:00\",\"dateModified\":\"2025-01-14T10:29:05+00:00\",\"breadcrumb\":{\"@id\":\"https:\/\/mwc-cmm.org\/de\/stories\/gedenken-an-500-jahre-taeufertum\/#breadcrumb\"},\"inLanguage\":\"de\",\"potentialAction\":[{\"@type\":\"ReadAction\",\"target\":[\"https:\/\/mwc-cmm.org\/de\/stories\/gedenken-an-500-jahre-taeufertum\/\"]}]},{\"@type\":\"BreadcrumbList\",\"@id\":\"https:\/\/mwc-cmm.org\/de\/stories\/gedenken-an-500-jahre-taeufertum\/#breadcrumb\",\"itemListElement\":[{\"@type\":\"ListItem\",\"position\":1,\"name\":\"Home\",\"item\":\"https:\/\/mwc-cmm.org\/de\/homepage\/\"},{\"@type\":\"ListItem\",\"position\":2,\"name\":\"Gedenken an 500 Jahre T\u00e4ufertum\"}]},{\"@type\":\"WebSite\",\"@id\":\"https:\/\/mwc-cmm.org\/en\/#website\",\"url\":\"https:\/\/mwc-cmm.org\/en\/\",\"name\":\"Mennonite World Conference\",\"description\":\"A communion of Anabaptist-related churches\",\"publisher\":{\"@id\":\"https:\/\/mwc-cmm.org\/en\/#organization\"},\"alternateName\":\"MWC\",\"potentialAction\":[{\"@type\":\"SearchAction\",\"target\":{\"@type\":\"EntryPoint\",\"urlTemplate\":\"https:\/\/mwc-cmm.org\/en\/?s={search_term_string}\"},\"query-input\":{\"@type\":\"PropertyValueSpecification\",\"valueRequired\":true,\"valueName\":\"search_term_string\"}}],\"inLanguage\":\"de\"},{\"@type\":\"Organization\",\"@id\":\"https:\/\/mwc-cmm.org\/en\/#organization\",\"name\":\"Mennonite World Conference\",\"alternateName\":\"MWC\",\"url\":\"https:\/\/mwc-cmm.org\/en\/\",\"logo\":{\"@type\":\"ImageObject\",\"inLanguage\":\"de\",\"@id\":\"https:\/\/mwc-cmm.org\/en\/#\/schema\/logo\/image\/\",\"url\":\"https:\/\/mwc-cmm.org\/wp-content\/uploads\/2026\/01\/MWC_Sig_Blue_Horiz_webheader1-logo.svg\",\"contentUrl\":\"https:\/\/mwc-cmm.org\/wp-content\/uploads\/2026\/01\/MWC_Sig_Blue_Horiz_webheader1-logo.svg\",\"width\":786,\"height\":82,\"caption\":\"Mennonite World Conference\"},\"image\":{\"@id\":\"https:\/\/mwc-cmm.org\/en\/#\/schema\/logo\/image\/\"},\"sameAs\":[\"https:\/\/www.facebook.com\/MennoniteWorldConference\",\"https:\/\/www.linkedin.com\/company\/mennonite-world-conference-mwc\/\",\"https:\/\/www.instagram.com\/mwcmm\/\",\"https:\/\/www.youtube.com\/user\/mwccmm\",\"https:\/\/bsky.app\/profile\/mwcmm.bsky.social\"]},{\"@type\":\"Person\",\"@id\":\"https:\/\/mwc-cmm.org\/en\/#\/schema\/person\/9cb7cad70e3a0ac2b145c3441df0dc08\",\"name\":\"Karla Braun\",\"pronouns\":\"she\/her\",\"image\":{\"@type\":\"ImageObject\",\"inLanguage\":\"de\",\"@id\":\"https:\/\/secure.gravatar.com\/avatar\/330c84143dc3a1bf6e7887f828baae23c874bf72d5eedb0461d88c0725087370?s=96&d=mm&r=g\",\"url\":\"https:\/\/secure.gravatar.com\/avatar\/330c84143dc3a1bf6e7887f828baae23c874bf72d5eedb0461d88c0725087370?s=96&d=mm&r=g\",\"contentUrl\":\"https:\/\/secure.gravatar.com\/avatar\/330c84143dc3a1bf6e7887f828baae23c874bf72d5eedb0461d88c0725087370?s=96&d=mm&r=g\",\"caption\":\"Karla Braun\"},\"description\":\"Karla Braun serves as editor and website coordinator for MWC since 2015.\",\"url\":\"https:\/\/mwc-cmm.org\/de\/stories\/author\/karla\/\"}]}<\/script>\n<!-- \/ Yoast SEO plugin. -->","yoast_head_json":{"title":"Gedenken an 500 Jahre T\u00e4ufertum - Mennonite World Conference","robots":{"index":"index","follow":"follow","max-snippet":"max-snippet:-1","max-image-preview":"max-image-preview:large","max-video-preview":"max-video-preview:-1"},"canonical":"https:\/\/mwc-cmm.org\/de\/stories\/gedenken-an-500-jahre-taeufertum\/","og_locale":"de_DE","og_type":"article","og_title":"Gedenken an 500 Jahre T\u00e4ufertum - Mennonite World Conference","og_description":"Mennonitischer Weltgemeinschaftssonntag 2025 Teil A: Ursprung des T\u00e4ufertums im Jahr 1525 Teil B: Ursprung der T\u00e4ufer\/Mennoniten in Ihrem eigenen Land Teil C: Gemeinsame Erkl\u00e4rung von WCRC und MWK \u2013 Bekenntnis, Dank und Verpflichtung Teil D: Wechselgebet der Dankbarkeit \u2013 Basierend auf Psalm 136 Dieses Material wird bereitgestellt, um den Kontext des T\u00e4ufertums vor 500 Jahren [&hellip;]","og_url":"https:\/\/mwc-cmm.org\/de\/stories\/gedenken-an-500-jahre-taeufertum\/","og_site_name":"Mennonite World Conference","article_publisher":"https:\/\/www.facebook.com\/MennoniteWorldConference","article_published_time":"2024-12-05T00:58:42+00:00","article_modified_time":"2025-01-14T10:29:05+00:00","author":"Karla Braun","schema":{"@context":"https:\/\/schema.org","@graph":[{"@type":"Article","@id":"https:\/\/mwc-cmm.org\/de\/stories\/gedenken-an-500-jahre-taeufertum\/#article","isPartOf":{"@id":"https:\/\/mwc-cmm.org\/de\/stories\/gedenken-an-500-jahre-taeufertum\/"},"author":{"name":"Karla Braun","@id":"https:\/\/mwc-cmm.org\/en\/#\/schema\/person\/9cb7cad70e3a0ac2b145c3441df0dc08"},"headline":"Gedenken an 500 Jahre T\u00e4ufertum","datePublished":"2024-12-05T00:58:42+00:00","dateModified":"2025-01-14T10:29:05+00:00","mainEntityOfPage":{"@id":"https:\/\/mwc-cmm.org\/de\/stories\/gedenken-an-500-jahre-taeufertum\/"},"wordCount":1513,"publisher":{"@id":"https:\/\/mwc-cmm.org\/en\/#organization"},"keywords":["500","AWFS","history","identity","theology","unity"],"articleSection":["Unkategorisiert"],"inLanguage":"de"},{"@type":"WebPage","@id":"https:\/\/mwc-cmm.org\/de\/stories\/gedenken-an-500-jahre-taeufertum\/","url":"https:\/\/mwc-cmm.org\/de\/stories\/gedenken-an-500-jahre-taeufertum\/","name":"Gedenken an 500 Jahre T\u00e4ufertum - Mennonite World Conference","isPartOf":{"@id":"https:\/\/mwc-cmm.org\/en\/#website"},"datePublished":"2024-12-05T00:58:42+00:00","dateModified":"2025-01-14T10:29:05+00:00","breadcrumb":{"@id":"https:\/\/mwc-cmm.org\/de\/stories\/gedenken-an-500-jahre-taeufertum\/#breadcrumb"},"inLanguage":"de","potentialAction":[{"@type":"ReadAction","target":["https:\/\/mwc-cmm.org\/de\/stories\/gedenken-an-500-jahre-taeufertum\/"]}]},{"@type":"BreadcrumbList","@id":"https:\/\/mwc-cmm.org\/de\/stories\/gedenken-an-500-jahre-taeufertum\/#breadcrumb","itemListElement":[{"@type":"ListItem","position":1,"name":"Home","item":"https:\/\/mwc-cmm.org\/de\/homepage\/"},{"@type":"ListItem","position":2,"name":"Gedenken an 500 Jahre T\u00e4ufertum"}]},{"@type":"WebSite","@id":"https:\/\/mwc-cmm.org\/en\/#website","url":"https:\/\/mwc-cmm.org\/en\/","name":"Mennonite World Conference","description":"A communion of Anabaptist-related churches","publisher":{"@id":"https:\/\/mwc-cmm.org\/en\/#organization"},"alternateName":"MWC","potentialAction":[{"@type":"SearchAction","target":{"@type":"EntryPoint","urlTemplate":"https:\/\/mwc-cmm.org\/en\/?s={search_term_string}"},"query-input":{"@type":"PropertyValueSpecification","valueRequired":true,"valueName":"search_term_string"}}],"inLanguage":"de"},{"@type":"Organization","@id":"https:\/\/mwc-cmm.org\/en\/#organization","name":"Mennonite World Conference","alternateName":"MWC","url":"https:\/\/mwc-cmm.org\/en\/","logo":{"@type":"ImageObject","inLanguage":"de","@id":"https:\/\/mwc-cmm.org\/en\/#\/schema\/logo\/image\/","url":"https:\/\/mwc-cmm.org\/wp-content\/uploads\/2026\/01\/MWC_Sig_Blue_Horiz_webheader1-logo.svg","contentUrl":"https:\/\/mwc-cmm.org\/wp-content\/uploads\/2026\/01\/MWC_Sig_Blue_Horiz_webheader1-logo.svg","width":786,"height":82,"caption":"Mennonite World Conference"},"image":{"@id":"https:\/\/mwc-cmm.org\/en\/#\/schema\/logo\/image\/"},"sameAs":["https:\/\/www.facebook.com\/MennoniteWorldConference","https:\/\/www.linkedin.com\/company\/mennonite-world-conference-mwc\/","https:\/\/www.instagram.com\/mwcmm\/","https:\/\/www.youtube.com\/user\/mwccmm","https:\/\/bsky.app\/profile\/mwcmm.bsky.social"]},{"@type":"Person","@id":"https:\/\/mwc-cmm.org\/en\/#\/schema\/person\/9cb7cad70e3a0ac2b145c3441df0dc08","name":"Karla Braun","pronouns":"she\/her","image":{"@type":"ImageObject","inLanguage":"de","@id":"https:\/\/secure.gravatar.com\/avatar\/330c84143dc3a1bf6e7887f828baae23c874bf72d5eedb0461d88c0725087370?s=96&d=mm&r=g","url":"https:\/\/secure.gravatar.com\/avatar\/330c84143dc3a1bf6e7887f828baae23c874bf72d5eedb0461d88c0725087370?s=96&d=mm&r=g","contentUrl":"https:\/\/secure.gravatar.com\/avatar\/330c84143dc3a1bf6e7887f828baae23c874bf72d5eedb0461d88c0725087370?s=96&d=mm&r=g","caption":"Karla Braun"},"description":"Karla Braun serves as editor and website coordinator for MWC since 2015.","url":"https:\/\/mwc-cmm.org\/de\/stories\/author\/karla\/"}]}},"_links":{"self":[{"href":"https:\/\/mwc-cmm.org\/de\/wp-json\/wp\/v2\/posts\/108534","targetHints":{"allow":["GET"]}}],"collection":[{"href":"https:\/\/mwc-cmm.org\/de\/wp-json\/wp\/v2\/posts"}],"about":[{"href":"https:\/\/mwc-cmm.org\/de\/wp-json\/wp\/v2\/types\/post"}],"author":[{"embeddable":true,"href":"https:\/\/mwc-cmm.org\/de\/wp-json\/wp\/v2\/users\/6"}],"replies":[{"embeddable":true,"href":"https:\/\/mwc-cmm.org\/de\/wp-json\/wp\/v2\/comments?post=108534"}],"version-history":[{"count":0,"href":"https:\/\/mwc-cmm.org\/de\/wp-json\/wp\/v2\/posts\/108534\/revisions"}],"wp:attachment":[{"href":"https:\/\/mwc-cmm.org\/de\/wp-json\/wp\/v2\/media?parent=108534"}],"wp:term":[{"taxonomy":"category","embeddable":true,"href":"https:\/\/mwc-cmm.org\/de\/wp-json\/wp\/v2\/categories?post=108534"},{"taxonomy":"post_tag","embeddable":true,"href":"https:\/\/mwc-cmm.org\/de\/wp-json\/wp\/v2\/tags?post=108534"},{"taxonomy":"network","embeddable":true,"href":"https:\/\/mwc-cmm.org\/de\/wp-json\/wp\/v2\/network?post=108534"},{"taxonomy":"eventcategory","embeddable":true,"href":"https:\/\/mwc-cmm.org\/de\/wp-json\/wp\/v2\/eventcategory?post=108534"}],"curies":[{"name":"wp","href":"https:\/\/api.w.org\/{rel}","templated":true}]}}